{"id":5966,"date":"2018-03-29T23:13:30","date_gmt":"2018-03-29T21:13:30","guid":{"rendered":"https:\/\/www.travelgeekery.com\/?p=5966"},"modified":"2022-06-27T22:15:06","modified_gmt":"2022-06-27T20:15:06","slug":"hory-tury-cerna-hora","status":"publish","type":"post","link":"https:\/\/www.travelgeekery.com\/cs\/hory-tury-cerna-hora\/","title":{"rendered":"Horsk\u00e9 t\u00fary v n\u00e1rodn\u00edch parc\u00edch \u010cern\u00e9 Hory"},"content":{"rendered":"<style>img#mv-trellis-img-1::before{padding-top:67.378640776699%; }img#mv-trellis-img-1{display:block;}img#mv-trellis-img-2::before{padding-top:67.378640776699%; }img#mv-trellis-img-2{display:block;}img#mv-trellis-img-3::before{padding-top:67.378640776699%; }img#mv-trellis-img-3{display:block;}img#mv-trellis-img-4::before{padding-top:67.378640776699%; }img#mv-trellis-img-4{display:block;}img#mv-trellis-img-5::before{padding-top:67.378640776699%; }img#mv-trellis-img-5{display:block;}img#mv-trellis-img-6::before{padding-top:67.378640776699%; }img#mv-trellis-img-6{display:block;}img#mv-trellis-img-7::before{padding-top:67.378640776699%; }img#mv-trellis-img-7{display:block;}img#mv-trellis-img-8::before{padding-top:67.378640776699%; }img#mv-trellis-img-8{display:block;}img#mv-trellis-img-9::before{padding-top:67.378640776699%; }img#mv-trellis-img-9{display:block;}img#mv-trellis-img-10::before{padding-top:67.378640776699%; }img#mv-trellis-img-10{display:block;}img#mv-trellis-img-11::before{padding-top:67.378640776699%; }img#mv-trellis-img-11{display:block;}img#mv-trellis-img-12::before{padding-top:67.378640776699%; }img#mv-trellis-img-12{display:block;}img#mv-trellis-img-13::before{padding-top:67.378640776699%; }img#mv-trellis-img-13{display:block;}img#mv-trellis-img-14::before{padding-top:67.378640776699%; }img#mv-trellis-img-14{display:block;}img#mv-trellis-img-15::before{padding-top:67.378640776699%; }img#mv-trellis-img-15{display:block;}img#mv-trellis-img-16::before{padding-top:67.378640776699%; }img#mv-trellis-img-16{display:block;}img#mv-trellis-img-17::before{padding-top:67.378640776699%; }img#mv-trellis-img-17{display:block;}img#mv-trellis-img-18::before{padding-top:67.378640776699%; }img#mv-trellis-img-18{display:block;}img#mv-trellis-img-19::before{padding-top:67.378640776699%; }img#mv-trellis-img-19{display:block;}img#mv-trellis-img-20::before{padding-top:67.378640776699%; }img#mv-trellis-img-20{display:block;}img#mv-trellis-img-21::before{padding-top:67.378640776699%; }img#mv-trellis-img-21{display:block;}img#mv-trellis-img-22::before{padding-top:100%; }img#mv-trellis-img-22{display:block;}img#mv-trellis-img-23::before{padding-top:100%; }img#mv-trellis-img-23{display:block;}img#mv-trellis-img-24::before{padding-top:67.378640776699%; }img#mv-trellis-img-24{display:block;}img#mv-trellis-img-25::before{padding-top:67.378640776699%; }img#mv-trellis-img-25{display:block;}img#mv-trellis-img-26::before{padding-top:67.378640776699%; }img#mv-trellis-img-26{display:block;}img#mv-trellis-img-27::before{padding-top:67.378640776699%; }img#mv-trellis-img-27{display:block;}img#mv-trellis-img-28::before{padding-top:67.378640776699%; }img#mv-trellis-img-28{display:block;}img#mv-trellis-img-29::before{padding-top:67.378640776699%; }img#mv-trellis-img-29{display:block;}img#mv-trellis-img-30::before{padding-top:67.378640776699%; }img#mv-trellis-img-30{display:block;}img#mv-trellis-img-31::before{padding-top:67.378640776699%; }img#mv-trellis-img-31{display:block;}img#mv-trellis-img-32::before{padding-top:67.378640776699%; }img#mv-trellis-img-32{display:block;}img#mv-trellis-img-33::before{padding-top:170.45454545455%; }img#mv-trellis-img-33{display:block;}<\/style><div id=\"ez-toc-container\" class=\"ez-toc-v2_0_82_2 counter-hierarchy ez-toc-counter ez-toc-white ez-toc-container-direction\">\n<p class=\"ez-toc-title\" style=\"cursor:inherit\">Table of Contents<\/p>\n<label for=\"ez-toc-cssicon-toggle-item-69f1121125cf4\" class=\"ez-toc-cssicon-toggle-label\"><span class=\"\"><span class=\"eztoc-hide\" style=\"display:none;\">Toggle<\/span><span class=\"ez-toc-icon-toggle-span\"><svg style=\"fill: #999;color:#999\" xmlns=\"http:\/\/www.w3.org\/2000\/svg\" class=\"list-377408\" width=\"20px\" height=\"20px\" viewbox=\"0 0 24 24\" fill=\"none\"><path d=\"M6 6H4v2h2V6zm14 0H8v2h12V6zM4 11h2v2H4v-2zm16 0H8v2h12v-2zM4 16h2v2H4v-2zm16 0H8v2h12v-2z\" fill=\"currentColor\"><\/path><\/svg><svg style=\"fill: #999;color:#999\" class=\"arrow-unsorted-368013\" xmlns=\"http:\/\/www.w3.org\/2000\/svg\" width=\"10px\" height=\"10px\" viewbox=\"0 0 24 24\" version=\"1.2\" baseprofile=\"tiny\"><path d=\"M18.2 9.3l-6.2-6.3-6.2 6.3c-.2.2-.3.4-.3.7s.1.5.3.7c.2.2.4.3.7.3h11c.3 0 .5-.1.7-.3.2-.2.3-.5.3-.7s-.1-.5-.3-.7zM5.8 14.7l6.2 6.3 6.2-6.3c.2-.2.3-.5.3-.7s-.1-.5-.3-.7c-.2-.2-.4-.3-.7-.3h-11c-.3 0-.5.1-.7.3-.2.2-.3.5-.3.7s.1.5.3.7z\"><\/path><\/svg><\/span><\/span><\/label><input type=\"checkbox\" id=\"ez-toc-cssicon-toggle-item-69f1121125cf4\" checked aria-label=\"Toggle\"><nav><ul class=\"ez-toc-list ez-toc-list-level-1 \"><li class=\"ez-toc-page-1 ez-toc-heading-level-2\"><a class=\"ez-toc-link ez-toc-heading-1\" href=\"https:\/\/www.travelgeekery.com\/cs\/hory-tury-cerna-hora\/#Narodni_park_Durmitor\">N&aacute;rodn&iacute; park Durmitor<\/a><ul class=\"ez-toc-list-level-3\"><li class=\"ez-toc-heading-level-3\"><a class=\"ez-toc-link ez-toc-heading-2\" href=\"https:\/\/www.travelgeekery.com\/cs\/hory-tury-cerna-hora\/#Crvena_Greda_2_164_m\">Crvena Greda: 2 164 m<\/a><\/li><li class=\"ez-toc-page-1 ez-toc-heading-level-3\"><a class=\"ez-toc-link ez-toc-heading-3\" href=\"https:\/\/www.travelgeekery.com\/cs\/hory-tury-cerna-hora\/#Bobotov_Kuk_2_523_m\">Bobotov Kuk: 2 523 m<\/a><\/li><li class=\"ez-toc-page-1 ez-toc-heading-level-3\"><a class=\"ez-toc-link ez-toc-heading-4\" href=\"https:\/\/www.travelgeekery.com\/cs\/hory-tury-cerna-hora\/#Kanon_reky_Tary_-1_300_m\">Ka&#328;on &#345;eky Tary: -1 300 m<\/a><ul class=\"ez-toc-list-level-4\"><li class=\"ez-toc-heading-level-4\"><a class=\"ez-toc-link ez-toc-heading-5\" href=\"https:\/\/www.travelgeekery.com\/cs\/hory-tury-cerna-hora\/#Most_Durdevica_Tara\">Most &#272;ur&#273;evi&#263;a Tara<\/a><\/li><li class=\"ez-toc-page-1 ez-toc-heading-level-4\"><a class=\"ez-toc-link ez-toc-heading-6\" href=\"https:\/\/www.travelgeekery.com\/cs\/hory-tury-cerna-hora\/#Vyhlidka_Curevac\">Vyhl&iacute;dka &#262;urevac<\/a><\/li><\/ul><\/li><li class=\"ez-toc-page-1 ez-toc-heading-level-3\"><a class=\"ez-toc-link ez-toc-heading-7\" href=\"https:\/\/www.travelgeekery.com\/cs\/hory-tury-cerna-hora\/#Prakticka_cast_%E2%80%93_Ubytovani\">Praktick&aacute; &#269;&aacute;st &ndash; Ubytov&aacute;n&iacute;<\/a><\/li><\/ul><\/li><li class=\"ez-toc-page-1 ez-toc-heading-level-2\"><a class=\"ez-toc-link ez-toc-heading-8\" href=\"https:\/\/www.travelgeekery.com\/cs\/hory-tury-cerna-hora\/#Narodni_park_Biogradska_Gora_Pohori_Bjelasica\">N&aacute;rodn&iacute; park Biogradska Gora &amp; Poho&#345;&iacute; Bjelasica<\/a><ul class=\"ez-toc-list-level-3\"><li class=\"ez-toc-heading-level-3\"><a class=\"ez-toc-link ez-toc-heading-9\" href=\"https:\/\/www.travelgeekery.com\/cs\/hory-tury-cerna-hora\/#Biogradsko_jezero\">Biogradsko jezero<\/a><\/li><li class=\"ez-toc-page-1 ez-toc-heading-level-3\"><a class=\"ez-toc-link ez-toc-heading-10\" href=\"https:\/\/www.travelgeekery.com\/cs\/hory-tury-cerna-hora\/#Dalsi_tury_poznavani_mistni_kultury\">Dal&scaron;&iacute; t&uacute;ry &amp; pozn&aacute;v&aacute;n&iacute; m&iacute;stn&iacute; kultury<\/a><\/li><li class=\"ez-toc-page-1 ez-toc-heading-level-3\"><a class=\"ez-toc-link ez-toc-heading-11\" href=\"https:\/\/www.travelgeekery.com\/cs\/hory-tury-cerna-hora\/#Prakticka_cast_%E2%80%93_Ubytovani-2\">Praktick&aacute; &#269;&aacute;st &ndash; Ubytov&aacute;n&iacute;<\/a><\/li><\/ul><\/li><li class=\"ez-toc-page-1 ez-toc-heading-level-2\"><a class=\"ez-toc-link ez-toc-heading-12\" href=\"https:\/\/www.travelgeekery.com\/cs\/hory-tury-cerna-hora\/#Hory_Komovi\">Hory Komovi<\/a><ul class=\"ez-toc-list-level-3\"><li class=\"ez-toc-heading-level-3\"><a class=\"ez-toc-link ez-toc-heading-13\" href=\"https:\/\/www.travelgeekery.com\/cs\/hory-tury-cerna-hora\/#Kom_Vasojevickij_2_461_m\">Kom Vasojevi&#269;kij: 2 461 m<\/a><\/li><li class=\"ez-toc-page-1 ez-toc-heading-level-3\"><a class=\"ez-toc-link ez-toc-heading-14\" href=\"https:\/\/www.travelgeekery.com\/cs\/hory-tury-cerna-hora\/#Prakticka_cast_Ubytovani\">Praktick&aacute; &#269;&aacute;st: Ubytov&aacute;n&iacute;<\/a><ul class=\"ez-toc-list-level-4\"><li class=\"ez-toc-heading-level-4\"><a class=\"ez-toc-link ez-toc-heading-15\" href=\"https:\/\/www.travelgeekery.com\/cs\/hory-tury-cerna-hora\/#Ethno_Village_Stavna_Eko_Katun_Stavna\">Ethno Village &Scaron;tavna \/ Eko Katun &Scaron;tavna<\/a><\/li><\/ul><\/li><\/ul><\/li><li class=\"ez-toc-page-1 ez-toc-heading-level-2\"><a class=\"ez-toc-link ez-toc-heading-16\" href=\"https:\/\/www.travelgeekery.com\/cs\/hory-tury-cerna-hora\/#Pohori_Prokletije\">Poho&#345;&iacute; Prokletije<\/a><\/li><li class=\"ez-toc-page-1 ez-toc-heading-level-2\"><a class=\"ez-toc-link ez-toc-heading-17\" href=\"https:\/\/www.travelgeekery.com\/cs\/hory-tury-cerna-hora\/#Prakticke_informace_k_navsteve_odlehlych_casti_Cerne_Hory\">Praktick&eacute; informace k&nbsp;n&aacute;v&scaron;t&#283;v&#283; odlehl&yacute;ch &#269;&aacute;st&iacute; &#268;ern&eacute; Hory<\/a><ul class=\"ez-toc-list-level-3\"><li class=\"ez-toc-heading-level-3\"><a class=\"ez-toc-link ez-toc-heading-18\" href=\"https:\/\/www.travelgeekery.com\/cs\/hory-tury-cerna-hora\/#Co_vzit_s_sebou_do_hor_v_Cerne_Hore\">Co vz&iacute;t s&nbsp;sebou do hor v&nbsp;&#268;ern&eacute; Ho&#345;e<\/a><\/li><li class=\"ez-toc-page-1 ez-toc-heading-level-3\"><a class=\"ez-toc-link ez-toc-heading-19\" href=\"https:\/\/www.travelgeekery.com\/cs\/hory-tury-cerna-hora\/#Doprava\">Doprava<\/a><ul class=\"ez-toc-list-level-4\"><li class=\"ez-toc-heading-level-4\"><a class=\"ez-toc-link ez-toc-heading-20\" href=\"https:\/\/www.travelgeekery.com\/cs\/hory-tury-cerna-hora\/#Vlastni\">Vlastn&iacute;<\/a><\/li><li class=\"ez-toc-page-1 ez-toc-heading-level-4\"><a class=\"ez-toc-link ez-toc-heading-21\" href=\"https:\/\/www.travelgeekery.com\/cs\/hory-tury-cerna-hora\/#S_mistnim_ridicem\">S&nbsp;m&iacute;stn&iacute;m &#345;idi&#269;em<\/a><\/li><li class=\"ez-toc-page-1 ez-toc-heading-level-4\"><a class=\"ez-toc-link ez-toc-heading-22\" href=\"https:\/\/www.travelgeekery.com\/cs\/hory-tury-cerna-hora\/#Verejna_doprava\">Ve&#345;ejn&aacute; doprava<\/a><\/li><\/ul><\/li><li class=\"ez-toc-page-1 ez-toc-heading-level-3\"><a class=\"ez-toc-link ez-toc-heading-23\" href=\"https:\/\/www.travelgeekery.com\/cs\/hory-tury-cerna-hora\/#Ubytovani\">Ubytov&aacute;n&iacute;<\/a><\/li><li class=\"ez-toc-page-1 ez-toc-heading-level-3\"><a class=\"ez-toc-link ez-toc-heading-24\" href=\"https:\/\/www.travelgeekery.com\/cs\/hory-tury-cerna-hora\/#Cestovky_apod\">Cestovky apod.<\/a><\/li><\/ul><\/li><\/ul><\/nav><\/div>\n<p>Pokud jako j&aacute; posledn&iacute; dobou prahnete sp&iacute;&scaron;e po dobrodru&#382;stv&iacute;ch v&nbsp;p&#345;&iacute;rod&#283;, jste tu spr&aacute;vn&#283;.<\/p>\n<p>V&iacute;tejte v&nbsp;&#268;ern&eacute; Ho&#345;e, zemi l&iacute;n&yacute;ch Balk&aacute;nc&#367; (vtipn&yacute; stereotyp, kter&yacute; p&#345;izn&aacute;vaj&iacute; i m&iacute;stn&iacute;), velk&eacute; n&aacute;rodn&iacute; hrdosti a pozoruhodn&yacute;ch (nejen sportovn&iacute;ch) v&yacute;sledk&#367; v&nbsp;porovn&aacute;n&iacute; ke sv&eacute; velikosti a v&#283;ku.<\/p>\n<p>&#268;ern&aacute; Hora (Montenegro v&nbsp;angli&#269;tin&#283;) existuje jako suver&eacute;nn&iacute; st&aacute;t teprve od roku 2006. V sou&#269;asnosti m&aacute; n&#283;jak&yacute;ch 600 tis&iacute;c obyvatel.<\/p>\n<p>Ka&#382;d&yacute;, kdo zva&#382;uje n&aacute;v&scaron;t&#283;vu &#268;ern&eacute; Hory, v&#283;t&scaron;inou m&iacute;&#345;&iacute; na pl&aacute;&#382;e anebo do Kotoru, p&#345;&iacute;m&#283;stsk&eacute;ho m&#283;ste&#269;ka obehnan&eacute;ho starobyl&yacute;mi zdmi, kter&eacute; le&#382;&iacute; v&nbsp;z&aacute;livu Boka Kotorsk&aacute;, a dostanou se k&nbsp;n&#283;mu i zaoce&aacute;nsk&eacute; lod&#283;.<\/p>\n<p>Dnes bych v&aacute;s ale r&aacute;da p&#345;esv&#283;d&#269;ila k&nbsp;n&aacute;v&scaron;t&#283;v&#283; &#269;ernohorsk&yacute;ch hor. Jsou toti&#382; neskute&#269;n&#283; n&aacute;dhern&eacute;, je tam klid, minimum lid&iacute;, a py&scaron;n&iacute; se dob&#345;e zna&#269;en&yacute;mi trasami.<\/p>\n<p>Poj&#271;me na to!<\/p>\n<div id=\"attachment_5884\" style=\"width: 1040px\" class=\"wp-caption alignnone\"><noscript><img loading=\"lazy\" decoding=\"async\" aria-describedby=\"caption-attachment-5884\" class=\"size-full wp-image-5885\" src=\"https:\/\/www.travelgeekery.com\/wp-content\/uploads\/2018\/03\/Layers-of-Durmitor-Mountains.jpg\" alt=\"Layered rocks in the Durmitor National Park, as seen on the trek from the Saddle to Bobotov Kuk\" width=\"1030\" height=\"694\" srcset=\"https:\/\/www.travelgeekery.com\/wp-content\/uploads\/2018\/03\/Layers-of-Durmitor-Mountains.jpg 1030w, https:\/\/www.travelgeekery.com\/wp-content\/uploads\/2018\/03\/Layers-of-Durmitor-Mountains-768x517.jpg 768w, https:\/\/www.travelgeekery.com\/wp-content\/uploads\/2018\/03\/Layers-of-Durmitor-Mountains-837x564.jpg 837w, https:\/\/www.travelgeekery.com\/wp-content\/uploads\/2018\/03\/Layers-of-Durmitor-Mountains-667x449.jpg 667w, https:\/\/www.travelgeekery.com\/wp-content\/uploads\/2018\/03\/Layers-of-Durmitor-Mountains-1024x690.jpg 1024w, https:\/\/www.travelgeekery.com\/wp-content\/uploads\/2018\/03\/Layers-of-Durmitor-Mountains-960x647.jpg 960w\" sizes=\"auto, (max-width: 760px) calc(100vw - 40px), 720px\" data-pin-media=\"https:\/\/www.travelgeekery.com\/wp-content\/uploads\/2018\/03\/Layers-of-Durmitor-Mountains.jpg\"><\/noscript><img loading=\"eager\" decoding=\"async\" aria-describedby=\"caption-attachment-5884\" class=\"size-full wp-image-5885 eager-load\" src=\"data:image\/svg+xml,%3Csvg%20xmlns='http:\/\/www.w3.org\/2000\/svg'%20viewBox='0%200%201030%20694'%3E%3Crect%20width='1030'%20height='694'%20style='fill:%23e3e3e3'\/%3E%3C\/svg%3E\" alt=\"Layered rocks in the Durmitor National Park, as seen on the trek from the Saddle to Bobotov Kuk\" width=\"1030\" height=\"694\" sizes=\"auto, (max-width: 760px) calc(100vw - 40px), 720px\" data-pin-media=\"https:\/\/www.travelgeekery.com\/wp-content\/uploads\/2018\/03\/Layers-of-Durmitor-Mountains.jpg\" id=\"mv-trellis-img-1\" data-src=\"https:\/\/www.travelgeekery.com\/wp-content\/uploads\/2018\/03\/Layers-of-Durmitor-Mountains.jpg.webp\" data-srcset=\"https:\/\/www.travelgeekery.com\/wp-content\/uploads\/2018\/03\/Layers-of-Durmitor-Mountains.jpg.webp 1030w, https:\/\/www.travelgeekery.com\/wp-content\/uploads\/2018\/03\/Layers-of-Durmitor-Mountains-768x517.jpg.webp 768w, https:\/\/www.travelgeekery.com\/wp-content\/uploads\/2018\/03\/Layers-of-Durmitor-Mountains-837x564.jpg.webp 837w, https:\/\/www.travelgeekery.com\/wp-content\/uploads\/2018\/03\/Layers-of-Durmitor-Mountains-667x449.jpg.webp 667w, https:\/\/www.travelgeekery.com\/wp-content\/uploads\/2018\/03\/Layers-of-Durmitor-Mountains-1024x690.jpg.webp 1024w, https:\/\/www.travelgeekery.com\/wp-content\/uploads\/2018\/03\/Layers-of-Durmitor-Mountains-960x647.jpg.webp 960w\" data-svg=\"1\" data-trellis-processed=\"1\"><p id=\"caption-attachment-5884\" class=\"wp-caption-text\">Vid&iacute;te ty zvr&aacute;sn&#283;n&eacute; sk&aacute;ly? Fakt je tu &#269;asto na prvn&iacute; pohled vid&#283;t jak hory vznikaly.<\/p><\/div>\n<h2><span class=\"ez-toc-section\" id=\"Narodni_park_Durmitor\"><\/span>N&aacute;rodn&iacute; park Durmitor<span class=\"ez-toc-section-end\"><\/span><\/h2>\n<p>Za&#269;n&#283;me neuv&#283;&#345;iteln&yacute;m n&aacute;rodn&iacute;m parkem Durmitor, kter&yacute; se nach&aacute;z&iacute; na severu mal&eacute; zemi&#269;ky. Tento n&aacute;rodn&iacute; park je <a href=\"http:\/\/whc.unesco.org\/en\/list\/100\" target=\"_blank\" rel=\"noopener noreferrer\">na seznamu Unesco<\/a> u&#382; od r. 1980, a dle m&eacute;ho n&aacute;zoru je jako &#382;&aacute;dn&yacute; jin&yacute;. Vznikl b&#283;hem doby ledov&eacute; jako masiv a dodnes jsou d&#367;kazy jeho vzniku viditeln&eacute; &ndash; a&#357; u&#382; v&nbsp;podob&#283; ledovcov&yacute;ch jezer, ka&#328;on&#367; &#269;i jeskyn&iacute;.<\/p>\n<p>Na cel&eacute;m Balk&aacute;n&#283; je tohle poho&#345;&iacute; rozhodn&#283; jedn&iacute;m z&nbsp;nejkr&aacute;sn&#283;j&scaron;&iacute;ch. Oproti jin&yacute;m n&aacute;rodn&iacute;m park&#367;m v&nbsp;Evrop&#283; z&#367;st&aacute;v&aacute; pom&#283;rn&#283; neobjeven&yacute; a nepoznan&yacute;, tak&#382;e tu najdete panenskou p&#345;&iacute;rodu bez dav&#367; turist&#367;.<\/p>\n<p>Durmitor je domovem 163 druh&#367; pt&aacute;k&#367;, zhruba 50 r&#367;zn&yacute;ch savc&#367; a &uacute;dajn&#283; zde poletuje i nejv&iacute;ce r&#367;zn&yacute;ch evropsk&yacute;ch druh&#367; mot&yacute;l&#367;. Mimochodem, pokud se nat&#345;ete vo&#328;av&yacute;m opalovac&iacute;m kr&eacute;mem, mot&yacute;li na v&aacute;s budou cht&iacute;t sedat. Odzkou&scaron;eno! :)<\/p>\n<p>Toulaj&iacute; se tu medv&#283;di a vlci, ale to byste museli m&iacute;t obrovsk&eacute; &scaron;t&#283;st&iacute;, abyste na n&#283;jak&eacute; natrefili. Sp&iacute;&scaron;e tu potk&aacute;te ovce, p&#345;&aacute;telsk&eacute; psy a dal&scaron;&iacute; dom&aacute;c&iacute; zv&iacute;&#345;ata.<\/p>\n<div id=\"attachment_5874\" style=\"width: 1040px\" class=\"wp-caption alignnone\"><noscript><img loading=\"lazy\" decoding=\"async\" aria-describedby=\"caption-attachment-5874\" class=\"size-full wp-image-5875\" src=\"https:\/\/www.travelgeekery.com\/wp-content\/uploads\/2018\/03\/Forests-on-the-way-to-Crvena-Greda-Durmitor-National-Park-Hiking-Montenegro-1.jpg\" alt=\"Forest in Durmitor National Park Montenegro\" width=\"1030\" height=\"694\" srcset=\"https:\/\/www.travelgeekery.com\/wp-content\/uploads\/2018\/03\/Forests-on-the-way-to-Crvena-Greda-Durmitor-National-Park-Hiking-Montenegro-1.jpg 1030w, https:\/\/www.travelgeekery.com\/wp-content\/uploads\/2018\/03\/Forests-on-the-way-to-Crvena-Greda-Durmitor-National-Park-Hiking-Montenegro-1-768x517.jpg 768w, https:\/\/www.travelgeekery.com\/wp-content\/uploads\/2018\/03\/Forests-on-the-way-to-Crvena-Greda-Durmitor-National-Park-Hiking-Montenegro-1-837x564.jpg 837w, https:\/\/www.travelgeekery.com\/wp-content\/uploads\/2018\/03\/Forests-on-the-way-to-Crvena-Greda-Durmitor-National-Park-Hiking-Montenegro-1-667x449.jpg 667w, https:\/\/www.travelgeekery.com\/wp-content\/uploads\/2018\/03\/Forests-on-the-way-to-Crvena-Greda-Durmitor-National-Park-Hiking-Montenegro-1-1024x690.jpg 1024w, https:\/\/www.travelgeekery.com\/wp-content\/uploads\/2018\/03\/Forests-on-the-way-to-Crvena-Greda-Durmitor-National-Park-Hiking-Montenegro-1-960x647.jpg 960w\" sizes=\"auto, (max-width: 760px) calc(100vw - 40px), 720px\" data-pin-media=\"https:\/\/www.travelgeekery.com\/wp-content\/uploads\/2018\/03\/Forests-on-the-way-to-Crvena-Greda-Durmitor-National-Park-Hiking-Montenegro-1.jpg\"><\/noscript><img loading=\"lazy\" decoding=\"async\" aria-describedby=\"caption-attachment-5874\" class=\"size-full wp-image-5875 lazyload\" src=\"https:\/\/www.travelgeekery.com\/wp-content\/uploads\/2018\/03\/Forests-on-the-way-to-Crvena-Greda-Durmitor-National-Park-Hiking-Montenegro-1.jpg.webp\" alt=\"Forest in Durmitor National Park Montenegro\" width=\"1030\" height=\"694\" srcset=\"https:\/\/www.travelgeekery.com\/wp-content\/uploads\/2018\/03\/Forests-on-the-way-to-Crvena-Greda-Durmitor-National-Park-Hiking-Montenegro-1.jpg.webp 1030w, https:\/\/www.travelgeekery.com\/wp-content\/uploads\/2018\/03\/Forests-on-the-way-to-Crvena-Greda-Durmitor-National-Park-Hiking-Montenegro-1-768x517.jpg.webp 768w, https:\/\/www.travelgeekery.com\/wp-content\/uploads\/2018\/03\/Forests-on-the-way-to-Crvena-Greda-Durmitor-National-Park-Hiking-Montenegro-1-837x564.jpg.webp 837w, https:\/\/www.travelgeekery.com\/wp-content\/uploads\/2018\/03\/Forests-on-the-way-to-Crvena-Greda-Durmitor-National-Park-Hiking-Montenegro-1-667x449.jpg.webp 667w, https:\/\/www.travelgeekery.com\/wp-content\/uploads\/2018\/03\/Forests-on-the-way-to-Crvena-Greda-Durmitor-National-Park-Hiking-Montenegro-1-1024x690.jpg.webp 1024w, https:\/\/www.travelgeekery.com\/wp-content\/uploads\/2018\/03\/Forests-on-the-way-to-Crvena-Greda-Durmitor-National-Park-Hiking-Montenegro-1-960x647.jpg.webp 960w\" sizes=\"auto, (max-width: 760px) calc(100vw - 40px), 720px\" data-pin-media=\"https:\/\/www.travelgeekery.com\/wp-content\/uploads\/2018\/03\/Forests-on-the-way-to-Crvena-Greda-Durmitor-National-Park-Hiking-Montenegro-1.jpg\" id=\"mv-trellis-img-2\" data-trellis-processed=\"1\"><p id=\"caption-attachment-5874\" class=\"wp-caption-text\">Syt&#283; zelen&eacute; les&iacute;ky na cest&#283; mezi &#381;abljakem a Crvenou Gredou<\/p><\/div>\n<div id=\"attachment_5870\" style=\"width: 1040px\" class=\"wp-caption alignnone\"><noscript><img loading=\"lazy\" decoding=\"async\" aria-describedby=\"caption-attachment-5870\" class=\"size-full wp-image-5871\" src=\"https:\/\/www.travelgeekery.com\/wp-content\/uploads\/2018\/03\/Trekking-Montenegro_Hike-to-Crvena-Greda-in-Durmitor-National-Park.jpg\" alt=\"Hiking Durmitor Mountains National Park Montenegro\" width=\"1030\" height=\"694\" srcset=\"https:\/\/www.travelgeekery.com\/wp-content\/uploads\/2018\/03\/Trekking-Montenegro_Hike-to-Crvena-Greda-in-Durmitor-National-Park.jpg 1030w, https:\/\/www.travelgeekery.com\/wp-content\/uploads\/2018\/03\/Trekking-Montenegro_Hike-to-Crvena-Greda-in-Durmitor-National-Park-768x517.jpg 768w, https:\/\/www.travelgeekery.com\/wp-content\/uploads\/2018\/03\/Trekking-Montenegro_Hike-to-Crvena-Greda-in-Durmitor-National-Park-837x564.jpg 837w, https:\/\/www.travelgeekery.com\/wp-content\/uploads\/2018\/03\/Trekking-Montenegro_Hike-to-Crvena-Greda-in-Durmitor-National-Park-667x449.jpg 667w, https:\/\/www.travelgeekery.com\/wp-content\/uploads\/2018\/03\/Trekking-Montenegro_Hike-to-Crvena-Greda-in-Durmitor-National-Park-1024x690.jpg 1024w, https:\/\/www.travelgeekery.com\/wp-content\/uploads\/2018\/03\/Trekking-Montenegro_Hike-to-Crvena-Greda-in-Durmitor-National-Park-960x647.jpg 960w\" sizes=\"auto, (max-width: 760px) calc(100vw - 40px), 720px\" data-pin-media=\"https:\/\/www.travelgeekery.com\/wp-content\/uploads\/2018\/03\/Trekking-Montenegro_Hike-to-Crvena-Greda-in-Durmitor-National-Park.jpg\"><\/noscript><img loading=\"lazy\" decoding=\"async\" aria-describedby=\"caption-attachment-5870\" class=\"size-full wp-image-5871 lazyload\" src=\"https:\/\/www.travelgeekery.com\/wp-content\/uploads\/2018\/03\/Trekking-Montenegro_Hike-to-Crvena-Greda-in-Durmitor-National-Park.jpg.webp\" alt=\"Hiking Durmitor Mountains National Park Montenegro\" width=\"1030\" height=\"694\" srcset=\"https:\/\/www.travelgeekery.com\/wp-content\/uploads\/2018\/03\/Trekking-Montenegro_Hike-to-Crvena-Greda-in-Durmitor-National-Park.jpg.webp 1030w, https:\/\/www.travelgeekery.com\/wp-content\/uploads\/2018\/03\/Trekking-Montenegro_Hike-to-Crvena-Greda-in-Durmitor-National-Park-768x517.jpg.webp 768w, https:\/\/www.travelgeekery.com\/wp-content\/uploads\/2018\/03\/Trekking-Montenegro_Hike-to-Crvena-Greda-in-Durmitor-National-Park-837x564.jpg.webp 837w, https:\/\/www.travelgeekery.com\/wp-content\/uploads\/2018\/03\/Trekking-Montenegro_Hike-to-Crvena-Greda-in-Durmitor-National-Park-667x449.jpg.webp 667w, https:\/\/www.travelgeekery.com\/wp-content\/uploads\/2018\/03\/Trekking-Montenegro_Hike-to-Crvena-Greda-in-Durmitor-National-Park-1024x690.jpg.webp 1024w, https:\/\/www.travelgeekery.com\/wp-content\/uploads\/2018\/03\/Trekking-Montenegro_Hike-to-Crvena-Greda-in-Durmitor-National-Park-960x647.jpg.webp 960w\" sizes=\"auto, (max-width: 760px) calc(100vw - 40px), 720px\" data-pin-media=\"https:\/\/www.travelgeekery.com\/wp-content\/uploads\/2018\/03\/Trekking-Montenegro_Hike-to-Crvena-Greda-in-Durmitor-National-Park.jpg\" id=\"mv-trellis-img-3\" data-trellis-processed=\"1\"><p id=\"caption-attachment-5870\" class=\"wp-caption-text\">Chodit na t&uacute;ry v hor&aacute;ch Durmitor je opravdu balz&aacute;m na du&scaron;i :)<\/p><\/div>\n<p>Poho&#345;&iacute; Durmitor m&aacute; docela dost vrchol&#367;, na kter&eacute; stoj&iacute; za to vyl&eacute;zt, a to plat&iacute; i pro horolezce amat&eacute;ry. M&#367;&#382;u doporu&#269;it tyto dva vrcholy:<\/p>\n<h3><span class=\"ez-toc-section\" id=\"Crvena_Greda_2_164_m\"><\/span>Crvena Greda: 2 164 m<span class=\"ez-toc-section-end\"><\/span><\/h3>\n<p>V&nbsp;&#269;e&scaron;tin&#283; &bdquo;&#268;erven&yacute; paprsek&ldquo;, tato stolov&aacute; hora vynik&aacute; nejen svoj&iacute; p&#345;&iacute;rodn&iacute; kr&aacute;sou a n&aacute;dhern&yacute;mi v&yacute;hledy, ale taky nev&scaron;edn&iacute; diverzitou jezer kolem. Uvid&iacute;te jezera na sv&eacute; cest&#283; nahoru, dol&#367; i dokola kolem, budou se zrcadlit na v&scaron;echny strany, a&#382; stanete na samotn&eacute;m vrcholu. Spousta jez&iacute;rek odr&aacute;&#382;ej&iacute;c&iacute;ch oblohu a &#269;ernohorsk&eacute; slunce, kter&eacute; si vylo&#382;en&#283; &#345;&iacute;kaj&iacute; o fotku &ndash; co v&iacute;c si p&#345;&aacute;t!<\/p>\n<p>Po cest&#283; nahoru potk&aacute;te jezero Jablan a na cest&#283; zp&#283;t to m&#367;&#382;ete vz&iacute;t oklikou kolem jezera Zminje (&bdquo;Zmij&iacute; jezero&ldquo;). Z&nbsp;vrcholu Crvene Gredy uvid&iacute;te jedine&#269;n&#283; tvarovan&eacute; &#268;ern&eacute; jezero, tedy Crno Jezero. Nebojte, nen&iacute; &#269;ern&eacute;, ale kr&aacute;sn&#283; tyrkysov&eacute;!<\/p>\n<p>Cesta nahoru je pom&#283;rn&#283; n&aacute;ro&#269;n&aacute;, ale nen&iacute; to nic hrozn&eacute;ho. Ke konci se budete muset prod&iacute;rat zakrsl&yacute;mi borovicemi, ale je to sp&iacute;&scaron; jen vizu&aacute;ln&iacute; p&#345;ek&aacute;&#382;ka.<\/p>\n<p>T&uacute;ru na vrchol a kolem jezer si ide&aacute;ln&#283; napl&aacute;nujte na cel&yacute; den. Pokud ale m&aacute;te &#269;asu m&eacute;n&#283;, trek na Crvenou Gredu a zp&#283;t se d&aacute; zvl&aacute;dnout i za p&#367;lden.<\/p>\n<div id=\"attachment_5882\" style=\"width: 1040px\" class=\"wp-caption alignnone\"><noscript><img loading=\"lazy\" decoding=\"async\" aria-describedby=\"caption-attachment-5882\" class=\"size-full wp-image-5883\" src=\"https:\/\/www.travelgeekery.com\/wp-content\/uploads\/2018\/03\/Jablan-Lake-in-Durmitor-Mountain-Range-Montenegro.jpg\" alt=\"Jablan Lake in Durmitor National Park\" width=\"1030\" height=\"694\" srcset=\"https:\/\/www.travelgeekery.com\/wp-content\/uploads\/2018\/03\/Jablan-Lake-in-Durmitor-Mountain-Range-Montenegro.jpg 1030w, https:\/\/www.travelgeekery.com\/wp-content\/uploads\/2018\/03\/Jablan-Lake-in-Durmitor-Mountain-Range-Montenegro-768x517.jpg 768w, https:\/\/www.travelgeekery.com\/wp-content\/uploads\/2018\/03\/Jablan-Lake-in-Durmitor-Mountain-Range-Montenegro-837x564.jpg 837w, https:\/\/www.travelgeekery.com\/wp-content\/uploads\/2018\/03\/Jablan-Lake-in-Durmitor-Mountain-Range-Montenegro-667x449.jpg 667w, https:\/\/www.travelgeekery.com\/wp-content\/uploads\/2018\/03\/Jablan-Lake-in-Durmitor-Mountain-Range-Montenegro-1024x690.jpg 1024w, https:\/\/www.travelgeekery.com\/wp-content\/uploads\/2018\/03\/Jablan-Lake-in-Durmitor-Mountain-Range-Montenegro-960x647.jpg 960w\" sizes=\"auto, (max-width: 760px) calc(100vw - 40px), 720px\" data-pin-media=\"https:\/\/www.travelgeekery.com\/wp-content\/uploads\/2018\/03\/Jablan-Lake-in-Durmitor-Mountain-Range-Montenegro.jpg\"><\/noscript><img loading=\"lazy\" decoding=\"async\" aria-describedby=\"caption-attachment-5882\" class=\"size-full wp-image-5883 lazyload\" src=\"https:\/\/www.travelgeekery.com\/wp-content\/uploads\/2018\/03\/Jablan-Lake-in-Durmitor-Mountain-Range-Montenegro.jpg.webp\" alt=\"Jablan Lake in Durmitor National Park\" width=\"1030\" height=\"694\" srcset=\"https:\/\/www.travelgeekery.com\/wp-content\/uploads\/2018\/03\/Jablan-Lake-in-Durmitor-Mountain-Range-Montenegro.jpg.webp 1030w, https:\/\/www.travelgeekery.com\/wp-content\/uploads\/2018\/03\/Jablan-Lake-in-Durmitor-Mountain-Range-Montenegro-768x517.jpg.webp 768w, https:\/\/www.travelgeekery.com\/wp-content\/uploads\/2018\/03\/Jablan-Lake-in-Durmitor-Mountain-Range-Montenegro-837x564.jpg.webp 837w, https:\/\/www.travelgeekery.com\/wp-content\/uploads\/2018\/03\/Jablan-Lake-in-Durmitor-Mountain-Range-Montenegro-667x449.jpg.webp 667w, https:\/\/www.travelgeekery.com\/wp-content\/uploads\/2018\/03\/Jablan-Lake-in-Durmitor-Mountain-Range-Montenegro-1024x690.jpg.webp 1024w, https:\/\/www.travelgeekery.com\/wp-content\/uploads\/2018\/03\/Jablan-Lake-in-Durmitor-Mountain-Range-Montenegro-960x647.jpg.webp 960w\" sizes=\"auto, (max-width: 760px) calc(100vw - 40px), 720px\" data-pin-media=\"https:\/\/www.travelgeekery.com\/wp-content\/uploads\/2018\/03\/Jablan-Lake-in-Durmitor-Mountain-Range-Montenegro.jpg\" id=\"mv-trellis-img-4\" data-trellis-processed=\"1\"><p id=\"caption-attachment-5882\" class=\"wp-caption-text\">Jezero Jablan v durmitorsk&eacute;m n&aacute;rodn&iacute;m parku<\/p><\/div>\n<div id=\"attachment_5868\" style=\"width: 1040px\" class=\"wp-caption alignnone\"><noscript><img loading=\"lazy\" decoding=\"async\" aria-describedby=\"caption-attachment-5868\" class=\"size-full wp-image-5869\" src=\"https:\/\/www.travelgeekery.com\/wp-content\/uploads\/2018\/03\/Nearing-the-top-of-Crvena-Greda-Mountain-Durmitor-hiking.jpg\" alt=\"Near the top of Crvena Greda Montenegro Durmitor Mountains\" width=\"1030\" height=\"694\" srcset=\"https:\/\/www.travelgeekery.com\/wp-content\/uploads\/2018\/03\/Nearing-the-top-of-Crvena-Greda-Mountain-Durmitor-hiking.jpg 1030w, https:\/\/www.travelgeekery.com\/wp-content\/uploads\/2018\/03\/Nearing-the-top-of-Crvena-Greda-Mountain-Durmitor-hiking-768x517.jpg 768w, https:\/\/www.travelgeekery.com\/wp-content\/uploads\/2018\/03\/Nearing-the-top-of-Crvena-Greda-Mountain-Durmitor-hiking-837x564.jpg 837w, https:\/\/www.travelgeekery.com\/wp-content\/uploads\/2018\/03\/Nearing-the-top-of-Crvena-Greda-Mountain-Durmitor-hiking-667x449.jpg 667w, https:\/\/www.travelgeekery.com\/wp-content\/uploads\/2018\/03\/Nearing-the-top-of-Crvena-Greda-Mountain-Durmitor-hiking-1024x690.jpg 1024w, https:\/\/www.travelgeekery.com\/wp-content\/uploads\/2018\/03\/Nearing-the-top-of-Crvena-Greda-Mountain-Durmitor-hiking-960x647.jpg 960w\" sizes=\"auto, (max-width: 760px) calc(100vw - 40px), 720px\" data-pin-media=\"https:\/\/www.travelgeekery.com\/wp-content\/uploads\/2018\/03\/Nearing-the-top-of-Crvena-Greda-Mountain-Durmitor-hiking.jpg\"><\/noscript><img loading=\"lazy\" decoding=\"async\" aria-describedby=\"caption-attachment-5868\" class=\"size-full wp-image-5869 lazyload\" src=\"https:\/\/www.travelgeekery.com\/wp-content\/uploads\/2018\/03\/Nearing-the-top-of-Crvena-Greda-Mountain-Durmitor-hiking.jpg.webp\" alt=\"Near the top of Crvena Greda Montenegro Durmitor Mountains\" width=\"1030\" height=\"694\" srcset=\"https:\/\/www.travelgeekery.com\/wp-content\/uploads\/2018\/03\/Nearing-the-top-of-Crvena-Greda-Mountain-Durmitor-hiking.jpg.webp 1030w, https:\/\/www.travelgeekery.com\/wp-content\/uploads\/2018\/03\/Nearing-the-top-of-Crvena-Greda-Mountain-Durmitor-hiking-768x517.jpg.webp 768w, https:\/\/www.travelgeekery.com\/wp-content\/uploads\/2018\/03\/Nearing-the-top-of-Crvena-Greda-Mountain-Durmitor-hiking-837x564.jpg.webp 837w, https:\/\/www.travelgeekery.com\/wp-content\/uploads\/2018\/03\/Nearing-the-top-of-Crvena-Greda-Mountain-Durmitor-hiking-667x449.jpg.webp 667w, https:\/\/www.travelgeekery.com\/wp-content\/uploads\/2018\/03\/Nearing-the-top-of-Crvena-Greda-Mountain-Durmitor-hiking-1024x690.jpg.webp 1024w, https:\/\/www.travelgeekery.com\/wp-content\/uploads\/2018\/03\/Nearing-the-top-of-Crvena-Greda-Mountain-Durmitor-hiking-960x647.jpg.webp 960w\" sizes=\"auto, (max-width: 760px) calc(100vw - 40px), 720px\" data-pin-media=\"https:\/\/www.travelgeekery.com\/wp-content\/uploads\/2018\/03\/Nearing-the-top-of-Crvena-Greda-Mountain-Durmitor-hiking.jpg\" id=\"mv-trellis-img-5\" data-trellis-processed=\"1\"><p id=\"caption-attachment-5868\" class=\"wp-caption-text\">Prod&iacute;r&aacute;me se mo&#345;em zakrsl&yacute;ch borovic a&#382; na vrchol Crvene Gredy<\/p><\/div>\n<div id=\"attachment_5876\" style=\"width: 1040px\" class=\"wp-caption alignnone\"><noscript><img loading=\"lazy\" decoding=\"async\" aria-describedby=\"caption-attachment-5876\" class=\"size-full wp-image-5877\" src=\"https:\/\/www.travelgeekery.com\/wp-content\/uploads\/2018\/03\/View-from-the-top-of-Crvena-Greda-Crno-Jezero-Black-Lake-1.jpg\" alt=\"Crno Jezero (Black Lake) and the view from the top of Crvena Greda Mountain in Durmitor National Park Montenegro\" width=\"1030\" height=\"694\" srcset=\"https:\/\/www.travelgeekery.com\/wp-content\/uploads\/2018\/03\/View-from-the-top-of-Crvena-Greda-Crno-Jezero-Black-Lake-1.jpg 1030w, https:\/\/www.travelgeekery.com\/wp-content\/uploads\/2018\/03\/View-from-the-top-of-Crvena-Greda-Crno-Jezero-Black-Lake-1-768x517.jpg 768w, https:\/\/www.travelgeekery.com\/wp-content\/uploads\/2018\/03\/View-from-the-top-of-Crvena-Greda-Crno-Jezero-Black-Lake-1-837x564.jpg 837w, https:\/\/www.travelgeekery.com\/wp-content\/uploads\/2018\/03\/View-from-the-top-of-Crvena-Greda-Crno-Jezero-Black-Lake-1-667x449.jpg 667w, https:\/\/www.travelgeekery.com\/wp-content\/uploads\/2018\/03\/View-from-the-top-of-Crvena-Greda-Crno-Jezero-Black-Lake-1-1024x690.jpg 1024w, https:\/\/www.travelgeekery.com\/wp-content\/uploads\/2018\/03\/View-from-the-top-of-Crvena-Greda-Crno-Jezero-Black-Lake-1-960x647.jpg 960w\" sizes=\"auto, (max-width: 760px) calc(100vw - 40px), 720px\" data-pin-media=\"https:\/\/www.travelgeekery.com\/wp-content\/uploads\/2018\/03\/View-from-the-top-of-Crvena-Greda-Crno-Jezero-Black-Lake-1.jpg\"><\/noscript><img loading=\"lazy\" decoding=\"async\" aria-describedby=\"caption-attachment-5876\" class=\"size-full wp-image-5877 lazyload\" src=\"https:\/\/www.travelgeekery.com\/wp-content\/uploads\/2018\/03\/View-from-the-top-of-Crvena-Greda-Crno-Jezero-Black-Lake-1.jpg.webp\" alt=\"Crno Jezero (Black Lake) and the view from the top of Crvena Greda Mountain in Durmitor National Park Montenegro\" width=\"1030\" height=\"694\" srcset=\"https:\/\/www.travelgeekery.com\/wp-content\/uploads\/2018\/03\/View-from-the-top-of-Crvena-Greda-Crno-Jezero-Black-Lake-1.jpg.webp 1030w, https:\/\/www.travelgeekery.com\/wp-content\/uploads\/2018\/03\/View-from-the-top-of-Crvena-Greda-Crno-Jezero-Black-Lake-1-768x517.jpg.webp 768w, https:\/\/www.travelgeekery.com\/wp-content\/uploads\/2018\/03\/View-from-the-top-of-Crvena-Greda-Crno-Jezero-Black-Lake-1-837x564.jpg.webp 837w, https:\/\/www.travelgeekery.com\/wp-content\/uploads\/2018\/03\/View-from-the-top-of-Crvena-Greda-Crno-Jezero-Black-Lake-1-667x449.jpg.webp 667w, https:\/\/www.travelgeekery.com\/wp-content\/uploads\/2018\/03\/View-from-the-top-of-Crvena-Greda-Crno-Jezero-Black-Lake-1-1024x690.jpg.webp 1024w, https:\/\/www.travelgeekery.com\/wp-content\/uploads\/2018\/03\/View-from-the-top-of-Crvena-Greda-Crno-Jezero-Black-Lake-1-960x647.jpg.webp 960w\" sizes=\"auto, (max-width: 760px) calc(100vw - 40px), 720px\" data-pin-media=\"https:\/\/www.travelgeekery.com\/wp-content\/uploads\/2018\/03\/View-from-the-top-of-Crvena-Greda-Crno-Jezero-Black-Lake-1.jpg\" id=\"mv-trellis-img-6\" data-trellis-processed=\"1\"><p id=\"caption-attachment-5876\" class=\"wp-caption-text\">V&yacute;hledy z vrcholu Crvene Gredy. To vpravo je &#268;ern&eacute; jezero!<\/p><\/div>\n<h3><span class=\"ez-toc-section\" id=\"Bobotov_Kuk_2_523_m\"><\/span>Bobotov Kuk: 2 523 m<span class=\"ez-toc-section-end\"><\/span><\/h3>\n<p>Na zdol&aacute;n&iacute; horsk&eacute; kr&aacute;sky Bobotov Kuk po&#269;&iacute;tejte s&nbsp;cel&yacute;m dnem. M&#283; p&#345;i cest&#283; nahoru pomalu ale jist&#283; doch&aacute;zely s&iacute;ly, ale v&nbsp;t&uacute;rov&aacute;n&iacute; jsem dost amat&eacute;r. Mysl&iacute;m, &#382;e kdokoli, kdo m&aacute; trochu fyzi&#269;ku, je schopen dan&eacute; p&#345;ev&yacute;&scaron;en&iacute; (850m) zvl&aacute;dnout. Jasn&#283;, asi to bude st&aacute;t n&#283;jak&yacute; ten pot a slzy, ale ty naprosto dechberouc&iacute; v&yacute;hledy z&nbsp;vrchu za to stoj&iacute;. Jen bych lezen&iacute; na posledn&iacute;ch p&aacute;r metr&#367; nedoporu&#269;ila lidem, kte&#345;&iacute; maj&iacute; velk&yacute; strach z&nbsp;v&yacute;&scaron;ek.<\/p>\n<p>Pro v&yacute;stup na Bobotov Kuk budete pot&#345;ebovat pohorky. Ter&eacute;n se dost m&#283;n&iacute;, ale budete muset proj&iacute;t i &uacute;seky z&nbsp;kam&iacute;nk&#367; v&scaron;ech velikost&iacute;, kter&eacute; dost prokluzuj&iacute;. <a href=\"http:\/\/www.kqzyfj.com\/click-7628673-12684494?url=https%3A%2F%2Fwww.4camping.cz%2Fp%2Fhole-tsl-trek-alu-3c-swing%2F\" target=\"_blank\" rel=\"nofollow noopener noreferrer\">Trekkingov&eacute; hole<\/a> se taky dost hod&iacute;. J&aacute; je nem&#283;la a kolena u&#382; na cest&#283; dol&#367; nebyly &uacute;pln&#283; v pohod&#283;.<\/p>\n<p>Abych byla up&#345;&iacute;mn&aacute;, Bobotov Kuk m&#283;l pro m&#283; mnohem v&#283;t&scaron;&iacute; &bdquo;wow&ldquo; efekt ne&#382; Crvena Greda. Pokud m&aacute;te tedy &#269;as jen na jednu t&uacute;ru a m&aacute;te fyzi&#269;ku, zvolte rad&scaron;i tento. No jen se mrkn&#283;te na fotky:<\/p>\n<div id=\"attachment_5878\" style=\"width: 1040px\" class=\"wp-caption alignnone\"><noscript><img loading=\"lazy\" decoding=\"async\" aria-describedby=\"caption-attachment-5878\" class=\"size-full wp-image-5879\" src=\"https:\/\/www.travelgeekery.com\/wp-content\/uploads\/2018\/03\/Bobotov-Kuk-Peak-Durmitor-National-Park-Montenegro.jpg\" alt=\"About to trek the Durmitor Mountains to the top of Bobotov Kuk\" width=\"1030\" height=\"694\" srcset=\"https:\/\/www.travelgeekery.com\/wp-content\/uploads\/2018\/03\/Bobotov-Kuk-Peak-Durmitor-National-Park-Montenegro.jpg 1030w, https:\/\/www.travelgeekery.com\/wp-content\/uploads\/2018\/03\/Bobotov-Kuk-Peak-Durmitor-National-Park-Montenegro-768x517.jpg 768w, https:\/\/www.travelgeekery.com\/wp-content\/uploads\/2018\/03\/Bobotov-Kuk-Peak-Durmitor-National-Park-Montenegro-837x564.jpg 837w, https:\/\/www.travelgeekery.com\/wp-content\/uploads\/2018\/03\/Bobotov-Kuk-Peak-Durmitor-National-Park-Montenegro-667x449.jpg 667w, https:\/\/www.travelgeekery.com\/wp-content\/uploads\/2018\/03\/Bobotov-Kuk-Peak-Durmitor-National-Park-Montenegro-1024x690.jpg 1024w, https:\/\/www.travelgeekery.com\/wp-content\/uploads\/2018\/03\/Bobotov-Kuk-Peak-Durmitor-National-Park-Montenegro-960x647.jpg 960w\" sizes=\"auto, (max-width: 760px) calc(100vw - 40px), 720px\" data-pin-media=\"https:\/\/www.travelgeekery.com\/wp-content\/uploads\/2018\/03\/Bobotov-Kuk-Peak-Durmitor-National-Park-Montenegro.jpg\"><\/noscript><img loading=\"lazy\" decoding=\"async\" aria-describedby=\"caption-attachment-5878\" class=\"size-full wp-image-5879 lazyload\" src=\"https:\/\/www.travelgeekery.com\/wp-content\/uploads\/2018\/03\/Bobotov-Kuk-Peak-Durmitor-National-Park-Montenegro.jpg.webp\" alt=\"About to trek the Durmitor Mountains to the top of Bobotov Kuk\" width=\"1030\" height=\"694\" srcset=\"https:\/\/www.travelgeekery.com\/wp-content\/uploads\/2018\/03\/Bobotov-Kuk-Peak-Durmitor-National-Park-Montenegro.jpg.webp 1030w, https:\/\/www.travelgeekery.com\/wp-content\/uploads\/2018\/03\/Bobotov-Kuk-Peak-Durmitor-National-Park-Montenegro-768x517.jpg.webp 768w, https:\/\/www.travelgeekery.com\/wp-content\/uploads\/2018\/03\/Bobotov-Kuk-Peak-Durmitor-National-Park-Montenegro-837x564.jpg.webp 837w, https:\/\/www.travelgeekery.com\/wp-content\/uploads\/2018\/03\/Bobotov-Kuk-Peak-Durmitor-National-Park-Montenegro-667x449.jpg.webp 667w, https:\/\/www.travelgeekery.com\/wp-content\/uploads\/2018\/03\/Bobotov-Kuk-Peak-Durmitor-National-Park-Montenegro-1024x690.jpg.webp 1024w, https:\/\/www.travelgeekery.com\/wp-content\/uploads\/2018\/03\/Bobotov-Kuk-Peak-Durmitor-National-Park-Montenegro-960x647.jpg.webp 960w\" sizes=\"auto, (max-width: 760px) calc(100vw - 40px), 720px\" data-pin-media=\"https:\/\/www.travelgeekery.com\/wp-content\/uploads\/2018\/03\/Bobotov-Kuk-Peak-Durmitor-National-Park-Montenegro.jpg\" id=\"mv-trellis-img-7\" data-trellis-processed=\"1\"><p id=\"caption-attachment-5878\" class=\"wp-caption-text\">Ten &bdquo;vrcholek&ldquo; uprost&#345;ed je Bobotov Kuk! Na prvn&iacute; (neznal&yacute;) pohled jednoduch&aacute; t&uacute;ra, tak&#382;e tady je mi je&scaron;t&#283; hej :D<\/p><\/div>\n<div id=\"attachment_5890\" style=\"width: 1040px\" class=\"wp-caption alignnone\"><noscript><img loading=\"lazy\" decoding=\"async\" aria-describedby=\"caption-attachment-5890\" class=\"size-full wp-image-5891\" src=\"https:\/\/www.travelgeekery.com\/wp-content\/uploads\/2018\/03\/Nearing-the-top-of-Bobotov-Kuk-in-Durmitor-NP.jpg\" alt=\"Nearing the top of Bobotov Kuk in Durmitor NP Montenegro\" width=\"1030\" height=\"694\" srcset=\"https:\/\/www.travelgeekery.com\/wp-content\/uploads\/2018\/03\/Nearing-the-top-of-Bobotov-Kuk-in-Durmitor-NP.jpg 1030w, https:\/\/www.travelgeekery.com\/wp-content\/uploads\/2018\/03\/Nearing-the-top-of-Bobotov-Kuk-in-Durmitor-NP-768x517.jpg 768w, https:\/\/www.travelgeekery.com\/wp-content\/uploads\/2018\/03\/Nearing-the-top-of-Bobotov-Kuk-in-Durmitor-NP-837x564.jpg 837w, https:\/\/www.travelgeekery.com\/wp-content\/uploads\/2018\/03\/Nearing-the-top-of-Bobotov-Kuk-in-Durmitor-NP-667x449.jpg 667w, https:\/\/www.travelgeekery.com\/wp-content\/uploads\/2018\/03\/Nearing-the-top-of-Bobotov-Kuk-in-Durmitor-NP-1024x690.jpg 1024w, https:\/\/www.travelgeekery.com\/wp-content\/uploads\/2018\/03\/Nearing-the-top-of-Bobotov-Kuk-in-Durmitor-NP-960x647.jpg 960w\" sizes=\"auto, (max-width: 760px) calc(100vw - 40px), 720px\" data-pin-media=\"https:\/\/www.travelgeekery.com\/wp-content\/uploads\/2018\/03\/Nearing-the-top-of-Bobotov-Kuk-in-Durmitor-NP.jpg\"><\/noscript><img loading=\"lazy\" decoding=\"async\" aria-describedby=\"caption-attachment-5890\" class=\"size-full wp-image-5891 lazyload\" src=\"https:\/\/www.travelgeekery.com\/wp-content\/uploads\/2018\/03\/Nearing-the-top-of-Bobotov-Kuk-in-Durmitor-NP.jpg.webp\" alt=\"Nearing the top of Bobotov Kuk in Durmitor NP Montenegro\" width=\"1030\" height=\"694\" srcset=\"https:\/\/www.travelgeekery.com\/wp-content\/uploads\/2018\/03\/Nearing-the-top-of-Bobotov-Kuk-in-Durmitor-NP.jpg.webp 1030w, https:\/\/www.travelgeekery.com\/wp-content\/uploads\/2018\/03\/Nearing-the-top-of-Bobotov-Kuk-in-Durmitor-NP-768x517.jpg.webp 768w, https:\/\/www.travelgeekery.com\/wp-content\/uploads\/2018\/03\/Nearing-the-top-of-Bobotov-Kuk-in-Durmitor-NP-837x564.jpg.webp 837w, https:\/\/www.travelgeekery.com\/wp-content\/uploads\/2018\/03\/Nearing-the-top-of-Bobotov-Kuk-in-Durmitor-NP-667x449.jpg.webp 667w, https:\/\/www.travelgeekery.com\/wp-content\/uploads\/2018\/03\/Nearing-the-top-of-Bobotov-Kuk-in-Durmitor-NP-1024x690.jpg.webp 1024w, https:\/\/www.travelgeekery.com\/wp-content\/uploads\/2018\/03\/Nearing-the-top-of-Bobotov-Kuk-in-Durmitor-NP-960x647.jpg.webp 960w\" sizes=\"auto, (max-width: 760px) calc(100vw - 40px), 720px\" data-pin-media=\"https:\/\/www.travelgeekery.com\/wp-content\/uploads\/2018\/03\/Nearing-the-top-of-Bobotov-Kuk-in-Durmitor-NP.jpg\" id=\"mv-trellis-img-8\" data-trellis-processed=\"1\"><p id=\"caption-attachment-5890\" class=\"wp-caption-text\">U&#382; jsme skoro na vrcholu hory Bobotov Kuk.. d&aacute; zabrat soust&#345;edit se na nejt&#283;&#382;&scaron;&iacute;ch p&aacute;r posledn&iacute;ch metr&#367;, kdy&#382; u&#382; &#269;lov&#283;k vid&iacute; tyhle v&yacute;hledy!<\/p><\/div>\n<div id=\"attachment_5934\" style=\"width: 1040px\" class=\"wp-caption alignnone\"><noscript><img loading=\"lazy\" decoding=\"async\" aria-describedby=\"caption-attachment-5934\" class=\"size-full wp-image-5935\" src=\"https:\/\/www.travelgeekery.com\/wp-content\/uploads\/2018\/03\/Views-from-the-top-of-Bobotov-Kuk-Durmitor-NP-Montenegro.jpg\" alt=\"Breathtaking views from the top of Bobotov Kuk, Durmitor NP, Montenegro\" width=\"1030\" height=\"694\" srcset=\"https:\/\/www.travelgeekery.com\/wp-content\/uploads\/2018\/03\/Views-from-the-top-of-Bobotov-Kuk-Durmitor-NP-Montenegro.jpg 1030w, https:\/\/www.travelgeekery.com\/wp-content\/uploads\/2018\/03\/Views-from-the-top-of-Bobotov-Kuk-Durmitor-NP-Montenegro-768x517.jpg 768w, https:\/\/www.travelgeekery.com\/wp-content\/uploads\/2018\/03\/Views-from-the-top-of-Bobotov-Kuk-Durmitor-NP-Montenegro-837x564.jpg 837w, https:\/\/www.travelgeekery.com\/wp-content\/uploads\/2018\/03\/Views-from-the-top-of-Bobotov-Kuk-Durmitor-NP-Montenegro-667x449.jpg 667w, https:\/\/www.travelgeekery.com\/wp-content\/uploads\/2018\/03\/Views-from-the-top-of-Bobotov-Kuk-Durmitor-NP-Montenegro-1024x690.jpg 1024w, https:\/\/www.travelgeekery.com\/wp-content\/uploads\/2018\/03\/Views-from-the-top-of-Bobotov-Kuk-Durmitor-NP-Montenegro-960x647.jpg 960w\" sizes=\"auto, (max-width: 760px) calc(100vw - 40px), 720px\" data-pin-media=\"https:\/\/www.travelgeekery.com\/wp-content\/uploads\/2018\/03\/Views-from-the-top-of-Bobotov-Kuk-Durmitor-NP-Montenegro.jpg\"><\/noscript><img loading=\"lazy\" decoding=\"async\" aria-describedby=\"caption-attachment-5934\" class=\"size-full wp-image-5935 lazyload\" src=\"https:\/\/www.travelgeekery.com\/wp-content\/uploads\/2018\/03\/Views-from-the-top-of-Bobotov-Kuk-Durmitor-NP-Montenegro.jpg.webp\" alt=\"Breathtaking views from the top of Bobotov Kuk, Durmitor NP, Montenegro\" width=\"1030\" height=\"694\" srcset=\"https:\/\/www.travelgeekery.com\/wp-content\/uploads\/2018\/03\/Views-from-the-top-of-Bobotov-Kuk-Durmitor-NP-Montenegro.jpg.webp 1030w, https:\/\/www.travelgeekery.com\/wp-content\/uploads\/2018\/03\/Views-from-the-top-of-Bobotov-Kuk-Durmitor-NP-Montenegro-768x517.jpg.webp 768w, https:\/\/www.travelgeekery.com\/wp-content\/uploads\/2018\/03\/Views-from-the-top-of-Bobotov-Kuk-Durmitor-NP-Montenegro-837x564.jpg.webp 837w, https:\/\/www.travelgeekery.com\/wp-content\/uploads\/2018\/03\/Views-from-the-top-of-Bobotov-Kuk-Durmitor-NP-Montenegro-667x449.jpg.webp 667w, https:\/\/www.travelgeekery.com\/wp-content\/uploads\/2018\/03\/Views-from-the-top-of-Bobotov-Kuk-Durmitor-NP-Montenegro-1024x690.jpg.webp 1024w, https:\/\/www.travelgeekery.com\/wp-content\/uploads\/2018\/03\/Views-from-the-top-of-Bobotov-Kuk-Durmitor-NP-Montenegro-960x647.jpg.webp 960w\" sizes=\"auto, (max-width: 760px) calc(100vw - 40px), 720px\" data-pin-media=\"https:\/\/www.travelgeekery.com\/wp-content\/uploads\/2018\/03\/Views-from-the-top-of-Bobotov-Kuk-Durmitor-NP-Montenegro.jpg\" id=\"mv-trellis-img-9\" data-trellis-processed=\"1\"><p id=\"caption-attachment-5934\" class=\"wp-caption-text\">Neskute&#269;n&#283; n&aacute;dhern&yacute; v&yacute;hled ze sam&eacute;ho vrcholu Bobotova Kuku &ndash; za tu d&#345;inu to st&aacute;lo!<\/p><\/div>\n<div id=\"attachment_5886\" style=\"width: 1040px\" class=\"wp-caption alignnone\"><noscript><img loading=\"lazy\" decoding=\"async\" aria-describedby=\"caption-attachment-5886\" class=\"size-full wp-image-5887\" src=\"https:\/\/www.travelgeekery.com\/wp-content\/uploads\/2018\/03\/Limited-space-on-the-top-of-Bobotov-Kuk.jpg\" alt=\"Limited space on the top of Bobotov Kuk Durmitor Crna Gora\" width=\"1030\" height=\"694\" srcset=\"https:\/\/www.travelgeekery.com\/wp-content\/uploads\/2018\/03\/Limited-space-on-the-top-of-Bobotov-Kuk.jpg 1030w, https:\/\/www.travelgeekery.com\/wp-content\/uploads\/2018\/03\/Limited-space-on-the-top-of-Bobotov-Kuk-768x517.jpg 768w, https:\/\/www.travelgeekery.com\/wp-content\/uploads\/2018\/03\/Limited-space-on-the-top-of-Bobotov-Kuk-837x564.jpg 837w, https:\/\/www.travelgeekery.com\/wp-content\/uploads\/2018\/03\/Limited-space-on-the-top-of-Bobotov-Kuk-667x449.jpg 667w, https:\/\/www.travelgeekery.com\/wp-content\/uploads\/2018\/03\/Limited-space-on-the-top-of-Bobotov-Kuk-1024x690.jpg 1024w, https:\/\/www.travelgeekery.com\/wp-content\/uploads\/2018\/03\/Limited-space-on-the-top-of-Bobotov-Kuk-960x647.jpg 960w\" sizes=\"auto, (max-width: 760px) calc(100vw - 40px), 720px\" data-pin-media=\"https:\/\/www.travelgeekery.com\/wp-content\/uploads\/2018\/03\/Limited-space-on-the-top-of-Bobotov-Kuk.jpg\"><\/noscript><img loading=\"lazy\" decoding=\"async\" aria-describedby=\"caption-attachment-5886\" class=\"size-full wp-image-5887 lazyload\" src=\"https:\/\/www.travelgeekery.com\/wp-content\/uploads\/2018\/03\/Limited-space-on-the-top-of-Bobotov-Kuk.jpg.webp\" alt=\"Limited space on the top of Bobotov Kuk Durmitor Crna Gora\" width=\"1030\" height=\"694\" srcset=\"https:\/\/www.travelgeekery.com\/wp-content\/uploads\/2018\/03\/Limited-space-on-the-top-of-Bobotov-Kuk.jpg.webp 1030w, https:\/\/www.travelgeekery.com\/wp-content\/uploads\/2018\/03\/Limited-space-on-the-top-of-Bobotov-Kuk-768x517.jpg.webp 768w, https:\/\/www.travelgeekery.com\/wp-content\/uploads\/2018\/03\/Limited-space-on-the-top-of-Bobotov-Kuk-837x564.jpg.webp 837w, https:\/\/www.travelgeekery.com\/wp-content\/uploads\/2018\/03\/Limited-space-on-the-top-of-Bobotov-Kuk-667x449.jpg.webp 667w, https:\/\/www.travelgeekery.com\/wp-content\/uploads\/2018\/03\/Limited-space-on-the-top-of-Bobotov-Kuk-1024x690.jpg.webp 1024w, https:\/\/www.travelgeekery.com\/wp-content\/uploads\/2018\/03\/Limited-space-on-the-top-of-Bobotov-Kuk-960x647.jpg.webp 960w\" sizes=\"auto, (max-width: 760px) calc(100vw - 40px), 720px\" data-pin-media=\"https:\/\/www.travelgeekery.com\/wp-content\/uploads\/2018\/03\/Limited-space-on-the-top-of-Bobotov-Kuk.jpg\" id=\"mv-trellis-img-10\" data-trellis-processed=\"1\"><p id=\"caption-attachment-5886\" class=\"wp-caption-text\">Naho&#345;e na vrcholu je m&iacute;sto omezen&eacute;. I tak si tam m&#367;&#382;ete v pohod&#283; poob&#283;dvat, i kdy&#382; jste skupinka cca 20ti lid&iacute; :)<\/p><\/div>\n<div id=\"attachment_5880\" style=\"width: 1040px\" class=\"wp-caption alignnone\"><noscript><img loading=\"lazy\" decoding=\"async\" aria-describedby=\"caption-attachment-5880\" class=\"size-full wp-image-5881\" src=\"https:\/\/www.travelgeekery.com\/wp-content\/uploads\/2018\/03\/Climbing-down-Bobotov-Kuk.jpg\" alt=\"Steep climb down from the top of Bobotov Kuk, Durmitor National Park Montenegro\" width=\"1030\" height=\"694\" srcset=\"https:\/\/www.travelgeekery.com\/wp-content\/uploads\/2018\/03\/Climbing-down-Bobotov-Kuk.jpg 1030w, https:\/\/www.travelgeekery.com\/wp-content\/uploads\/2018\/03\/Climbing-down-Bobotov-Kuk-768x517.jpg 768w, https:\/\/www.travelgeekery.com\/wp-content\/uploads\/2018\/03\/Climbing-down-Bobotov-Kuk-837x564.jpg 837w, https:\/\/www.travelgeekery.com\/wp-content\/uploads\/2018\/03\/Climbing-down-Bobotov-Kuk-667x449.jpg 667w, https:\/\/www.travelgeekery.com\/wp-content\/uploads\/2018\/03\/Climbing-down-Bobotov-Kuk-1024x690.jpg 1024w, https:\/\/www.travelgeekery.com\/wp-content\/uploads\/2018\/03\/Climbing-down-Bobotov-Kuk-960x647.jpg 960w\" sizes=\"auto, (max-width: 760px) calc(100vw - 40px), 720px\" data-pin-media=\"https:\/\/www.travelgeekery.com\/wp-content\/uploads\/2018\/03\/Climbing-down-Bobotov-Kuk.jpg\"><\/noscript><img loading=\"lazy\" decoding=\"async\" aria-describedby=\"caption-attachment-5880\" class=\"size-full wp-image-5881 lazyload\" src=\"https:\/\/www.travelgeekery.com\/wp-content\/uploads\/2018\/03\/Climbing-down-Bobotov-Kuk.jpg.webp\" alt=\"Steep climb down from the top of Bobotov Kuk, Durmitor National Park Montenegro\" width=\"1030\" height=\"694\" srcset=\"https:\/\/www.travelgeekery.com\/wp-content\/uploads\/2018\/03\/Climbing-down-Bobotov-Kuk.jpg.webp 1030w, https:\/\/www.travelgeekery.com\/wp-content\/uploads\/2018\/03\/Climbing-down-Bobotov-Kuk-768x517.jpg.webp 768w, https:\/\/www.travelgeekery.com\/wp-content\/uploads\/2018\/03\/Climbing-down-Bobotov-Kuk-837x564.jpg.webp 837w, https:\/\/www.travelgeekery.com\/wp-content\/uploads\/2018\/03\/Climbing-down-Bobotov-Kuk-667x449.jpg.webp 667w, https:\/\/www.travelgeekery.com\/wp-content\/uploads\/2018\/03\/Climbing-down-Bobotov-Kuk-1024x690.jpg.webp 1024w, https:\/\/www.travelgeekery.com\/wp-content\/uploads\/2018\/03\/Climbing-down-Bobotov-Kuk-960x647.jpg.webp 960w\" sizes=\"auto, (max-width: 760px) calc(100vw - 40px), 720px\" data-pin-media=\"https:\/\/www.travelgeekery.com\/wp-content\/uploads\/2018\/03\/Climbing-down-Bobotov-Kuk.jpg\" id=\"mv-trellis-img-11\" data-trellis-processed=\"1\"><p id=\"caption-attachment-5880\" class=\"wp-caption-text\">A lezeme dol&#367;.. Tady kdyby &#269;lov&#283;ku uklouzla noha&hellip;<\/p><\/div>\n<h3><span class=\"ez-toc-section\" id=\"Kanon_reky_Tary_-1_300_m\"><\/span>Ka&#328;on &#345;eky Tary: -1 300 m<span class=\"ez-toc-section-end\"><\/span><\/h3>\n<p>Zat&iacute;mco mocn&eacute; vrcholy Durmitoru v&aacute;m dozajista vyraz&iacute; dech, i opa&#269;n&yacute; extr&eacute;m je podobn&#283; uchvacuj&iacute;c&iacute;. Ka&#328;on, kter&yacute; vymlela m&iacute;stn&iacute; &#345;eka Tara, je nejhlub&scaron;&iacute; v&nbsp;Evrop&#283;, vlastn&#283; druh&yacute; nejhlub&scaron;&iacute; na sv&#283;t&#283; hned po americk&eacute;m Grand Canyonu! Nejni&#382;&scaron;&iacute; bod ka&#328;onu dosahuje hloubky -1 300 m.<\/p>\n<h4><span class=\"ez-toc-section\" id=\"Most_Durdevica_Tara\"><\/span>Most &#272;ur&#273;evi&#263;a Tara<span class=\"ez-toc-section-end\"><\/span><\/h4>\n<p>V&yacute;hledy na Taru a roklinu si m&#367;&#382;ete u&#382;&iacute;t z mostu &#272;ur&#273;evi&#263;a Tara, hezk&eacute;ho betonov&eacute;ho mostu s&nbsp;oblouky, kter&yacute; se pravideln&#283; umis&#357;uje mezi top 20 mosty sv&#283;ta. Pokud v&aacute;m v&scaron;ak v&yacute;hledy p&#345;i proch&aacute;zce po mostu nesta&#269;&iacute;, p&#345;idejte trochu adrenalinu a sko&#269;te na zipline (&bdquo;lanov&eacute; skluzy&ldquo; zn&iacute; spr&aacute;vn&yacute; n&aacute;zev v&nbsp;&#269;e&scaron;tin&#283;)!<\/p>\n<p>Jsou tu dv&#283; r&#367;zn&eacute; zipliny &ndash; jedna za &euro;10, kter&aacute; je o p&aacute;r sekund krat&scaron;&iacute; a o n&#283;co m&eacute;n&#283; fajnov&aacute;. Na t&eacute;hle jsem jela, &#345;vala strachy celou j&iacute;zdu, a bylo to super! :D<\/p>\n<p>Dra&#382;&scaron;&iacute; mo&#382;nost za &euro;20 vypad&aacute; stylov&#283;ji a sed&iacute;te v&nbsp;l&aacute;tkov&eacute;m sed&aacute;tku, ne jen p&#345;iv&aacute;zan&iacute; ke kladce popruhy, jako v&nbsp;prvn&iacute;m p&#345;&iacute;pad&#283;.<\/p>\n<p>Za&#382;&iacute;t s&iacute;lu samotn&eacute; &#345;eky Tara m&#367;&#382;ete p&#345;i raftingu. Operuje tu n&#283;kolik spole&#269;nost&iacute;, v&scaron;echny maj&iacute; st&aacute;nky pod&eacute;l mostu. &#268;asto j&iacute;zda na raftu kon&#269;&iacute; plav&aacute;n&iacute;m v&nbsp;jeze&#345;e Crno, kter&eacute; je sice trochu chladn&eacute;, ale kr&aacute;sn&eacute;.<\/p>\n<p>Pokud si chcete raftingov&yacute; v&yacute;let zamluvit p&#345;edem, m&#367;&#382;ete. Bu&#271;&nbsp;<a href=\"https:\/\/tp.media\/r?marker=361479.Montenegro-CZ&amp;trs=168853&amp;p=1922&amp;u=https%3A%2F%2Fwww.viator.com%2Ftours%2FZabljak%2FCetinje-Mausoleum-Lovcen-Kotor-tour%2Fd25643-45486P43&amp;campaign_id=47\" target=\"_blank\" rel=\"noopener noreferrer\">ze &#381;abljaku<\/a>&nbsp;nebo&nbsp;<a href=\"https:\/\/www.getyourguide.com\/kotor-l32202\/tara-river-whitewater-rafting-from-kotor-t92724\/?partner_id=6EUDJER\" target=\"_blank\" rel=\"noopener noreferrer\">dokonce a&#382; z Kotoru<\/a>.<\/p>\n<p style=\"text-align: center;\"><a style=\"display: inline-block; padding: 6px 42px; border: 0; border-radius: 6px; font-weight: bold; letter-spacing: 0.0625em; background: #1f1c64; color: #fff; text-decoration: none;\" href=\"https:\/\/tp.media\/r?marker=361479.Montenegro-CZ&amp;trs=168853&amp;p=1922&amp;u=https%3A%2F%2Fwww.viator.com%2Ftours%2FZabljak%2FCetinje-Mausoleum-Lovcen-Kotor-tour%2Fd25643-45486P43&amp;campaign_id=47\" target=\"_blank\" rel=\"nofollow noopener noreferrer\">Klikn&#283;te sem pro rafting v&yacute;let ze &#381;abljaku<\/a><\/p>\n<p style=\"text-align: center;\"><a style=\"display: inline-block; padding: 6px 52px; border: 0; border-radius: 6px; font-weight: bold; letter-spacing: 0.0625em; background: #641c3a; color: #fff; text-decoration: none;\" href=\"https:\/\/www.getyourguide.com\/kotor-l32202\/tara-river-whitewater-rafting-from-kotor-t92724\/?partner_id=6EUDJER\" target=\"_blank\" rel=\"nofollow noopener noreferrer\">Klikn&#283;te sem pro rafting v&yacute;let z Kotoru<\/a><\/p>\n<div id=\"attachment_5894\" style=\"width: 1040px\" class=\"wp-caption alignnone\"><noscript><img loading=\"lazy\" decoding=\"async\" aria-describedby=\"caption-attachment-5894\" class=\"size-full wp-image-5895\" src=\"https:\/\/www.travelgeekery.com\/wp-content\/uploads\/2018\/03\/%C4%90ur%C4%91evic%CC%81a-Tara-Bridge-Durmitor-Montenegro.jpg\" alt=\"Durdevica Tara Bridge above the Tara River Canyon, Montenegro\" width=\"1030\" height=\"694\" srcset=\"https:\/\/www.travelgeekery.com\/wp-content\/uploads\/2018\/03\/&#272;ur&#273;evic&#769;a-Tara-Bridge-Durmitor-Montenegro.jpg 1030w, https:\/\/www.travelgeekery.com\/wp-content\/uploads\/2018\/03\/&#272;ur&#273;evic&#769;a-Tara-Bridge-Durmitor-Montenegro-768x517.jpg 768w, https:\/\/www.travelgeekery.com\/wp-content\/uploads\/2018\/03\/&#272;ur&#273;evic&#769;a-Tara-Bridge-Durmitor-Montenegro-837x564.jpg 837w, https:\/\/www.travelgeekery.com\/wp-content\/uploads\/2018\/03\/&#272;ur&#273;evic&#769;a-Tara-Bridge-Durmitor-Montenegro-667x449.jpg 667w, https:\/\/www.travelgeekery.com\/wp-content\/uploads\/2018\/03\/&#272;ur&#273;evic&#769;a-Tara-Bridge-Durmitor-Montenegro-1024x690.jpg 1024w, https:\/\/www.travelgeekery.com\/wp-content\/uploads\/2018\/03\/&#272;ur&#273;evic&#769;a-Tara-Bridge-Durmitor-Montenegro-960x647.jpg 960w\" sizes=\"auto, (max-width: 760px) calc(100vw - 40px), 720px\" data-pin-media=\"https:\/\/www.travelgeekery.com\/wp-content\/uploads\/2018\/03\/&#272;ur&#273;evic&#769;a-Tara-Bridge-Durmitor-Montenegro.jpg\"><\/noscript><img loading=\"lazy\" decoding=\"async\" aria-describedby=\"caption-attachment-5894\" class=\"size-full wp-image-5895 lazyload\" src=\"https:\/\/www.travelgeekery.com\/wp-content\/uploads\/2018\/03\/%C4%90ur%C4%91evic%CC%81a-Tara-Bridge-Durmitor-Montenegro.jpg\" alt=\"Durdevica Tara Bridge above the Tara River Canyon, Montenegro\" width=\"1030\" height=\"694\" srcset=\"https:\/\/www.travelgeekery.com\/wp-content\/uploads\/2018\/03\/&#272;ur&#273;evic&#769;a-Tara-Bridge-Durmitor-Montenegro.jpg 1030w, https:\/\/www.travelgeekery.com\/wp-content\/uploads\/2018\/03\/&#272;ur&#273;evic&#769;a-Tara-Bridge-Durmitor-Montenegro-768x517.jpg 768w, https:\/\/www.travelgeekery.com\/wp-content\/uploads\/2018\/03\/&#272;ur&#273;evic&#769;a-Tara-Bridge-Durmitor-Montenegro-837x564.jpg 837w, https:\/\/www.travelgeekery.com\/wp-content\/uploads\/2018\/03\/&#272;ur&#273;evic&#769;a-Tara-Bridge-Durmitor-Montenegro-667x449.jpg 667w, https:\/\/www.travelgeekery.com\/wp-content\/uploads\/2018\/03\/&#272;ur&#273;evic&#769;a-Tara-Bridge-Durmitor-Montenegro-1024x690.jpg 1024w, https:\/\/www.travelgeekery.com\/wp-content\/uploads\/2018\/03\/&#272;ur&#273;evic&#769;a-Tara-Bridge-Durmitor-Montenegro-960x647.jpg 960w\" sizes=\"auto, (max-width: 760px) calc(100vw - 40px), 720px\" data-pin-media=\"https:\/\/www.travelgeekery.com\/wp-content\/uploads\/2018\/03\/&#272;ur&#273;evic&#769;a-Tara-Bridge-Durmitor-Montenegro.jpg\" data-mvt-skip=\"srcset\" id=\"mv-trellis-img-12\" data-trellis-processed=\"1\"><p id=\"caption-attachment-5894\" class=\"wp-caption-text\">Tohle je &uacute;&#382;asn&yacute; most Durdevica spojuj&iacute;c&iacute; okraje ka&#328;onu &#345;eky Tara (na t&eacute;hle fotce je ka&#328;on maskovan&yacute; zelen&iacute;)<\/p><\/div>\n<div id=\"attachment_5892\" style=\"width: 1040px\" class=\"wp-caption alignnone\"><noscript><img loading=\"lazy\" decoding=\"async\" aria-describedby=\"caption-attachment-5892\" class=\"size-full wp-image-5893\" src=\"https:\/\/www.travelgeekery.com\/wp-content\/uploads\/2018\/03\/Close-up-of-Durdevica-Tara-Bridge-in-Montenegro-Durmitor-National-Park.jpg\" alt=\"Durdevica Tara Bridge in Durmitor, Montenegro\" width=\"1030\" height=\"694\" srcset=\"https:\/\/www.travelgeekery.com\/wp-content\/uploads\/2018\/03\/Close-up-of-Durdevica-Tara-Bridge-in-Montenegro-Durmitor-National-Park.jpg 1030w, https:\/\/www.travelgeekery.com\/wp-content\/uploads\/2018\/03\/Close-up-of-Durdevica-Tara-Bridge-in-Montenegro-Durmitor-National-Park-768x517.jpg 768w, https:\/\/www.travelgeekery.com\/wp-content\/uploads\/2018\/03\/Close-up-of-Durdevica-Tara-Bridge-in-Montenegro-Durmitor-National-Park-837x564.jpg 837w, https:\/\/www.travelgeekery.com\/wp-content\/uploads\/2018\/03\/Close-up-of-Durdevica-Tara-Bridge-in-Montenegro-Durmitor-National-Park-667x449.jpg 667w, https:\/\/www.travelgeekery.com\/wp-content\/uploads\/2018\/03\/Close-up-of-Durdevica-Tara-Bridge-in-Montenegro-Durmitor-National-Park-1024x690.jpg 1024w, https:\/\/www.travelgeekery.com\/wp-content\/uploads\/2018\/03\/Close-up-of-Durdevica-Tara-Bridge-in-Montenegro-Durmitor-National-Park-960x647.jpg 960w\" sizes=\"auto, (max-width: 760px) calc(100vw - 40px), 720px\" data-pin-media=\"https:\/\/www.travelgeekery.com\/wp-content\/uploads\/2018\/03\/Close-up-of-Durdevica-Tara-Bridge-in-Montenegro-Durmitor-National-Park.jpg\"><\/noscript><img loading=\"lazy\" decoding=\"async\" aria-describedby=\"caption-attachment-5892\" class=\"size-full wp-image-5893 lazyload\" src=\"https:\/\/www.travelgeekery.com\/wp-content\/uploads\/2018\/03\/Close-up-of-Durdevica-Tara-Bridge-in-Montenegro-Durmitor-National-Park.jpg.webp\" alt=\"Durdevica Tara Bridge in Durmitor, Montenegro\" width=\"1030\" height=\"694\" srcset=\"https:\/\/www.travelgeekery.com\/wp-content\/uploads\/2018\/03\/Close-up-of-Durdevica-Tara-Bridge-in-Montenegro-Durmitor-National-Park.jpg.webp 1030w, https:\/\/www.travelgeekery.com\/wp-content\/uploads\/2018\/03\/Close-up-of-Durdevica-Tara-Bridge-in-Montenegro-Durmitor-National-Park-768x517.jpg.webp 768w, https:\/\/www.travelgeekery.com\/wp-content\/uploads\/2018\/03\/Close-up-of-Durdevica-Tara-Bridge-in-Montenegro-Durmitor-National-Park-837x564.jpg.webp 837w, https:\/\/www.travelgeekery.com\/wp-content\/uploads\/2018\/03\/Close-up-of-Durdevica-Tara-Bridge-in-Montenegro-Durmitor-National-Park-667x449.jpg.webp 667w, https:\/\/www.travelgeekery.com\/wp-content\/uploads\/2018\/03\/Close-up-of-Durdevica-Tara-Bridge-in-Montenegro-Durmitor-National-Park-1024x690.jpg.webp 1024w, https:\/\/www.travelgeekery.com\/wp-content\/uploads\/2018\/03\/Close-up-of-Durdevica-Tara-Bridge-in-Montenegro-Durmitor-National-Park-960x647.jpg.webp 960w\" sizes=\"auto, (max-width: 760px) calc(100vw - 40px), 720px\" data-pin-media=\"https:\/\/www.travelgeekery.com\/wp-content\/uploads\/2018\/03\/Close-up-of-Durdevica-Tara-Bridge-in-Montenegro-Durmitor-National-Park.jpg\" id=\"mv-trellis-img-13\" data-trellis-processed=\"1\"><p id=\"caption-attachment-5892\" class=\"wp-caption-text\">Docela se povedl! Nen&iacute; divu, &#382;e se Durdevica &#345;ad&iacute; k nejhez&#269;&iacute;m most&#367;m sv&#283;ta.<\/p><\/div>\n<div id=\"attachment_5896\" style=\"width: 1040px\" class=\"wp-caption alignnone\"><noscript><img loading=\"lazy\" decoding=\"async\" aria-describedby=\"caption-attachment-5896\" class=\"size-full wp-image-5897\" src=\"https:\/\/www.travelgeekery.com\/wp-content\/uploads\/2018\/03\/Tara-River-Canyon-as-viewed-from-%C4%90ur%C4%91evic%CC%81a-Tara-Bridge-Montenegro.jpg\" alt=\"View of the Tara River Canyon from the Durdevica Bridge, Montenegro\" width=\"1030\" height=\"694\" srcset=\"https:\/\/www.travelgeekery.com\/wp-content\/uploads\/2018\/03\/Tara-River-Canyon-as-viewed-from-&#272;ur&#273;evic&#769;a-Tara-Bridge-Montenegro.jpg 1030w, https:\/\/www.travelgeekery.com\/wp-content\/uploads\/2018\/03\/Tara-River-Canyon-as-viewed-from-&#272;ur&#273;evic&#769;a-Tara-Bridge-Montenegro-768x517.jpg 768w, https:\/\/www.travelgeekery.com\/wp-content\/uploads\/2018\/03\/Tara-River-Canyon-as-viewed-from-&#272;ur&#273;evic&#769;a-Tara-Bridge-Montenegro-837x564.jpg 837w, https:\/\/www.travelgeekery.com\/wp-content\/uploads\/2018\/03\/Tara-River-Canyon-as-viewed-from-&#272;ur&#273;evic&#769;a-Tara-Bridge-Montenegro-667x449.jpg 667w, https:\/\/www.travelgeekery.com\/wp-content\/uploads\/2018\/03\/Tara-River-Canyon-as-viewed-from-&#272;ur&#273;evic&#769;a-Tara-Bridge-Montenegro-1024x690.jpg 1024w, https:\/\/www.travelgeekery.com\/wp-content\/uploads\/2018\/03\/Tara-River-Canyon-as-viewed-from-&#272;ur&#273;evic&#769;a-Tara-Bridge-Montenegro-960x647.jpg 960w\" sizes=\"auto, (max-width: 760px) calc(100vw - 40px), 720px\" data-pin-media=\"https:\/\/www.travelgeekery.com\/wp-content\/uploads\/2018\/03\/Tara-River-Canyon-as-viewed-from-&#272;ur&#273;evic&#769;a-Tara-Bridge-Montenegro.jpg\"><\/noscript><img loading=\"lazy\" decoding=\"async\" aria-describedby=\"caption-attachment-5896\" class=\"size-full wp-image-5897 lazyload\" src=\"https:\/\/www.travelgeekery.com\/wp-content\/uploads\/2018\/03\/Tara-River-Canyon-as-viewed-from-%C4%90ur%C4%91evic%CC%81a-Tara-Bridge-Montenegro.jpg\" alt=\"View of the Tara River Canyon from the Durdevica Bridge, Montenegro\" width=\"1030\" height=\"694\" srcset=\"https:\/\/www.travelgeekery.com\/wp-content\/uploads\/2018\/03\/Tara-River-Canyon-as-viewed-from-&#272;ur&#273;evic&#769;a-Tara-Bridge-Montenegro.jpg 1030w, https:\/\/www.travelgeekery.com\/wp-content\/uploads\/2018\/03\/Tara-River-Canyon-as-viewed-from-&#272;ur&#273;evic&#769;a-Tara-Bridge-Montenegro-768x517.jpg 768w, https:\/\/www.travelgeekery.com\/wp-content\/uploads\/2018\/03\/Tara-River-Canyon-as-viewed-from-&#272;ur&#273;evic&#769;a-Tara-Bridge-Montenegro-837x564.jpg 837w, https:\/\/www.travelgeekery.com\/wp-content\/uploads\/2018\/03\/Tara-River-Canyon-as-viewed-from-&#272;ur&#273;evic&#769;a-Tara-Bridge-Montenegro-667x449.jpg 667w, https:\/\/www.travelgeekery.com\/wp-content\/uploads\/2018\/03\/Tara-River-Canyon-as-viewed-from-&#272;ur&#273;evic&#769;a-Tara-Bridge-Montenegro-1024x690.jpg 1024w, https:\/\/www.travelgeekery.com\/wp-content\/uploads\/2018\/03\/Tara-River-Canyon-as-viewed-from-&#272;ur&#273;evic&#769;a-Tara-Bridge-Montenegro-960x647.jpg 960w\" sizes=\"auto, (max-width: 760px) calc(100vw - 40px), 720px\" data-pin-media=\"https:\/\/www.travelgeekery.com\/wp-content\/uploads\/2018\/03\/Tara-River-Canyon-as-viewed-from-&#272;ur&#273;evic&#769;a-Tara-Bridge-Montenegro.jpg\" data-mvt-skip=\"srcset\" id=\"mv-trellis-img-14\" data-trellis-processed=\"1\"><p id=\"caption-attachment-5896\" class=\"wp-caption-text\">V&yacute;hled do ka&#328;onu &#345;eky Tara, jej&iacute;&#382; barva vody se m&#283;n&iacute; od zemit&eacute; hn&#283;d&eacute; po kr&aacute;snou tyrkysovou.<\/p><\/div>\n<h4><span class=\"ez-toc-section\" id=\"Vyhlidka_Curevac\"><\/span>Vyhl&iacute;dka &#262;urevac<span class=\"ez-toc-section-end\"><\/span><\/h4>\n<p>Nejlep&scaron;&iacute; v&yacute;hled na nejhlub&scaron;&iacute; &#269;&aacute;st Tary se v&aacute;m naskytne, kdy&#382; vylezete na kopec &#262;urevac. Nahoru je to jen p&aacute;r minut p&#283;&scaron;ky, <a href=\"http:\/\/www.tkqlhce.com\/click-7628673-12583597\" target=\"_blank\" rel=\"nofollow noopener noreferrer\">pokud tedy m&aacute;te auto<\/a> a jste schopn&iacute; zaparkovat p&#345;&iacute;mo pod kopcem.<\/p>\n<div id=\"attachment_5948\" style=\"width: 1040px\" class=\"wp-caption alignnone\"><noscript><img loading=\"lazy\" decoding=\"async\" aria-describedby=\"caption-attachment-5948\" class=\"size-full wp-image-5949\" src=\"https:\/\/www.travelgeekery.com\/wp-content\/uploads\/2018\/03\/Curevac-viewpoint-of-Tara-Canyon-Durmitor-Mountains-Montenegro-1.jpg\" alt=\"Curevac viewpoint with the view of Tara River Canyon, Durmitor Mountains, Montenegro\" width=\"1030\" height=\"694\" srcset=\"https:\/\/www.travelgeekery.com\/wp-content\/uploads\/2018\/03\/Curevac-viewpoint-of-Tara-Canyon-Durmitor-Mountains-Montenegro-1.jpg 1030w, https:\/\/www.travelgeekery.com\/wp-content\/uploads\/2018\/03\/Curevac-viewpoint-of-Tara-Canyon-Durmitor-Mountains-Montenegro-1-768x517.jpg 768w, https:\/\/www.travelgeekery.com\/wp-content\/uploads\/2018\/03\/Curevac-viewpoint-of-Tara-Canyon-Durmitor-Mountains-Montenegro-1-837x564.jpg 837w, https:\/\/www.travelgeekery.com\/wp-content\/uploads\/2018\/03\/Curevac-viewpoint-of-Tara-Canyon-Durmitor-Mountains-Montenegro-1-667x449.jpg 667w, https:\/\/www.travelgeekery.com\/wp-content\/uploads\/2018\/03\/Curevac-viewpoint-of-Tara-Canyon-Durmitor-Mountains-Montenegro-1-1024x690.jpg 1024w, https:\/\/www.travelgeekery.com\/wp-content\/uploads\/2018\/03\/Curevac-viewpoint-of-Tara-Canyon-Durmitor-Mountains-Montenegro-1-960x647.jpg 960w\" sizes=\"auto, (max-width: 760px) calc(100vw - 40px), 720px\" data-pin-media=\"https:\/\/www.travelgeekery.com\/wp-content\/uploads\/2018\/03\/Curevac-viewpoint-of-Tara-Canyon-Durmitor-Mountains-Montenegro-1.jpg\"><\/noscript><img loading=\"lazy\" decoding=\"async\" aria-describedby=\"caption-attachment-5948\" class=\"size-full wp-image-5949 lazyload\" src=\"https:\/\/www.travelgeekery.com\/wp-content\/uploads\/2018\/03\/Curevac-viewpoint-of-Tara-Canyon-Durmitor-Mountains-Montenegro-1.jpg.webp\" alt=\"Curevac viewpoint with the view of Tara River Canyon, Durmitor Mountains, Montenegro\" width=\"1030\" height=\"694\" srcset=\"https:\/\/www.travelgeekery.com\/wp-content\/uploads\/2018\/03\/Curevac-viewpoint-of-Tara-Canyon-Durmitor-Mountains-Montenegro-1.jpg.webp 1030w, https:\/\/www.travelgeekery.com\/wp-content\/uploads\/2018\/03\/Curevac-viewpoint-of-Tara-Canyon-Durmitor-Mountains-Montenegro-1-768x517.jpg.webp 768w, https:\/\/www.travelgeekery.com\/wp-content\/uploads\/2018\/03\/Curevac-viewpoint-of-Tara-Canyon-Durmitor-Mountains-Montenegro-1-837x564.jpg.webp 837w, https:\/\/www.travelgeekery.com\/wp-content\/uploads\/2018\/03\/Curevac-viewpoint-of-Tara-Canyon-Durmitor-Mountains-Montenegro-1-667x449.jpg.webp 667w, https:\/\/www.travelgeekery.com\/wp-content\/uploads\/2018\/03\/Curevac-viewpoint-of-Tara-Canyon-Durmitor-Mountains-Montenegro-1-1024x690.jpg.webp 1024w, https:\/\/www.travelgeekery.com\/wp-content\/uploads\/2018\/03\/Curevac-viewpoint-of-Tara-Canyon-Durmitor-Mountains-Montenegro-1-960x647.jpg.webp 960w\" sizes=\"auto, (max-width: 760px) calc(100vw - 40px), 720px\" data-pin-media=\"https:\/\/www.travelgeekery.com\/wp-content\/uploads\/2018\/03\/Curevac-viewpoint-of-Tara-Canyon-Durmitor-Mountains-Montenegro-1.jpg\" id=\"mv-trellis-img-15\" data-trellis-processed=\"1\"><p id=\"caption-attachment-5948\" class=\"wp-caption-text\">Dal&scaron;&iacute; n&aacute;dhern&yacute; v&yacute;hled na hlubok&yacute; ka&#328;on &ndash; z vyhl&iacute;dky Curevac!<\/p><\/div>\n<h3><span class=\"ez-toc-section\" id=\"Prakticka_cast_%E2%80%93_Ubytovani\"><\/span>Praktick&aacute; &#269;&aacute;st &ndash; Ubytov&aacute;n&iacute;<span class=\"ez-toc-section-end\"><\/span><\/h3>\n<p>Pro objevov&aacute;n&iacute; Durmitoru si jako z&aacute;kladnu vyberte m&#283;sto &#381;abljak nebo jeho okol&iacute;. My jsme rozbili stany v&nbsp;kempu <a href=\"https:\/\/tripadvisor.tp.st\/4MQpt20w\" target=\"_blank\" rel=\"nofollow noopener noreferrer\">Mlinski Potok<\/a>&nbsp;a&nbsp;p&aacute;r lid&iacute; se uch&yacute;lilo do chatek. Kemp zab&iacute;r&aacute; hezk&yacute; pl&aacute;cek na mal&eacute; louce. Vyl&eacute;zt brzo r&aacute;no ze stanu a kochat se horami osv&iacute;cen&yacute;mi rann&iacute;m sluncem&hellip; to je prost&#283; k&nbsp;nezaplacen&iacute;.<\/p>\n<p>Ale nab&iacute;zej&iacute; se i priv&aacute;tn&#283;j&scaron;&iacute; mo&#382;nosti, dokonce i s&nbsp;v&#283;t&scaron;&iacute; &scaron;anc&iacute; na tepl&eacute; sprchy. Pod&iacute;vejte se na <a href=\"http:\/\/www.booking.com\/searchresults.html?city=-101437&amp;aid=1208200&amp;no_rooms=1&amp;group_adults=1&amp;label=Montenegro\" target=\"_blank\" rel=\"nofollow noopener noreferrer\">nab&iacute;dku r&#367;zn&yacute;ch ubytov&aacute;n&iacute; v &#381;abljaku<\/a>.<\/p>\n<p style=\"text-align: center;\"><a style=\"display: inline-block; padding: 6px 12px; border: 0; border-radius: 6px; font-weight: bold; letter-spacing: 0.0625em; background: #465e94; color: #fff; text-decoration: none;\" href=\"http:\/\/www.booking.com\/searchresults.html?city=-101437&amp;aid=1208200&amp;no_rooms=1&amp;group_adults=1&amp;label=Montenegro\" target=\"_blank\" rel=\"nofollow noopener noreferrer\">Klikn&#283;te sem pro p&#345;ehled ubytov&aacute;n&iacute; na str&aacute;nk&aacute;ch BOOKING.COM<\/a><\/p>\n<div id=\"attachment_5888\" style=\"width: 1040px\" class=\"wp-caption alignnone\"><noscript><img loading=\"lazy\" decoding=\"async\" aria-describedby=\"caption-attachment-5888\" class=\"size-full wp-image-5889\" src=\"https:\/\/www.travelgeekery.com\/wp-content\/uploads\/2018\/03\/Mlinski-Potok-Zabljak-Durmitor-Montenegro.jpg\" alt=\"Mlinski Potok Campsite near Zabljak Montenegro\" width=\"1030\" height=\"694\" srcset=\"https:\/\/www.travelgeekery.com\/wp-content\/uploads\/2018\/03\/Mlinski-Potok-Zabljak-Durmitor-Montenegro.jpg 1030w, https:\/\/www.travelgeekery.com\/wp-content\/uploads\/2018\/03\/Mlinski-Potok-Zabljak-Durmitor-Montenegro-768x517.jpg 768w, https:\/\/www.travelgeekery.com\/wp-content\/uploads\/2018\/03\/Mlinski-Potok-Zabljak-Durmitor-Montenegro-837x564.jpg 837w, https:\/\/www.travelgeekery.com\/wp-content\/uploads\/2018\/03\/Mlinski-Potok-Zabljak-Durmitor-Montenegro-667x449.jpg 667w, https:\/\/www.travelgeekery.com\/wp-content\/uploads\/2018\/03\/Mlinski-Potok-Zabljak-Durmitor-Montenegro-1024x690.jpg 1024w, https:\/\/www.travelgeekery.com\/wp-content\/uploads\/2018\/03\/Mlinski-Potok-Zabljak-Durmitor-Montenegro-960x647.jpg 960w\" sizes=\"auto, (max-width: 760px) calc(100vw - 40px), 720px\" data-pin-media=\"https:\/\/www.travelgeekery.com\/wp-content\/uploads\/2018\/03\/Mlinski-Potok-Zabljak-Durmitor-Montenegro.jpg\"><\/noscript><img loading=\"lazy\" decoding=\"async\" aria-describedby=\"caption-attachment-5888\" class=\"size-full wp-image-5889 lazyload\" src=\"https:\/\/www.travelgeekery.com\/wp-content\/uploads\/2018\/03\/Mlinski-Potok-Zabljak-Durmitor-Montenegro.jpg.webp\" alt=\"Mlinski Potok Campsite near Zabljak Montenegro\" width=\"1030\" height=\"694\" srcset=\"https:\/\/www.travelgeekery.com\/wp-content\/uploads\/2018\/03\/Mlinski-Potok-Zabljak-Durmitor-Montenegro.jpg.webp 1030w, https:\/\/www.travelgeekery.com\/wp-content\/uploads\/2018\/03\/Mlinski-Potok-Zabljak-Durmitor-Montenegro-768x517.jpg.webp 768w, https:\/\/www.travelgeekery.com\/wp-content\/uploads\/2018\/03\/Mlinski-Potok-Zabljak-Durmitor-Montenegro-837x564.jpg.webp 837w, https:\/\/www.travelgeekery.com\/wp-content\/uploads\/2018\/03\/Mlinski-Potok-Zabljak-Durmitor-Montenegro-667x449.jpg.webp 667w, https:\/\/www.travelgeekery.com\/wp-content\/uploads\/2018\/03\/Mlinski-Potok-Zabljak-Durmitor-Montenegro-1024x690.jpg.webp 1024w, https:\/\/www.travelgeekery.com\/wp-content\/uploads\/2018\/03\/Mlinski-Potok-Zabljak-Durmitor-Montenegro-960x647.jpg.webp 960w\" sizes=\"auto, (max-width: 760px) calc(100vw - 40px), 720px\" data-pin-media=\"https:\/\/www.travelgeekery.com\/wp-content\/uploads\/2018\/03\/Mlinski-Potok-Zabljak-Durmitor-Montenegro.jpg\" id=\"mv-trellis-img-16\" data-trellis-processed=\"1\"><p id=\"caption-attachment-5888\" class=\"wp-caption-text\">V&yacute;hled z m&eacute;ho stanu v kempu Mlinski Potok.<\/p><\/div>\n<h2><span class=\"ez-toc-section\" id=\"Narodni_park_Biogradska_Gora_Pohori_Bjelasica\"><\/span>N&aacute;rodn&iacute; park Biogradska Gora &amp; Poho&#345;&iacute; Bjelasica<span class=\"ez-toc-section-end\"><\/span><\/h2>\n<h3><span class=\"ez-toc-section\" id=\"Biogradsko_jezero\"><\/span>Biogradsko jezero<span class=\"ez-toc-section-end\"><\/span><\/h3>\n<p>Hlavn&iacute; l&aacute;kadlo n&aacute;rodn&iacute;ho parku Biogradska Gora le&#382;&iacute; p&#345;&iacute;mo v&nbsp;jeho srdci &ndash; Biogradsko jezero neboli B&#283;lehradsk&eacute; jezero. Poho&#345;&iacute; Bjelasica, na kter&eacute;m jezero le&#382;&iacute;, je sope&#269;n&eacute;ho p&#367;vodu. M&#367;&#382;ete tu naj&iacute;t jeden z&nbsp;nejv&#283;t&scaron;&iacute;ch p&#367;vodn&iacute;ch evropsk&yacute;ch prales&#367;. Nen&iacute; se tedy &#269;emu divit, &#382;e je m&iacute;stn&iacute; n&aacute;rodn&iacute; park ofici&aacute;ln&#283; nejstar&scaron;&iacute;m v&nbsp;&#268;ern&eacute; Ho&#345;e. Tohle &uacute;zem&iacute; je chr&aacute;n&#283;n&eacute; u&#382; od r. 1952.<\/p>\n<p>Biogradsko jezero je vlastn&#283; jedn&iacute;m z&nbsp;mnoha ledovcov&yacute;ch jezer v&nbsp;oblasti. Le&#382;&iacute; v&nbsp;&uacute;rovni 1 094 m. Je ze v&scaron;ech m&iacute;stn&iacute;ch jezer nejv&#283;t&scaron;&iacute; a vlastn&#283; asi i nejhez&#269;&iacute;. Kolem jezera vede nau&#269;n&aacute; stezka, kterou zvl&aacute;dnete za hodinku.<\/p>\n<p>Jezero je hezky &#269;ist&eacute;, i kdy&#382; (pro citliv&eacute; jedince) docela studen&eacute;. Pokud tu v&scaron;ak stanujete, budete do jezera stejn&#283; muset sko&#269;it &ndash; sprchy tu toti&#382; nevedou.<\/p>\n<div id=\"attachment_5898\" style=\"width: 1040px\" class=\"wp-caption alignnone\"><noscript><img loading=\"lazy\" decoding=\"async\" aria-describedby=\"caption-attachment-5898\" class=\"size-full wp-image-5899\" src=\"https:\/\/www.travelgeekery.com\/wp-content\/uploads\/2018\/03\/Biogradsko-Jezero-Beograd-Lake-as-seen-from-the-path.jpg\" alt=\"Biogradsko Jezero or Beograd Lake in the National Park of the same name, Montenegro\" width=\"1030\" height=\"694\" srcset=\"https:\/\/www.travelgeekery.com\/wp-content\/uploads\/2018\/03\/Biogradsko-Jezero-Beograd-Lake-as-seen-from-the-path.jpg 1030w, https:\/\/www.travelgeekery.com\/wp-content\/uploads\/2018\/03\/Biogradsko-Jezero-Beograd-Lake-as-seen-from-the-path-768x517.jpg 768w, https:\/\/www.travelgeekery.com\/wp-content\/uploads\/2018\/03\/Biogradsko-Jezero-Beograd-Lake-as-seen-from-the-path-837x564.jpg 837w, https:\/\/www.travelgeekery.com\/wp-content\/uploads\/2018\/03\/Biogradsko-Jezero-Beograd-Lake-as-seen-from-the-path-667x449.jpg 667w, https:\/\/www.travelgeekery.com\/wp-content\/uploads\/2018\/03\/Biogradsko-Jezero-Beograd-Lake-as-seen-from-the-path-1024x690.jpg 1024w, https:\/\/www.travelgeekery.com\/wp-content\/uploads\/2018\/03\/Biogradsko-Jezero-Beograd-Lake-as-seen-from-the-path-960x647.jpg 960w\" sizes=\"auto, (max-width: 760px) calc(100vw - 40px), 720px\" data-pin-media=\"https:\/\/www.travelgeekery.com\/wp-content\/uploads\/2018\/03\/Biogradsko-Jezero-Beograd-Lake-as-seen-from-the-path.jpg\"><\/noscript><img loading=\"lazy\" decoding=\"async\" aria-describedby=\"caption-attachment-5898\" class=\"size-full wp-image-5899 lazyload\" src=\"https:\/\/www.travelgeekery.com\/wp-content\/uploads\/2018\/03\/Biogradsko-Jezero-Beograd-Lake-as-seen-from-the-path.jpg.webp\" alt=\"Biogradsko Jezero or Beograd Lake in the National Park of the same name, Montenegro\" width=\"1030\" height=\"694\" srcset=\"https:\/\/www.travelgeekery.com\/wp-content\/uploads\/2018\/03\/Biogradsko-Jezero-Beograd-Lake-as-seen-from-the-path.jpg.webp 1030w, https:\/\/www.travelgeekery.com\/wp-content\/uploads\/2018\/03\/Biogradsko-Jezero-Beograd-Lake-as-seen-from-the-path-768x517.jpg.webp 768w, https:\/\/www.travelgeekery.com\/wp-content\/uploads\/2018\/03\/Biogradsko-Jezero-Beograd-Lake-as-seen-from-the-path-837x564.jpg.webp 837w, https:\/\/www.travelgeekery.com\/wp-content\/uploads\/2018\/03\/Biogradsko-Jezero-Beograd-Lake-as-seen-from-the-path-667x449.jpg.webp 667w, https:\/\/www.travelgeekery.com\/wp-content\/uploads\/2018\/03\/Biogradsko-Jezero-Beograd-Lake-as-seen-from-the-path-1024x690.jpg.webp 1024w, https:\/\/www.travelgeekery.com\/wp-content\/uploads\/2018\/03\/Biogradsko-Jezero-Beograd-Lake-as-seen-from-the-path-960x647.jpg.webp 960w\" sizes=\"auto, (max-width: 760px) calc(100vw - 40px), 720px\" data-pin-media=\"https:\/\/www.travelgeekery.com\/wp-content\/uploads\/2018\/03\/Biogradsko-Jezero-Beograd-Lake-as-seen-from-the-path.jpg\" id=\"mv-trellis-img-17\" data-trellis-processed=\"1\"><p id=\"caption-attachment-5898\" class=\"wp-caption-text\">Klidn&eacute; B&#283;lehradsk&eacute; jezero&hellip;<\/p><\/div>\n<div id=\"attachment_5900\" style=\"width: 1040px\" class=\"wp-caption alignnone\"><noscript><img loading=\"lazy\" decoding=\"async\" aria-describedby=\"caption-attachment-5900\" class=\"size-full wp-image-5901\" src=\"https:\/\/www.travelgeekery.com\/wp-content\/uploads\/2018\/03\/Biogradsko-Jezero-Lake-and-National-Park-Montenegro.jpg\" alt=\"Biogradsko Jezero National Park with the central point: the Beograd Lake\" width=\"1030\" height=\"694\" srcset=\"https:\/\/www.travelgeekery.com\/wp-content\/uploads\/2018\/03\/Biogradsko-Jezero-Lake-and-National-Park-Montenegro.jpg 1030w, https:\/\/www.travelgeekery.com\/wp-content\/uploads\/2018\/03\/Biogradsko-Jezero-Lake-and-National-Park-Montenegro-768x517.jpg 768w, https:\/\/www.travelgeekery.com\/wp-content\/uploads\/2018\/03\/Biogradsko-Jezero-Lake-and-National-Park-Montenegro-837x564.jpg 837w, https:\/\/www.travelgeekery.com\/wp-content\/uploads\/2018\/03\/Biogradsko-Jezero-Lake-and-National-Park-Montenegro-667x449.jpg 667w, https:\/\/www.travelgeekery.com\/wp-content\/uploads\/2018\/03\/Biogradsko-Jezero-Lake-and-National-Park-Montenegro-1024x690.jpg 1024w, https:\/\/www.travelgeekery.com\/wp-content\/uploads\/2018\/03\/Biogradsko-Jezero-Lake-and-National-Park-Montenegro-960x647.jpg 960w\" sizes=\"auto, (max-width: 760px) calc(100vw - 40px), 720px\" data-pin-media=\"https:\/\/www.travelgeekery.com\/wp-content\/uploads\/2018\/03\/Biogradsko-Jezero-Lake-and-National-Park-Montenegro.jpg\"><\/noscript><img loading=\"lazy\" decoding=\"async\" aria-describedby=\"caption-attachment-5900\" class=\"size-full wp-image-5901 lazyload\" src=\"https:\/\/www.travelgeekery.com\/wp-content\/uploads\/2018\/03\/Biogradsko-Jezero-Lake-and-National-Park-Montenegro.jpg.webp\" alt=\"Biogradsko Jezero National Park with the central point: the Beograd Lake\" width=\"1030\" height=\"694\" srcset=\"https:\/\/www.travelgeekery.com\/wp-content\/uploads\/2018\/03\/Biogradsko-Jezero-Lake-and-National-Park-Montenegro.jpg.webp 1030w, https:\/\/www.travelgeekery.com\/wp-content\/uploads\/2018\/03\/Biogradsko-Jezero-Lake-and-National-Park-Montenegro-768x517.jpg.webp 768w, https:\/\/www.travelgeekery.com\/wp-content\/uploads\/2018\/03\/Biogradsko-Jezero-Lake-and-National-Park-Montenegro-837x564.jpg.webp 837w, https:\/\/www.travelgeekery.com\/wp-content\/uploads\/2018\/03\/Biogradsko-Jezero-Lake-and-National-Park-Montenegro-667x449.jpg.webp 667w, https:\/\/www.travelgeekery.com\/wp-content\/uploads\/2018\/03\/Biogradsko-Jezero-Lake-and-National-Park-Montenegro-1024x690.jpg.webp 1024w, https:\/\/www.travelgeekery.com\/wp-content\/uploads\/2018\/03\/Biogradsko-Jezero-Lake-and-National-Park-Montenegro-960x647.jpg.webp 960w\" sizes=\"auto, (max-width: 760px) calc(100vw - 40px), 720px\" data-pin-media=\"https:\/\/www.travelgeekery.com\/wp-content\/uploads\/2018\/03\/Biogradsko-Jezero-Lake-and-National-Park-Montenegro.jpg\" id=\"mv-trellis-img-18\" data-trellis-processed=\"1\"><p id=\"caption-attachment-5900\" class=\"wp-caption-text\">P&#345;ekr&aacute;sn&eacute; Biogradsko Jezero v rann&iacute;m oparu<\/p><\/div>\n<h3><span class=\"ez-toc-section\" id=\"Dalsi_tury_poznavani_mistni_kultury\"><\/span>Dal&scaron;&iacute; t&uacute;ry &amp; pozn&aacute;v&aacute;n&iacute; m&iacute;stn&iacute; kultury<span class=\"ez-toc-section-end\"><\/span><\/h3>\n<p>Pro v&#283;t&scaron;&iacute; t&uacute;ry se vydejte na okraj n&aacute;rodn&iacute;ho parku Biogradska Gora nebo &uacute;pln&#283; ven z&nbsp;n&#283;j, po&#345;&aacute;d ale v&nbsp;hor&aacute;ch Bjelasica. Ur&#269;it&#283; byste nem&#283;li vynechat zast&aacute;vku v&nbsp;m&iacute;stn&iacute;ch sala&scaron;&iacute;ch. Nab&iacute;zej&iacute; ubytov&aacute;n&iacute;, ale hlavn&#283; zde va&#345;&iacute; m&iacute;stn&iacute; speciality, p&#283;kn&#283; poctiv&#283; a podom&aacute;cku. M&#367;&#382;ete d&aacute;t odpo&#269;inout unaven&yacute;m noh&aacute;m s&nbsp;plechovkou vychlazen&eacute;ho piva v&nbsp;ruce, zat&iacute;mco se bude p&#345;ipravovat v&aacute;&scaron; &uacute;&#382;asn&yacute; (a syt&yacute;) &#269;ernohorsk&yacute; ob&#283;d. To v&scaron;e pat&#345;&iacute; k&nbsp;z&aacute;&#382;itku. :)<\/p>\n<p>My jsme se v&nbsp;jednom z&nbsp;t&#283;chto katun&#367;, jak se jim tu &#345;&iacute;k&aacute;, zastavili po cest&#283; za vy&scaron;&scaron;&iacute;mi vrcholy a taky po cest&#283; zp&#283;t. :) V&nbsp;m&iacute;stech, kter&yacute;mi jsme proch&aacute;zeli, konkr&eacute;tn&#283; oblast Dolovi, se nach&aacute;zej&iacute; tyto dva skv&#283;l&eacute; katuny:<\/p>\n<ul>\n<li><strong><a href=\"http:\/\/www.booking.com\/hotel\/me\/eko-kamp-bendovac.html?aid=1208200&amp;no_rooms=1&amp;group_adults=1&amp;label=Montenegro\" target=\"_blank\" rel=\"nofollow noopener noreferrer\">Katun Dolovi Lalevica (Kamp Janketic)<\/a><\/strong> &ndash; doporu&#269;uju pro j&iacute;dlo! A span&iacute;, pokud tu chcete p&#345;enocovat.<\/li>\n<li><strong><a href=\"http:\/\/www.booking.com\/hotel\/me\/etno-selo-koliba-damjanovica.html?aid=1208200&amp;no_rooms=1&amp;group_adults=1&amp;label=Montenegro\" target=\"_blank\" rel=\"nofollow noopener noreferrer\">Damjanovi&#263;a Kolibe<\/a><\/strong> &ndash;&nbsp;ide&aacute;ln&iacute; pro odpo&#269;inek a n&#283;jak&eacute; to vychlazen&eacute; pit&iacute;. J&iacute;dlo tu maj&iacute; taky dobr&eacute;, ale v&nbsp;prvn&iacute;m katunu se zd&aacute;lo b&yacute;t lep&scaron;&iacute;.<\/li>\n<\/ul>\n<p>V okol&iacute; se nach&aacute;z&iacute; taky n&#283;kolik vyhl&iacute;dek. Zkuste zaj&iacute;t t&#345;eba na vyhl&iacute;dku Bendovac, kter&aacute; je zhruba 2-3 hodiny ch&#367;ze od B&#283;lehradsk&eacute;ho jezera.<\/p>\n<p>Objevovat &#269;&aacute;sti poho&#345;&iacute; Bjelasica se nab&iacute;z&iacute;, kdy&#382; si chcete odpo&#269;inou mezi t&#283;&#382;&scaron;&iacute;mi t&uacute;rami ve vy&scaron;&scaron;&iacute;ch hor&aacute;ch Durmitoru &#269;i Komovi.<\/p>\n<div id=\"attachment_5902\" style=\"width: 1040px\" class=\"wp-caption alignnone\"><noscript><img loading=\"lazy\" decoding=\"async\" aria-describedby=\"caption-attachment-5902\" class=\"size-full wp-image-5903\" src=\"https:\/\/www.travelgeekery.com\/wp-content\/uploads\/2018\/03\/Montenegro-flag-on-top-of-Bendovac-viewpoint-Montenegro.jpg\" alt=\"Montenegro flag on top of Bendovac viewpoint, Bjelasica Mountains, Montenegro\" width=\"1030\" height=\"694\" srcset=\"https:\/\/www.travelgeekery.com\/wp-content\/uploads\/2018\/03\/Montenegro-flag-on-top-of-Bendovac-viewpoint-Montenegro.jpg 1030w, https:\/\/www.travelgeekery.com\/wp-content\/uploads\/2018\/03\/Montenegro-flag-on-top-of-Bendovac-viewpoint-Montenegro-768x517.jpg 768w, https:\/\/www.travelgeekery.com\/wp-content\/uploads\/2018\/03\/Montenegro-flag-on-top-of-Bendovac-viewpoint-Montenegro-837x564.jpg 837w, https:\/\/www.travelgeekery.com\/wp-content\/uploads\/2018\/03\/Montenegro-flag-on-top-of-Bendovac-viewpoint-Montenegro-667x449.jpg 667w, https:\/\/www.travelgeekery.com\/wp-content\/uploads\/2018\/03\/Montenegro-flag-on-top-of-Bendovac-viewpoint-Montenegro-1024x690.jpg 1024w, https:\/\/www.travelgeekery.com\/wp-content\/uploads\/2018\/03\/Montenegro-flag-on-top-of-Bendovac-viewpoint-Montenegro-960x647.jpg 960w\" sizes=\"auto, (max-width: 760px) calc(100vw - 40px), 720px\" data-pin-media=\"https:\/\/www.travelgeekery.com\/wp-content\/uploads\/2018\/03\/Montenegro-flag-on-top-of-Bendovac-viewpoint-Montenegro.jpg\"><\/noscript><img loading=\"lazy\" decoding=\"async\" aria-describedby=\"caption-attachment-5902\" class=\"size-full wp-image-5903 lazyload\" src=\"https:\/\/www.travelgeekery.com\/wp-content\/uploads\/2018\/03\/Montenegro-flag-on-top-of-Bendovac-viewpoint-Montenegro.jpg.webp\" alt=\"Montenegro flag on top of Bendovac viewpoint, Bjelasica Mountains, Montenegro\" width=\"1030\" height=\"694\" srcset=\"https:\/\/www.travelgeekery.com\/wp-content\/uploads\/2018\/03\/Montenegro-flag-on-top-of-Bendovac-viewpoint-Montenegro.jpg.webp 1030w, https:\/\/www.travelgeekery.com\/wp-content\/uploads\/2018\/03\/Montenegro-flag-on-top-of-Bendovac-viewpoint-Montenegro-768x517.jpg.webp 768w, https:\/\/www.travelgeekery.com\/wp-content\/uploads\/2018\/03\/Montenegro-flag-on-top-of-Bendovac-viewpoint-Montenegro-837x564.jpg.webp 837w, https:\/\/www.travelgeekery.com\/wp-content\/uploads\/2018\/03\/Montenegro-flag-on-top-of-Bendovac-viewpoint-Montenegro-667x449.jpg.webp 667w, https:\/\/www.travelgeekery.com\/wp-content\/uploads\/2018\/03\/Montenegro-flag-on-top-of-Bendovac-viewpoint-Montenegro-1024x690.jpg.webp 1024w, https:\/\/www.travelgeekery.com\/wp-content\/uploads\/2018\/03\/Montenegro-flag-on-top-of-Bendovac-viewpoint-Montenegro-960x647.jpg.webp 960w\" sizes=\"auto, (max-width: 760px) calc(100vw - 40px), 720px\" data-pin-media=\"https:\/\/www.travelgeekery.com\/wp-content\/uploads\/2018\/03\/Montenegro-flag-on-top-of-Bendovac-viewpoint-Montenegro.jpg\" id=\"mv-trellis-img-19\" data-trellis-processed=\"1\"><p id=\"caption-attachment-5902\" class=\"wp-caption-text\">Vlajka &#268;ern&eacute; Hory pl&aacute;polaj&iacute;c&iacute; na vyhl&iacute;dce Bendovac<\/p><\/div>\n<div id=\"attachment_5904\" style=\"width: 1040px\" class=\"wp-caption alignnone\"><noscript><img loading=\"lazy\" decoding=\"async\" aria-describedby=\"caption-attachment-5904\" class=\"size-full wp-image-5905\" src=\"https:\/\/www.travelgeekery.com\/wp-content\/uploads\/2018\/03\/Views-from-Bendovac-viewpoint-Bjelasica-Mountains-Montenegro-Crna-Gora.jpg\" alt=\"Views from Bendovac viewpoint in Bjelasica Mountains, Montenegro\" width=\"1030\" height=\"694\" srcset=\"https:\/\/www.travelgeekery.com\/wp-content\/uploads\/2018\/03\/Views-from-Bendovac-viewpoint-Bjelasica-Mountains-Montenegro-Crna-Gora.jpg 1030w, https:\/\/www.travelgeekery.com\/wp-content\/uploads\/2018\/03\/Views-from-Bendovac-viewpoint-Bjelasica-Mountains-Montenegro-Crna-Gora-768x517.jpg 768w, https:\/\/www.travelgeekery.com\/wp-content\/uploads\/2018\/03\/Views-from-Bendovac-viewpoint-Bjelasica-Mountains-Montenegro-Crna-Gora-837x564.jpg 837w, https:\/\/www.travelgeekery.com\/wp-content\/uploads\/2018\/03\/Views-from-Bendovac-viewpoint-Bjelasica-Mountains-Montenegro-Crna-Gora-667x449.jpg 667w, https:\/\/www.travelgeekery.com\/wp-content\/uploads\/2018\/03\/Views-from-Bendovac-viewpoint-Bjelasica-Mountains-Montenegro-Crna-Gora-1024x690.jpg 1024w, https:\/\/www.travelgeekery.com\/wp-content\/uploads\/2018\/03\/Views-from-Bendovac-viewpoint-Bjelasica-Mountains-Montenegro-Crna-Gora-960x647.jpg 960w\" sizes=\"auto, (max-width: 760px) calc(100vw - 40px), 720px\" data-pin-media=\"https:\/\/www.travelgeekery.com\/wp-content\/uploads\/2018\/03\/Views-from-Bendovac-viewpoint-Bjelasica-Mountains-Montenegro-Crna-Gora.jpg\"><\/noscript><img loading=\"lazy\" decoding=\"async\" aria-describedby=\"caption-attachment-5904\" class=\"size-full wp-image-5905 lazyload\" src=\"https:\/\/www.travelgeekery.com\/wp-content\/uploads\/2018\/03\/Views-from-Bendovac-viewpoint-Bjelasica-Mountains-Montenegro-Crna-Gora.jpg.webp\" alt=\"Views from Bendovac viewpoint in Bjelasica Mountains, Montenegro\" width=\"1030\" height=\"694\" srcset=\"https:\/\/www.travelgeekery.com\/wp-content\/uploads\/2018\/03\/Views-from-Bendovac-viewpoint-Bjelasica-Mountains-Montenegro-Crna-Gora.jpg.webp 1030w, https:\/\/www.travelgeekery.com\/wp-content\/uploads\/2018\/03\/Views-from-Bendovac-viewpoint-Bjelasica-Mountains-Montenegro-Crna-Gora-768x517.jpg.webp 768w, https:\/\/www.travelgeekery.com\/wp-content\/uploads\/2018\/03\/Views-from-Bendovac-viewpoint-Bjelasica-Mountains-Montenegro-Crna-Gora-837x564.jpg.webp 837w, https:\/\/www.travelgeekery.com\/wp-content\/uploads\/2018\/03\/Views-from-Bendovac-viewpoint-Bjelasica-Mountains-Montenegro-Crna-Gora-667x449.jpg.webp 667w, https:\/\/www.travelgeekery.com\/wp-content\/uploads\/2018\/03\/Views-from-Bendovac-viewpoint-Bjelasica-Mountains-Montenegro-Crna-Gora-1024x690.jpg.webp 1024w, https:\/\/www.travelgeekery.com\/wp-content\/uploads\/2018\/03\/Views-from-Bendovac-viewpoint-Bjelasica-Mountains-Montenegro-Crna-Gora-960x647.jpg.webp 960w\" sizes=\"auto, (max-width: 760px) calc(100vw - 40px), 720px\" data-pin-media=\"https:\/\/www.travelgeekery.com\/wp-content\/uploads\/2018\/03\/Views-from-Bendovac-viewpoint-Bjelasica-Mountains-Montenegro-Crna-Gora.jpg\" id=\"mv-trellis-img-20\" data-trellis-processed=\"1\"><p id=\"caption-attachment-5904\" class=\"wp-caption-text\">V&yacute;hledy z Bendovac.. jezero nesm&iacute; chyb&#283;t!<\/p><\/div>\n<h3><span class=\"ez-toc-section\" id=\"Prakticka_cast_%E2%80%93_Ubytovani-2\"><\/span>Praktick&aacute; &#269;&aacute;st &ndash; Ubytov&aacute;n&iacute;<span class=\"ez-toc-section-end\"><\/span><\/h3>\n<p>M&#367;&#382;ete bydlet p&#345;&iacute;mo u jezera! Tedy pokud v&aacute;m nevad&iacute; postavit si stan v&nbsp;listnat&eacute;m les&iacute;ku. V&nbsp;m&iacute;stn&iacute;m kempu maj&iacute; v&scaron;ak i p&aacute;r chati&#269;ek. Mrkn&#283;te na tento <a href=\"http:\/\/www.discover-montenegro.com\/biogradska-gora\/\" target=\"_blank\" rel=\"noopener noreferrer\">p&#345;ehled ofici&aacute;ln&iacute;ho ubytov&aacute;n&iacute;<\/a>&nbsp;(anglicky).<\/p>\n<div id=\"attachment_5944\" style=\"width: 1040px\" class=\"wp-caption alignnone\"><noscript><img loading=\"lazy\" decoding=\"async\" aria-describedby=\"caption-attachment-5944\" class=\"size-full wp-image-5945\" src=\"https:\/\/www.travelgeekery.com\/wp-content\/uploads\/2018\/03\/My-little-tent-by-the-Biogradsko-Jezero-Montenegro.jpg\" alt=\"Camping by the Beograd Lake in the National Park, Montenegro\" width=\"1030\" height=\"694\" srcset=\"https:\/\/www.travelgeekery.com\/wp-content\/uploads\/2018\/03\/My-little-tent-by-the-Biogradsko-Jezero-Montenegro.jpg 1030w, https:\/\/www.travelgeekery.com\/wp-content\/uploads\/2018\/03\/My-little-tent-by-the-Biogradsko-Jezero-Montenegro-768x517.jpg 768w, https:\/\/www.travelgeekery.com\/wp-content\/uploads\/2018\/03\/My-little-tent-by-the-Biogradsko-Jezero-Montenegro-837x564.jpg 837w, https:\/\/www.travelgeekery.com\/wp-content\/uploads\/2018\/03\/My-little-tent-by-the-Biogradsko-Jezero-Montenegro-667x449.jpg 667w, https:\/\/www.travelgeekery.com\/wp-content\/uploads\/2018\/03\/My-little-tent-by-the-Biogradsko-Jezero-Montenegro-1024x690.jpg 1024w, https:\/\/www.travelgeekery.com\/wp-content\/uploads\/2018\/03\/My-little-tent-by-the-Biogradsko-Jezero-Montenegro-960x647.jpg 960w\" sizes=\"auto, (max-width: 760px) calc(100vw - 40px), 720px\" data-pin-media=\"https:\/\/www.travelgeekery.com\/wp-content\/uploads\/2018\/03\/My-little-tent-by-the-Biogradsko-Jezero-Montenegro.jpg\"><\/noscript><img loading=\"lazy\" decoding=\"async\" aria-describedby=\"caption-attachment-5944\" class=\"size-full wp-image-5945 lazyload\" src=\"https:\/\/www.travelgeekery.com\/wp-content\/uploads\/2018\/03\/My-little-tent-by-the-Biogradsko-Jezero-Montenegro.jpg.webp\" alt=\"Camping by the Beograd Lake in the National Park, Montenegro\" width=\"1030\" height=\"694\" srcset=\"https:\/\/www.travelgeekery.com\/wp-content\/uploads\/2018\/03\/My-little-tent-by-the-Biogradsko-Jezero-Montenegro.jpg.webp 1030w, https:\/\/www.travelgeekery.com\/wp-content\/uploads\/2018\/03\/My-little-tent-by-the-Biogradsko-Jezero-Montenegro-768x517.jpg.webp 768w, https:\/\/www.travelgeekery.com\/wp-content\/uploads\/2018\/03\/My-little-tent-by-the-Biogradsko-Jezero-Montenegro-837x564.jpg.webp 837w, https:\/\/www.travelgeekery.com\/wp-content\/uploads\/2018\/03\/My-little-tent-by-the-Biogradsko-Jezero-Montenegro-667x449.jpg.webp 667w, https:\/\/www.travelgeekery.com\/wp-content\/uploads\/2018\/03\/My-little-tent-by-the-Biogradsko-Jezero-Montenegro-1024x690.jpg.webp 1024w, https:\/\/www.travelgeekery.com\/wp-content\/uploads\/2018\/03\/My-little-tent-by-the-Biogradsko-Jezero-Montenegro-960x647.jpg.webp 960w\" sizes=\"auto, (max-width: 760px) calc(100vw - 40px), 720px\" data-pin-media=\"https:\/\/www.travelgeekery.com\/wp-content\/uploads\/2018\/03\/My-little-tent-by-the-Biogradsko-Jezero-Montenegro.jpg\" id=\"mv-trellis-img-21\" data-trellis-processed=\"1\"><p id=\"caption-attachment-5944\" class=\"wp-caption-text\">M&#367;j mal&yacute; stan v listnat&eacute;m lese u B&#283;lehradsk&eacute;ho jezera<\/p><\/div>\n<p>A samoz&#345;ejm&#283; je tu je&scaron;t&#283; mo&#382;nost p&#345;enocovat v&nbsp;katunu:<\/p>\n<div id=\"attachment_5950\" style=\"width: 310px\" class=\"wp-caption alignleft\"><a href=\"http:\/\/www.booking.com\/hotel\/me\/eko-kamp-bendovac.html?aid=1208200&amp;no_rooms=1&amp;group_adults=1&amp;label=Montenegro\" target=\"_blank\" rel=\"nofollow noopener noreferrer\"><noscript><img loading=\"lazy\" decoding=\"async\" aria-describedby=\"caption-attachment-5950\" class=\"size-medium wp-image-5951\" src=\"https:\/\/www.travelgeekery.com\/wp-content\/uploads\/2018\/03\/Katun-Dolovi-Lalevica-Kamp-Janketic-Bjelasica-Mountains-Montenegro-300x300.jpg\" alt=\"Cute little houses of Katun Dolovi a.k.a. Kam Janketic in Bjelasica Mountains near Biogradsko Jezero NP Montenegro\" width=\"300\" height=\"300\" srcset=\"https:\/\/www.travelgeekery.com\/wp-content\/uploads\/2018\/03\/Katun-Dolovi-Lalevica-Kamp-Janketic-Bjelasica-Mountains-Montenegro-300x300.jpg 300w, https:\/\/www.travelgeekery.com\/wp-content\/uploads\/2018\/03\/Katun-Dolovi-Lalevica-Kamp-Janketic-Bjelasica-Mountains-Montenegro-150x150.jpg 150w, https:\/\/www.travelgeekery.com\/wp-content\/uploads\/2018\/03\/Katun-Dolovi-Lalevica-Kamp-Janketic-Bjelasica-Mountains-Montenegro-600x600.jpg 600w\" sizes=\"auto, (max-width: 760px) calc(100vw - 40px), 720px\" data-pin-media=\"https:\/\/www.travelgeekery.com\/wp-content\/uploads\/2018\/03\/Katun-Dolovi-Lalevica-Kamp-Janketic-Bjelasica-Mountains-Montenegro.jpg\"><\/noscript><img loading=\"lazy\" decoding=\"async\" aria-describedby=\"caption-attachment-5950\" class=\"size-medium wp-image-5951 lazyload\" src=\"https:\/\/www.travelgeekery.com\/wp-content\/uploads\/2018\/03\/Katun-Dolovi-Lalevica-Kamp-Janketic-Bjelasica-Mountains-Montenegro-300x300.jpg.webp\" alt=\"Cute little houses of Katun Dolovi a.k.a. Kam Janketic in Bjelasica Mountains near Biogradsko Jezero NP Montenegro\" width=\"300\" height=\"300\" srcset=\"https:\/\/www.travelgeekery.com\/wp-content\/uploads\/2018\/03\/Katun-Dolovi-Lalevica-Kamp-Janketic-Bjelasica-Mountains-Montenegro-300x300.jpg.webp 300w, https:\/\/www.travelgeekery.com\/wp-content\/uploads\/2018\/03\/Katun-Dolovi-Lalevica-Kamp-Janketic-Bjelasica-Mountains-Montenegro-150x150.jpg.webp 150w, https:\/\/www.travelgeekery.com\/wp-content\/uploads\/2018\/03\/Katun-Dolovi-Lalevica-Kamp-Janketic-Bjelasica-Mountains-Montenegro-600x600.jpg.webp 600w\" sizes=\"auto, (max-width: 760px) calc(100vw - 40px), 720px\" data-pin-media=\"https:\/\/www.travelgeekery.com\/wp-content\/uploads\/2018\/03\/Katun-Dolovi-Lalevica-Kamp-Janketic-Bjelasica-Mountains-Montenegro.jpg\" id=\"mv-trellis-img-22\" data-trellis-processed=\"1\"><\/a><p id=\"caption-attachment-5950\" class=\"wp-caption-text\"><a href=\"http:\/\/www.booking.com\/hotel\/me\/eko-kamp-bendovac.html?aid=1208200&amp;no_rooms=1&amp;group_adults=1&amp;label=Montenegro\" target=\"_blank\" rel=\"nofollow noopener noreferrer\"><strong>Katun Dolovi (alias Kamp Janketic)<\/strong><\/a><\/p><\/div>\n<div id=\"attachment_5942\" style=\"width: 310px\" class=\"wp-caption alignleft\"><a href=\"https:\/\/www.booking.com\/hotel\/me\/etno-selo-koliba-damjanovica.html?aid=1208200&amp;no_rooms=1&amp;group_adults=1&amp;label=Montenegro\" target=\"_blank\" rel=\"nofollow noopener noreferrer\"><noscript><img loading=\"lazy\" decoding=\"async\" aria-describedby=\"caption-attachment-5942\" class=\"size-medium wp-image-5943\" src=\"https:\/\/www.travelgeekery.com\/wp-content\/uploads\/2018\/03\/Damjanovica-Kolibe-Bjelasica-Mountain-Range-Montenegro-300x300.jpg\" alt=\"Damjanovica Kolibe in Bjelasica Mountains near Biogradsko Jezero NP Montenegro\" width=\"300\" height=\"300\" srcset=\"https:\/\/www.travelgeekery.com\/wp-content\/uploads\/2018\/03\/Damjanovica-Kolibe-Bjelasica-Mountain-Range-Montenegro-300x300.jpg 300w, https:\/\/www.travelgeekery.com\/wp-content\/uploads\/2018\/03\/Damjanovica-Kolibe-Bjelasica-Mountain-Range-Montenegro-150x150.jpg 150w, https:\/\/www.travelgeekery.com\/wp-content\/uploads\/2018\/03\/Damjanovica-Kolibe-Bjelasica-Mountain-Range-Montenegro-600x600.jpg 600w\" sizes=\"auto, (max-width: 760px) calc(100vw - 40px), 720px\" data-pin-media=\"https:\/\/www.travelgeekery.com\/wp-content\/uploads\/2018\/03\/Damjanovica-Kolibe-Bjelasica-Mountain-Range-Montenegro.jpg\"><\/noscript><img loading=\"lazy\" decoding=\"async\" aria-describedby=\"caption-attachment-5942\" class=\"size-medium wp-image-5943 lazyload\" src=\"https:\/\/www.travelgeekery.com\/wp-content\/uploads\/2018\/03\/Damjanovica-Kolibe-Bjelasica-Mountain-Range-Montenegro-300x300.jpg.webp\" alt=\"Damjanovica Kolibe in Bjelasica Mountains near Biogradsko Jezero NP Montenegro\" width=\"300\" height=\"300\" srcset=\"https:\/\/www.travelgeekery.com\/wp-content\/uploads\/2018\/03\/Damjanovica-Kolibe-Bjelasica-Mountain-Range-Montenegro-300x300.jpg.webp 300w, https:\/\/www.travelgeekery.com\/wp-content\/uploads\/2018\/03\/Damjanovica-Kolibe-Bjelasica-Mountain-Range-Montenegro-150x150.jpg.webp 150w, https:\/\/www.travelgeekery.com\/wp-content\/uploads\/2018\/03\/Damjanovica-Kolibe-Bjelasica-Mountain-Range-Montenegro-600x600.jpg.webp 600w\" sizes=\"auto, (max-width: 760px) calc(100vw - 40px), 720px\" data-pin-media=\"https:\/\/www.travelgeekery.com\/wp-content\/uploads\/2018\/03\/Damjanovica-Kolibe-Bjelasica-Mountain-Range-Montenegro.jpg\" id=\"mv-trellis-img-23\" data-trellis-processed=\"1\"><\/a><p id=\"caption-attachment-5942\" class=\"wp-caption-text\"><a href=\"https:\/\/www.booking.com\/hotel\/me\/etno-selo-koliba-damjanovica.html?aid=1208200&amp;no_rooms=1&amp;group_adults=1&amp;label=Montenegro\" target=\"_blank\" rel=\"nofollow noopener noreferrer\"><strong>Dal&scaron;&iacute; hezk&yacute; katun: Damjanovica Kolibe<\/strong><\/a><\/p><\/div>\n<p>V oblasti se d&aacute; tak&eacute; ubytovat v hezk&eacute; eko vesni&#269;ce <a href=\"http:\/\/www.booking.com\/hotel\/me\/eco-village-goles.html?aid=1208200&amp;no_rooms=1&amp;group_adults=1&amp;label=Montenegro\" target=\"_blank\" rel=\"nofollow noopener noreferrer\"><strong>Eco Village Goles<\/strong><\/a>. Tuhle jsem sice na vlastn&iacute; o&#269;i nevid&#283;la, ale na fotk&aacute;ch vypad&aacute; skv&#283;le!<\/p>\n<h2><span class=\"ez-toc-section\" id=\"Hory_Komovi\"><\/span>Hory Komovi<span class=\"ez-toc-section-end\"><\/span><\/h2>\n<p>Bl&iacute;zko hranic s&nbsp;Alb&aacute;ni&iacute; le&#382;&iacute; poho&#345;&iacute; Komovi se sv&yacute;mi dramatick&yacute;mi hol&yacute;mi vrcholy. Krom&#283; toho, na kter&yacute; jsme vylezli, je jich tu je&scaron;t&#283; 5 dal&scaron;&iacute;ch, kter&eacute; sahaj&iacute; do v&yacute;&scaron;ky nad 2 000 m. Nejvy&scaron;&scaron;&iacute; je Kucki Kom (2 487 m), pak n&aacute;sleduje Ljevorijecki Kom (2 469 m). T&#345;et&iacute; nejvy&scaron;&scaron;&iacute; horou Komovi je:<\/p>\n<h3><span class=\"ez-toc-section\" id=\"Kom_Vasojevickij_2_461_m\"><\/span>Kom Vasojevi&#269;kij: 2 461 m<span class=\"ez-toc-section-end\"><\/span><\/h3>\n<p>Dal&scaron;&iacute; neskute&#269;n&aacute; t&uacute;ra na vrchol sv&#283;ta. Alespo&#328; tak mi to p&#345;ipadalo. <a href=\"https:\/\/www.summitpost.org\/komovi\/153972\" target=\"_blank\" rel=\"noopener noreferrer\">Poho&#345;&iacute; Komovi<\/a> vypad&aacute; jinak ne&#382; Durmitor. Neum&iacute;m to asi ani po&#345;&aacute;dn&#283; popsat, ale v&nbsp;Komovi je m&eacute;n&#283; strom&#367; a krajina se tak zd&aacute; b&yacute;t v&iacute;ce hol&aacute;.<\/p>\n<p>&Scaron;li jsme p&#345;es planinu &Scaron;tavna (p&#345;&iacute;mo pod n&iacute; jsme bydleli) a pak u&#382; n&aacute;sledoval trek na vrchol. V&#283;t&scaron;inu &#269;asu tu vlastn&#283; dokola obch&aacute;z&iacute;te vrchol, dokud se neocitnete &uacute;pln&#283; naho&#345;e. Vid&#283;li jsme i dva odv&aacute;&#382;livce, kte&#345;&iacute; se sna&#382;ili vrcholu dos&aacute;hnout nap&#345;&iacute;mo po nezna&#269;en&eacute; cest&#283;, ale brzy to vzdali.<\/p>\n<div id=\"attachment_5910\" style=\"width: 1040px\" class=\"wp-caption alignnone\"><noscript><img loading=\"lazy\" decoding=\"async\" aria-describedby=\"caption-attachment-5910\" class=\"size-full wp-image-5911\" src=\"https:\/\/www.travelgeekery.com\/wp-content\/uploads\/2018\/03\/Kom-Vasojevickij-hiding-in-fog.jpg\" alt=\"Kom Vasojevickij hiding under the fog, Montenegro\" width=\"1030\" height=\"694\" srcset=\"https:\/\/www.travelgeekery.com\/wp-content\/uploads\/2018\/03\/Kom-Vasojevickij-hiding-in-fog.jpg 1030w, https:\/\/www.travelgeekery.com\/wp-content\/uploads\/2018\/03\/Kom-Vasojevickij-hiding-in-fog-768x517.jpg 768w, https:\/\/www.travelgeekery.com\/wp-content\/uploads\/2018\/03\/Kom-Vasojevickij-hiding-in-fog-837x564.jpg 837w, https:\/\/www.travelgeekery.com\/wp-content\/uploads\/2018\/03\/Kom-Vasojevickij-hiding-in-fog-667x449.jpg 667w, https:\/\/www.travelgeekery.com\/wp-content\/uploads\/2018\/03\/Kom-Vasojevickij-hiding-in-fog-1024x690.jpg 1024w, https:\/\/www.travelgeekery.com\/wp-content\/uploads\/2018\/03\/Kom-Vasojevickij-hiding-in-fog-960x647.jpg 960w\" sizes=\"auto, (max-width: 760px) calc(100vw - 40px), 720px\" data-pin-media=\"https:\/\/www.travelgeekery.com\/wp-content\/uploads\/2018\/03\/Kom-Vasojevickij-hiding-in-fog.jpg\"><\/noscript><img loading=\"lazy\" decoding=\"async\" aria-describedby=\"caption-attachment-5910\" class=\"size-full wp-image-5911 lazyload\" src=\"https:\/\/www.travelgeekery.com\/wp-content\/uploads\/2018\/03\/Kom-Vasojevickij-hiding-in-fog.jpg.webp\" alt=\"Kom Vasojevickij hiding under the fog, Montenegro\" width=\"1030\" height=\"694\" srcset=\"https:\/\/www.travelgeekery.com\/wp-content\/uploads\/2018\/03\/Kom-Vasojevickij-hiding-in-fog.jpg.webp 1030w, https:\/\/www.travelgeekery.com\/wp-content\/uploads\/2018\/03\/Kom-Vasojevickij-hiding-in-fog-768x517.jpg.webp 768w, https:\/\/www.travelgeekery.com\/wp-content\/uploads\/2018\/03\/Kom-Vasojevickij-hiding-in-fog-837x564.jpg.webp 837w, https:\/\/www.travelgeekery.com\/wp-content\/uploads\/2018\/03\/Kom-Vasojevickij-hiding-in-fog-667x449.jpg.webp 667w, https:\/\/www.travelgeekery.com\/wp-content\/uploads\/2018\/03\/Kom-Vasojevickij-hiding-in-fog-1024x690.jpg.webp 1024w, https:\/\/www.travelgeekery.com\/wp-content\/uploads\/2018\/03\/Kom-Vasojevickij-hiding-in-fog-960x647.jpg.webp 960w\" sizes=\"auto, (max-width: 760px) calc(100vw - 40px), 720px\" data-pin-media=\"https:\/\/www.travelgeekery.com\/wp-content\/uploads\/2018\/03\/Kom-Vasojevickij-hiding-in-fog.jpg\" id=\"mv-trellis-img-24\" data-trellis-processed=\"1\"><p id=\"caption-attachment-5910\" class=\"wp-caption-text\">N&aacute;&scaron; c&iacute;l v&yacute;letu, Kom Vasojevickij, se skr&yacute;v&aacute; pod hustou rann&iacute; mlhou.<\/p><\/div>\n<div id=\"attachment_5906\" style=\"width: 1040px\" class=\"wp-caption alignnone\"><noscript><img loading=\"lazy\" decoding=\"async\" aria-describedby=\"caption-attachment-5906\" class=\"size-full wp-image-5907\" src=\"https:\/\/www.travelgeekery.com\/wp-content\/uploads\/2018\/03\/Break-in-a-saddle-of-Kom-Vasojevickij-Komovi-Mountains-Montenegro.jpg\" alt=\"A lower peak of Kom Vasojevickij, Komovi Mountains, Montenegro\" width=\"1030\" height=\"694\" srcset=\"https:\/\/www.travelgeekery.com\/wp-content\/uploads\/2018\/03\/Break-in-a-saddle-of-Kom-Vasojevickij-Komovi-Mountains-Montenegro.jpg 1030w, https:\/\/www.travelgeekery.com\/wp-content\/uploads\/2018\/03\/Break-in-a-saddle-of-Kom-Vasojevickij-Komovi-Mountains-Montenegro-768x517.jpg 768w, https:\/\/www.travelgeekery.com\/wp-content\/uploads\/2018\/03\/Break-in-a-saddle-of-Kom-Vasojevickij-Komovi-Mountains-Montenegro-837x564.jpg 837w, https:\/\/www.travelgeekery.com\/wp-content\/uploads\/2018\/03\/Break-in-a-saddle-of-Kom-Vasojevickij-Komovi-Mountains-Montenegro-667x449.jpg 667w, https:\/\/www.travelgeekery.com\/wp-content\/uploads\/2018\/03\/Break-in-a-saddle-of-Kom-Vasojevickij-Komovi-Mountains-Montenegro-1024x690.jpg 1024w, https:\/\/www.travelgeekery.com\/wp-content\/uploads\/2018\/03\/Break-in-a-saddle-of-Kom-Vasojevickij-Komovi-Mountains-Montenegro-960x647.jpg 960w\" sizes=\"auto, (max-width: 760px) calc(100vw - 40px), 720px\" data-pin-media=\"https:\/\/www.travelgeekery.com\/wp-content\/uploads\/2018\/03\/Break-in-a-saddle-of-Kom-Vasojevickij-Komovi-Mountains-Montenegro.jpg\"><\/noscript><img loading=\"lazy\" decoding=\"async\" aria-describedby=\"caption-attachment-5906\" class=\"size-full wp-image-5907 lazyload\" src=\"https:\/\/www.travelgeekery.com\/wp-content\/uploads\/2018\/03\/Break-in-a-saddle-of-Kom-Vasojevickij-Komovi-Mountains-Montenegro.jpg.webp\" alt=\"A lower peak of Kom Vasojevickij, Komovi Mountains, Montenegro\" width=\"1030\" height=\"694\" srcset=\"https:\/\/www.travelgeekery.com\/wp-content\/uploads\/2018\/03\/Break-in-a-saddle-of-Kom-Vasojevickij-Komovi-Mountains-Montenegro.jpg.webp 1030w, https:\/\/www.travelgeekery.com\/wp-content\/uploads\/2018\/03\/Break-in-a-saddle-of-Kom-Vasojevickij-Komovi-Mountains-Montenegro-768x517.jpg.webp 768w, https:\/\/www.travelgeekery.com\/wp-content\/uploads\/2018\/03\/Break-in-a-saddle-of-Kom-Vasojevickij-Komovi-Mountains-Montenegro-837x564.jpg.webp 837w, https:\/\/www.travelgeekery.com\/wp-content\/uploads\/2018\/03\/Break-in-a-saddle-of-Kom-Vasojevickij-Komovi-Mountains-Montenegro-667x449.jpg.webp 667w, https:\/\/www.travelgeekery.com\/wp-content\/uploads\/2018\/03\/Break-in-a-saddle-of-Kom-Vasojevickij-Komovi-Mountains-Montenegro-1024x690.jpg.webp 1024w, https:\/\/www.travelgeekery.com\/wp-content\/uploads\/2018\/03\/Break-in-a-saddle-of-Kom-Vasojevickij-Komovi-Mountains-Montenegro-960x647.jpg.webp 960w\" sizes=\"auto, (max-width: 760px) calc(100vw - 40px), 720px\" data-pin-media=\"https:\/\/www.travelgeekery.com\/wp-content\/uploads\/2018\/03\/Break-in-a-saddle-of-Kom-Vasojevickij-Komovi-Mountains-Montenegro.jpg\" id=\"mv-trellis-img-25\" data-trellis-processed=\"1\"><p id=\"caption-attachment-5906\" class=\"wp-caption-text\">Zast&aacute;vka v sedle p&#345;ed z&aacute;v&#283;&#345;e&#269;n&yacute;m v&yacute;stupem na Kom Vasojevickij<\/p><\/div>\n<div id=\"attachment_5908\" style=\"width: 1040px\" class=\"wp-caption alignnone\"><noscript><img loading=\"lazy\" decoding=\"async\" aria-describedby=\"caption-attachment-5908\" class=\"size-full wp-image-5909\" src=\"https:\/\/www.travelgeekery.com\/wp-content\/uploads\/2018\/03\/Heading-to-the-top-of-Kom-Vasojevickij-in-Komovi-Montenegro.jpg\" alt=\"Heading to the top of Kom Vasojevickij, Komovi Mountain Range, Montenegro\" width=\"1030\" height=\"694\" srcset=\"https:\/\/www.travelgeekery.com\/wp-content\/uploads\/2018\/03\/Heading-to-the-top-of-Kom-Vasojevickij-in-Komovi-Montenegro.jpg 1030w, https:\/\/www.travelgeekery.com\/wp-content\/uploads\/2018\/03\/Heading-to-the-top-of-Kom-Vasojevickij-in-Komovi-Montenegro-768x517.jpg 768w, https:\/\/www.travelgeekery.com\/wp-content\/uploads\/2018\/03\/Heading-to-the-top-of-Kom-Vasojevickij-in-Komovi-Montenegro-837x564.jpg 837w, https:\/\/www.travelgeekery.com\/wp-content\/uploads\/2018\/03\/Heading-to-the-top-of-Kom-Vasojevickij-in-Komovi-Montenegro-667x449.jpg 667w, https:\/\/www.travelgeekery.com\/wp-content\/uploads\/2018\/03\/Heading-to-the-top-of-Kom-Vasojevickij-in-Komovi-Montenegro-1024x690.jpg 1024w, https:\/\/www.travelgeekery.com\/wp-content\/uploads\/2018\/03\/Heading-to-the-top-of-Kom-Vasojevickij-in-Komovi-Montenegro-960x647.jpg 960w\" sizes=\"auto, (max-width: 760px) calc(100vw - 40px), 720px\" data-pin-media=\"https:\/\/www.travelgeekery.com\/wp-content\/uploads\/2018\/03\/Heading-to-the-top-of-Kom-Vasojevickij-in-Komovi-Montenegro.jpg\"><\/noscript><img loading=\"lazy\" decoding=\"async\" aria-describedby=\"caption-attachment-5908\" class=\"size-full wp-image-5909 lazyload\" src=\"https:\/\/www.travelgeekery.com\/wp-content\/uploads\/2018\/03\/Heading-to-the-top-of-Kom-Vasojevickij-in-Komovi-Montenegro.jpg.webp\" alt=\"Heading to the top of Kom Vasojevickij, Komovi Mountain Range, Montenegro\" width=\"1030\" height=\"694\" srcset=\"https:\/\/www.travelgeekery.com\/wp-content\/uploads\/2018\/03\/Heading-to-the-top-of-Kom-Vasojevickij-in-Komovi-Montenegro.jpg.webp 1030w, https:\/\/www.travelgeekery.com\/wp-content\/uploads\/2018\/03\/Heading-to-the-top-of-Kom-Vasojevickij-in-Komovi-Montenegro-768x517.jpg.webp 768w, https:\/\/www.travelgeekery.com\/wp-content\/uploads\/2018\/03\/Heading-to-the-top-of-Kom-Vasojevickij-in-Komovi-Montenegro-837x564.jpg.webp 837w, https:\/\/www.travelgeekery.com\/wp-content\/uploads\/2018\/03\/Heading-to-the-top-of-Kom-Vasojevickij-in-Komovi-Montenegro-667x449.jpg.webp 667w, https:\/\/www.travelgeekery.com\/wp-content\/uploads\/2018\/03\/Heading-to-the-top-of-Kom-Vasojevickij-in-Komovi-Montenegro-1024x690.jpg.webp 1024w, https:\/\/www.travelgeekery.com\/wp-content\/uploads\/2018\/03\/Heading-to-the-top-of-Kom-Vasojevickij-in-Komovi-Montenegro-960x647.jpg.webp 960w\" sizes=\"auto, (max-width: 760px) calc(100vw - 40px), 720px\" data-pin-media=\"https:\/\/www.travelgeekery.com\/wp-content\/uploads\/2018\/03\/Heading-to-the-top-of-Kom-Vasojevickij-in-Komovi-Montenegro.jpg\" id=\"mv-trellis-img-26\" data-trellis-processed=\"1\"><p id=\"caption-attachment-5908\" class=\"wp-caption-text\">U&#382; tam skoro jsme! Vrchol je v dohledu.<\/p><\/div>\n<div id=\"attachment_5914\" style=\"width: 1040px\" class=\"wp-caption alignnone\"><noscript><img loading=\"lazy\" decoding=\"async\" aria-describedby=\"caption-attachment-5914\" class=\"size-full wp-image-5915\" src=\"https:\/\/www.travelgeekery.com\/wp-content\/uploads\/2018\/03\/Made-it-to-the-peak-of-Kom-Vasojevickij-Montenegro-Komovi.jpg\" alt=\"Veronika of TravelGeekery on the top of Kom Vasojevickij, Montenegro\" width=\"1030\" height=\"694\" srcset=\"https:\/\/www.travelgeekery.com\/wp-content\/uploads\/2018\/03\/Made-it-to-the-peak-of-Kom-Vasojevickij-Montenegro-Komovi.jpg 1030w, https:\/\/www.travelgeekery.com\/wp-content\/uploads\/2018\/03\/Made-it-to-the-peak-of-Kom-Vasojevickij-Montenegro-Komovi-768x517.jpg 768w, https:\/\/www.travelgeekery.com\/wp-content\/uploads\/2018\/03\/Made-it-to-the-peak-of-Kom-Vasojevickij-Montenegro-Komovi-837x564.jpg 837w, https:\/\/www.travelgeekery.com\/wp-content\/uploads\/2018\/03\/Made-it-to-the-peak-of-Kom-Vasojevickij-Montenegro-Komovi-667x449.jpg 667w, https:\/\/www.travelgeekery.com\/wp-content\/uploads\/2018\/03\/Made-it-to-the-peak-of-Kom-Vasojevickij-Montenegro-Komovi-1024x690.jpg 1024w, https:\/\/www.travelgeekery.com\/wp-content\/uploads\/2018\/03\/Made-it-to-the-peak-of-Kom-Vasojevickij-Montenegro-Komovi-960x647.jpg 960w\" sizes=\"auto, (max-width: 760px) calc(100vw - 40px), 720px\" data-pin-media=\"https:\/\/www.travelgeekery.com\/wp-content\/uploads\/2018\/03\/Made-it-to-the-peak-of-Kom-Vasojevickij-Montenegro-Komovi.jpg\"><\/noscript><img loading=\"lazy\" decoding=\"async\" aria-describedby=\"caption-attachment-5914\" class=\"size-full wp-image-5915 lazyload\" src=\"https:\/\/www.travelgeekery.com\/wp-content\/uploads\/2018\/03\/Made-it-to-the-peak-of-Kom-Vasojevickij-Montenegro-Komovi.jpg.webp\" alt=\"Veronika of TravelGeekery on the top of Kom Vasojevickij, Montenegro\" width=\"1030\" height=\"694\" srcset=\"https:\/\/www.travelgeekery.com\/wp-content\/uploads\/2018\/03\/Made-it-to-the-peak-of-Kom-Vasojevickij-Montenegro-Komovi.jpg.webp 1030w, https:\/\/www.travelgeekery.com\/wp-content\/uploads\/2018\/03\/Made-it-to-the-peak-of-Kom-Vasojevickij-Montenegro-Komovi-768x517.jpg.webp 768w, https:\/\/www.travelgeekery.com\/wp-content\/uploads\/2018\/03\/Made-it-to-the-peak-of-Kom-Vasojevickij-Montenegro-Komovi-837x564.jpg.webp 837w, https:\/\/www.travelgeekery.com\/wp-content\/uploads\/2018\/03\/Made-it-to-the-peak-of-Kom-Vasojevickij-Montenegro-Komovi-667x449.jpg.webp 667w, https:\/\/www.travelgeekery.com\/wp-content\/uploads\/2018\/03\/Made-it-to-the-peak-of-Kom-Vasojevickij-Montenegro-Komovi-1024x690.jpg.webp 1024w, https:\/\/www.travelgeekery.com\/wp-content\/uploads\/2018\/03\/Made-it-to-the-peak-of-Kom-Vasojevickij-Montenegro-Komovi-960x647.jpg.webp 960w\" sizes=\"auto, (max-width: 760px) calc(100vw - 40px), 720px\" data-pin-media=\"https:\/\/www.travelgeekery.com\/wp-content\/uploads\/2018\/03\/Made-it-to-the-peak-of-Kom-Vasojevickij-Montenegro-Komovi.jpg\" id=\"mv-trellis-img-27\" data-trellis-processed=\"1\"><p id=\"caption-attachment-5914\" class=\"wp-caption-text\">Povedlo se! I nalepit samolepku TravelGeekery :))<\/p><\/div>\n<div id=\"attachment_5918\" style=\"width: 1040px\" class=\"wp-caption alignnone\"><noscript><img loading=\"lazy\" decoding=\"async\" aria-describedby=\"caption-attachment-5918\" class=\"size-full wp-image-5919\" src=\"https:\/\/www.travelgeekery.com\/wp-content\/uploads\/2018\/03\/Views-from-the-top-of-Kom-Vasojevickij-Komovi-Montenegro.jpg\" alt=\"Breathtaking views from the top of Kom Vasojevickij, Komovi, Montenegro\" width=\"1030\" height=\"694\" srcset=\"https:\/\/www.travelgeekery.com\/wp-content\/uploads\/2018\/03\/Views-from-the-top-of-Kom-Vasojevickij-Komovi-Montenegro.jpg 1030w, https:\/\/www.travelgeekery.com\/wp-content\/uploads\/2018\/03\/Views-from-the-top-of-Kom-Vasojevickij-Komovi-Montenegro-768x517.jpg 768w, https:\/\/www.travelgeekery.com\/wp-content\/uploads\/2018\/03\/Views-from-the-top-of-Kom-Vasojevickij-Komovi-Montenegro-837x564.jpg 837w, https:\/\/www.travelgeekery.com\/wp-content\/uploads\/2018\/03\/Views-from-the-top-of-Kom-Vasojevickij-Komovi-Montenegro-667x449.jpg 667w, https:\/\/www.travelgeekery.com\/wp-content\/uploads\/2018\/03\/Views-from-the-top-of-Kom-Vasojevickij-Komovi-Montenegro-1024x690.jpg 1024w, https:\/\/www.travelgeekery.com\/wp-content\/uploads\/2018\/03\/Views-from-the-top-of-Kom-Vasojevickij-Komovi-Montenegro-960x647.jpg 960w\" sizes=\"auto, (max-width: 760px) calc(100vw - 40px), 720px\" data-pin-media=\"https:\/\/www.travelgeekery.com\/wp-content\/uploads\/2018\/03\/Views-from-the-top-of-Kom-Vasojevickij-Komovi-Montenegro.jpg\"><\/noscript><img loading=\"lazy\" decoding=\"async\" aria-describedby=\"caption-attachment-5918\" class=\"size-full wp-image-5919 lazyload\" src=\"https:\/\/www.travelgeekery.com\/wp-content\/uploads\/2018\/03\/Views-from-the-top-of-Kom-Vasojevickij-Komovi-Montenegro.jpg.webp\" alt=\"Breathtaking views from the top of Kom Vasojevickij, Komovi, Montenegro\" width=\"1030\" height=\"694\" srcset=\"https:\/\/www.travelgeekery.com\/wp-content\/uploads\/2018\/03\/Views-from-the-top-of-Kom-Vasojevickij-Komovi-Montenegro.jpg.webp 1030w, https:\/\/www.travelgeekery.com\/wp-content\/uploads\/2018\/03\/Views-from-the-top-of-Kom-Vasojevickij-Komovi-Montenegro-768x517.jpg.webp 768w, https:\/\/www.travelgeekery.com\/wp-content\/uploads\/2018\/03\/Views-from-the-top-of-Kom-Vasojevickij-Komovi-Montenegro-837x564.jpg.webp 837w, https:\/\/www.travelgeekery.com\/wp-content\/uploads\/2018\/03\/Views-from-the-top-of-Kom-Vasojevickij-Komovi-Montenegro-667x449.jpg.webp 667w, https:\/\/www.travelgeekery.com\/wp-content\/uploads\/2018\/03\/Views-from-the-top-of-Kom-Vasojevickij-Komovi-Montenegro-1024x690.jpg.webp 1024w, https:\/\/www.travelgeekery.com\/wp-content\/uploads\/2018\/03\/Views-from-the-top-of-Kom-Vasojevickij-Komovi-Montenegro-960x647.jpg.webp 960w\" sizes=\"auto, (max-width: 760px) calc(100vw - 40px), 720px\" data-pin-media=\"https:\/\/www.travelgeekery.com\/wp-content\/uploads\/2018\/03\/Views-from-the-top-of-Kom-Vasojevickij-Komovi-Montenegro.jpg\" id=\"mv-trellis-img-28\" data-trellis-processed=\"1\"><p id=\"caption-attachment-5918\" class=\"wp-caption-text\">Dechberouc&iacute; v&yacute;hledy z vrcholu Komu Vasojevickij<\/p><\/div>\n<h3><span class=\"ez-toc-section\" id=\"Prakticka_cast_Ubytovani\"><\/span>Praktick&aacute; &#269;&aacute;st: Ubytov&aacute;n&iacute;<span class=\"ez-toc-section-end\"><\/span><\/h3>\n<p>Nejl&eacute;pe ud&#283;l&aacute;te, kdy&#382; p&#345;enocujete v&nbsp;m&iacute;stn&iacute; eko vesni&#269;ce s&nbsp;mal&yacute;mi chatkami p&#345;&iacute;mo pod planinou &Scaron;tavna.<\/p>\n<h4><span class=\"ez-toc-section\" id=\"Ethno_Village_Stavna_Eko_Katun_Stavna\"><\/span><a href=\"https:\/\/www.booking.com\/hotel\/me\/eko-katun-stavna-andrijevica.html?aid=1208200&amp;no_rooms=1&amp;group_adults=1&amp;label=Montenegro\" target=\"_blank\" rel=\"nofollow noopener noreferrer\">Ethno Village &Scaron;tavna \/ Eko Katun &Scaron;tavna<\/a><span class=\"ez-toc-section-end\"><\/span><\/h4>\n<p>Z&#367;sta&#328;te p&aacute;r noc&iacute; v&nbsp;jedn&eacute; z&nbsp;mal&yacute;ch chati&#269;ek hned u &uacute;pat&iacute; hory. Maj&iacute; tu v&scaron;echno, co byste mohli pot&#345;ebovat, a k&nbsp;tomu je&scaron;t&#283; i skv&#283;lou restauraci, kde va&#345;&iacute; m&iacute;stn&iacute; delikatesy. Nejen &#382;e se nach&aacute;z&iacute; p&#345;&iacute;mo v&nbsp;p&#345;&iacute;rod&#283; a obklopuj&iacute; ji majest&aacute;tn&iacute; hory, ale tato vesni&#269;ka byla dokonce postavena jako jedna z&nbsp;prvn&iacute;ch vla&scaron;tovek eko turismu v&nbsp;regionu.<\/p>\n<p style=\"text-align: center;\"><a style=\"display: inline-block; padding: 6px 12px; border: 0; border-radius: 6px; font-weight: bold; letter-spacing: 0.0625em; background: #465e94; color: #fff; text-decoration: none;\" href=\"https:\/\/www.booking.com\/hotel\/me\/eko-katun-stavna-andrijevica.html?aid=1208200&amp;no_rooms=1&amp;group_adults=1&amp;label=Montenegro\" target=\"_blank\" rel=\"nofollow noopener noreferrer\">Klikn&#283;te sem pro aktu&aacute;ln&iacute; ceny na BOOKING.COM<\/a><\/p>\n<p>&nbsp;<\/p>\n<div id=\"attachment_5922\" style=\"width: 1040px\" class=\"wp-caption alignnone\"><noscript><img loading=\"lazy\" decoding=\"async\" aria-describedby=\"caption-attachment-5922\" class=\"size-full wp-image-5923\" src=\"https:\/\/www.travelgeekery.com\/wp-content\/uploads\/2018\/03\/Montenegro-horse-in-Komovi-Mountains-1.jpg\" alt=\"Meeting a horse on the way through Stavna Plateau\" width=\"1030\" height=\"694\" srcset=\"https:\/\/www.travelgeekery.com\/wp-content\/uploads\/2018\/03\/Montenegro-horse-in-Komovi-Mountains-1.jpg 1030w, https:\/\/www.travelgeekery.com\/wp-content\/uploads\/2018\/03\/Montenegro-horse-in-Komovi-Mountains-1-768x517.jpg 768w, https:\/\/www.travelgeekery.com\/wp-content\/uploads\/2018\/03\/Montenegro-horse-in-Komovi-Mountains-1-837x564.jpg 837w, https:\/\/www.travelgeekery.com\/wp-content\/uploads\/2018\/03\/Montenegro-horse-in-Komovi-Mountains-1-667x449.jpg 667w, https:\/\/www.travelgeekery.com\/wp-content\/uploads\/2018\/03\/Montenegro-horse-in-Komovi-Mountains-1-1024x690.jpg 1024w, https:\/\/www.travelgeekery.com\/wp-content\/uploads\/2018\/03\/Montenegro-horse-in-Komovi-Mountains-1-960x647.jpg 960w\" sizes=\"auto, (max-width: 760px) calc(100vw - 40px), 720px\" data-pin-media=\"https:\/\/www.travelgeekery.com\/wp-content\/uploads\/2018\/03\/Montenegro-horse-in-Komovi-Mountains-1.jpg\"><\/noscript><img loading=\"lazy\" decoding=\"async\" aria-describedby=\"caption-attachment-5922\" class=\"size-full wp-image-5923 lazyload\" src=\"https:\/\/www.travelgeekery.com\/wp-content\/uploads\/2018\/03\/Montenegro-horse-in-Komovi-Mountains-1.jpg.webp\" alt=\"Meeting a horse on the way through Stavna Plateau\" width=\"1030\" height=\"694\" srcset=\"https:\/\/www.travelgeekery.com\/wp-content\/uploads\/2018\/03\/Montenegro-horse-in-Komovi-Mountains-1.jpg.webp 1030w, https:\/\/www.travelgeekery.com\/wp-content\/uploads\/2018\/03\/Montenegro-horse-in-Komovi-Mountains-1-768x517.jpg.webp 768w, https:\/\/www.travelgeekery.com\/wp-content\/uploads\/2018\/03\/Montenegro-horse-in-Komovi-Mountains-1-837x564.jpg.webp 837w, https:\/\/www.travelgeekery.com\/wp-content\/uploads\/2018\/03\/Montenegro-horse-in-Komovi-Mountains-1-667x449.jpg.webp 667w, https:\/\/www.travelgeekery.com\/wp-content\/uploads\/2018\/03\/Montenegro-horse-in-Komovi-Mountains-1-1024x690.jpg.webp 1024w, https:\/\/www.travelgeekery.com\/wp-content\/uploads\/2018\/03\/Montenegro-horse-in-Komovi-Mountains-1-960x647.jpg.webp 960w\" sizes=\"auto, (max-width: 760px) calc(100vw - 40px), 720px\" data-pin-media=\"https:\/\/www.travelgeekery.com\/wp-content\/uploads\/2018\/03\/Montenegro-horse-in-Komovi-Mountains-1.jpg\" id=\"mv-trellis-img-29\" data-trellis-processed=\"1\"><p id=\"caption-attachment-5922\" class=\"wp-caption-text\">M&iacute;stn&iacute; kon&iacute;k mi p&oacute;zuje po cest&#283; skrz planinu Stavna<\/p><\/div>\n<div id=\"attachment_5940\" style=\"width: 1040px\" class=\"wp-caption alignnone\"><a href=\"https:\/\/www.booking.com\/hotel\/me\/eko-katun-stavna-andrijevica.html?aid=1208200&amp;no_rooms=1&amp;group_adults=1&amp;label=Montenegro\" target=\"_blank\" rel=\"nofollow noopener noreferrer\"><noscript><img loading=\"lazy\" decoding=\"async\" aria-describedby=\"caption-attachment-5940\" class=\"wp-image-5941 size-full\" src=\"https:\/\/www.travelgeekery.com\/wp-content\/uploads\/2018\/03\/Eko-Katun-Stavna-Eko-Village-Stavna-Komovi-Montenegro.jpg\" alt=\"Eko Katun Stavna in Eko Village Stavna, Komovi Mountains Montenegro\" width=\"1030\" height=\"694\" srcset=\"https:\/\/www.travelgeekery.com\/wp-content\/uploads\/2018\/03\/Eko-Katun-Stavna-Eko-Village-Stavna-Komovi-Montenegro.jpg 1030w, https:\/\/www.travelgeekery.com\/wp-content\/uploads\/2018\/03\/Eko-Katun-Stavna-Eko-Village-Stavna-Komovi-Montenegro-768x517.jpg 768w, https:\/\/www.travelgeekery.com\/wp-content\/uploads\/2018\/03\/Eko-Katun-Stavna-Eko-Village-Stavna-Komovi-Montenegro-837x564.jpg 837w, https:\/\/www.travelgeekery.com\/wp-content\/uploads\/2018\/03\/Eko-Katun-Stavna-Eko-Village-Stavna-Komovi-Montenegro-667x449.jpg 667w, https:\/\/www.travelgeekery.com\/wp-content\/uploads\/2018\/03\/Eko-Katun-Stavna-Eko-Village-Stavna-Komovi-Montenegro-1024x690.jpg 1024w, https:\/\/www.travelgeekery.com\/wp-content\/uploads\/2018\/03\/Eko-Katun-Stavna-Eko-Village-Stavna-Komovi-Montenegro-960x647.jpg 960w\" sizes=\"auto, (max-width: 760px) calc(100vw - 40px), 720px\" data-pin-media=\"https:\/\/www.travelgeekery.com\/wp-content\/uploads\/2018\/03\/Eko-Katun-Stavna-Eko-Village-Stavna-Komovi-Montenegro.jpg\"><\/noscript><img loading=\"lazy\" decoding=\"async\" aria-describedby=\"caption-attachment-5940\" class=\"wp-image-5941 size-full lazyload\" src=\"https:\/\/www.travelgeekery.com\/wp-content\/uploads\/2018\/03\/Eko-Katun-Stavna-Eko-Village-Stavna-Komovi-Montenegro.jpg.webp\" alt=\"Eko Katun Stavna in Eko Village Stavna, Komovi Mountains Montenegro\" width=\"1030\" height=\"694\" srcset=\"https:\/\/www.travelgeekery.com\/wp-content\/uploads\/2018\/03\/Eko-Katun-Stavna-Eko-Village-Stavna-Komovi-Montenegro.jpg.webp 1030w, https:\/\/www.travelgeekery.com\/wp-content\/uploads\/2018\/03\/Eko-Katun-Stavna-Eko-Village-Stavna-Komovi-Montenegro-768x517.jpg.webp 768w, https:\/\/www.travelgeekery.com\/wp-content\/uploads\/2018\/03\/Eko-Katun-Stavna-Eko-Village-Stavna-Komovi-Montenegro-837x564.jpg.webp 837w, https:\/\/www.travelgeekery.com\/wp-content\/uploads\/2018\/03\/Eko-Katun-Stavna-Eko-Village-Stavna-Komovi-Montenegro-667x449.jpg.webp 667w, https:\/\/www.travelgeekery.com\/wp-content\/uploads\/2018\/03\/Eko-Katun-Stavna-Eko-Village-Stavna-Komovi-Montenegro-1024x690.jpg.webp 1024w, https:\/\/www.travelgeekery.com\/wp-content\/uploads\/2018\/03\/Eko-Katun-Stavna-Eko-Village-Stavna-Komovi-Montenegro-960x647.jpg.webp 960w\" sizes=\"auto, (max-width: 760px) calc(100vw - 40px), 720px\" data-pin-media=\"https:\/\/www.travelgeekery.com\/wp-content\/uploads\/2018\/03\/Eko-Katun-Stavna-Eko-Village-Stavna-Komovi-Montenegro.jpg\" id=\"mv-trellis-img-30\" data-trellis-processed=\"1\"><\/a><p id=\"caption-attachment-5940\" class=\"wp-caption-text\"><a href=\"https:\/\/www.booking.com\/hotel\/me\/eko-katun-stavna-andrijevica.html?aid=1208200&amp;no_rooms=1&amp;group_adults=1&amp;label=Montenegro\" target=\"_blank\" rel=\"nofollow noopener noreferrer\"><strong>Hv&#283;zda eko turismu v regionu: Eko katun Stavna<\/strong><\/a><\/p><\/div>\n<h2><span class=\"ez-toc-section\" id=\"Pohori_Prokletije\"><\/span>Poho&#345;&iacute; Prokletije<span class=\"ez-toc-section-end\"><\/span><\/h2>\n<p>P&#345;&iacute;mo v&nbsp;t&#283;chto hor&aacute;ch jsme nebyli, ale spolu s&nbsp;Durmitorem a Komovi tvo&#345;&iacute; trojici pro nejlep&scaron;&iacute; horsk&eacute; dobrodru&#382;stv&iacute; v&nbsp;&#268;ern&eacute; Ho&#345;e.<\/p>\n<p>&#268;ern&aacute; Hora sd&iacute;l&iacute; poho&#345;&iacute; Prokletije s&nbsp;Alb&aacute;ni&iacute;. Jeden n&aacute;rodn&iacute; park se nach&aacute;z&iacute; v&nbsp;&#269;ernohorsk&eacute; &#269;&aacute;sti a dva v&nbsp;alb&aacute;nsk&eacute;. &#268;tvrt&yacute; n&aacute;rodn&iacute; park Prokletije by m&#283;l b&yacute;t brzy vyhl&aacute;&scaron;en v&nbsp;Kosovu.<\/p>\n<p>V&nbsp;Prokletije je n&#283;kolik samostatn&yacute;ch hor, na kter&eacute; se d&aacute; dob&#345;e vyl&eacute;zt. Mimo to si tak&eacute; nenechte uj&iacute;t jezero Plav a prameny Ali-Pashas.<\/p>\n<p>Pokud se dostanete do Prokletije, dejte v&#283;d&#283;t, jak&eacute; to tam je! R&aacute;da info p&#345;id&aacute;m do tohoto &#269;l&aacute;nku, a&#357; maj&iacute; i dal&scaron;&iacute; dobrodruhov&eacute; co nejv&iacute;ce informac&iacute;.<\/p>\n<div id=\"attachment_5920\" style=\"width: 1040px\" class=\"wp-caption alignnone\"><noscript><img loading=\"lazy\" decoding=\"async\" aria-describedby=\"caption-attachment-5920\" class=\"size-full wp-image-5921\" src=\"https:\/\/www.travelgeekery.com\/wp-content\/uploads\/2018\/03\/Mountain-sheep-in-Komovi-Montenegro-1.jpg\" alt=\"Mountain sheep on Kom Vasojevickij\" width=\"1030\" height=\"694\" srcset=\"https:\/\/www.travelgeekery.com\/wp-content\/uploads\/2018\/03\/Mountain-sheep-in-Komovi-Montenegro-1.jpg 1030w, https:\/\/www.travelgeekery.com\/wp-content\/uploads\/2018\/03\/Mountain-sheep-in-Komovi-Montenegro-1-768x517.jpg 768w, https:\/\/www.travelgeekery.com\/wp-content\/uploads\/2018\/03\/Mountain-sheep-in-Komovi-Montenegro-1-837x564.jpg 837w, https:\/\/www.travelgeekery.com\/wp-content\/uploads\/2018\/03\/Mountain-sheep-in-Komovi-Montenegro-1-667x449.jpg 667w, https:\/\/www.travelgeekery.com\/wp-content\/uploads\/2018\/03\/Mountain-sheep-in-Komovi-Montenegro-1-1024x690.jpg 1024w, https:\/\/www.travelgeekery.com\/wp-content\/uploads\/2018\/03\/Mountain-sheep-in-Komovi-Montenegro-1-960x647.jpg 960w\" sizes=\"auto, (max-width: 760px) calc(100vw - 40px), 720px\" data-pin-media=\"https:\/\/www.travelgeekery.com\/wp-content\/uploads\/2018\/03\/Mountain-sheep-in-Komovi-Montenegro-1.jpg\"><\/noscript><img loading=\"lazy\" decoding=\"async\" aria-describedby=\"caption-attachment-5920\" class=\"size-full wp-image-5921 lazyload\" src=\"https:\/\/www.travelgeekery.com\/wp-content\/uploads\/2018\/03\/Mountain-sheep-in-Komovi-Montenegro-1.jpg.webp\" alt=\"Mountain sheep on Kom Vasojevickij\" width=\"1030\" height=\"694\" srcset=\"https:\/\/www.travelgeekery.com\/wp-content\/uploads\/2018\/03\/Mountain-sheep-in-Komovi-Montenegro-1.jpg.webp 1030w, https:\/\/www.travelgeekery.com\/wp-content\/uploads\/2018\/03\/Mountain-sheep-in-Komovi-Montenegro-1-768x517.jpg.webp 768w, https:\/\/www.travelgeekery.com\/wp-content\/uploads\/2018\/03\/Mountain-sheep-in-Komovi-Montenegro-1-837x564.jpg.webp 837w, https:\/\/www.travelgeekery.com\/wp-content\/uploads\/2018\/03\/Mountain-sheep-in-Komovi-Montenegro-1-667x449.jpg.webp 667w, https:\/\/www.travelgeekery.com\/wp-content\/uploads\/2018\/03\/Mountain-sheep-in-Komovi-Montenegro-1-1024x690.jpg.webp 1024w, https:\/\/www.travelgeekery.com\/wp-content\/uploads\/2018\/03\/Mountain-sheep-in-Komovi-Montenegro-1-960x647.jpg.webp 960w\" sizes=\"auto, (max-width: 760px) calc(100vw - 40px), 720px\" data-pin-media=\"https:\/\/www.travelgeekery.com\/wp-content\/uploads\/2018\/03\/Mountain-sheep-in-Komovi-Montenegro-1.jpg\" id=\"mv-trellis-img-31\" data-trellis-processed=\"1\"><p id=\"caption-attachment-5920\" class=\"wp-caption-text\">Ovce na hor&aacute;ch s geny kamz&iacute;k&#367;<\/p><\/div>\n<h2><span class=\"ez-toc-section\" id=\"Prakticke_informace_k_navsteve_odlehlych_casti_Cerne_Hory\"><\/span>Praktick&eacute; informace k&nbsp;n&aacute;v&scaron;t&#283;v&#283; odlehl&yacute;ch &#269;&aacute;st&iacute; &#268;ern&eacute; Hory<span class=\"ez-toc-section-end\"><\/span><\/h2>\n<div style=\"background-color: #ffffff; padding: 1em; max-width: 100em; margin: 1em 0px; border: 3px solid #88cbcb; text-align: none;\">\n<h3><span class=\"ez-toc-section\" id=\"Co_vzit_s_sebou_do_hor_v_Cerne_Hore\"><\/span>Co vz&iacute;t s&nbsp;sebou do hor v&nbsp;&#268;ern&eacute; Ho&#345;e<span class=\"ez-toc-section-end\"><\/span><\/h3>\n<ul>\n<li><a href=\"http:\/\/www.jdoqocy.com\/click-7628673-12684494?url=https%3A%2F%2Fwww.4camping.cz%2Fp%2Fdamske-boty-lowa-mauria-gtx-ws%2F\" target=\"_blank\" rel=\"nofollow noopener noreferrer\">Pohorky<\/a><\/li>\n<li>Lonely Planet nebo jin&eacute;ho pr&#367;vodce, pokud nem&aacute;te k dispozici lidsk&eacute;ho :)<\/li>\n<li><a href=\"http:\/\/www.dpbolvw.net\/click-7628673-12684494?url=https%3A%2F%2Fwww.4camping.cz%2Fp%2Fopalovaci-krem-lifesystems-mountain-spf50-sun-protection-50ml%2F\" target=\"_blank\" rel=\"nofollow noopener noreferrer\">Dobr&yacute; opalovac&iacute; kr&eacute;m<\/a><\/li>\n<li><a href=\"http:\/\/www.dpbolvw.net\/click-7628673-12684494?url=https%3A%2F%2Fwww.4camping.cz%2Fp%2Frepelent-lifesystems-expedition-50-mini-spray-25-ml%2F\" target=\"_blank\" rel=\"nofollow noopener noreferrer\">Repelent<\/a><\/li>\n<li>N&#283;kolik <a href=\"http:\/\/www.tkqlhce.com\/click-7628673-12684494?url=https%3A%2F%2Fwww.4camping.cz%2Fp%2Flahev-nalgene-cantene-1000-ml%2F\" target=\"_blank\" rel=\"nofollow noopener noreferrer\">lahv&iacute; na vodu<\/a><\/li>\n<li><a href=\"http:\/\/www.kqzyfj.com\/click-7628673-12684494?url=https%3A%2F%2Fwww.4camping.cz%2Fp%2F208%2F\" target=\"_blank\" rel=\"nofollow noopener noreferrer\">Pokr&yacute;vku hlavy<\/a><\/li>\n<li><a href=\"http:\/\/www.dpbolvw.net\/click-7628673-12684494?url=https%3A%2F%2Fwww.4camping.cz%2Fp%2Fturisticky-batoh-ferrino-zephyr-22-3-new%2F\" target=\"_blank\" rel=\"nofollow noopener noreferrer\">Dobr&yacute; batoh<\/a> pro horsk&eacute; v&yacute;lety a treky<\/li>\n<li><a href=\"http:\/\/www.jdoqocy.com\/click-7628673-12684494?url=https%3A%2F%2Fwww.4camping.cz%2Fp%2Fstan-rock-empire-denali%2F\" target=\"_blank\" rel=\"nofollow noopener noreferrer\">Stan<\/a>, kvalitn&iacute; <a href=\"http:\/\/www.kqzyfj.com\/click-7628673-12684494?url=https%3A%2F%2Fwww.4camping.cz%2Fp%2Fspacak-husky-army-17-c%2F\" target=\"_blank\" rel=\"nofollow noopener noreferrer\">spac&aacute;k<\/a> a <a href=\"http:\/\/www.jdoqocy.com\/click-7628673-12684494?url=https%3A%2F%2Fwww.4camping.cz%2Fp%2Fsamonafukovaci-karimatka-zulu-airo-3-8%2F\" target=\"_blank\" rel=\"nofollow noopener noreferrer\">karimatku<\/a> &ndash; pokud nepot&#345;ebujete do chatky<\/li>\n<li>Alkohol na p&#345;ip&iacute;jen&iacute; s m&iacute;stn&iacute;mi &ndash; nejl&eacute;pe kupte a&#382; na m&iacute;st&#283;<\/li>\n<li>Kvalitn&iacute; cestovn&iacute; poji&scaron;t&#283;n&iacute;<\/li>\n<\/ul>\n<\/div>\n<h3><span class=\"ez-toc-section\" id=\"Doprava\"><\/span>Doprava<span class=\"ez-toc-section-end\"><\/span><\/h3>\n<h4><span class=\"ez-toc-section\" id=\"Vlastni\"><\/span>Vlastn&iacute;<span class=\"ez-toc-section-end\"><\/span><\/h4>\n<p>P&#367;j&#269;en&iacute; auta v&nbsp;&#268;ern&eacute; Ho&#345;e je asi nejlep&scaron;&iacute; zp&#367;sob, jak se po zemi nez&aacute;visle pohybovat. Je v&scaron;ak dobr&eacute; si auto zajistit p&#345;edem.&nbsp;<a href=\"http:\/\/www.tkqlhce.com\/click-7628673-12583597\" target=\"_blank\" rel=\"nofollow noopener noreferrer\"><strong>Najd&#283;te v&yacute;hodn&eacute; auto na p&#367;j&#269;en&iacute; na tomto odkazu.<\/strong><\/a><\/p>\n<h4><span class=\"ez-toc-section\" id=\"S_mistnim_ridicem\"><\/span>S&nbsp;m&iacute;stn&iacute;m &#345;idi&#269;em<span class=\"ez-toc-section-end\"><\/span><\/h4>\n<p>M&#367;&#382;ete si tak&eacute; najmout m&iacute;stn&iacute;ho &#345;idi&#269;e a nechat se vozit. <a href=\"https:\/\/kiwitaxi.com\/?pap=5abcc1fe0ee6c\" target=\"_blank\" rel=\"nofollow noopener noreferrer\"><strong>Odhady cen najdete zde<\/strong><\/a>.<\/p>\n<h4><span class=\"ez-toc-section\" id=\"Verejna_doprava\"><\/span>Ve&#345;ejn&aacute; doprava<span class=\"ez-toc-section-end\"><\/span><\/h4>\n<p>Ti nejodv&aacute;&#382;n&#283;j&scaron;&iacute; z&nbsp;v&aacute;s m&#367;&#382;ou zkusit i autobusy. Nen&iacute; to ale &uacute;pln&#283; jednoduch&eacute;. <a href=\"https:\/\/www.visit-montenegro.com\/transport\/transportation-bus-stations\/\" target=\"_blank\" rel=\"noopener noreferrer\">Mrkn&#283;te na ofici&aacute;ln&iacute; informace<\/a>.<\/p>\n<h3><span class=\"ez-toc-section\" id=\"Ubytovani\"><\/span>Ubytov&aacute;n&iacute;<span class=\"ez-toc-section-end\"><\/span><\/h3>\n<p>Douf&aacute;m, &#382;e v&aacute;m nevad&iacute; trocha toho nepohodl&iacute;. Jedin&#283; tak si budete moci u&#382;&iacute;t bl&iacute;zkosti nejzaj&iacute;mav&#283;j&scaron;&iacute;m p&#345;&iacute;rodn&iacute;m &uacute;kaz&#367;m a m&iacute;stn&iacute; pohostinnosti.<\/p>\n<p>Kempov&aacute;n&iacute; si v&#283;t&scaron;inou vol&iacute; m&iacute;stn&iacute; a cestovatel&eacute; ze zem&iacute; st&#345;edn&iacute; a v&yacute;chodn&iacute; Evropy. Nic nenahrad&iacute; p&#345;&iacute;jemn&yacute; ve&#269;er u ohn&#283; s&nbsp;p&#345;&aacute;teli, m&iacute;stn&iacute;m pivem\/v&iacute;nem, dal&scaron;&iacute;mi cestovateli a &#268;ernohorci!<\/p>\n<div id=\"attachment_6029\" style=\"width: 1040px\" class=\"wp-caption alignnone\"><a href=\"https:\/\/www.travelgeekery.com\/wp-content\/uploads\/2018\/04\/Montenegro-wines_photo-by-Michal-Kostal.jpg\"><noscript><img loading=\"lazy\" decoding=\"async\" aria-describedby=\"caption-attachment-6029\" class=\"size-full wp-image-6029\" src=\"https:\/\/www.travelgeekery.com\/wp-content\/uploads\/2018\/04\/Montenegro-wines_photo-by-Michal-Kostal.jpg\" alt=\"Montenegro's legendary wines: Vranac &amp; Krstac\" width=\"1030\" height=\"694\" srcset=\"https:\/\/www.travelgeekery.com\/wp-content\/uploads\/2018\/04\/Montenegro-wines_photo-by-Michal-Kostal.jpg 1030w, https:\/\/www.travelgeekery.com\/wp-content\/uploads\/2018\/04\/Montenegro-wines_photo-by-Michal-Kostal-768x517.jpg 768w, https:\/\/www.travelgeekery.com\/wp-content\/uploads\/2018\/04\/Montenegro-wines_photo-by-Michal-Kostal-837x564.jpg 837w, https:\/\/www.travelgeekery.com\/wp-content\/uploads\/2018\/04\/Montenegro-wines_photo-by-Michal-Kostal-667x449.jpg 667w, https:\/\/www.travelgeekery.com\/wp-content\/uploads\/2018\/04\/Montenegro-wines_photo-by-Michal-Kostal-1024x690.jpg 1024w, https:\/\/www.travelgeekery.com\/wp-content\/uploads\/2018\/04\/Montenegro-wines_photo-by-Michal-Kostal-960x647.jpg 960w\" sizes=\"auto, (max-width: 760px) calc(100vw - 40px), 720px\" data-pin-media=\"https:\/\/www.travelgeekery.com\/wp-content\/uploads\/2018\/04\/Montenegro-wines_photo-by-Michal-Kostal.jpg\"><\/noscript><img loading=\"lazy\" decoding=\"async\" aria-describedby=\"caption-attachment-6029\" class=\"size-full wp-image-6029 lazyload\" src=\"https:\/\/www.travelgeekery.com\/wp-content\/uploads\/2018\/04\/Montenegro-wines_photo-by-Michal-Kostal.jpg.webp\" alt=\"Montenegro's legendary wines: Vranac &amp; Krstac\" width=\"1030\" height=\"694\" srcset=\"https:\/\/www.travelgeekery.com\/wp-content\/uploads\/2018\/04\/Montenegro-wines_photo-by-Michal-Kostal.jpg.webp 1030w, https:\/\/www.travelgeekery.com\/wp-content\/uploads\/2018\/04\/Montenegro-wines_photo-by-Michal-Kostal-768x517.jpg.webp 768w, https:\/\/www.travelgeekery.com\/wp-content\/uploads\/2018\/04\/Montenegro-wines_photo-by-Michal-Kostal-837x564.jpg.webp 837w, https:\/\/www.travelgeekery.com\/wp-content\/uploads\/2018\/04\/Montenegro-wines_photo-by-Michal-Kostal-667x449.jpg.webp 667w, https:\/\/www.travelgeekery.com\/wp-content\/uploads\/2018\/04\/Montenegro-wines_photo-by-Michal-Kostal-1024x690.jpg.webp 1024w, https:\/\/www.travelgeekery.com\/wp-content\/uploads\/2018\/04\/Montenegro-wines_photo-by-Michal-Kostal-960x647.jpg.webp 960w\" sizes=\"auto, (max-width: 760px) calc(100vw - 40px), 720px\" data-pin-media=\"https:\/\/www.travelgeekery.com\/wp-content\/uploads\/2018\/04\/Montenegro-wines_photo-by-Michal-Kostal.jpg\" id=\"mv-trellis-img-32\" data-trellis-processed=\"1\"><\/a><p id=\"caption-attachment-6029\" class=\"wp-caption-text\">Legend&aacute;rn&iacute; v&iacute;na &#268;ern&eacute; Hory: Vranac a Krstac (fautor fotky: Michal Ko&scaron;&#357;&aacute;l)<\/p><\/div>\n<h3><span class=\"ez-toc-section\" id=\"Cestovky_apod\"><\/span>Cestovky apod.<span class=\"ez-toc-section-end\"><\/span><\/h3>\n<p>J&aacute; jsem nav&scaron;t&iacute;vila &#269;ernohorsk&eacute; hory s outdoorovou cestovkou CK Mundo (<a href=\"https:\/\/www.mundo.cz\/zajezd\/cerna-hora\" target=\"_blank\" rel=\"noopener noreferrer\">tento z&aacute;jezd do &#268;ern&eacute; Hory<\/a>). Nejednalo se o sponzorovan&yacute; z&aacute;jezd. Bylo to &uacute;&#382;asn&yacute;! Tak&#382;e m&#367;&#382;u jen doporu&#269;it, pokud se nec&iacute;t&iacute;te na to, vydat se do &#268;ern&eacute; Hory na vlastn&iacute; p&#283;st.<\/p>\n<p><strong>Byli jste v posledn&iacute; dob&#283; v hor&aacute;ch? Kde?<\/strong><\/p>\n<p>A pokud m&aacute;te r&aacute;di Pinterest:<\/p>\n<p><a href=\"https:\/\/www.travelgeekery.com\/wp-content\/uploads\/2018\/03\/Trekking-Montenegro-Mountains-Hiking_Pinterest-735x1102-1.jpg\"><noscript><img loading=\"lazy\" decoding=\"async\" class=\"alignnone wp-image-5933\" src=\"https:\/\/www.travelgeekery.com\/wp-content\/uploads\/2018\/03\/Trekking-Montenegro-Mountains-Hiking_Pinterest-735x1102-1.jpg\" alt=\"Absolutely incredible hikes and treks in Montenegro. Get ready for amazing mountain adventures. #montenegro #hiking #mountains\" width=\"176\" height=\"300\" srcset=\"https:\/\/www.travelgeekery.com\/wp-content\/uploads\/2018\/03\/Trekking-Montenegro-Mountains-Hiking_Pinterest-735x1102-1.jpg 735w, https:\/\/www.travelgeekery.com\/wp-content\/uploads\/2018\/03\/Trekking-Montenegro-Mountains-Hiking_Pinterest-735x1102-1-667x1136.jpg 667w\" sizes=\"auto, (max-width: 760px) calc(100vw - 40px), 720px\" data-pin-media=\"https:\/\/www.travelgeekery.com\/wp-content\/uploads\/2018\/03\/Trekking-Montenegro-Mountains-Hiking_Pinterest-735x1102-1.jpg\"><\/noscript><img loading=\"lazy\" decoding=\"async\" class=\"alignnone wp-image-5933 lazyload\" src=\"https:\/\/www.travelgeekery.com\/wp-content\/uploads\/2018\/03\/Trekking-Montenegro-Mountains-Hiking_Pinterest-735x1102-1.jpg.webp\" alt=\"Absolutely incredible hikes and treks in Montenegro. Get ready for amazing mountain adventures. #montenegro #hiking #mountains\" width=\"176\" height=\"300\" srcset=\"https:\/\/www.travelgeekery.com\/wp-content\/uploads\/2018\/03\/Trekking-Montenegro-Mountains-Hiking_Pinterest-735x1102-1.jpg.webp 735w, https:\/\/www.travelgeekery.com\/wp-content\/uploads\/2018\/03\/Trekking-Montenegro-Mountains-Hiking_Pinterest-735x1102-1-667x1136.jpg.webp 667w\" sizes=\"auto, (max-width: 760px) calc(100vw - 40px), 720px\" data-pin-media=\"https:\/\/www.travelgeekery.com\/wp-content\/uploads\/2018\/03\/Trekking-Montenegro-Mountains-Hiking_Pinterest-735x1102-1.jpg\" id=\"mv-trellis-img-33\" data-trellis-processed=\"1\"><\/a><\/p>\n","protected":false},"excerpt":{"rendered":"<p>Pokud jako j&aacute; posledn&iacute; dobou prahnete sp&iacute;&scaron;e po dobrodru&#382;stv&iacute;ch v&nbsp;p&#345;&iacute;rod&#283;, jste tu spr&aacute;vn&#283;. V&iacute;tejte v&nbsp;&#268;ern&eacute; Ho&#345;e, zemi l&iacute;n&yacute;ch Balk&aacute;nc&#367; (vtipn&yacute; stereotyp, kter&yacute; p&#345;izn&aacute;vaj&iacute; i m&iacute;stn&iacute;), velk&eacute; n&aacute;rodn&iacute; hrdosti a pozoruhodn&yacute;ch (nejen sportovn&iacute;ch) v&yacute;sledk&#367; v&nbsp;porovn&aacute;n&iacute; ke sv&eacute; velikosti a v&#283;ku. &#268;ern&aacute; Hora (Montenegro v&nbsp;angli&#269;tin&#283;) existuje jako suver&eacute;nn&iacute; st&aacute;t teprve od roku 2006. V sou&#269;asnosti m&aacute; n&#283;jak&yacute;ch &hellip;<\/p>\n","protected":false},"author":1,"featured_media":5979,"comment_status":"open","ping_status":"closed","sticky":false,"template":"","format":"standard","meta":{"disable-in-feed":false,"article-schema-type":"Article","disable-critical-css":false,"footnotes":""},"categories":[532],"tags":[525,526,513],"class_list":["post-5966","post","type-post","status-publish","format-standard","has-post-thumbnail","hentry","category-cerna-hora","tag-hory","tag-mimo-davy-turistu","tag-priroda"],"yoast_head":"<!-- This site is optimized with the Yoast SEO plugin v27.2 - https:\/\/yoast.com\/product\/yoast-seo-wordpress\/ -->\n<title>Horsk\u00e9 t\u00fary v n\u00e1rodn\u00edch parc\u00edch \u010cern\u00e9 Hory - Travel Geekery<\/title>\n<meta name=\"description\" content=\"Poznejte nepoznanou tv\u00e1\u0159 \u010cern\u00e9 Hory - dechberouc\u00ed hory, kter\u00e9 jsou sou\u010d\u00e1st\u00ed n\u00e1rodn\u00edch park\u016f. P\u0159ipravte se na neskute\u010dn\u00e9 v\u00fdhledy a horsk\u00e1 dobrodru\u017estv\u00ed. Plus spousta praktick\u00fdch informac\u00ed, jak si ak\u010dn\u00ed dovolenou v \u010cern\u00e9 Ho\u0159e za\u0159\u00eddit.\" \/>\n<meta name=\"robots\" content=\"index, follow, max-snippet:-1, max-image-preview:large, max-video-preview:-1\" \/>\n<link rel=\"canonical\" href=\"https:\/\/www.travelgeekery.com\/cs\/hory-tury-cerna-hora\/\" \/>\n<meta property=\"og:locale\" content=\"cs_CZ\" \/>\n<meta property=\"og:type\" content=\"article\" \/>\n<meta property=\"og:title\" content=\"Horsk\u00e9 t\u00fary v n\u00e1rodn\u00edch parc\u00edch \u010cern\u00e9 Hory - Travel Geekery\" \/>\n<meta property=\"og:description\" content=\"Poznejte nepoznanou tv\u00e1\u0159 \u010cern\u00e9 Hory - dechberouc\u00ed hory, kter\u00e9 jsou sou\u010d\u00e1st\u00ed n\u00e1rodn\u00edch park\u016f. P\u0159ipravte se na neskute\u010dn\u00e9 v\u00fdhledy a horsk\u00e1 dobrodru\u017estv\u00ed. Plus spousta praktick\u00fdch informac\u00ed, jak si ak\u010dn\u00ed dovolenou v \u010cern\u00e9 Ho\u0159e za\u0159\u00eddit.\" \/>\n<meta property=\"og:url\" content=\"https:\/\/www.travelgeekery.com\/cs\/hory-tury-cerna-hora\/\" \/>\n<meta property=\"og:site_name\" content=\"Travel Geekery\" \/>\n<meta property=\"article:publisher\" content=\"https:\/\/www.facebook.com\/travelgeekery\" \/>\n<meta property=\"article:published_time\" content=\"2018-03-29T21:13:30+00:00\" \/>\n<meta property=\"article:modified_time\" content=\"2022-06-27T20:15:06+00:00\" \/>\n<meta property=\"og:image\" content=\"https:\/\/www.travelgeekery.com\/wp-content\/uploads\/2018\/03\/Hiking-Montenegro-Mountains_FB-1200x628_CZ.jpg\" \/>\n\t<meta property=\"og:image:width\" content=\"1200\" \/>\n\t<meta property=\"og:image:height\" content=\"628\" \/>\n\t<meta property=\"og:image:type\" content=\"image\/jpeg\" \/>\n<meta name=\"author\" content=\"Veronika Primm\" \/>\n<meta name=\"twitter:card\" content=\"summary_large_image\" \/>\n<meta name=\"twitter:image\" content=\"https:\/\/www.travelgeekery.com\/wp-content\/uploads\/2018\/03\/Hiking-Montenegro-Mountains_Twitter-1024x512.jpg\" \/>\n<meta name=\"twitter:creator\" content=\"@TravelGeekery\" \/>\n<meta name=\"twitter:site\" content=\"@TravelGeekery\" \/>\n<meta name=\"twitter:label1\" content=\"Napsal(a)\" \/>\n\t<meta name=\"twitter:data1\" content=\"Veronika Primm\" \/>\n\t<meta name=\"twitter:label2\" content=\"Odhadovan\u00e1 doba \u010dten\u00ed\" \/>\n\t<meta name=\"twitter:data2\" content=\"17 minut\" \/>\n<script type=\"application\/ld+json\" class=\"yoast-schema-graph\">{\"@context\":\"https:\/\/schema.org\",\"@graph\":[{\"@type\":\"Article\",\"@id\":\"https:\/\/www.travelgeekery.com\/cs\/hory-tury-cerna-hora\/#article\",\"isPartOf\":{\"@id\":\"https:\/\/www.travelgeekery.com\/cs\/hory-tury-cerna-hora\/\"},\"author\":{\"name\":\"Veronika Primm\",\"@id\":\"https:\/\/www.travelgeekery.com\/#\/schema\/person\/113f38838c5190034635d98ff6e0ae3c\"},\"headline\":\"Horsk\u00e9 t\u00fary v n\u00e1rodn\u00edch parc\u00edch \u010cern\u00e9 Hory\",\"datePublished\":\"2018-03-29T21:13:30+00:00\",\"dateModified\":\"2022-06-27T20:15:06+00:00\",\"mainEntityOfPage\":{\"@id\":\"https:\/\/www.travelgeekery.com\/cs\/hory-tury-cerna-hora\/\"},\"wordCount\":3210,\"commentCount\":0,\"publisher\":{\"@id\":\"https:\/\/www.travelgeekery.com\/#organization\"},\"image\":{\"@id\":\"https:\/\/www.travelgeekery.com\/cs\/hory-tury-cerna-hora\/#primaryimage\"},\"thumbnailUrl\":\"https:\/\/www.travelgeekery.com\/wp-content\/uploads\/2018\/03\/Hiking-Montenegro-Mountains_featured_CZ.jpg\",\"keywords\":[\"Hory\",\"Mimo davy turist\u016f\",\"P\u0159\u00edroda\"],\"articleSection\":[\"\u010cern\u00e1 Hora\"],\"inLanguage\":\"cs\",\"potentialAction\":[{\"@type\":\"CommentAction\",\"name\":\"Comment\",\"target\":[\"https:\/\/www.travelgeekery.com\/cs\/hory-tury-cerna-hora\/#respond\"]}]},{\"@type\":\"WebPage\",\"@id\":\"https:\/\/www.travelgeekery.com\/cs\/hory-tury-cerna-hora\/\",\"url\":\"https:\/\/www.travelgeekery.com\/cs\/hory-tury-cerna-hora\/\",\"name\":\"Horsk\u00e9 t\u00fary v n\u00e1rodn\u00edch parc\u00edch \u010cern\u00e9 Hory - Travel Geekery\",\"isPartOf\":{\"@id\":\"https:\/\/www.travelgeekery.com\/#website\"},\"primaryImageOfPage\":{\"@id\":\"https:\/\/www.travelgeekery.com\/cs\/hory-tury-cerna-hora\/#primaryimage\"},\"image\":{\"@id\":\"https:\/\/www.travelgeekery.com\/cs\/hory-tury-cerna-hora\/#primaryimage\"},\"thumbnailUrl\":\"https:\/\/www.travelgeekery.com\/wp-content\/uploads\/2018\/03\/Hiking-Montenegro-Mountains_featured_CZ.jpg\",\"datePublished\":\"2018-03-29T21:13:30+00:00\",\"dateModified\":\"2022-06-27T20:15:06+00:00\",\"description\":\"Poznejte nepoznanou tv\u00e1\u0159 \u010cern\u00e9 Hory - dechberouc\u00ed hory, kter\u00e9 jsou sou\u010d\u00e1st\u00ed n\u00e1rodn\u00edch park\u016f. P\u0159ipravte se na neskute\u010dn\u00e9 v\u00fdhledy a horsk\u00e1 dobrodru\u017estv\u00ed. Plus spousta praktick\u00fdch informac\u00ed, jak si ak\u010dn\u00ed dovolenou v \u010cern\u00e9 Ho\u0159e za\u0159\u00eddit.\",\"breadcrumb\":{\"@id\":\"https:\/\/www.travelgeekery.com\/cs\/hory-tury-cerna-hora\/#breadcrumb\"},\"inLanguage\":\"cs\",\"potentialAction\":[{\"@type\":\"ReadAction\",\"target\":[\"https:\/\/www.travelgeekery.com\/cs\/hory-tury-cerna-hora\/\"]}]},{\"@type\":\"ImageObject\",\"inLanguage\":\"cs\",\"@id\":\"https:\/\/www.travelgeekery.com\/cs\/hory-tury-cerna-hora\/#primaryimage\",\"url\":\"https:\/\/www.travelgeekery.com\/wp-content\/uploads\/2018\/03\/Hiking-Montenegro-Mountains_featured_CZ.jpg\",\"contentUrl\":\"https:\/\/www.travelgeekery.com\/wp-content\/uploads\/2018\/03\/Hiking-Montenegro-Mountains_featured_CZ.jpg\",\"width\":925,\"height\":694,\"caption\":\"\u010cern\u00e1 Hora a jej\u00ed p\u0159ekr\u00e1sn\u00e9 n\u00e1rodn\u00ed parky - p\u0159ipravte se na n\u00e1dhern\u00e9 v\u00fdhledy a dobrodru\u017estv\u00ed v hor\u00e1ch\"},{\"@type\":\"BreadcrumbList\",\"@id\":\"https:\/\/www.travelgeekery.com\/cs\/hory-tury-cerna-hora\/#breadcrumb\",\"itemListElement\":[{\"@type\":\"ListItem\",\"position\":1,\"name\":\"Destinace\",\"item\":\"https:\/\/www.travelgeekery.com\/cs\/category\/destinace\/\"},{\"@type\":\"ListItem\",\"position\":2,\"name\":\"Evropa\",\"item\":\"https:\/\/www.travelgeekery.com\/cs\/category\/destinace\/evropa\/\"},{\"@type\":\"ListItem\",\"position\":3,\"name\":\"\u010cern\u00e1 Hora\",\"item\":\"https:\/\/www.travelgeekery.com\/cs\/category\/destinace\/evropa\/cerna-hora\/\"},{\"@type\":\"ListItem\",\"position\":4,\"name\":\"Horsk\u00e9 t\u00fary v n\u00e1rodn\u00edch parc\u00edch \u010cern\u00e9 Hory\"}]},{\"@type\":\"WebSite\",\"@id\":\"https:\/\/www.travelgeekery.com\/#website\",\"url\":\"https:\/\/www.travelgeekery.com\/\",\"name\":\"Travel Geekery\",\"description\":\"Know Before You Go\",\"publisher\":{\"@id\":\"https:\/\/www.travelgeekery.com\/#organization\"},\"potentialAction\":[{\"@type\":\"SearchAction\",\"target\":{\"@type\":\"EntryPoint\",\"urlTemplate\":\"https:\/\/www.travelgeekery.com\/?s={search_term_string}\"},\"query-input\":{\"@type\":\"PropertyValueSpecification\",\"valueRequired\":true,\"valueName\":\"search_term_string\"}}],\"inLanguage\":\"cs\"},{\"@type\":\"Organization\",\"@id\":\"https:\/\/www.travelgeekery.com\/#organization\",\"name\":\"TravelGeekery\",\"url\":\"https:\/\/www.travelgeekery.com\/\",\"logo\":{\"@type\":\"ImageObject\",\"inLanguage\":\"cs\",\"@id\":\"https:\/\/www.travelgeekery.com\/#\/schema\/logo\/image\/\",\"url\":\"https:\/\/www.travelgeekery.com\/wp-content\/uploads\/2021\/12\/TravelGeekery-Logo_267x75.png\",\"contentUrl\":\"https:\/\/www.travelgeekery.com\/wp-content\/uploads\/2021\/12\/TravelGeekery-Logo_267x75.png\",\"width\":267,\"height\":75,\"caption\":\"TravelGeekery\"},\"image\":{\"@id\":\"https:\/\/www.travelgeekery.com\/#\/schema\/logo\/image\/\"},\"sameAs\":[\"https:\/\/www.facebook.com\/travelgeekery\",\"https:\/\/x.com\/TravelGeekery\",\"https:\/\/instagram.com\/travelgeekery\/\",\"https:\/\/www.pinterest.com\/travelgeekery\/\"]},{\"@type\":\"Person\",\"@id\":\"https:\/\/www.travelgeekery.com\/#\/schema\/person\/113f38838c5190034635d98ff6e0ae3c\",\"name\":\"Veronika Primm\",\"description\":\"Chief Travel Geek\"}]}<\/script>\n<!-- \/ Yoast SEO plugin. -->","yoast_head_json":{"title":"Horsk\u00e9 t\u00fary v n\u00e1rodn\u00edch parc\u00edch \u010cern\u00e9 Hory - Travel Geekery","description":"Poznejte nepoznanou tv\u00e1\u0159 \u010cern\u00e9 Hory - dechberouc\u00ed hory, kter\u00e9 jsou sou\u010d\u00e1st\u00ed n\u00e1rodn\u00edch park\u016f. P\u0159ipravte se na neskute\u010dn\u00e9 v\u00fdhledy a horsk\u00e1 dobrodru\u017estv\u00ed. Plus spousta praktick\u00fdch informac\u00ed, jak si ak\u010dn\u00ed dovolenou v \u010cern\u00e9 Ho\u0159e za\u0159\u00eddit.","robots":{"index":"index","follow":"follow","max-snippet":"max-snippet:-1","max-image-preview":"max-image-preview:large","max-video-preview":"max-video-preview:-1"},"canonical":"https:\/\/www.travelgeekery.com\/cs\/hory-tury-cerna-hora\/","og_locale":"cs_CZ","og_type":"article","og_title":"Horsk\u00e9 t\u00fary v n\u00e1rodn\u00edch parc\u00edch \u010cern\u00e9 Hory - Travel Geekery","og_description":"Poznejte nepoznanou tv\u00e1\u0159 \u010cern\u00e9 Hory - dechberouc\u00ed hory, kter\u00e9 jsou sou\u010d\u00e1st\u00ed n\u00e1rodn\u00edch park\u016f. P\u0159ipravte se na neskute\u010dn\u00e9 v\u00fdhledy a horsk\u00e1 dobrodru\u017estv\u00ed. Plus spousta praktick\u00fdch informac\u00ed, jak si ak\u010dn\u00ed dovolenou v \u010cern\u00e9 Ho\u0159e za\u0159\u00eddit.","og_url":"https:\/\/www.travelgeekery.com\/cs\/hory-tury-cerna-hora\/","og_site_name":"Travel Geekery","article_publisher":"https:\/\/www.facebook.com\/travelgeekery","article_published_time":"2018-03-29T21:13:30+00:00","article_modified_time":"2022-06-27T20:15:06+00:00","og_image":[{"width":1200,"height":628,"url":"https:\/\/www.travelgeekery.com\/wp-content\/uploads\/2018\/03\/Hiking-Montenegro-Mountains_FB-1200x628_CZ.jpg","type":"image\/jpeg"}],"author":"Veronika Primm","twitter_card":"summary_large_image","twitter_image":"https:\/\/www.travelgeekery.com\/wp-content\/uploads\/2018\/03\/Hiking-Montenegro-Mountains_Twitter-1024x512.jpg","twitter_creator":"@TravelGeekery","twitter_site":"@TravelGeekery","twitter_misc":{"Napsal(a)":"Veronika Primm","Odhadovan\u00e1 doba \u010dten\u00ed":"17 minut"},"schema":{"@context":"https:\/\/schema.org","@graph":[{"@type":"Article","@id":"https:\/\/www.travelgeekery.com\/cs\/hory-tury-cerna-hora\/#article","isPartOf":{"@id":"https:\/\/www.travelgeekery.com\/cs\/hory-tury-cerna-hora\/"},"author":{"name":"Veronika Primm","@id":"https:\/\/www.travelgeekery.com\/#\/schema\/person\/113f38838c5190034635d98ff6e0ae3c"},"headline":"Horsk\u00e9 t\u00fary v n\u00e1rodn\u00edch parc\u00edch \u010cern\u00e9 Hory","datePublished":"2018-03-29T21:13:30+00:00","dateModified":"2022-06-27T20:15:06+00:00","mainEntityOfPage":{"@id":"https:\/\/www.travelgeekery.com\/cs\/hory-tury-cerna-hora\/"},"wordCount":3210,"commentCount":0,"publisher":{"@id":"https:\/\/www.travelgeekery.com\/#organization"},"image":{"@id":"https:\/\/www.travelgeekery.com\/cs\/hory-tury-cerna-hora\/#primaryimage"},"thumbnailUrl":"https:\/\/www.travelgeekery.com\/wp-content\/uploads\/2018\/03\/Hiking-Montenegro-Mountains_featured_CZ.jpg","keywords":["Hory","Mimo davy turist\u016f","P\u0159\u00edroda"],"articleSection":["\u010cern\u00e1 Hora"],"inLanguage":"cs","potentialAction":[{"@type":"CommentAction","name":"Comment","target":["https:\/\/www.travelgeekery.com\/cs\/hory-tury-cerna-hora\/#respond"]}]},{"@type":"WebPage","@id":"https:\/\/www.travelgeekery.com\/cs\/hory-tury-cerna-hora\/","url":"https:\/\/www.travelgeekery.com\/cs\/hory-tury-cerna-hora\/","name":"Horsk\u00e9 t\u00fary v n\u00e1rodn\u00edch parc\u00edch \u010cern\u00e9 Hory - Travel Geekery","isPartOf":{"@id":"https:\/\/www.travelgeekery.com\/#website"},"primaryImageOfPage":{"@id":"https:\/\/www.travelgeekery.com\/cs\/hory-tury-cerna-hora\/#primaryimage"},"image":{"@id":"https:\/\/www.travelgeekery.com\/cs\/hory-tury-cerna-hora\/#primaryimage"},"thumbnailUrl":"https:\/\/www.travelgeekery.com\/wp-content\/uploads\/2018\/03\/Hiking-Montenegro-Mountains_featured_CZ.jpg","datePublished":"2018-03-29T21:13:30+00:00","dateModified":"2022-06-27T20:15:06+00:00","description":"Poznejte nepoznanou tv\u00e1\u0159 \u010cern\u00e9 Hory - dechberouc\u00ed hory, kter\u00e9 jsou sou\u010d\u00e1st\u00ed n\u00e1rodn\u00edch park\u016f. P\u0159ipravte se na neskute\u010dn\u00e9 v\u00fdhledy a horsk\u00e1 dobrodru\u017estv\u00ed. Plus spousta praktick\u00fdch informac\u00ed, jak si ak\u010dn\u00ed dovolenou v \u010cern\u00e9 Ho\u0159e za\u0159\u00eddit.","breadcrumb":{"@id":"https:\/\/www.travelgeekery.com\/cs\/hory-tury-cerna-hora\/#breadcrumb"},"inLanguage":"cs","potentialAction":[{"@type":"ReadAction","target":["https:\/\/www.travelgeekery.com\/cs\/hory-tury-cerna-hora\/"]}]},{"@type":"ImageObject","inLanguage":"cs","@id":"https:\/\/www.travelgeekery.com\/cs\/hory-tury-cerna-hora\/#primaryimage","url":"https:\/\/www.travelgeekery.com\/wp-content\/uploads\/2018\/03\/Hiking-Montenegro-Mountains_featured_CZ.jpg","contentUrl":"https:\/\/www.travelgeekery.com\/wp-content\/uploads\/2018\/03\/Hiking-Montenegro-Mountains_featured_CZ.jpg","width":925,"height":694,"caption":"\u010cern\u00e1 Hora a jej\u00ed p\u0159ekr\u00e1sn\u00e9 n\u00e1rodn\u00ed parky - p\u0159ipravte se na n\u00e1dhern\u00e9 v\u00fdhledy a dobrodru\u017estv\u00ed v hor\u00e1ch"},{"@type":"BreadcrumbList","@id":"https:\/\/www.travelgeekery.com\/cs\/hory-tury-cerna-hora\/#breadcrumb","itemListElement":[{"@type":"ListItem","position":1,"name":"Destinace","item":"https:\/\/www.travelgeekery.com\/cs\/category\/destinace\/"},{"@type":"ListItem","position":2,"name":"Evropa","item":"https:\/\/www.travelgeekery.com\/cs\/category\/destinace\/evropa\/"},{"@type":"ListItem","position":3,"name":"\u010cern\u00e1 Hora","item":"https:\/\/www.travelgeekery.com\/cs\/category\/destinace\/evropa\/cerna-hora\/"},{"@type":"ListItem","position":4,"name":"Horsk\u00e9 t\u00fary v n\u00e1rodn\u00edch parc\u00edch \u010cern\u00e9 Hory"}]},{"@type":"WebSite","@id":"https:\/\/www.travelgeekery.com\/#website","url":"https:\/\/www.travelgeekery.com\/","name":"Travel Geekery","description":"Know Before You Go","publisher":{"@id":"https:\/\/www.travelgeekery.com\/#organization"},"potentialAction":[{"@type":"SearchAction","target":{"@type":"EntryPoint","urlTemplate":"https:\/\/www.travelgeekery.com\/?s={search_term_string}"},"query-input":{"@type":"PropertyValueSpecification","valueRequired":true,"valueName":"search_term_string"}}],"inLanguage":"cs"},{"@type":"Organization","@id":"https:\/\/www.travelgeekery.com\/#organization","name":"TravelGeekery","url":"https:\/\/www.travelgeekery.com\/","logo":{"@type":"ImageObject","inLanguage":"cs","@id":"https:\/\/www.travelgeekery.com\/#\/schema\/logo\/image\/","url":"https:\/\/www.travelgeekery.com\/wp-content\/uploads\/2021\/12\/TravelGeekery-Logo_267x75.png","contentUrl":"https:\/\/www.travelgeekery.com\/wp-content\/uploads\/2021\/12\/TravelGeekery-Logo_267x75.png","width":267,"height":75,"caption":"TravelGeekery"},"image":{"@id":"https:\/\/www.travelgeekery.com\/#\/schema\/logo\/image\/"},"sameAs":["https:\/\/www.facebook.com\/travelgeekery","https:\/\/x.com\/TravelGeekery","https:\/\/instagram.com\/travelgeekery\/","https:\/\/www.pinterest.com\/travelgeekery\/"]},{"@type":"Person","@id":"https:\/\/www.travelgeekery.com\/#\/schema\/person\/113f38838c5190034635d98ff6e0ae3c","name":"Veronika Primm","description":"Chief Travel Geek"}]}},"_links":{"self":[{"href":"https:\/\/www.travelgeekery.com\/cs\/wp-json\/wp\/v2\/posts\/5966","targetHints":{"allow":["GET"]}}],"collection":[{"href":"https:\/\/www.travelgeekery.com\/cs\/wp-json\/wp\/v2\/posts"}],"about":[{"href":"https:\/\/www.travelgeekery.com\/cs\/wp-json\/wp\/v2\/types\/post"}],"author":[{"embeddable":true,"href":"https:\/\/www.travelgeekery.com\/cs\/wp-json\/wp\/v2\/users\/1"}],"replies":[{"embeddable":true,"href":"https:\/\/www.travelgeekery.com\/cs\/wp-json\/wp\/v2\/comments?post=5966"}],"version-history":[{"count":10,"href":"https:\/\/www.travelgeekery.com\/cs\/wp-json\/wp\/v2\/posts\/5966\/revisions"}],"predecessor-version":[{"id":13983,"href":"https:\/\/www.travelgeekery.com\/cs\/wp-json\/wp\/v2\/posts\/5966\/revisions\/13983"}],"wp:featuredmedia":[{"embeddable":true,"href":"https:\/\/www.travelgeekery.com\/cs\/wp-json\/wp\/v2\/media\/5979"}],"wp:attachment":[{"href":"https:\/\/www.travelgeekery.com\/cs\/wp-json\/wp\/v2\/media?parent=5966"}],"wp:term":[{"taxonomy":"category","embeddable":true,"href":"https:\/\/www.travelgeekery.com\/cs\/wp-json\/wp\/v2\/categories?post=5966"},{"taxonomy":"post_tag","embeddable":true,"href":"https:\/\/www.travelgeekery.com\/cs\/wp-json\/wp\/v2\/tags?post=5966"}],"curies":[{"name":"wp","href":"https:\/\/api.w.org\/{rel}","templated":true}]}}