{"id":16087,"date":"2024-03-10T22:41:52","date_gmt":"2024-03-10T21:41:52","guid":{"rendered":"https:\/\/www.travelgeekery.com\/?p=16087"},"modified":"2025-01-11T22:46:20","modified_gmt":"2025-01-11T21:46:20","slug":"proc-navstivit-graz","status":"publish","type":"post","link":"https:\/\/www.travelgeekery.com\/cs\/proc-navstivit-graz\/","title":{"rendered":"15 neodolateln\u00fdch d\u016fvod\u016f, pro\u010d nav\u0161t\u00edvit \u0160t\u00fdrsk\u00fd Hradec (a jeden, pro\u010d ne)"},"content":{"rendered":"<style>img#mv-trellis-img-1::before{padding-top:100%; }img#mv-trellis-img-1{display:block;}img#mv-trellis-img-2::before{padding-top:129.19896640827%; }img#mv-trellis-img-2{display:block;}img#mv-trellis-img-3::before{padding-top:56.2%; }img#mv-trellis-img-3{display:block;}img#mv-trellis-img-4::before{padding-top:177.61989342806%; }img#mv-trellis-img-4{display:block;}img#mv-trellis-img-5::before{padding-top:177.77777777778%; }img#mv-trellis-img-5{display:block;}img#mv-trellis-img-6::before{padding-top:66.7%; }img#mv-trellis-img-6{display:block;}img#mv-trellis-img-7::before{padding-top:177.61989342806%; }img#mv-trellis-img-7{display:block;}img#mv-trellis-img-8::before{padding-top:177.61989342806%; }img#mv-trellis-img-8{display:block;}img#mv-trellis-img-9::before{padding-top:177.61989342806%; }img#mv-trellis-img-9{display:block;}img#mv-trellis-img-10::before{padding-top:177.61989342806%; }img#mv-trellis-img-10{display:block;}img#mv-trellis-img-11::before{padding-top:133.33333333333%; }img#mv-trellis-img-11{display:block;}img#mv-trellis-img-12::before{padding-top:177.61989342806%; }img#mv-trellis-img-12{display:block;}img#mv-trellis-img-13::before{padding-top:177.61989342806%; }img#mv-trellis-img-13{display:block;}img#mv-trellis-img-14::before{padding-top:177.61989342806%; }img#mv-trellis-img-14{display:block;}img#mv-trellis-img-15::before{padding-top:177.77777777778%; }img#mv-trellis-img-15{display:block;}img#mv-trellis-img-16::before{padding-top:61.1%; }img#mv-trellis-img-16{display:block;}img#mv-trellis-img-17::before{padding-top:177.61989342806%; }img#mv-trellis-img-17{display:block;}img#mv-trellis-img-18::before{padding-top:177.77777777778%; }img#mv-trellis-img-18{display:block;}img#mv-trellis-img-19::before{padding-top:177.77777777778%; }img#mv-trellis-img-19{display:block;}img#mv-trellis-img-20::before{padding-top:133.39253996448%; }img#mv-trellis-img-20{display:block;}img#mv-trellis-img-21::before{padding-top:133.33333333333%; }img#mv-trellis-img-21{display:block;}img#mv-trellis-img-22::before{padding-top:150%; }img#mv-trellis-img-22{display:block;}img#mv-trellis-img-23::before{padding-top:177.77777777778%; }img#mv-trellis-img-23{display:block;}img#mv-trellis-img-24::before{padding-top:177.77777777778%; }img#mv-trellis-img-24{display:block;}img#mv-trellis-img-25::before{padding-top:177.77777777778%; }img#mv-trellis-img-25{display:block;}img#mv-trellis-img-26::before{padding-top:177.77777777778%; }img#mv-trellis-img-26{display:block;}img#mv-trellis-img-27::before{padding-top:177.77777777778%; }img#mv-trellis-img-27{display:block;}img#mv-trellis-img-28::before{padding-top:177.77777777778%; }img#mv-trellis-img-28{display:block;}img#mv-trellis-img-29::before{padding-top:177.61989342806%; }img#mv-trellis-img-29{display:block;}img#mv-trellis-img-30::before{padding-top:177.61989342806%; }img#mv-trellis-img-30{display:block;}img#mv-trellis-img-31::before{padding-top:177.61989342806%; }img#mv-trellis-img-31{display:block;}img#mv-trellis-img-32::before{padding-top:177.77777777778%; }img#mv-trellis-img-32{display:block;}img#mv-trellis-img-33::before{padding-top:177.61989342806%; }img#mv-trellis-img-33{display:block;}img#mv-trellis-img-34::before{padding-top:177.77777777778%; }img#mv-trellis-img-34{display:block;}img#mv-trellis-img-35::before{padding-top:133.33333333333%; }img#mv-trellis-img-35{display:block;}img#mv-trellis-img-36::before{padding-top:177.77777777778%; }img#mv-trellis-img-36{display:block;}img#mv-trellis-img-37::before{padding-top:133.33333333333%; }img#mv-trellis-img-37{display:block;}img#mv-trellis-img-38::before{padding-top:177.61989342806%; }img#mv-trellis-img-38{display:block;}<\/style><div id=\"ez-toc-container\" class=\"ez-toc-v2_0_82_2 counter-hierarchy ez-toc-counter ez-toc-white ez-toc-container-direction\">\n<p class=\"ez-toc-title\" style=\"cursor:inherit\">Table of Contents<\/p>\n<label for=\"ez-toc-cssicon-toggle-item-69f1011665b36\" class=\"ez-toc-cssicon-toggle-label\"><span class=\"\"><span class=\"eztoc-hide\" style=\"display:none;\">Toggle<\/span><span class=\"ez-toc-icon-toggle-span\"><svg style=\"fill: #999;color:#999\" xmlns=\"http:\/\/www.w3.org\/2000\/svg\" class=\"list-377408\" width=\"20px\" height=\"20px\" viewbox=\"0 0 24 24\" fill=\"none\"><path d=\"M6 6H4v2h2V6zm14 0H8v2h12V6zM4 11h2v2H4v-2zm16 0H8v2h12v-2zM4 16h2v2H4v-2zm16 0H8v2h12v-2z\" fill=\"currentColor\"><\/path><\/svg><svg style=\"fill: #999;color:#999\" class=\"arrow-unsorted-368013\" xmlns=\"http:\/\/www.w3.org\/2000\/svg\" width=\"10px\" height=\"10px\" viewbox=\"0 0 24 24\" version=\"1.2\" baseprofile=\"tiny\"><path d=\"M18.2 9.3l-6.2-6.3-6.2 6.3c-.2.2-.3.4-.3.7s.1.5.3.7c.2.2.4.3.7.3h11c.3 0 .5-.1.7-.3.2-.2.3-.5.3-.7s-.1-.5-.3-.7zM5.8 14.7l6.2 6.3 6.2-6.3c.2-.2.3-.5.3-.7s-.1-.5-.3-.7c-.2-.2-.4-.3-.7-.3h-11c-.3 0-.5.1-.7.3-.2.2-.3.5-.3.7s.1.5.3.7z\"><\/path><\/svg><\/span><\/span><\/label><input type=\"checkbox\" id=\"ez-toc-cssicon-toggle-item-69f1011665b36\" checked aria-label=\"Toggle\"><nav><ul class=\"ez-toc-list ez-toc-list-level-1 \"><li class=\"ez-toc-page-1 ez-toc-heading-level-2\"><a class=\"ez-toc-link ez-toc-heading-1\" href=\"https:\/\/www.travelgeekery.com\/cs\/proc-navstivit-graz\/#1_Narodil_se_tam_Arnold\">1. Narodil se tam Arnold!<\/a><\/li><li class=\"ez-toc-page-1 ez-toc-heading-level-2\"><a class=\"ez-toc-link ez-toc-heading-2\" href=\"https:\/\/www.travelgeekery.com\/cs\/proc-navstivit-graz\/#2_Autenticita_bez_davu\">2. Autenticita bez dav&#367;<\/a><\/li><li class=\"ez-toc-page-1 ez-toc-heading-level-2\"><a class=\"ez-toc-link ez-toc-heading-3\" href=\"https:\/\/www.travelgeekery.com\/cs\/proc-navstivit-graz\/#3_Zije_to_tam\">3. &#381;ije to tam!<\/a><\/li><li class=\"ez-toc-page-1 ez-toc-heading-level-2\"><a class=\"ez-toc-link ez-toc-heading-4\" href=\"https:\/\/www.travelgeekery.com\/cs\/proc-navstivit-graz\/#4_Spousta_moznosti_vyrazit_do_prirody\">4. Spousta mo&#382;nost&iacute; vyrazit do p&#345;&iacute;rody&nbsp;&nbsp;<\/a><\/li><li class=\"ez-toc-page-1 ez-toc-heading-level-2\"><a class=\"ez-toc-link ez-toc-heading-5\" href=\"https:\/\/www.travelgeekery.com\/cs\/proc-navstivit-graz\/#5_Raj_pro_gurmany\">5. R&aacute;j pro gurm&aacute;ny<\/a><\/li><li class=\"ez-toc-page-1 ez-toc-heading-level-2\"><a class=\"ez-toc-link ez-toc-heading-6\" href=\"https:\/\/www.travelgeekery.com\/cs\/proc-navstivit-graz\/#6_Hlavni_mesto_kultury\">6. Hlavn&iacute; m&#283;sto kultury<\/a><\/li><li class=\"ez-toc-page-1 ez-toc-heading-level-2\"><a class=\"ez-toc-link ez-toc-heading-7\" href=\"https:\/\/www.travelgeekery.com\/cs\/proc-navstivit-graz\/#7_Za_vsim_hledej_udrzitelnost\">7. Za v&scaron;&iacute;m hledej udr&#382;itelnost<\/a><\/li><li class=\"ez-toc-page-1 ez-toc-heading-level-2\"><a class=\"ez-toc-link ez-toc-heading-8\" href=\"https:\/\/www.travelgeekery.com\/cs\/proc-navstivit-graz\/#8_Pesi_%3E_auta\">8. P&#283;&scaron;&iacute; &gt; auta<\/a><\/li><li class=\"ez-toc-page-1 ez-toc-heading-level-2\"><a class=\"ez-toc-link ez-toc-heading-9\" href=\"https:\/\/www.travelgeekery.com\/cs\/proc-navstivit-graz\/#9_Pamatky\">9. Pam&aacute;tky<\/a><\/li><li class=\"ez-toc-page-1 ez-toc-heading-level-2\"><a class=\"ez-toc-link ez-toc-heading-10\" href=\"https:\/\/www.travelgeekery.com\/cs\/proc-navstivit-graz\/#10_Komunita\">10. Komunita<\/a><\/li><li class=\"ez-toc-page-1 ez-toc-heading-level-2\"><a class=\"ez-toc-link ez-toc-heading-11\" href=\"https:\/\/www.travelgeekery.com\/cs\/proc-navstivit-graz\/#11_Unikatni_usporadani_okolo_kopce\">11. Unik&aacute;tn&iacute; uspo&#345;&aacute;d&aacute;n&iacute; okolo kopce<\/a><\/li><li class=\"ez-toc-page-1 ez-toc-heading-level-2\"><a class=\"ez-toc-link ez-toc-heading-12\" href=\"https:\/\/www.travelgeekery.com\/cs\/proc-navstivit-graz\/#12_Pristupny_a_cenove_dostupny\">12. P&#345;&iacute;stupn&yacute; a cenov&#283; dostupn&yacute;<\/a><\/li><li class=\"ez-toc-page-1 ez-toc-heading-level-2\"><a class=\"ez-toc-link ez-toc-heading-13\" href=\"https:\/\/www.travelgeekery.com\/cs\/proc-navstivit-graz\/#13_Kafe_kafe_kafe\">13. Kafe, kafe, kafe!<\/a><\/li><li class=\"ez-toc-page-1 ez-toc-heading-level-2\"><a class=\"ez-toc-link ez-toc-heading-14\" href=\"https:\/\/www.travelgeekery.com\/cs\/proc-navstivit-graz\/#14_Sezonni_akce\">14. Sez&oacute;nn&iacute; akce<\/a><\/li><li class=\"ez-toc-page-1 ez-toc-heading-level-2\"><a class=\"ez-toc-link ez-toc-heading-15\" href=\"https:\/\/www.travelgeekery.com\/cs\/proc-navstivit-graz\/#15_Historicky_vyznam\">15. Historick&yacute; v&yacute;znam<\/a><\/li><\/ul><\/nav><\/div>\n\n<p>Pro&#269; nav&scaron;t&iacute;vit &Scaron;t&yacute;rsk&yacute; Hradec? Jak jsem psala v p&#345;edchoz&iacute;m &#269;l&aacute;nku, <a href=\"https:\/\/www.travelgeekery.com\/cs\/styrsky-hradec-graz-rakousko\/\">jeden den ve &Scaron;t&yacute;rsk&eacute;m Hradci<\/a> sotva sta&#269;&iacute; na to, abyste druh&eacute; nejv&#283;t&scaron;&iacute; m&#283;sto <a href=\"https:\/\/www.travelgeekery.com\/cs\/category\/destinace\/evropa\/rakousko\/\">Rakouska<\/a> poznali, proto&#382;e je extr&eacute;mn&#283; zaj&iacute;mav&eacute; &ndash; po v&scaron;ech str&aacute;nk&aacute;ch!<\/p>\n\n\n\n<div style=\"display: none;\"><noscript><img decoding=\"async\" src=\"\/\/www.travelgeekery.com\/wp-content\/uploads\/2019\/02\/100x200.png\" alt=\"\" data-pin-media=\"https:\/\/www.travelgeekery.com\/wp-content\/uploads\/2024\/03\/Why-visit-Graz_Pinterest.jpg\"><\/noscript><img decoding=\"async\" src=\"data:image\/svg+xml,%3Csvg%20xmlns='http:\/\/www.w3.org\/2000\/svg'%20viewBox='0%200%20300%20300'%3E%3Crect%20width='300'%20height='300'%20style='fill:%23e3e3e3'\/%3E%3C\/svg%3E\" alt=\"\" data-pin-media=\"https:\/\/www.travelgeekery.com\/wp-content\/uploads\/2024\/03\/Why-visit-Graz_Pinterest.jpg\" data-mvt-skip=\"src\" width=\"300\" height=\"300\" id=\"mv-trellis-img-1\" loading=\"eager\" data-src=\"\/\/www.travelgeekery.com\/wp-content\/uploads\/2019\/02\/100x200.png\" class=\"eager-load\" data-svg=\"1\" data-trellis-processed=\"1\"><\/div>\n\n\n\n<p>V tomto &#269;l&aacute;nku se budeme zab&yacute;vat t&iacute;m, pro&#269; Graz (= &Scaron;t&yacute;rsk&yacute; Hradec) v&#367;bec nav&scaron;t&iacute;vit. Co je na tomto m&#283;st&#283; na okraji rakousk&yacute;ch Alp tak zvl&aacute;&scaron;tn&iacute;ho? Co se tam d&#283;je a jakto, &#382;e z&#367;st&aacute;v&aacute; stranou z&aacute;jmu, p&#345;esto&#382;e je tak &uacute;&#382;asn&eacute;?<\/p>\n\n\n\n<p>P&#345;e&#269;ten&iacute;m n&aacute;sleduj&iacute;c&iacute;ch 15 d&#367;vod&#367;, pro&#269; nav&scaron;t&iacute;vit &Scaron;t&yacute;rsk&yacute; Hradec, si ujasn&iacute;te, zda v&aacute;m p&#345;ipadaj&iacute; stejn&#283; neodolateln&eacute; jako mn&#283; a zda by Graz mohl b&yacute;t i va&scaron;&iacute;m &scaron;&aacute;lkem &#269;aje.<\/p>\n\n\n\n<h2 class=\"wp-block-heading\"><span class=\"ez-toc-section\" id=\"1_Narodil_se_tam_Arnold\"><\/span>1. <strong>Narodil se tam Arnold!<\/strong><span class=\"ez-toc-section-end\"><\/span><\/h2>\n\n\n\n<div class=\"wp-block-columns is-layout-flex wp-container-core-columns-is-layout-9d6595d7 wp-block-columns-is-layout-flex\">\n<div class=\"wp-block-column is-layout-flow wp-block-column-is-layout-flow\">\n<p>Za&#269;n&#283;me trochu zvl&aacute;&scaron;tn&iacute;m d&#367;vodem k n&aacute;v&scaron;t&#283;v&#283; &Scaron;t&yacute;rsk&eacute;ho Hradce &ndash; je to rodi&scaron;t&#283; Arnolda Schwarzeneggera! Narodil se ve vesnici Thal, kter&aacute; le&#382;&iacute; p&#345;&iacute;mo na periferii. A h&aacute;dejte co? Z Arnolda se vyklubal docela patriot a o sv&eacute;m rodn&eacute;m m&#283;st&#283; &#269;asto mluv&iacute; s l&aacute;skou.<\/p>\n\n\n\n<p>Zn&aacute;m se s Raku&scaron;ankou Su, kter&aacute; mi vypr&aacute;v&#283;la, jak se trochu ob&aacute;vali, co Arnold v ned&aacute;vn&eacute;m dokumentu na Netflixu ohledn&#283; sv&eacute; rodn&eacute; hroudy pronese. Nem&#283;l toti&#382; bezstarostn&eacute; d&#283;tstv&iacute;, zejm&eacute;na kv&#367;li despotick&eacute;mu otci, a to jaksi mohlo o&#269;ernit cel&eacute; jeho vzpom&iacute;nky na dosp&iacute;v&aacute;n&iacute; v Grazu.&nbsp;<\/p>\n\n\n\n<p>Ale obavy se na&scaron;t&#283;st&iacute; nenaplnily &ndash; Arnie m&#283;l pro tuto oblast a m&iacute;stn&iacute; lidi jen slova chv&aacute;ly.<\/p>\n<\/div>\n\n\n\n<div class=\"wp-block-column is-layout-flow wp-block-column-is-layout-flow\">\n<figure class=\"wp-block-image size-full\"><a href=\"https:\/\/www.travelgeekery.com\/wp-content\/uploads\/2024\/03\/Poster-of-young-Arnold-Schwarzenegger-in-Graz-Museum.jpg\"><noscript><img loading=\"lazy\" decoding=\"async\" width=\"774\" height=\"1000\" src=\"https:\/\/www.travelgeekery.com\/wp-content\/uploads\/2024\/03\/Poster-of-young-Arnold-Schwarzenegger-in-Graz-Museum.jpg\" alt=\"Poster of young Arnold Schwarzenegger in Graz Museum\" class=\"wp-image-16033\" srcset=\"https:\/\/www.travelgeekery.com\/wp-content\/uploads\/2024\/03\/Poster-of-young-Arnold-Schwarzenegger-in-Graz-Museum.jpg 774w, https:\/\/www.travelgeekery.com\/wp-content\/uploads\/2024\/03\/Poster-of-young-Arnold-Schwarzenegger-in-Graz-Museum-232x300.jpg 232w, https:\/\/www.travelgeekery.com\/wp-content\/uploads\/2024\/03\/Poster-of-young-Arnold-Schwarzenegger-in-Graz-Museum-768x992.jpg 768w, https:\/\/www.travelgeekery.com\/wp-content\/uploads\/2024\/03\/Poster-of-young-Arnold-Schwarzenegger-in-Graz-Museum-743x960.jpg 743w, https:\/\/www.travelgeekery.com\/wp-content\/uploads\/2024\/03\/Poster-of-young-Arnold-Schwarzenegger-in-Graz-Museum-150x194.jpg 150w\" sizes=\"auto, (max-width: 760px) calc(100vw - 40px), 720px\" data-pin-media=\"https:\/\/www.travelgeekery.com\/wp-content\/uploads\/2024\/03\/Poster-of-young-Arnold-Schwarzenegger-in-Graz-Museum.jpg\"><\/noscript><img loading=\"lazy\" decoding=\"async\" width=\"774\" height=\"1000\" src=\"https:\/\/www.travelgeekery.com\/wp-content\/uploads\/2024\/03\/Poster-of-young-Arnold-Schwarzenegger-in-Graz-Museum.jpg.webp\" alt=\"Poster of young Arnold Schwarzenegger in Graz Museum\" class=\"wp-image-16033 lazyload\" srcset=\"https:\/\/www.travelgeekery.com\/wp-content\/uploads\/2024\/03\/Poster-of-young-Arnold-Schwarzenegger-in-Graz-Museum.jpg.webp 774w, https:\/\/www.travelgeekery.com\/wp-content\/uploads\/2024\/03\/Poster-of-young-Arnold-Schwarzenegger-in-Graz-Museum-232x300.jpg.webp 232w, https:\/\/www.travelgeekery.com\/wp-content\/uploads\/2024\/03\/Poster-of-young-Arnold-Schwarzenegger-in-Graz-Museum-768x992.jpg.webp 768w, https:\/\/www.travelgeekery.com\/wp-content\/uploads\/2024\/03\/Poster-of-young-Arnold-Schwarzenegger-in-Graz-Museum-743x960.jpg.webp 743w, https:\/\/www.travelgeekery.com\/wp-content\/uploads\/2024\/03\/Poster-of-young-Arnold-Schwarzenegger-in-Graz-Museum-150x194.jpg.webp 150w\" sizes=\"auto, (max-width: 760px) calc(100vw - 40px), 720px\" data-pin-media=\"https:\/\/www.travelgeekery.com\/wp-content\/uploads\/2024\/03\/Poster-of-young-Arnold-Schwarzenegger-in-Graz-Museum.jpg\" id=\"mv-trellis-img-2\" data-trellis-processed=\"1\"><\/a><figcaption class=\"wp-element-caption\">Mlad&yacute; Arnold na plak&aacute;tu Muzea Graz<\/figcaption><\/figure>\n<\/div>\n<\/div>\n\n\n\n<h2 class=\"wp-block-heading\"><span class=\"ez-toc-section\" id=\"2_Autenticita_bez_davu\"><\/span>2. <strong>Autenticita bez dav&#367;<\/strong><span class=\"ez-toc-section-end\"><\/span><\/h2>\n\n\n\n<p>&Scaron;t&yacute;rsk&yacute; Hradec p&#345;edstavuje dokonal&yacute; mix toho nejlep&scaron;&iacute;ho &ndash; je to v&#283;t&scaron;&iacute; m&#283;sto, ale &uacute;tuln&eacute; a rozhodn&#283; mimo turistick&eacute; trasy. Nech&aacute;pu, &#382;e nen&iacute; zn&aacute;m&#283;j&scaron;&iacute;. Ale pro n&aacute;s, co u&#382; v&iacute;me, je to takto dob&#345;e! A&#382; to praskne, jak speci&aacute;ln&iacute; Graz je, bude tam hlava na hlav&#283;.<\/p>\n\n\n\n<p>Pokud tedy r&aacute;di nav&scaron;t&#283;vujete m&iacute;sta, kter&aacute; nejsou prim&aacute;rn&#283; ur&#269;ena turist&#367;m, ale sp&iacute;&scaron;e m&iacute;stn&iacute;m obyvatel&#367;m, kde m&#367;&#382;ete splynout s okol&iacute;m a z&aacute;rove&#328; nep&#345;ij&iacute;t o kvalitn&iacute; turistickou infrastrukturu, pak je pro v&aacute;s Graz ide&aacute;ln&iacute; volbou.<\/p>\n\n\n\n<figure class=\"wp-block-image size-full\"><a href=\"https:\/\/www.travelgeekery.com\/wp-content\/uploads\/2024\/03\/Graz-authentic-city-center.jpg\"><noscript><img loading=\"lazy\" decoding=\"async\" width=\"1000\" height=\"562\" src=\"https:\/\/www.travelgeekery.com\/wp-content\/uploads\/2024\/03\/Graz-authentic-city-center.jpg\" alt=\"A tram is passing by through Graz' main square\" class=\"wp-image-16029\" srcset=\"https:\/\/www.travelgeekery.com\/wp-content\/uploads\/2024\/03\/Graz-authentic-city-center.jpg 1000w, https:\/\/www.travelgeekery.com\/wp-content\/uploads\/2024\/03\/Graz-authentic-city-center-300x169.jpg 300w, https:\/\/www.travelgeekery.com\/wp-content\/uploads\/2024\/03\/Graz-authentic-city-center-768x432.jpg 768w, https:\/\/www.travelgeekery.com\/wp-content\/uploads\/2024\/03\/Graz-authentic-city-center-728x410.jpg 728w, https:\/\/www.travelgeekery.com\/wp-content\/uploads\/2024\/03\/Graz-authentic-city-center-960x540.jpg 960w, https:\/\/www.travelgeekery.com\/wp-content\/uploads\/2024\/03\/Graz-authentic-city-center-150x84.jpg 150w\" sizes=\"auto, (max-width: 760px) calc(100vw - 40px), 720px\" data-pin-media=\"https:\/\/www.travelgeekery.com\/wp-content\/uploads\/2024\/03\/Graz-authentic-city-center.jpg\"><\/noscript><img loading=\"lazy\" decoding=\"async\" width=\"1000\" height=\"562\" src=\"https:\/\/www.travelgeekery.com\/wp-content\/uploads\/2024\/03\/Graz-authentic-city-center.jpg.webp\" alt=\"A tram is passing by through Graz' main square\" class=\"wp-image-16029 lazyload\" srcset=\"https:\/\/www.travelgeekery.com\/wp-content\/uploads\/2024\/03\/Graz-authentic-city-center.jpg.webp 1000w, https:\/\/www.travelgeekery.com\/wp-content\/uploads\/2024\/03\/Graz-authentic-city-center-300x169.jpg.webp 300w, https:\/\/www.travelgeekery.com\/wp-content\/uploads\/2024\/03\/Graz-authentic-city-center-768x432.jpg.webp 768w, https:\/\/www.travelgeekery.com\/wp-content\/uploads\/2024\/03\/Graz-authentic-city-center-728x410.jpg.webp 728w, https:\/\/www.travelgeekery.com\/wp-content\/uploads\/2024\/03\/Graz-authentic-city-center-960x540.jpg.webp 960w, https:\/\/www.travelgeekery.com\/wp-content\/uploads\/2024\/03\/Graz-authentic-city-center-150x84.jpg.webp 150w\" sizes=\"auto, (max-width: 760px) calc(100vw - 40px), 720px\" data-pin-media=\"https:\/\/www.travelgeekery.com\/wp-content\/uploads\/2024\/03\/Graz-authentic-city-center.jpg\" id=\"mv-trellis-img-3\" data-trellis-processed=\"1\"><\/a><figcaption class=\"wp-element-caption\">Hlavn&iacute; n&aacute;m&#283;st&iacute; Grazu zvan&eacute; Hauptplatz.<\/figcaption><\/figure>\n\n\n\n<p><\/p>\n\n\n\n<h2 class=\"wp-block-heading\"><span class=\"ez-toc-section\" id=\"3_Zije_to_tam\"><\/span>3. <strong>&#381;ije to tam!<\/strong><span class=\"ez-toc-section-end\"><\/span><\/h2>\n\n\n\n<p>Pokud nav&scaron;t&iacute;v&iacute;te &Scaron;t&yacute;rsk&yacute; Hradec v tepl&yacute;ch m&#283;s&iacute;c&iacute;ch, uvid&iacute;te spoustu m&iacute;stn&iacute;ch, jak se ve velk&yacute;ch po&#269;tech potk&aacute;vaj&iacute; venku, od brzk&eacute;ho odpoledne a&#382; do noci posed&aacute;vaj&iacute; na zahr&aacute;dk&aacute;ch u skleni&#269;ky &#269;i j&iacute;dla. &#381;ivot tu prost&#283; plyne jinak.&nbsp;<\/p>\n\n\n\n<p>O v&iacute;kendech se m&#283;sto zapln&iacute; trhy a trhovci, tak&#382;e je v&scaron;ude &#382;ivo. Je to na hony vzd&aacute;len&eacute; m&#283;st&#367;m, kter&aacute; nab&iacute;zej&iacute; pr&aacute;ci, ale &#382;&aacute;dnou z&aacute;bavu, kde se ulice o v&iacute;kendech vyprazd&#328;uj&iacute;.<\/p>\n\n\n\n<p>Tady v Grazu je atmosf&eacute;ra jako nikde jinde, tak&#382;e jsem i j&aacute; r&aacute;da zpomalila a vysed&aacute;vala venku a nas&aacute;vala m&iacute;stn&iacute; pohodu. Na dovolenou ide&aacute;ln&iacute;!<\/p>\n\n\n\n<div class=\"wp-block-columns is-layout-flex wp-container-core-columns-is-layout-9d6595d7 wp-block-columns-is-layout-flex\">\n<div class=\"wp-block-column is-layout-flow wp-block-column-is-layout-flow\">\n<figure class=\"wp-block-image size-full\"><a href=\"https:\/\/www.travelgeekery.com\/wp-content\/uploads\/2024\/03\/Graz-locals-partying-at-City-Beach-City-Peach.jpg\"><noscript><img loading=\"lazy\" decoding=\"async\" width=\"563\" height=\"1000\" src=\"https:\/\/www.travelgeekery.com\/wp-content\/uploads\/2024\/03\/Graz-locals-partying-at-City-Beach-City-Peach.jpg\" alt=\"People enjoying a concert - view from top\" class=\"wp-image-16031\" srcset=\"https:\/\/www.travelgeekery.com\/wp-content\/uploads\/2024\/03\/Graz-locals-partying-at-City-Beach-City-Peach.jpg 563w, https:\/\/www.travelgeekery.com\/wp-content\/uploads\/2024\/03\/Graz-locals-partying-at-City-Beach-City-Peach-169x300.jpg 169w, https:\/\/www.travelgeekery.com\/wp-content\/uploads\/2024\/03\/Graz-locals-partying-at-City-Beach-City-Peach-540x960.jpg 540w, https:\/\/www.travelgeekery.com\/wp-content\/uploads\/2024\/03\/Graz-locals-partying-at-City-Beach-City-Peach-150x266.jpg 150w\" sizes=\"auto, (max-width: 563px) 100vw, 563px\" data-pin-media=\"https:\/\/www.travelgeekery.com\/wp-content\/uploads\/2024\/03\/Graz-locals-partying-at-City-Beach-City-Peach.jpg\"><\/noscript><img loading=\"lazy\" decoding=\"async\" width=\"563\" height=\"1000\" src=\"https:\/\/www.travelgeekery.com\/wp-content\/uploads\/2024\/03\/Graz-locals-partying-at-City-Beach-City-Peach.jpg.webp\" alt=\"People enjoying a concert - view from top\" class=\"wp-image-16031 lazyload\" srcset=\"https:\/\/www.travelgeekery.com\/wp-content\/uploads\/2024\/03\/Graz-locals-partying-at-City-Beach-City-Peach.jpg.webp 563w, https:\/\/www.travelgeekery.com\/wp-content\/uploads\/2024\/03\/Graz-locals-partying-at-City-Beach-City-Peach-169x300.jpg.webp 169w, https:\/\/www.travelgeekery.com\/wp-content\/uploads\/2024\/03\/Graz-locals-partying-at-City-Beach-City-Peach-540x960.jpg.webp 540w, https:\/\/www.travelgeekery.com\/wp-content\/uploads\/2024\/03\/Graz-locals-partying-at-City-Beach-City-Peach-150x266.jpg.webp 150w\" sizes=\"auto, (max-width: 563px) 100vw, 563px\" data-pin-media=\"https:\/\/www.travelgeekery.com\/wp-content\/uploads\/2024\/03\/Graz-locals-partying-at-City-Beach-City-Peach.jpg\" id=\"mv-trellis-img-4\" data-trellis-processed=\"1\"><\/a><figcaption class=\"wp-element-caption\">M&iacute;stn&iacute; se um&iacute; bavit, t&#345;eba v podniku City Peach City Beach<\/figcaption><\/figure>\n<\/div>\n\n\n\n<div class=\"wp-block-column is-layout-flow wp-block-column-is-layout-flow\">\n<figure class=\"wp-block-image size-large\"><a href=\"https:\/\/www.travelgeekery.com\/wp-content\/uploads\/2023\/10\/People-enjoying-outdoor-seating-in-Graz-Austria-576x1024.jpg\"><noscript><img loading=\"lazy\" decoding=\"async\" width=\"576\" height=\"1024\" src=\"https:\/\/www.travelgeekery.com\/wp-content\/uploads\/2023\/10\/People-enjoying-outdoor-seating-in-Graz-Austria-576x1024.jpg\" alt=\"People enjoying sunshine during golden hour\" class=\"wp-image-15718\" srcset=\"https:\/\/www.travelgeekery.com\/wp-content\/uploads\/2023\/10\/People-enjoying-outdoor-seating-in-Graz-Austria-576x1024.jpg 576w, https:\/\/www.travelgeekery.com\/wp-content\/uploads\/2023\/10\/People-enjoying-outdoor-seating-in-Graz-Austria-169x300.jpg 169w, https:\/\/www.travelgeekery.com\/wp-content\/uploads\/2023\/10\/People-enjoying-outdoor-seating-in-Graz-Austria-540x960.jpg 540w, https:\/\/www.travelgeekery.com\/wp-content\/uploads\/2023\/10\/People-enjoying-outdoor-seating-in-Graz-Austria-150x267.jpg 150w, https:\/\/www.travelgeekery.com\/wp-content\/uploads\/2023\/10\/People-enjoying-outdoor-seating-in-Graz-Austria.jpg 600w\" sizes=\"auto, (max-width: 576px) 100vw, 576px\" data-pin-media=\"https:\/\/www.travelgeekery.com\/wp-content\/uploads\/2023\/10\/People-enjoying-outdoor-seating-in-Graz-Austria.jpg\"><\/noscript><img loading=\"lazy\" decoding=\"async\" width=\"576\" height=\"1024\" src=\"https:\/\/www.travelgeekery.com\/wp-content\/uploads\/2023\/10\/People-enjoying-outdoor-seating-in-Graz-Austria-576x1024.jpg.webp\" alt=\"People enjoying sunshine during golden hour\" class=\"wp-image-15718 lazyload\" srcset=\"https:\/\/www.travelgeekery.com\/wp-content\/uploads\/2023\/10\/People-enjoying-outdoor-seating-in-Graz-Austria-576x1024.jpg.webp 576w, https:\/\/www.travelgeekery.com\/wp-content\/uploads\/2023\/10\/People-enjoying-outdoor-seating-in-Graz-Austria-169x300.jpg.webp 169w, https:\/\/www.travelgeekery.com\/wp-content\/uploads\/2023\/10\/People-enjoying-outdoor-seating-in-Graz-Austria-540x960.jpg.webp 540w, https:\/\/www.travelgeekery.com\/wp-content\/uploads\/2023\/10\/People-enjoying-outdoor-seating-in-Graz-Austria-150x267.jpg.webp 150w, https:\/\/www.travelgeekery.com\/wp-content\/uploads\/2023\/10\/People-enjoying-outdoor-seating-in-Graz-Austria.jpg.webp 600w\" sizes=\"auto, (max-width: 576px) 100vw, 576px\" data-pin-media=\"https:\/\/www.travelgeekery.com\/wp-content\/uploads\/2023\/10\/People-enjoying-outdoor-seating-in-Graz-Austria.jpg\" id=\"mv-trellis-img-5\" data-trellis-processed=\"1\"><\/a><figcaption class=\"wp-element-caption\">Lidi si u&#382;&iacute;vaj&iacute; tepl&yacute;ch slune&#269;n&iacute;ch paprsk&#367; p&#345;ed z&aacute;padem slunce<\/figcaption><\/figure>\n<\/div>\n<\/div>\n\n\n\n<p><\/p>\n\n\n\n<h2 class=\"wp-block-heading\"><span class=\"ez-toc-section\" id=\"4_Spousta_moznosti_vyrazit_do_prirody\"><\/span>4. <strong>Spousta mo&#382;nost&iacute; vyrazit do p&#345;&iacute;rody&nbsp;<\/strong>&nbsp;<span class=\"ez-toc-section-end\"><\/span><\/h2>\n\n\n\n<p>Okraje &Scaron;t&yacute;rsk&eacute;ho Hradce jsou jako stvo&#345;en&eacute; pro p&#283;&scaron;&iacute; turistiku. Je tu tolik mo&#382;nost&iacute;, jak si dob&iacute;t baterky zelen&iacute;.<\/p>\n\n\n\n<p>Hlavn&iacute; horou Grazu je <a href=\"https:\/\/www.graztourismus.at\/en\/sightseeing-culture\/sights\/schockl-mountain_shg_4131\" target=\"_blank\" rel=\"noreferrer noopener\">Sch&ouml;ckl<\/a>, kam se m&iacute;stn&iacute; obyvatel&eacute; ka&#382;d&yacute; v&iacute;kend vyd&aacute;vaj&iacute; v hojn&eacute;m po&#269;tu. Na vrchol vede dokonce i lanovka. Po&#269;&iacute;tat m&#367;&#382;ete s nejr&#367;zn&#283;j&scaron;&iacute;mi atrakcemi v&#269;etn&#283; letn&iacute;ho tobog&aacute;nu a spoustou restaurac&iacute;.<\/p>\n\n\n\n<figure class=\"wp-block-image size-full\"><a href=\"https:\/\/www.travelgeekery.com\/wp-content\/uploads\/2024\/03\/Schoeckl-Mountain-Graz-Austria.jpg\"><noscript><img loading=\"lazy\" decoding=\"async\" width=\"1000\" height=\"667\" src=\"https:\/\/www.travelgeekery.com\/wp-content\/uploads\/2024\/03\/Schoeckl-Mountain-Graz-Austria.jpg\" alt=\"A hut on top of a mountain in Styrian Alps\" class=\"wp-image-16063\" srcset=\"https:\/\/www.travelgeekery.com\/wp-content\/uploads\/2024\/03\/Schoeckl-Mountain-Graz-Austria.jpg 1000w, https:\/\/www.travelgeekery.com\/wp-content\/uploads\/2024\/03\/Schoeckl-Mountain-Graz-Austria-300x200.jpg 300w, https:\/\/www.travelgeekery.com\/wp-content\/uploads\/2024\/03\/Schoeckl-Mountain-Graz-Austria-768x512.jpg 768w, https:\/\/www.travelgeekery.com\/wp-content\/uploads\/2024\/03\/Schoeckl-Mountain-Graz-Austria-960x640.jpg 960w, https:\/\/www.travelgeekery.com\/wp-content\/uploads\/2024\/03\/Schoeckl-Mountain-Graz-Austria-150x100.jpg 150w\" sizes=\"auto, (max-width: 760px) calc(100vw - 40px), 720px\" data-pin-media=\"https:\/\/www.travelgeekery.com\/wp-content\/uploads\/2024\/03\/Schoeckl-Mountain-Graz-Austria.jpg\"><\/noscript><img loading=\"lazy\" decoding=\"async\" width=\"1000\" height=\"667\" src=\"https:\/\/www.travelgeekery.com\/wp-content\/uploads\/2024\/03\/Schoeckl-Mountain-Graz-Austria.jpg.webp\" alt=\"A hut on top of a mountain in Styrian Alps\" class=\"wp-image-16063 lazyload\" srcset=\"https:\/\/www.travelgeekery.com\/wp-content\/uploads\/2024\/03\/Schoeckl-Mountain-Graz-Austria.jpg.webp 1000w, https:\/\/www.travelgeekery.com\/wp-content\/uploads\/2024\/03\/Schoeckl-Mountain-Graz-Austria-300x200.jpg.webp 300w, https:\/\/www.travelgeekery.com\/wp-content\/uploads\/2024\/03\/Schoeckl-Mountain-Graz-Austria-768x512.jpg.webp 768w, https:\/\/www.travelgeekery.com\/wp-content\/uploads\/2024\/03\/Schoeckl-Mountain-Graz-Austria-960x640.jpg.webp 960w, https:\/\/www.travelgeekery.com\/wp-content\/uploads\/2024\/03\/Schoeckl-Mountain-Graz-Austria-150x100.jpg.webp 150w\" sizes=\"auto, (max-width: 760px) calc(100vw - 40px), 720px\" data-pin-media=\"https:\/\/www.travelgeekery.com\/wp-content\/uploads\/2024\/03\/Schoeckl-Mountain-Graz-Austria.jpg\" id=\"mv-trellis-img-6\" data-trellis-processed=\"1\"><\/a><figcaption class=\"wp-element-caption\">Takto vypad&aacute; vrchol hory Sch&ouml;ckl (ciz&iacute; fotka)<\/figcaption><\/figure>\n\n\n\n<p><\/p>\n\n\n\n<p>Zat&iacute;mco o ho&#345;e Sch&ouml;ckl jsem sly&scaron;ela jen z vypr&aacute;v&#283;n&iacute;; zvolila jsem jinou v&yacute;pravu do p&#345;&iacute;rody. Vyjela jsem vlakem z Grazu, jednou p&#345;estoupila a po necel&eacute; hodin&#283; dorazila do roztomil&eacute; vesni&#269;ky &Uuml;belbach, skv&#283;l&eacute;ho v&yacute;choz&iacute;ho bodu pro v&yacute;lety do t&eacute;to &#269;&aacute;sti Alp zvan&eacute; Seetalsk&eacute; Alpy.<\/p>\n\n\n\n<p>Najdete zde mnoho turistick&yacute;ch tras lemuj&iacute;c&iacute;ch nekone&#269;n&eacute; zelen&eacute; pastviny, po nich&#382; se proh&aacute;n&#283;j&iacute; zv&#283;dav&eacute; kr&aacute;vy, p&#283;kn&eacute; lesy a &#269;etn&eacute; vrcholy.<\/p>\n\n\n\n<p>Lid&eacute; zde bydl&iacute; v mal&yacute;ch chat&aacute;ch po celou prodlou&#382;enou letn&iacute; sez&oacute;nu, aby dohl&eacute;dli na sv&aacute; st&aacute;da dobytka a zaopat&#345;ili turisty, kte&#345;&iacute; p&#345;ijdou &#382;&iacute;zniv&iacute; nebo hladov&iacute;.<\/p>\n\n\n\n<p>P&#345;&iacute;mo nad &Uuml;belbachem se nach&aacute;zej&iacute; &#269;ty&#345;i chaty, ke kter&yacute;m se m&#367;&#382;ete vydat. Kdysi tu byly t&#345;i a oblasti mezi nimi se p&#345;ezd&iacute;valo bermudsk&yacute; troj&uacute;heln&iacute;k. :) Je toti&#382; obl&iacute;ben&aacute; nejen pro p&#283;&scaron;&iacute; turistiku, ale tak&eacute; jako kr&aacute;sn&eacute; p&#345;&iacute;rodn&iacute; prost&#345;ed&iacute; pro rozlu&#269;ky se svobodou. Raku&scaron;an&eacute; se vyd&aacute;vali na tyto nen&aacute;ro&#269;n&eacute; t&uacute;ry, v ka&#382;d&eacute; chat&#283; si dali skleni&#269;ku nebo dv&#283; a ob&#269;as se n&#283;kdo ztratil. Tak vznikla p&#345;ezd&iacute;vka bermudsk&yacute; troj&uacute;heln&iacute;k. To, &#382;e se rozlu&#269;ky se svobodou konaj&iacute; takhle v hor&aacute;ch, mi p&#345;ijde roztomil&eacute; a kr&aacute;sn&#283; rakousk&eacute;. :)<\/p>\n\n\n\n<figure class=\"wp-block-gallery has-nested-images columns-default is-cropped wp-block-gallery-1 is-layout-flex wp-block-gallery-is-layout-flex\">\n<figure class=\"wp-block-image size-large\"><a href=\"https:\/\/www.travelgeekery.com\/wp-content\/uploads\/2024\/03\/Views-when-hiking-near-Graz.jpg\"><noscript><img loading=\"lazy\" decoding=\"async\" width=\"563\" height=\"1000\" data-id=\"16071\" src=\"https:\/\/www.travelgeekery.com\/wp-content\/uploads\/2024\/03\/Views-when-hiking-near-Graz.jpg\" alt=\"View of green mountain peaks on the background of blue sky\" class=\"wp-image-16071\" srcset=\"https:\/\/www.travelgeekery.com\/wp-content\/uploads\/2024\/03\/Views-when-hiking-near-Graz.jpg 563w, https:\/\/www.travelgeekery.com\/wp-content\/uploads\/2024\/03\/Views-when-hiking-near-Graz-169x300.jpg 169w, https:\/\/www.travelgeekery.com\/wp-content\/uploads\/2024\/03\/Views-when-hiking-near-Graz-540x960.jpg 540w, https:\/\/www.travelgeekery.com\/wp-content\/uploads\/2024\/03\/Views-when-hiking-near-Graz-150x266.jpg 150w\" sizes=\"auto, (max-width: 563px) 100vw, 563px\" data-pin-media=\"https:\/\/www.travelgeekery.com\/wp-content\/uploads\/2024\/03\/Views-when-hiking-near-Graz.jpg\"><\/noscript><img loading=\"lazy\" decoding=\"async\" width=\"563\" height=\"1000\" data-id=\"16071\" src=\"https:\/\/www.travelgeekery.com\/wp-content\/uploads\/2024\/03\/Views-when-hiking-near-Graz.jpg.webp\" alt=\"View of green mountain peaks on the background of blue sky\" class=\"wp-image-16071 lazyload\" srcset=\"https:\/\/www.travelgeekery.com\/wp-content\/uploads\/2024\/03\/Views-when-hiking-near-Graz.jpg.webp 563w, https:\/\/www.travelgeekery.com\/wp-content\/uploads\/2024\/03\/Views-when-hiking-near-Graz-169x300.jpg.webp 169w, https:\/\/www.travelgeekery.com\/wp-content\/uploads\/2024\/03\/Views-when-hiking-near-Graz-540x960.jpg.webp 540w, https:\/\/www.travelgeekery.com\/wp-content\/uploads\/2024\/03\/Views-when-hiking-near-Graz-150x266.jpg.webp 150w\" sizes=\"auto, (max-width: 563px) 100vw, 563px\" data-pin-media=\"https:\/\/www.travelgeekery.com\/wp-content\/uploads\/2024\/03\/Views-when-hiking-near-Graz.jpg\" id=\"mv-trellis-img-7\" data-trellis-processed=\"1\"><\/a><figcaption class=\"wp-element-caption\">Kr&aacute;sn&eacute; v&yacute;hledy, kdy&#382; vyraz&iacute;te za humna Grazu<\/figcaption><\/figure>\n\n\n\n<figure class=\"wp-block-image size-large\"><a href=\"https:\/\/www.travelgeekery.com\/wp-content\/uploads\/2024\/03\/Small-huts-in-Styrian-mountains.jpg\"><noscript><img loading=\"lazy\" decoding=\"async\" width=\"563\" height=\"1000\" data-id=\"16065\" src=\"https:\/\/www.travelgeekery.com\/wp-content\/uploads\/2024\/03\/Small-huts-in-Styrian-mountains.jpg\" alt=\"Small huts in Austrian countryside\" class=\"wp-image-16065\" srcset=\"https:\/\/www.travelgeekery.com\/wp-content\/uploads\/2024\/03\/Small-huts-in-Styrian-mountains.jpg 563w, https:\/\/www.travelgeekery.com\/wp-content\/uploads\/2024\/03\/Small-huts-in-Styrian-mountains-169x300.jpg 169w, https:\/\/www.travelgeekery.com\/wp-content\/uploads\/2024\/03\/Small-huts-in-Styrian-mountains-540x960.jpg 540w, https:\/\/www.travelgeekery.com\/wp-content\/uploads\/2024\/03\/Small-huts-in-Styrian-mountains-150x266.jpg 150w\" sizes=\"auto, (max-width: 563px) 100vw, 563px\" data-pin-media=\"https:\/\/www.travelgeekery.com\/wp-content\/uploads\/2024\/03\/Small-huts-in-Styrian-mountains.jpg\"><\/noscript><img loading=\"lazy\" decoding=\"async\" width=\"563\" height=\"1000\" data-id=\"16065\" src=\"https:\/\/www.travelgeekery.com\/wp-content\/uploads\/2024\/03\/Small-huts-in-Styrian-mountains.jpg.webp\" alt=\"Small huts in Austrian countryside\" class=\"wp-image-16065 lazyload\" srcset=\"https:\/\/www.travelgeekery.com\/wp-content\/uploads\/2024\/03\/Small-huts-in-Styrian-mountains.jpg.webp 563w, https:\/\/www.travelgeekery.com\/wp-content\/uploads\/2024\/03\/Small-huts-in-Styrian-mountains-169x300.jpg.webp 169w, https:\/\/www.travelgeekery.com\/wp-content\/uploads\/2024\/03\/Small-huts-in-Styrian-mountains-540x960.jpg.webp 540w, https:\/\/www.travelgeekery.com\/wp-content\/uploads\/2024\/03\/Small-huts-in-Styrian-mountains-150x266.jpg.webp 150w\" sizes=\"auto, (max-width: 563px) 100vw, 563px\" data-pin-media=\"https:\/\/www.travelgeekery.com\/wp-content\/uploads\/2024\/03\/Small-huts-in-Styrian-mountains.jpg\" id=\"mv-trellis-img-8\" data-trellis-processed=\"1\"><\/a><figcaption class=\"wp-element-caption\">Chati&#269;ka Gmoa Alm Hut je p&#345;ipraven&aacute; na n&aacute;v&scaron;t&#283;vu! :)<\/figcaption><\/figure>\n\n\n\n<figure class=\"wp-block-image size-large\"><a href=\"https:\/\/www.travelgeekery.com\/wp-content\/uploads\/2024\/03\/Nature-in-Styria-near-Graz.jpg\"><noscript><img loading=\"lazy\" decoding=\"async\" width=\"563\" height=\"1000\" data-id=\"16057\" src=\"https:\/\/www.travelgeekery.com\/wp-content\/uploads\/2024\/03\/Nature-in-Styria-near-Graz.jpg\" alt=\"A rock formation with a small window in the Styrian Alps\" class=\"wp-image-16057\" srcset=\"https:\/\/www.travelgeekery.com\/wp-content\/uploads\/2024\/03\/Nature-in-Styria-near-Graz.jpg 563w, https:\/\/www.travelgeekery.com\/wp-content\/uploads\/2024\/03\/Nature-in-Styria-near-Graz-169x300.jpg 169w, https:\/\/www.travelgeekery.com\/wp-content\/uploads\/2024\/03\/Nature-in-Styria-near-Graz-540x960.jpg 540w, https:\/\/www.travelgeekery.com\/wp-content\/uploads\/2024\/03\/Nature-in-Styria-near-Graz-150x266.jpg 150w\" sizes=\"auto, (max-width: 563px) 100vw, 563px\" data-pin-media=\"https:\/\/www.travelgeekery.com\/wp-content\/uploads\/2024\/03\/Nature-in-Styria-near-Graz.jpg\"><\/noscript><img loading=\"lazy\" decoding=\"async\" width=\"563\" height=\"1000\" data-id=\"16057\" src=\"https:\/\/www.travelgeekery.com\/wp-content\/uploads\/2024\/03\/Nature-in-Styria-near-Graz.jpg.webp\" alt=\"A rock formation with a small window in the Styrian Alps\" class=\"wp-image-16057 lazyload\" srcset=\"https:\/\/www.travelgeekery.com\/wp-content\/uploads\/2024\/03\/Nature-in-Styria-near-Graz.jpg.webp 563w, https:\/\/www.travelgeekery.com\/wp-content\/uploads\/2024\/03\/Nature-in-Styria-near-Graz-169x300.jpg.webp 169w, https:\/\/www.travelgeekery.com\/wp-content\/uploads\/2024\/03\/Nature-in-Styria-near-Graz-540x960.jpg.webp 540w, https:\/\/www.travelgeekery.com\/wp-content\/uploads\/2024\/03\/Nature-in-Styria-near-Graz-150x266.jpg.webp 150w\" sizes=\"auto, (max-width: 563px) 100vw, 563px\" data-pin-media=\"https:\/\/www.travelgeekery.com\/wp-content\/uploads\/2024\/03\/Nature-in-Styria-near-Graz.jpg\" id=\"mv-trellis-img-9\" data-trellis-processed=\"1\"><\/a><figcaption class=\"wp-element-caption\">V hor&aacute;ch nad &Uuml;belbachem najdete i zaj&iacute;mav&eacute; skaln&iacute; &uacute;tvary<\/figcaption><\/figure>\n<\/figure>\n\n\n\n<div class=\"wp-block-columns is-layout-flex wp-container-core-columns-is-layout-9d6595d7 wp-block-columns-is-layout-flex\">\n<div class=\"wp-block-column is-layout-flow wp-block-column-is-layout-flow\"><\/div>\n\n\n\n<div class=\"wp-block-column is-layout-flow wp-block-column-is-layout-flow\"><\/div>\n\n\n\n<div class=\"wp-block-column is-layout-flow wp-block-column-is-layout-flow\"><\/div>\n<\/div>\n\n\n\n<p>S m&iacute;stn&iacute; pr&#367;vodkyn&iacute; Karoline jsme vyu&#382;ily m&iacute;stn&iacute; komunitn&iacute; dopravu, kter&aacute; je dostupn&aacute;, levn&aacute; a funguje po cel&eacute;m &scaron;ir&scaron;&iacute;m &Scaron;t&yacute;rsk&eacute;m Hradci. V roce 2024 slu&#382;ba zm&#283;nila n&aacute;zev, nyn&iacute; se jmenuje Flux. <\/p>\n\n\n\n<p>Rezervace je jednoduch&aacute;, sta&#269;&iacute; ji prov&eacute;st na <a href=\"https:\/\/flux.at\/\" target=\"_blank\" rel=\"noreferrer noopener\">webu Fluxu<\/a> (v n&#283;m&#269;in&#283;), p&#345;es jejich aplikaci, &#269;i na telefonu. Jen pamatujte na objedn&aacute;n&iacute; m&iacute;stn&iacute;ho &bdquo;taxi&ldquo; hodinu p&#345;edem.<\/p>\n\n\n\n<p>Z n&aacute;dra&#382;&iacute; &Uuml;belbach jsme vyjely autem k prvn&iacute; chat&#283; &ndash; Plotscherbauer. Pak jsme se vydaly na okru&#382;n&iacute; t&uacute;ru, p&#345;i kter&eacute; jsme se zastavily u kr&aacute;sn&eacute; mal&eacute; chaty Gmoa Alm a podstatn&#283; v&#283;t&scaron;&iacute; chaty Moderer. Nakonec jsme se vr&aacute;tily na Plotscherbauer, kde jsme si pochutnaly na tal&iacute;&#345;i pln&eacute;m m&iacute;stn&iacute;ch dobrot &ndash; uzenin a s&yacute;r&#367;, v&scaron;e z produkce m&iacute;stn&iacute;ch farm&aacute;&#345;&#367;.<\/p>\n\n\n\n<p>Cel&aacute; t&uacute;ra zabrala necel&eacute; dv&#283; hodiny hezky pomal&eacute; ch&#367;ze a spousty zast&aacute;vek na focen&iacute; v&scaron;eho mo&#382;n&eacute;ho a pozn&aacute;v&aacute;n&iacute; m&iacute;stn&iacute;ho zp&#367;sobu &#382;ivota.<\/p>\n\n\n\n<p>Co byste si v&scaron;ak nem&#283;li nechat uj&iacute;t je ochutn&aacute;vka obl&iacute;ben&eacute;ho m&iacute;stn&iacute;ho m&iacute;rn&#283; alkoholick&eacute;ho n&aacute;poje <em>Tipperl<\/em>. Skl&aacute;d&aacute; se z b&iacute;l&eacute;ho v&iacute;na, malinov&eacute; limon&aacute;dy a vody.<\/p>\n\n\n\n<p>Pokud byste se r&aacute;di vydali na t&uacute;ru s pr&#367;vodkyn&iacute; jako j&aacute;, m&#367;&#382;ete se s Karoline spojit <a href=\"https:\/\/www.draussensein.at\/\" target=\"_blank\" rel=\"noreferrer noopener\">prost&#345;ednictv&iacute;m jej&iacute;ch webov&yacute;ch str&aacute;nek<\/a>. Mluv&iacute; i anglicky.<\/p>\n\n\n\n<figure class=\"wp-block-gallery has-nested-images columns-default is-cropped wp-block-gallery-2 is-layout-flex wp-block-gallery-is-layout-flex\">\n<figure class=\"wp-block-image size-large\"><a href=\"https:\/\/www.travelgeekery.com\/wp-content\/uploads\/2024\/03\/Tipperl-drink.jpg\"><noscript><img loading=\"lazy\" decoding=\"async\" width=\"563\" height=\"1000\" data-id=\"16069\" src=\"https:\/\/www.travelgeekery.com\/wp-content\/uploads\/2024\/03\/Tipperl-drink.jpg\" alt=\"Red colored drink on a table outside\" class=\"wp-image-16069\" srcset=\"https:\/\/www.travelgeekery.com\/wp-content\/uploads\/2024\/03\/Tipperl-drink.jpg 563w, https:\/\/www.travelgeekery.com\/wp-content\/uploads\/2024\/03\/Tipperl-drink-169x300.jpg 169w, https:\/\/www.travelgeekery.com\/wp-content\/uploads\/2024\/03\/Tipperl-drink-540x960.jpg 540w, https:\/\/www.travelgeekery.com\/wp-content\/uploads\/2024\/03\/Tipperl-drink-150x266.jpg 150w\" sizes=\"auto, (max-width: 563px) 100vw, 563px\" data-pin-media=\"https:\/\/www.travelgeekery.com\/wp-content\/uploads\/2024\/03\/Tipperl-drink.jpg\"><\/noscript><img loading=\"lazy\" decoding=\"async\" width=\"563\" height=\"1000\" data-id=\"16069\" src=\"https:\/\/www.travelgeekery.com\/wp-content\/uploads\/2024\/03\/Tipperl-drink.jpg.webp\" alt=\"Red colored drink on a table outside\" class=\"wp-image-16069 lazyload\" srcset=\"https:\/\/www.travelgeekery.com\/wp-content\/uploads\/2024\/03\/Tipperl-drink.jpg.webp 563w, https:\/\/www.travelgeekery.com\/wp-content\/uploads\/2024\/03\/Tipperl-drink-169x300.jpg.webp 169w, https:\/\/www.travelgeekery.com\/wp-content\/uploads\/2024\/03\/Tipperl-drink-540x960.jpg.webp 540w, https:\/\/www.travelgeekery.com\/wp-content\/uploads\/2024\/03\/Tipperl-drink-150x266.jpg.webp 150w\" sizes=\"auto, (max-width: 563px) 100vw, 563px\" data-pin-media=\"https:\/\/www.travelgeekery.com\/wp-content\/uploads\/2024\/03\/Tipperl-drink.jpg\" id=\"mv-trellis-img-10\" data-trellis-processed=\"1\"><\/a><figcaption class=\"wp-element-caption\">Vyzkou&scaron;ejte n&aacute;poj Tipperl, m&#283; moc chutnal!<\/figcaption><\/figure>\n\n\n\n<figure class=\"wp-block-image size-large\"><a href=\"https:\/\/www.travelgeekery.com\/wp-content\/uploads\/2024\/03\/Posing-with-Karoline.jpg\"><noscript><img loading=\"lazy\" decoding=\"async\" width=\"750\" height=\"1000\" data-id=\"16059\" src=\"https:\/\/www.travelgeekery.com\/wp-content\/uploads\/2024\/03\/Posing-with-Karoline.jpg\" alt=\"Two girls enjoying the sunshine outside of a mountain hut\" class=\"wp-image-16059\" srcset=\"https:\/\/www.travelgeekery.com\/wp-content\/uploads\/2024\/03\/Posing-with-Karoline.jpg 750w, https:\/\/www.travelgeekery.com\/wp-content\/uploads\/2024\/03\/Posing-with-Karoline-225x300.jpg 225w, https:\/\/www.travelgeekery.com\/wp-content\/uploads\/2024\/03\/Posing-with-Karoline-546x728.jpg 546w, https:\/\/www.travelgeekery.com\/wp-content\/uploads\/2024\/03\/Posing-with-Karoline-720x960.jpg 720w, https:\/\/www.travelgeekery.com\/wp-content\/uploads\/2024\/03\/Posing-with-Karoline-640x853.jpg 640w, https:\/\/www.travelgeekery.com\/wp-content\/uploads\/2024\/03\/Posing-with-Karoline-150x200.jpg 150w\" sizes=\"auto, (max-width: 760px) calc(100vw - 40px), 720px\" data-pin-media=\"https:\/\/www.travelgeekery.com\/wp-content\/uploads\/2024\/03\/Posing-with-Karoline.jpg\"><\/noscript><img loading=\"lazy\" decoding=\"async\" width=\"750\" height=\"1000\" data-id=\"16059\" src=\"https:\/\/www.travelgeekery.com\/wp-content\/uploads\/2024\/03\/Posing-with-Karoline.jpg.webp\" alt=\"Two girls enjoying the sunshine outside of a mountain hut\" class=\"wp-image-16059 lazyload\" srcset=\"https:\/\/www.travelgeekery.com\/wp-content\/uploads\/2024\/03\/Posing-with-Karoline.jpg.webp 750w, https:\/\/www.travelgeekery.com\/wp-content\/uploads\/2024\/03\/Posing-with-Karoline-225x300.jpg.webp 225w, https:\/\/www.travelgeekery.com\/wp-content\/uploads\/2024\/03\/Posing-with-Karoline-546x728.jpg.webp 546w, https:\/\/www.travelgeekery.com\/wp-content\/uploads\/2024\/03\/Posing-with-Karoline-720x960.jpg.webp 720w, https:\/\/www.travelgeekery.com\/wp-content\/uploads\/2024\/03\/Posing-with-Karoline-640x853.jpg.webp 640w, https:\/\/www.travelgeekery.com\/wp-content\/uploads\/2024\/03\/Posing-with-Karoline-150x200.jpg.webp 150w\" sizes=\"auto, (max-width: 760px) calc(100vw - 40px), 720px\" data-pin-media=\"https:\/\/www.travelgeekery.com\/wp-content\/uploads\/2024\/03\/Posing-with-Karoline.jpg\" id=\"mv-trellis-img-11\" data-trellis-processed=\"1\"><\/a><figcaption class=\"wp-element-caption\">S Karoline u chatky Gmoa Alm<\/figcaption><\/figure>\n\n\n\n<figure class=\"wp-block-image size-large\"><a href=\"https:\/\/www.travelgeekery.com\/wp-content\/uploads\/2024\/03\/Curious-cows-near-Ubelbach-Austria.jpg\"><noscript><img loading=\"lazy\" decoding=\"async\" width=\"563\" height=\"1000\" data-id=\"16047\" src=\"https:\/\/www.travelgeekery.com\/wp-content\/uploads\/2024\/03\/Curious-cows-near-Ubelbach-Austria.jpg\" alt=\"A cow posing with the view of Styrian Alps\" class=\"wp-image-16047\" srcset=\"https:\/\/www.travelgeekery.com\/wp-content\/uploads\/2024\/03\/Curious-cows-near-Ubelbach-Austria.jpg 563w, https:\/\/www.travelgeekery.com\/wp-content\/uploads\/2024\/03\/Curious-cows-near-Ubelbach-Austria-169x300.jpg 169w, https:\/\/www.travelgeekery.com\/wp-content\/uploads\/2024\/03\/Curious-cows-near-Ubelbach-Austria-540x960.jpg 540w, https:\/\/www.travelgeekery.com\/wp-content\/uploads\/2024\/03\/Curious-cows-near-Ubelbach-Austria-150x266.jpg 150w\" sizes=\"auto, (max-width: 563px) 100vw, 563px\" data-pin-media=\"https:\/\/www.travelgeekery.com\/wp-content\/uploads\/2024\/03\/Curious-cows-near-Ubelbach-Austria.jpg\"><\/noscript><img loading=\"lazy\" decoding=\"async\" width=\"563\" height=\"1000\" data-id=\"16047\" src=\"https:\/\/www.travelgeekery.com\/wp-content\/uploads\/2024\/03\/Curious-cows-near-Ubelbach-Austria.jpg.webp\" alt=\"A cow posing with the view of Styrian Alps\" class=\"wp-image-16047 lazyload\" srcset=\"https:\/\/www.travelgeekery.com\/wp-content\/uploads\/2024\/03\/Curious-cows-near-Ubelbach-Austria.jpg.webp 563w, https:\/\/www.travelgeekery.com\/wp-content\/uploads\/2024\/03\/Curious-cows-near-Ubelbach-Austria-169x300.jpg.webp 169w, https:\/\/www.travelgeekery.com\/wp-content\/uploads\/2024\/03\/Curious-cows-near-Ubelbach-Austria-540x960.jpg.webp 540w, https:\/\/www.travelgeekery.com\/wp-content\/uploads\/2024\/03\/Curious-cows-near-Ubelbach-Austria-150x266.jpg.webp 150w\" sizes=\"auto, (max-width: 563px) 100vw, 563px\" data-pin-media=\"https:\/\/www.travelgeekery.com\/wp-content\/uploads\/2024\/03\/Curious-cows-near-Ubelbach-Austria.jpg\" id=\"mv-trellis-img-12\" data-trellis-processed=\"1\"><\/a><figcaption class=\"wp-element-caption\">Tahle mlad&aacute; kravi&#269;ka vylo&#382;en&#283; p&oacute;zovala.<\/figcaption><\/figure>\n\n\n\n<figure class=\"wp-block-image size-large\"><a href=\"https:\/\/www.travelgeekery.com\/wp-content\/uploads\/2024\/03\/Chilling-at-one-of-Ubelbachs-huts.jpg\"><noscript><img loading=\"lazy\" decoding=\"async\" width=\"563\" height=\"1000\" data-id=\"16043\" src=\"https:\/\/www.travelgeekery.com\/wp-content\/uploads\/2024\/03\/Chilling-at-one-of-Ubelbachs-huts.jpg\" alt=\"A sunny balcony of a mountain hut in Styrian Alps\" class=\"wp-image-16043\" srcset=\"https:\/\/www.travelgeekery.com\/wp-content\/uploads\/2024\/03\/Chilling-at-one-of-Ubelbachs-huts.jpg 563w, https:\/\/www.travelgeekery.com\/wp-content\/uploads\/2024\/03\/Chilling-at-one-of-Ubelbachs-huts-169x300.jpg 169w, https:\/\/www.travelgeekery.com\/wp-content\/uploads\/2024\/03\/Chilling-at-one-of-Ubelbachs-huts-540x960.jpg 540w, https:\/\/www.travelgeekery.com\/wp-content\/uploads\/2024\/03\/Chilling-at-one-of-Ubelbachs-huts-150x266.jpg 150w\" sizes=\"auto, (max-width: 563px) 100vw, 563px\" data-pin-media=\"https:\/\/www.travelgeekery.com\/wp-content\/uploads\/2024\/03\/Chilling-at-one-of-Ubelbachs-huts.jpg\"><\/noscript><img loading=\"lazy\" decoding=\"async\" width=\"563\" height=\"1000\" data-id=\"16043\" src=\"https:\/\/www.travelgeekery.com\/wp-content\/uploads\/2024\/03\/Chilling-at-one-of-Ubelbachs-huts.jpg.webp\" alt=\"A sunny balcony of a mountain hut in Styrian Alps\" class=\"wp-image-16043 lazyload\" srcset=\"https:\/\/www.travelgeekery.com\/wp-content\/uploads\/2024\/03\/Chilling-at-one-of-Ubelbachs-huts.jpg.webp 563w, https:\/\/www.travelgeekery.com\/wp-content\/uploads\/2024\/03\/Chilling-at-one-of-Ubelbachs-huts-169x300.jpg.webp 169w, https:\/\/www.travelgeekery.com\/wp-content\/uploads\/2024\/03\/Chilling-at-one-of-Ubelbachs-huts-540x960.jpg.webp 540w, https:\/\/www.travelgeekery.com\/wp-content\/uploads\/2024\/03\/Chilling-at-one-of-Ubelbachs-huts-150x266.jpg.webp 150w\" sizes=\"auto, (max-width: 563px) 100vw, 563px\" data-pin-media=\"https:\/\/www.travelgeekery.com\/wp-content\/uploads\/2024\/03\/Chilling-at-one-of-Ubelbachs-huts.jpg\" id=\"mv-trellis-img-13\" data-trellis-processed=\"1\"><\/a><figcaption class=\"wp-element-caption\">Odpo&#269;inek s v&yacute;hledem na chat&#283; Moderer<\/figcaption><\/figure>\n\n\n\n<figure class=\"wp-block-image size-large\"><a href=\"https:\/\/www.travelgeekery.com\/wp-content\/uploads\/2024\/03\/Farmers-produce-at-one-of-Ubelbach-huts.jpg\"><noscript><img loading=\"lazy\" decoding=\"async\" width=\"563\" height=\"1000\" data-id=\"16053\" src=\"https:\/\/www.travelgeekery.com\/wp-content\/uploads\/2024\/03\/Farmers-produce-at-one-of-Ubelbach-huts.jpg\" alt=\"View of meats, cheeses and bread on a table outside\" class=\"wp-image-16053\" srcset=\"https:\/\/www.travelgeekery.com\/wp-content\/uploads\/2024\/03\/Farmers-produce-at-one-of-Ubelbach-huts.jpg 563w, https:\/\/www.travelgeekery.com\/wp-content\/uploads\/2024\/03\/Farmers-produce-at-one-of-Ubelbach-huts-169x300.jpg 169w, https:\/\/www.travelgeekery.com\/wp-content\/uploads\/2024\/03\/Farmers-produce-at-one-of-Ubelbach-huts-540x960.jpg 540w, https:\/\/www.travelgeekery.com\/wp-content\/uploads\/2024\/03\/Farmers-produce-at-one-of-Ubelbach-huts-150x266.jpg 150w\" sizes=\"auto, (max-width: 563px) 100vw, 563px\" data-pin-media=\"https:\/\/www.travelgeekery.com\/wp-content\/uploads\/2024\/03\/Farmers-produce-at-one-of-Ubelbach-huts.jpg\"><\/noscript><img loading=\"lazy\" decoding=\"async\" width=\"563\" height=\"1000\" data-id=\"16053\" src=\"https:\/\/www.travelgeekery.com\/wp-content\/uploads\/2024\/03\/Farmers-produce-at-one-of-Ubelbach-huts.jpg.webp\" alt=\"View of meats, cheeses and bread on a table outside\" class=\"wp-image-16053 lazyload\" srcset=\"https:\/\/www.travelgeekery.com\/wp-content\/uploads\/2024\/03\/Farmers-produce-at-one-of-Ubelbach-huts.jpg.webp 563w, https:\/\/www.travelgeekery.com\/wp-content\/uploads\/2024\/03\/Farmers-produce-at-one-of-Ubelbach-huts-169x300.jpg.webp 169w, https:\/\/www.travelgeekery.com\/wp-content\/uploads\/2024\/03\/Farmers-produce-at-one-of-Ubelbach-huts-540x960.jpg.webp 540w, https:\/\/www.travelgeekery.com\/wp-content\/uploads\/2024\/03\/Farmers-produce-at-one-of-Ubelbach-huts-150x266.jpg.webp 150w\" sizes=\"auto, (max-width: 563px) 100vw, 563px\" data-pin-media=\"https:\/\/www.travelgeekery.com\/wp-content\/uploads\/2024\/03\/Farmers-produce-at-one-of-Ubelbach-huts.jpg\" id=\"mv-trellis-img-14\" data-trellis-processed=\"1\"><\/a><figcaption class=\"wp-element-caption\">Farm&aacute;&#345;sk&eacute; dobroty na chat&#283; Plotscherbauer<\/figcaption><\/figure>\n<\/figure>\n\n\n\n<p><\/p>\n\n\n\n<h2 class=\"wp-block-heading\"><span class=\"ez-toc-section\" id=\"5_Raj_pro_gurmany\"><\/span>5. <strong>R&aacute;j pro gurm&aacute;ny<\/strong><span class=\"ez-toc-section-end\"><\/span><\/h2>\n\n\n\n<p>P&#345;ed n&aacute;v&scaron;t&#283;vou &Scaron;t&yacute;rsk&eacute;ho Hradce jsem sly&scaron;ela z v&iacute;ce stran, &#382;e je to hlavn&iacute; m&#283;sto gurm&aacute;n&#367;, tak&#382;e jsem p&#345;ijela p&#345;ipraven&aacute; a nat&#283;&scaron;en&aacute; na gastronomick&eacute; dobrodru&#382;stv&iacute;. A Graz nezklamal.<\/p>\n\n\n\n<p>Vyzkou&scaron;eli jsme nejr&#367;zn&#283;j&scaron;&iacute; m&iacute;stn&iacute; rakousk&eacute; pokrmy, v&#269;etn&#283; po&#345;&aacute;dn&yacute;ch &#345;&iacute;zk&#367; a j&iacute;del pokapan&yacute;ch d&yacute;&#328;ov&yacute;m olejem. Je&scaron;t&#283; v&iacute;ce jsme si zamilovali modern&iacute; verzi tradi&#269;n&iacute; (t&#283;&#382;k&eacute;) rakousk&eacute; kuchyn&#283;.<\/p>\n\n\n\n<div class=\"wp-block-columns is-layout-flex wp-container-core-columns-is-layout-9d6595d7 wp-block-columns-is-layout-flex\">\n<div class=\"wp-block-column is-layout-flow wp-block-column-is-layout-flow\" style=\"flex-basis:25%\">\n<figure class=\"wp-block-image size-large\"><a href=\"https:\/\/www.travelgeekery.com\/wp-content\/uploads\/2023\/10\/Food-at-Glockl-Brau-Graz-576x1024.jpg\"><noscript><img loading=\"lazy\" decoding=\"async\" width=\"576\" height=\"1024\" src=\"https:\/\/www.travelgeekery.com\/wp-content\/uploads\/2023\/10\/Food-at-Glockl-Brau-Graz-576x1024.jpg\" alt=\"Food at Glo&#776;ckl Bra&#776;u Graz\" class=\"wp-image-15624\" srcset=\"https:\/\/www.travelgeekery.com\/wp-content\/uploads\/2023\/10\/Food-at-Glockl-Brau-Graz-576x1024.jpg 576w, https:\/\/www.travelgeekery.com\/wp-content\/uploads\/2023\/10\/Food-at-Glockl-Brau-Graz-169x300.jpg 169w, https:\/\/www.travelgeekery.com\/wp-content\/uploads\/2023\/10\/Food-at-Glockl-Brau-Graz-540x960.jpg 540w, https:\/\/www.travelgeekery.com\/wp-content\/uploads\/2023\/10\/Food-at-Glockl-Brau-Graz-150x267.jpg 150w, https:\/\/www.travelgeekery.com\/wp-content\/uploads\/2023\/10\/Food-at-Glockl-Brau-Graz.jpg 600w\" sizes=\"auto, (max-width: 576px) 100vw, 576px\" data-pin-media=\"https:\/\/www.travelgeekery.com\/wp-content\/uploads\/2023\/10\/Food-at-Glockl-Brau-Graz.jpg\"><\/noscript><img loading=\"lazy\" decoding=\"async\" width=\"576\" height=\"1024\" src=\"https:\/\/www.travelgeekery.com\/wp-content\/uploads\/2023\/10\/Food-at-Glockl-Brau-Graz-576x1024.jpg.webp\" alt=\"Food at Glo&#776;ckl Bra&#776;u Graz\" class=\"wp-image-15624 lazyload\" srcset=\"https:\/\/www.travelgeekery.com\/wp-content\/uploads\/2023\/10\/Food-at-Glockl-Brau-Graz-576x1024.jpg.webp 576w, https:\/\/www.travelgeekery.com\/wp-content\/uploads\/2023\/10\/Food-at-Glockl-Brau-Graz-169x300.jpg.webp 169w, https:\/\/www.travelgeekery.com\/wp-content\/uploads\/2023\/10\/Food-at-Glockl-Brau-Graz-540x960.jpg.webp 540w, https:\/\/www.travelgeekery.com\/wp-content\/uploads\/2023\/10\/Food-at-Glockl-Brau-Graz-150x267.jpg.webp 150w, https:\/\/www.travelgeekery.com\/wp-content\/uploads\/2023\/10\/Food-at-Glockl-Brau-Graz.jpg.webp 600w\" sizes=\"auto, (max-width: 576px) 100vw, 576px\" data-pin-media=\"https:\/\/www.travelgeekery.com\/wp-content\/uploads\/2023\/10\/Food-at-Glockl-Brau-Graz.jpg\" id=\"mv-trellis-img-15\" data-trellis-processed=\"1\"><\/a><figcaption class=\"wp-element-caption\">Vynikaj&iacute;c&iacute; j&iacute;dlo v Glo&#776;ckl Bra&#776;u &ndash; a samoz&#345;ejm&#283; pivo.<\/figcaption><\/figure>\n<\/div>\n\n\n\n<div class=\"wp-block-column is-layout-flow wp-block-column-is-layout-flow\" style=\"flex-basis:50%\">\n<figure class=\"wp-block-image size-full\"><a href=\"https:\/\/www.travelgeekery.com\/wp-content\/uploads\/2024\/03\/Styrian-Schnitzerl-with-pumpkin-seed-oil.jpg\"><noscript><img loading=\"lazy\" decoding=\"async\" width=\"1000\" height=\"611\" src=\"https:\/\/www.travelgeekery.com\/wp-content\/uploads\/2024\/03\/Styrian-Schnitzerl-with-pumpkin-seed-oil.jpg\" alt=\"View of a plate with a schnitzel covered in pumpkin seeds and potatoes with a green dressing\" class=\"wp-image-16067\" srcset=\"https:\/\/www.travelgeekery.com\/wp-content\/uploads\/2024\/03\/Styrian-Schnitzerl-with-pumpkin-seed-oil.jpg 1000w, https:\/\/www.travelgeekery.com\/wp-content\/uploads\/2024\/03\/Styrian-Schnitzerl-with-pumpkin-seed-oil-300x183.jpg 300w, https:\/\/www.travelgeekery.com\/wp-content\/uploads\/2024\/03\/Styrian-Schnitzerl-with-pumpkin-seed-oil-768x469.jpg 768w, https:\/\/www.travelgeekery.com\/wp-content\/uploads\/2024\/03\/Styrian-Schnitzerl-with-pumpkin-seed-oil-960x587.jpg 960w, https:\/\/www.travelgeekery.com\/wp-content\/uploads\/2024\/03\/Styrian-Schnitzerl-with-pumpkin-seed-oil-150x92.jpg 150w\" sizes=\"auto, (max-width: 760px) calc(100vw - 40px), 720px\" data-pin-media=\"https:\/\/www.travelgeekery.com\/wp-content\/uploads\/2024\/03\/Styrian-Schnitzerl-with-pumpkin-seed-oil.jpg\"><\/noscript><img loading=\"lazy\" decoding=\"async\" width=\"1000\" height=\"611\" src=\"https:\/\/www.travelgeekery.com\/wp-content\/uploads\/2024\/03\/Styrian-Schnitzerl-with-pumpkin-seed-oil.jpg.webp\" alt=\"View of a plate with a schnitzel covered in pumpkin seeds and potatoes with a green dressing\" class=\"wp-image-16067 lazyload\" srcset=\"https:\/\/www.travelgeekery.com\/wp-content\/uploads\/2024\/03\/Styrian-Schnitzerl-with-pumpkin-seed-oil.jpg.webp 1000w, https:\/\/www.travelgeekery.com\/wp-content\/uploads\/2024\/03\/Styrian-Schnitzerl-with-pumpkin-seed-oil-300x183.jpg.webp 300w, https:\/\/www.travelgeekery.com\/wp-content\/uploads\/2024\/03\/Styrian-Schnitzerl-with-pumpkin-seed-oil-768x469.jpg.webp 768w, https:\/\/www.travelgeekery.com\/wp-content\/uploads\/2024\/03\/Styrian-Schnitzerl-with-pumpkin-seed-oil-960x587.jpg.webp 960w, https:\/\/www.travelgeekery.com\/wp-content\/uploads\/2024\/03\/Styrian-Schnitzerl-with-pumpkin-seed-oil-150x92.jpg.webp 150w\" sizes=\"auto, (max-width: 760px) calc(100vw - 40px), 720px\" data-pin-media=\"https:\/\/www.travelgeekery.com\/wp-content\/uploads\/2024\/03\/Styrian-Schnitzerl-with-pumpkin-seed-oil.jpg\" id=\"mv-trellis-img-16\" data-trellis-processed=\"1\"><\/a><figcaption class=\"wp-element-caption\">Po&#345;&aacute;dn&yacute; &scaron;t&yacute;rsk&yacute; &#345;&iacute;zek s d&yacute;&#328;ov&yacute;mi sem&iacute;nky a zaj&iacute;mav&eacute; brambory k tomu, m&#328;am!<\/figcaption><\/figure>\n<\/div>\n\n\n\n<div class=\"wp-block-column is-layout-flow wp-block-column-is-layout-flow\" style=\"flex-basis:25%\">\n<figure class=\"wp-block-image size-full\"><a href=\"https:\/\/www.travelgeekery.com\/wp-content\/uploads\/2024\/03\/Enjoying-dinner-at-Dreizehn-Graz.jpg\"><noscript><img loading=\"lazy\" decoding=\"async\" width=\"563\" height=\"1000\" src=\"https:\/\/www.travelgeekery.com\/wp-content\/uploads\/2024\/03\/Enjoying-dinner-at-Dreizehn-Graz.jpg\" alt=\"Veronika enjoying her dinner at Dreizehn Restaurant Graz\" class=\"wp-image-16049\" srcset=\"https:\/\/www.travelgeekery.com\/wp-content\/uploads\/2024\/03\/Enjoying-dinner-at-Dreizehn-Graz.jpg 563w, https:\/\/www.travelgeekery.com\/wp-content\/uploads\/2024\/03\/Enjoying-dinner-at-Dreizehn-Graz-169x300.jpg 169w, https:\/\/www.travelgeekery.com\/wp-content\/uploads\/2024\/03\/Enjoying-dinner-at-Dreizehn-Graz-540x960.jpg 540w, https:\/\/www.travelgeekery.com\/wp-content\/uploads\/2024\/03\/Enjoying-dinner-at-Dreizehn-Graz-150x266.jpg 150w\" sizes=\"auto, (max-width: 563px) 100vw, 563px\" data-pin-media=\"https:\/\/www.travelgeekery.com\/wp-content\/uploads\/2024\/03\/Enjoying-dinner-at-Dreizehn-Graz.jpg\"><\/noscript><img loading=\"lazy\" decoding=\"async\" width=\"563\" height=\"1000\" src=\"https:\/\/www.travelgeekery.com\/wp-content\/uploads\/2024\/03\/Enjoying-dinner-at-Dreizehn-Graz.jpg.webp\" alt=\"Veronika enjoying her dinner at Dreizehn Restaurant Graz\" class=\"wp-image-16049 lazyload\" srcset=\"https:\/\/www.travelgeekery.com\/wp-content\/uploads\/2024\/03\/Enjoying-dinner-at-Dreizehn-Graz.jpg.webp 563w, https:\/\/www.travelgeekery.com\/wp-content\/uploads\/2024\/03\/Enjoying-dinner-at-Dreizehn-Graz-169x300.jpg.webp 169w, https:\/\/www.travelgeekery.com\/wp-content\/uploads\/2024\/03\/Enjoying-dinner-at-Dreizehn-Graz-540x960.jpg.webp 540w, https:\/\/www.travelgeekery.com\/wp-content\/uploads\/2024\/03\/Enjoying-dinner-at-Dreizehn-Graz-150x266.jpg.webp 150w\" sizes=\"auto, (max-width: 563px) 100vw, 563px\" data-pin-media=\"https:\/\/www.travelgeekery.com\/wp-content\/uploads\/2024\/03\/Enjoying-dinner-at-Dreizehn-Graz.jpg\" id=\"mv-trellis-img-17\" data-trellis-processed=\"1\"><\/a><figcaption class=\"wp-element-caption\">Trochu unaven&aacute;, ale maxim&aacute;ln&#283; si u&#382;&iacute;v&aacute;m kachn&iacute; confit v Dreizehn.<\/figcaption><\/figure>\n<\/div>\n<\/div>\n\n\n\n<p>Gasthaus Lend-Platzl a Gl&ouml;ckl Br&auml;u mohu v&#345;ele doporu&#269;it pro vynikaj&iacute;c&iacute; tradi&#269;n&iacute; i modern&iacute; rakouskou kuchyni. Pokud si chcete d&aacute;t lehkou ve&#269;e&#345;i, zajd&#283;te na ni do restaurace Dreizehn by Gauster; tam n&aacute;m moc chutnalo. Chcete-li si pochutnat na &scaron;pi&#269;kov&eacute;m fast foodu, zajd&#283;te do Indie Burger &ndash; v tomto podniku jsme jedli opakovan&#283; a dokonce jsme se vybavili burgery na cestu vlakem dom&#367;.<\/p>\n\n\n\n<p>Super je tak&eacute; kav&aacute;rna Kunsthaus Caf&eacute;, kde si m&#367;&#382;ete d&aacute;t k&aacute;vu i j&iacute;dlo.<\/p>\n\n\n\n<h2 class=\"wp-block-heading\"><span class=\"ez-toc-section\" id=\"6_Hlavni_mesto_kultury\"><\/span>6. <strong>Hlavn&iacute; m&#283;sto kultury<\/strong><span class=\"ez-toc-section-end\"><\/span><\/h2>\n\n\n\n<p>&Scaron;t&yacute;rsk&yacute; Hradec je m&iacute;stem, kde se snoub&iacute; um&#283;n&iacute; a kultura, a jak rozmanit&yacute; a harmonick&yacute; svazek to je!&nbsp;<\/p>\n\n\n\n<p>Kulturn&iacute; status &Scaron;t&yacute;rsk&eacute;ho Hradce byl ofici&aacute;ln&#283; potvrzen, kdy&#382; m&#283;sto z&iacute;skalo ocen&#283;n&iacute; Evropsk&eacute; hlavn&iacute; m&#283;sto kultury pro rok 2023.&nbsp;<\/p>\n\n\n\n<p>P&#345;i t&eacute;to p&#345;&iacute;le&#382;itosti bylo postaveno mnoho mimo&#345;&aacute;dn&yacute;ch staveb &ndash; v&#269;etn&#283; dvou nejzn&aacute;m&#283;j&scaron;&iacute;ch pam&aacute;tek &Scaron;t&yacute;rsk&eacute;ho Hradce. Murinsel, ostrov na &#345;ece Mur, spojuje dva b&#345;ehy &#345;eky a slou&#382;&iacute; jako kav&aacute;rna a m&iacute;sto kon&aacute;n&iacute; r&#367;zn&yacute;ch akc&iacute;. A&#269;koli m&#283;l b&yacute;t do&#269;asn&yacute;, z&#367;stal, proto&#382;e si ho m&iacute;stn&iacute; obyvatel&eacute; zamilovali. Dal&scaron;&iacute; pozoruhodnou stavbou je jedine&#269;n&#283; vyhl&iacute;&#382;ej&iacute;c&iacute; Muzeum um&#283;n&iacute; alias Kunsthaus, kter&eacute;mu se l&aacute;skypln&#283; p&#345;ezd&iacute;v&aacute; P&#345;&aacute;telsk&yacute; mimozem&scaron;&#357;an.&nbsp;<\/p>\n\n\n\n<div class=\"wp-block-columns is-layout-flex wp-container-core-columns-is-layout-9d6595d7 wp-block-columns-is-layout-flex\">\n<div class=\"wp-block-column is-layout-flow wp-block-column-is-layout-flow\">\n<figure class=\"wp-block-image size-large\"><a href=\"https:\/\/www.travelgeekery.com\/wp-content\/uploads\/2023\/10\/Murinsel-Graz-576x1024.jpg\"><noscript><img loading=\"lazy\" decoding=\"async\" width=\"576\" height=\"1024\" src=\"https:\/\/www.travelgeekery.com\/wp-content\/uploads\/2023\/10\/Murinsel-Graz-576x1024.jpg\" alt=\"Graz' famous floating island on the River Mur\" class=\"wp-image-15710\" srcset=\"https:\/\/www.travelgeekery.com\/wp-content\/uploads\/2023\/10\/Murinsel-Graz-576x1024.jpg 576w, https:\/\/www.travelgeekery.com\/wp-content\/uploads\/2023\/10\/Murinsel-Graz-169x300.jpg 169w, https:\/\/www.travelgeekery.com\/wp-content\/uploads\/2023\/10\/Murinsel-Graz-540x960.jpg 540w, https:\/\/www.travelgeekery.com\/wp-content\/uploads\/2023\/10\/Murinsel-Graz-150x267.jpg 150w, https:\/\/www.travelgeekery.com\/wp-content\/uploads\/2023\/10\/Murinsel-Graz.jpg 600w\" sizes=\"auto, (max-width: 576px) 100vw, 576px\" data-pin-media=\"https:\/\/www.travelgeekery.com\/wp-content\/uploads\/2023\/10\/Murinsel-Graz.jpg\"><\/noscript><img loading=\"lazy\" decoding=\"async\" width=\"576\" height=\"1024\" src=\"https:\/\/www.travelgeekery.com\/wp-content\/uploads\/2023\/10\/Murinsel-Graz-576x1024.jpg.webp\" alt=\"Graz' famous floating island on the River Mur\" class=\"wp-image-15710 lazyload\" srcset=\"https:\/\/www.travelgeekery.com\/wp-content\/uploads\/2023\/10\/Murinsel-Graz-576x1024.jpg.webp 576w, https:\/\/www.travelgeekery.com\/wp-content\/uploads\/2023\/10\/Murinsel-Graz-169x300.jpg.webp 169w, https:\/\/www.travelgeekery.com\/wp-content\/uploads\/2023\/10\/Murinsel-Graz-540x960.jpg.webp 540w, https:\/\/www.travelgeekery.com\/wp-content\/uploads\/2023\/10\/Murinsel-Graz-150x267.jpg.webp 150w, https:\/\/www.travelgeekery.com\/wp-content\/uploads\/2023\/10\/Murinsel-Graz.jpg.webp 600w\" sizes=\"auto, (max-width: 576px) 100vw, 576px\" data-pin-media=\"https:\/\/www.travelgeekery.com\/wp-content\/uploads\/2023\/10\/Murinsel-Graz.jpg\" id=\"mv-trellis-img-18\" data-trellis-processed=\"1\"><\/a><figcaption class=\"wp-element-caption\">Murinsel slou&#382;&iacute; tak&eacute; jako most, a je kr&aacute;sn&yacute;.<\/figcaption><\/figure>\n<\/div>\n\n\n\n<div class=\"wp-block-column is-layout-flow wp-block-column-is-layout-flow\">\n<figure class=\"wp-block-image size-large\"><a href=\"https:\/\/www.travelgeekery.com\/wp-content\/uploads\/2023\/10\/Kunsthaus-The-Friendly-Alien-Graz-576x1024.jpg\"><noscript><img loading=\"lazy\" decoding=\"async\" width=\"576\" height=\"1024\" src=\"https:\/\/www.travelgeekery.com\/wp-content\/uploads\/2023\/10\/Kunsthaus-The-Friendly-Alien-Graz-576x1024.jpg\" alt=\"View of the facade of Graz' famous Kunsthaus Museum\" class=\"wp-image-15690\" srcset=\"https:\/\/www.travelgeekery.com\/wp-content\/uploads\/2023\/10\/Kunsthaus-The-Friendly-Alien-Graz-576x1024.jpg 576w, https:\/\/www.travelgeekery.com\/wp-content\/uploads\/2023\/10\/Kunsthaus-The-Friendly-Alien-Graz-169x300.jpg 169w, https:\/\/www.travelgeekery.com\/wp-content\/uploads\/2023\/10\/Kunsthaus-The-Friendly-Alien-Graz-540x960.jpg 540w, https:\/\/www.travelgeekery.com\/wp-content\/uploads\/2023\/10\/Kunsthaus-The-Friendly-Alien-Graz-150x267.jpg 150w, https:\/\/www.travelgeekery.com\/wp-content\/uploads\/2023\/10\/Kunsthaus-The-Friendly-Alien-Graz.jpg 600w\" sizes=\"auto, (max-width: 576px) 100vw, 576px\" data-pin-media=\"https:\/\/www.travelgeekery.com\/wp-content\/uploads\/2023\/10\/Kunsthaus-The-Friendly-Alien-Graz.jpg\"><\/noscript><img loading=\"lazy\" decoding=\"async\" width=\"576\" height=\"1024\" src=\"https:\/\/www.travelgeekery.com\/wp-content\/uploads\/2023\/10\/Kunsthaus-The-Friendly-Alien-Graz-576x1024.jpg.webp\" alt=\"View of the facade of Graz' famous Kunsthaus Museum\" class=\"wp-image-15690 lazyload\" srcset=\"https:\/\/www.travelgeekery.com\/wp-content\/uploads\/2023\/10\/Kunsthaus-The-Friendly-Alien-Graz-576x1024.jpg.webp 576w, https:\/\/www.travelgeekery.com\/wp-content\/uploads\/2023\/10\/Kunsthaus-The-Friendly-Alien-Graz-169x300.jpg.webp 169w, https:\/\/www.travelgeekery.com\/wp-content\/uploads\/2023\/10\/Kunsthaus-The-Friendly-Alien-Graz-540x960.jpg.webp 540w, https:\/\/www.travelgeekery.com\/wp-content\/uploads\/2023\/10\/Kunsthaus-The-Friendly-Alien-Graz-150x267.jpg.webp 150w, https:\/\/www.travelgeekery.com\/wp-content\/uploads\/2023\/10\/Kunsthaus-The-Friendly-Alien-Graz.jpg.webp 600w\" sizes=\"auto, (max-width: 576px) 100vw, 576px\" data-pin-media=\"https:\/\/www.travelgeekery.com\/wp-content\/uploads\/2023\/10\/Kunsthaus-The-Friendly-Alien-Graz.jpg\" id=\"mv-trellis-img-19\" data-trellis-processed=\"1\"><\/a><figcaption class=\"wp-element-caption\">P&#345;&aacute;telsk&yacute; mimozem&scaron;&#357;an p&#283;kn&#283; zbl&iacute;zka<\/figcaption><\/figure>\n<\/div>\n<\/div>\n\n\n\n<p>P&#345;esto&#382;e se b&#283;&#382;n&#283; st&aacute;v&aacute;, &#382;e titul Evropsk&eacute; hlavn&iacute; m&#283;sto kultury v jednom roce z&iacute;sk&aacute;v&aacute; v&iacute;ce m&#283;st, &Scaron;t&yacute;rsk&yacute; Hradec m&#283;l tu &#269;est, &#382;e mu titul pat&#345;il cel&yacute; rok, ani&#382; by se o n&#283;j musel d&#283;lit s jin&yacute;m m&#283;stem.<\/p>\n\n\n\n<h2 class=\"wp-block-heading\"><span class=\"ez-toc-section\" id=\"7_Za_vsim_hledej_udrzitelnost\"><\/span>7. <strong>Za v&scaron;&iacute;m hledej udr&#382;itelnost<\/strong><span class=\"ez-toc-section-end\"><\/span><\/h2>\n\n\n\n<p>Udr&#382;itelnost je m&oacute;dn&iacute; slovo modern&iacute; doby. No ne? Zat&iacute;mco na mnoha m&iacute;stech neobratn&#283; z&aacute;pas&iacute; s udr&#382;iteln&yacute;mi postupy, Graz je jedn&iacute;m z m&aacute;la p&#345;&iacute;klad&#367;, kde se o v&#283;cech rozhoduje s d&#367;razem na udr&#382;itelnost.&nbsp;<\/p>\n\n\n\n<p>Obdivuju, jak Graz Tourism pom&aacute;h&aacute; cestovatel&#367;m u&#382;&iacute;t si cestu do &Scaron;t&yacute;rsk&eacute;ho Hradce udr&#382;iteln&yacute;m zp&#367;sobem a dokonce poskytuje <a href=\"https:\/\/www.graztourismus.at\/en\/sightseeing-culture\/discover-graz\/sustainable-holidays-in-graz\" target=\"_blank\" rel=\"noreferrer noopener\">komplexn&iacute;ho pr&#367;vodce udr&#382;itelnou dovolenou ve &Scaron;t&yacute;rsk&eacute;m Hradci<\/a> (v angli&#269;tin&#283;).<\/p>\n\n\n\n<p>Jde o to, abychom podporovali m&iacute;stn&iacute; mal&eacute; podniky, vraceli pen&iacute;ze komunit&#283; a uv&#283;dom&#283;le se rozhodovali o na&scaron;ich n&aacute;kupech.<\/p>\n\n\n\n<p>P&#345;i pl&aacute;nov&aacute;n&iacute; cesty do &Scaron;t&yacute;rsk&eacute;ho Hradce si nezapome&#328;te rezervovat ubytov&aacute;n&iacute; p&#345;&iacute;mo v n&#283;kter&eacute;m z m&iacute;stn&iacute;ch hotel&#367; (v&#345;ele doporu&#269;uji <a href=\"https:\/\/en.lendplatzl.at\/\" target=\"_blank\" rel=\"noreferrer noopener\">Gasthof Lend-Platzl<\/a>).&nbsp;<\/p>\n\n\n\n<p>Pokud byste n&#283;kdy t&aacute;pali, m&#367;&#382;ete se obr&aacute;tit na udr&#382;iteln&eacute;ho pr&#367;vodce Grazem a informa&#269;n&iacute; centrum, kter&eacute; najdete na Herrengasse 16 v centru m&#283;sta.<\/p>\n\n\n\n<div class=\"wp-block-columns is-layout-flex wp-container-core-columns-is-layout-9d6595d7 wp-block-columns-is-layout-flex\">\n<div class=\"wp-block-column is-layout-flow wp-block-column-is-layout-flow\">\n<figure class=\"wp-block-image size-full\"><a href=\"https:\/\/www.travelgeekery.com\/wp-content\/uploads\/2024\/03\/Lend-Neighborhood-Graz.jpg\"><noscript><img loading=\"lazy\" decoding=\"async\" width=\"563\" height=\"751\" src=\"https:\/\/www.travelgeekery.com\/wp-content\/uploads\/2024\/03\/Lend-Neighborhood-Graz-edited.jpg\" alt=\"Circles drawn on a road in Graz neighborhood\" class=\"wp-image-16076\" srcset=\"https:\/\/www.travelgeekery.com\/wp-content\/uploads\/2024\/03\/Lend-Neighborhood-Graz-edited.jpg 563w, https:\/\/www.travelgeekery.com\/wp-content\/uploads\/2024\/03\/Lend-Neighborhood-Graz-edited-225x300.jpg 225w, https:\/\/www.travelgeekery.com\/wp-content\/uploads\/2024\/03\/Lend-Neighborhood-Graz-edited-546x728.jpg 546w, https:\/\/www.travelgeekery.com\/wp-content\/uploads\/2024\/03\/Lend-Neighborhood-Graz-edited-150x200.jpg 150w\" sizes=\"auto, (max-width: 563px) 100vw, 563px\" data-pin-media=\"https:\/\/www.travelgeekery.com\/wp-content\/uploads\/2024\/03\/Lend-Neighborhood-Graz-edited.jpg\"><\/noscript><img loading=\"lazy\" decoding=\"async\" width=\"563\" height=\"751\" src=\"https:\/\/www.travelgeekery.com\/wp-content\/uploads\/2024\/03\/Lend-Neighborhood-Graz-edited.jpg.webp\" alt=\"Circles drawn on a road in Graz neighborhood\" class=\"wp-image-16076 lazyload\" srcset=\"https:\/\/www.travelgeekery.com\/wp-content\/uploads\/2024\/03\/Lend-Neighborhood-Graz-edited.jpg.webp 563w, https:\/\/www.travelgeekery.com\/wp-content\/uploads\/2024\/03\/Lend-Neighborhood-Graz-edited-225x300.jpg.webp 225w, https:\/\/www.travelgeekery.com\/wp-content\/uploads\/2024\/03\/Lend-Neighborhood-Graz-edited-546x728.jpg.webp 546w, https:\/\/www.travelgeekery.com\/wp-content\/uploads\/2024\/03\/Lend-Neighborhood-Graz-edited-150x200.jpg.webp 150w\" sizes=\"auto, (max-width: 563px) 100vw, 563px\" data-pin-media=\"https:\/\/www.travelgeekery.com\/wp-content\/uploads\/2024\/03\/Lend-Neighborhood-Graz-edited.jpg\" id=\"mv-trellis-img-20\" data-trellis-processed=\"1\"><\/a><figcaption class=\"wp-element-caption\">&#268;tvr&#357; Lend m&aacute; styl!<\/figcaption><\/figure>\n<\/div>\n\n\n\n<div class=\"wp-block-column is-layout-flow wp-block-column-is-layout-flow\">\n<figure class=\"wp-block-image size-full\"><a href=\"https:\/\/www.travelgeekery.com\/wp-content\/uploads\/2024\/03\/Community-Store-in-Graz.jpg\"><noscript><img loading=\"lazy\" decoding=\"async\" width=\"750\" height=\"1000\" src=\"https:\/\/www.travelgeekery.com\/wp-content\/uploads\/2024\/03\/Community-Store-in-Graz.jpg\" alt=\"People hanging by an outdoor community store in Graz, Austria\" class=\"wp-image-16045\" srcset=\"https:\/\/www.travelgeekery.com\/wp-content\/uploads\/2024\/03\/Community-Store-in-Graz.jpg 750w, https:\/\/www.travelgeekery.com\/wp-content\/uploads\/2024\/03\/Community-Store-in-Graz-225x300.jpg 225w, https:\/\/www.travelgeekery.com\/wp-content\/uploads\/2024\/03\/Community-Store-in-Graz-546x728.jpg 546w, https:\/\/www.travelgeekery.com\/wp-content\/uploads\/2024\/03\/Community-Store-in-Graz-720x960.jpg 720w, https:\/\/www.travelgeekery.com\/wp-content\/uploads\/2024\/03\/Community-Store-in-Graz-640x853.jpg 640w, https:\/\/www.travelgeekery.com\/wp-content\/uploads\/2024\/03\/Community-Store-in-Graz-150x200.jpg 150w\" sizes=\"auto, (max-width: 760px) calc(100vw - 40px), 720px\" data-pin-media=\"https:\/\/www.travelgeekery.com\/wp-content\/uploads\/2024\/03\/Community-Store-in-Graz.jpg\"><\/noscript><img loading=\"lazy\" decoding=\"async\" width=\"750\" height=\"1000\" src=\"https:\/\/www.travelgeekery.com\/wp-content\/uploads\/2024\/03\/Community-Store-in-Graz.jpg.webp\" alt=\"People hanging by an outdoor community store in Graz, Austria\" class=\"wp-image-16045 lazyload\" srcset=\"https:\/\/www.travelgeekery.com\/wp-content\/uploads\/2024\/03\/Community-Store-in-Graz.jpg.webp 750w, https:\/\/www.travelgeekery.com\/wp-content\/uploads\/2024\/03\/Community-Store-in-Graz-225x300.jpg.webp 225w, https:\/\/www.travelgeekery.com\/wp-content\/uploads\/2024\/03\/Community-Store-in-Graz-546x728.jpg.webp 546w, https:\/\/www.travelgeekery.com\/wp-content\/uploads\/2024\/03\/Community-Store-in-Graz-720x960.jpg.webp 720w, https:\/\/www.travelgeekery.com\/wp-content\/uploads\/2024\/03\/Community-Store-in-Graz-640x853.jpg.webp 640w, https:\/\/www.travelgeekery.com\/wp-content\/uploads\/2024\/03\/Community-Store-in-Graz-150x200.jpg.webp 150w\" sizes=\"auto, (max-width: 760px) calc(100vw - 40px), 720px\" data-pin-media=\"https:\/\/www.travelgeekery.com\/wp-content\/uploads\/2024\/03\/Community-Store-in-Graz.jpg\" id=\"mv-trellis-img-21\" data-trellis-processed=\"1\"><\/a><figcaption class=\"wp-element-caption\">Tento roztomil&yacute; komunitn&iacute; obch&#367;dek ve &#269;tvrti Lend prod&aacute;v&aacute; od v&scaron;eho n&#283;co.<\/figcaption><\/figure>\n<\/div>\n<\/div>\n\n\n\n<p><\/p>\n\n\n\n<p>Tak&eacute; okol&iacute; n&aacute;m&#283;st&iacute; Lendplatz a&#382; ke Kunsthausu je pln&eacute; obch&#367;dk&#367; a mal&yacute;ch komunitn&iacute;ch podnik&#367;.<\/p>\n\n\n\n<p>Tento bod souvis&iacute; s:<\/p>\n\n\n\n<h2 class=\"wp-block-heading\"><span class=\"ez-toc-section\" id=\"8_Pesi_%3E_auta\"><\/span>8. <strong>P&#283;&scaron;&iacute; &gt; auta<\/strong><span class=\"ez-toc-section-end\"><\/span><\/h2>\n\n\n\n<div class=\"wp-block-columns is-layout-flex wp-container-core-columns-is-layout-9d6595d7 wp-block-columns-is-layout-flex\">\n<div class=\"wp-block-column is-layout-flow wp-block-column-is-layout-flow\">\n<p>Centrum &Scaron;t&yacute;rsk&eacute;ho Hradce je jedine&#269;n&eacute; svou p&#345;&iacute;v&#283;tivost&iacute; pro chodce. Je zde jasn&#283; c&iacute;tit, &#382;e historick&eacute; centrum pat&#345;&iacute; lidem, ne aut&#367;m.&nbsp;<\/p>\n\n\n\n<p>Mus&iacute;m se p&#345;iznat, &#382;e jsem p&#367;vodn&#283; pl&aacute;novala jet do Grazu autem, proto&#382;e to vypadalo jako nejpohodln&#283;j&scaron;&iacute; zp&#367;sob z Olomouce. Jakmile jsem v&scaron;ak za&#269;ala hledat parkovac&iacute; m&iacute;sta v centru, uv&#283;domila jsem si, &#382;e br&aacute;t s sebou auto nem&aacute; smysl. A je&scaron;t&#283; &#382;e tak! B&#283;hem &#269;ty&#345; dn&#367;, kter&eacute; jsme ve &Scaron;t&yacute;rsk&eacute;m Hradci str&aacute;vili, jsme auto v&#367;bec nepot&#345;ebovali. Dokonce jsem si ud&#283;lala p&#367;ldenn&iacute; v&yacute;let do Alp, kter&yacute; se dal snadno absolvovat vlakem. Nav&iacute;c do Grazu jezd&iacute; vlaky ze v&scaron;ech mo&#382;n&yacute;ch sm&#283;r&#367;, v&#269;etn&#283; Prahy, Brna, Lublan&#283;, Z&aacute;h&#345;ebu a Budape&scaron;ti.<\/p>\n<\/div>\n\n\n\n<div class=\"wp-block-column is-layout-flow wp-block-column-is-layout-flow\">\n<figure class=\"wp-block-image size-large\"><a href=\"https:\/\/www.travelgeekery.com\/wp-content\/uploads\/2023\/10\/Posing-with-the-Clock-Tower-of-Graz.jpg\"><noscript><img loading=\"lazy\" decoding=\"async\" width=\"600\" height=\"900\" src=\"https:\/\/www.travelgeekery.com\/wp-content\/uploads\/2024\/03\/Posing-with-the-Clock-Tower-of-Graz-edited-1.jpg\" alt=\"Veronika posing in front of Graz' famous clock tower called Uhrturm\" class=\"wp-image-16109\" srcset=\"https:\/\/www.travelgeekery.com\/wp-content\/uploads\/2024\/03\/Posing-with-the-Clock-Tower-of-Graz-edited-1.jpg 600w, https:\/\/www.travelgeekery.com\/wp-content\/uploads\/2024\/03\/Posing-with-the-Clock-Tower-of-Graz-edited-1-200x300.jpg 200w, https:\/\/www.travelgeekery.com\/wp-content\/uploads\/2024\/03\/Posing-with-the-Clock-Tower-of-Graz-edited-1-150x225.jpg 150w\" sizes=\"auto, (max-width: 600px) 100vw, 600px\" data-pin-media=\"https:\/\/www.travelgeekery.com\/wp-content\/uploads\/2024\/03\/Posing-with-the-Clock-Tower-of-Graz-edited-1.jpg\"><\/noscript><img loading=\"lazy\" decoding=\"async\" width=\"600\" height=\"900\" src=\"https:\/\/www.travelgeekery.com\/wp-content\/uploads\/2024\/03\/Posing-with-the-Clock-Tower-of-Graz-edited-1.jpg.webp\" alt=\"Veronika posing in front of Graz' famous clock tower called Uhrturm\" class=\"wp-image-16109 lazyload\" srcset=\"https:\/\/www.travelgeekery.com\/wp-content\/uploads\/2024\/03\/Posing-with-the-Clock-Tower-of-Graz-edited-1.jpg.webp 600w, https:\/\/www.travelgeekery.com\/wp-content\/uploads\/2024\/03\/Posing-with-the-Clock-Tower-of-Graz-edited-1-200x300.jpg.webp 200w, https:\/\/www.travelgeekery.com\/wp-content\/uploads\/2024\/03\/Posing-with-the-Clock-Tower-of-Graz-edited-1-150x225.jpg.webp 150w\" sizes=\"auto, (max-width: 600px) 100vw, 600px\" data-pin-media=\"https:\/\/www.travelgeekery.com\/wp-content\/uploads\/2024\/03\/Posing-with-the-Clock-Tower-of-Graz-edited-1.jpg\" id=\"mv-trellis-img-22\" data-trellis-processed=\"1\"><\/a><figcaption class=\"wp-element-caption\">V Grazu se d&aacute; v&scaron;ude doj&iacute;t p&#283;&scaron;ky.<\/figcaption><\/figure>\n<\/div>\n<\/div>\n\n\n\n<h2 class=\"wp-block-heading\"><span class=\"ez-toc-section\" id=\"9_Pamatky\"><\/span>9. <strong>Pam&aacute;tky<\/strong><span class=\"ez-toc-section-end\"><\/span><\/h2>\n\n\n\n<p>P&#345;ece jenom &ndash; Graz je m&#283;sto, tak&#382;e je pot&#345;eba i n&#283;jak&eacute; to pozn&aacute;v&aacute;n&iacute; pam&aacute;tek. A i v tomhle Graz dr&#382;&iacute; la&#357;ku vysoko. Jeho historick&eacute; centrum bylo v roce 1999 zaps&aacute;no na Seznam sv&#283;tov&eacute;ho d&#283;dictv&iacute; UNESCO.<\/p>\n\n\n\n<p>Za n&aacute;v&scaron;t&#283;vu stoj&iacute; cel&yacute; kopec Schlossberg, kter&yacute; se hrd&#283; ty&#269;&iacute; uprost&#345;ed m&#283;sta, s ikonickou hodinovou v&#283;&#382;&iacute; a rozs&aacute;hl&yacute;m v&yacute;hledem.&nbsp;<\/p>\n\n\n\n<p>Nach&aacute;zej&iacute; se zde p&#345;ekr&aacute;sn&eacute; historick&eacute; pam&aacute;tky, jako je radnice a mnoho &uacute;&#382;asn&yacute;ch n&aacute;dvo&#345;&iacute; kupeck&yacute;ch dom&#367; nejr&#367;zn&#283;j&scaron;&iacute;ch architektonick&yacute;ch styl&#367;.<\/p>\n\n\n\n<p>Zvonkohra Glockenspiel je dal&scaron;&iacute; z&aacute;bavnou pam&aacute;tkou, kterou si m&#367;&#382;ete prohl&eacute;dnout.&nbsp;<\/p>\n\n\n\n<p>A samoz&#345;ejm&#283; ji&#382; v&yacute;&scaron;e zm&iacute;n&#283;n&eacute; modern&iacute; stavby &ndash; Kunsthaus &ldquo;P&#345;&aacute;telsk&yacute; mimozem&scaron;&#357;an&rdquo; a unik&aacute;tn&iacute; ostr&#367;vek Murinsel.&nbsp;<\/p>\n\n\n\n<p>Jen kousek od centra m&#367;&#382;ete zajet tramvaj&iacute; obdivovat malebn&yacute; z&aacute;mek Eggenberg, kter&yacute; je sou&#269;&aacute;st&iacute; z&aacute;pisu v UNESCO.<\/p>\n\n\n\n<figure class=\"wp-block-gallery has-nested-images columns-default is-cropped wp-block-gallery-3 is-layout-flex wp-block-gallery-is-layout-flex\">\n<figure class=\"wp-block-image size-large\"><a href=\"https:\/\/www.travelgeekery.com\/wp-content\/uploads\/2023\/10\/Remnants-of-Graz-fortress-on-Schlossberg-576x1024.jpg\"><noscript><img loading=\"lazy\" decoding=\"async\" width=\"576\" height=\"1024\" data-id=\"15724\" src=\"https:\/\/www.travelgeekery.com\/wp-content\/uploads\/2023\/10\/Remnants-of-Graz-fortress-on-Schlossberg-576x1024.jpg\" alt=\"View of Schlossberg Museum and remnants of Graz fortress\" class=\"wp-image-15724\" srcset=\"https:\/\/www.travelgeekery.com\/wp-content\/uploads\/2023\/10\/Remnants-of-Graz-fortress-on-Schlossberg-576x1024.jpg 576w, https:\/\/www.travelgeekery.com\/wp-content\/uploads\/2023\/10\/Remnants-of-Graz-fortress-on-Schlossberg-169x300.jpg 169w, https:\/\/www.travelgeekery.com\/wp-content\/uploads\/2023\/10\/Remnants-of-Graz-fortress-on-Schlossberg-540x960.jpg 540w, https:\/\/www.travelgeekery.com\/wp-content\/uploads\/2023\/10\/Remnants-of-Graz-fortress-on-Schlossberg-150x267.jpg 150w, https:\/\/www.travelgeekery.com\/wp-content\/uploads\/2023\/10\/Remnants-of-Graz-fortress-on-Schlossberg.jpg 600w\" sizes=\"auto, (max-width: 576px) 100vw, 576px\" data-pin-media=\"https:\/\/www.travelgeekery.com\/wp-content\/uploads\/2023\/10\/Remnants-of-Graz-fortress-on-Schlossberg.jpg\"><\/noscript><img loading=\"lazy\" decoding=\"async\" width=\"576\" height=\"1024\" data-id=\"15724\" src=\"https:\/\/www.travelgeekery.com\/wp-content\/uploads\/2023\/10\/Remnants-of-Graz-fortress-on-Schlossberg-576x1024.jpg.webp\" alt=\"View of Schlossberg Museum and remnants of Graz fortress\" class=\"wp-image-15724 lazyload\" srcset=\"https:\/\/www.travelgeekery.com\/wp-content\/uploads\/2023\/10\/Remnants-of-Graz-fortress-on-Schlossberg-576x1024.jpg.webp 576w, https:\/\/www.travelgeekery.com\/wp-content\/uploads\/2023\/10\/Remnants-of-Graz-fortress-on-Schlossberg-169x300.jpg.webp 169w, https:\/\/www.travelgeekery.com\/wp-content\/uploads\/2023\/10\/Remnants-of-Graz-fortress-on-Schlossberg-540x960.jpg.webp 540w, https:\/\/www.travelgeekery.com\/wp-content\/uploads\/2023\/10\/Remnants-of-Graz-fortress-on-Schlossberg-150x267.jpg.webp 150w, https:\/\/www.travelgeekery.com\/wp-content\/uploads\/2023\/10\/Remnants-of-Graz-fortress-on-Schlossberg.jpg.webp 600w\" sizes=\"auto, (max-width: 576px) 100vw, 576px\" data-pin-media=\"https:\/\/www.travelgeekery.com\/wp-content\/uploads\/2023\/10\/Remnants-of-Graz-fortress-on-Schlossberg.jpg\" id=\"mv-trellis-img-23\" data-trellis-processed=\"1\"><\/a><figcaption class=\"wp-element-caption\">Muzeum Schlossberg a zbytky p&#367;vodn&iacute;ho opevn&#283;n&iacute;<\/figcaption><\/figure>\n\n\n\n<figure class=\"wp-block-image size-large\"><a href=\"https:\/\/www.travelgeekery.com\/wp-content\/uploads\/2023\/10\/Landhaus-Courtyard-576x1024.jpg\"><noscript><img loading=\"lazy\" decoding=\"async\" width=\"576\" height=\"1024\" data-id=\"15698\" src=\"https:\/\/www.travelgeekery.com\/wp-content\/uploads\/2023\/10\/Landhaus-Courtyard-576x1024.jpg\" alt=\"Landhaus Courtyard Graz\" class=\"wp-image-15698\" srcset=\"https:\/\/www.travelgeekery.com\/wp-content\/uploads\/2023\/10\/Landhaus-Courtyard-576x1024.jpg 576w, https:\/\/www.travelgeekery.com\/wp-content\/uploads\/2023\/10\/Landhaus-Courtyard-169x300.jpg 169w, https:\/\/www.travelgeekery.com\/wp-content\/uploads\/2023\/10\/Landhaus-Courtyard-540x960.jpg 540w, https:\/\/www.travelgeekery.com\/wp-content\/uploads\/2023\/10\/Landhaus-Courtyard-150x267.jpg 150w, https:\/\/www.travelgeekery.com\/wp-content\/uploads\/2023\/10\/Landhaus-Courtyard.jpg 600w\" sizes=\"auto, (max-width: 576px) 100vw, 576px\" data-pin-media=\"https:\/\/www.travelgeekery.com\/wp-content\/uploads\/2023\/10\/Landhaus-Courtyard.jpg\"><\/noscript><img loading=\"lazy\" decoding=\"async\" width=\"576\" height=\"1024\" data-id=\"15698\" src=\"https:\/\/www.travelgeekery.com\/wp-content\/uploads\/2023\/10\/Landhaus-Courtyard-576x1024.jpg.webp\" alt=\"Landhaus Courtyard Graz\" class=\"wp-image-15698 lazyload\" srcset=\"https:\/\/www.travelgeekery.com\/wp-content\/uploads\/2023\/10\/Landhaus-Courtyard-576x1024.jpg.webp 576w, https:\/\/www.travelgeekery.com\/wp-content\/uploads\/2023\/10\/Landhaus-Courtyard-169x300.jpg.webp 169w, https:\/\/www.travelgeekery.com\/wp-content\/uploads\/2023\/10\/Landhaus-Courtyard-540x960.jpg.webp 540w, https:\/\/www.travelgeekery.com\/wp-content\/uploads\/2023\/10\/Landhaus-Courtyard-150x267.jpg.webp 150w, https:\/\/www.travelgeekery.com\/wp-content\/uploads\/2023\/10\/Landhaus-Courtyard.jpg.webp 600w\" sizes=\"auto, (max-width: 576px) 100vw, 576px\" data-pin-media=\"https:\/\/www.travelgeekery.com\/wp-content\/uploads\/2023\/10\/Landhaus-Courtyard.jpg\" id=\"mv-trellis-img-24\" data-trellis-processed=\"1\"><\/a><figcaption class=\"wp-element-caption\">Kr&aacute;sn&yacute; renesan&#269;n&iacute; dv&#367;r budovy Landhaus<\/figcaption><\/figure>\n\n\n\n<figure class=\"wp-block-image size-large\"><a href=\"https:\/\/www.travelgeekery.com\/wp-content\/uploads\/2023\/10\/Kunsthaus-The-Friendly-Alien-outer-skin-view-576x1024.jpg\"><noscript><img loading=\"lazy\" decoding=\"async\" width=\"576\" height=\"1024\" data-id=\"15692\" src=\"https:\/\/www.travelgeekery.com\/wp-content\/uploads\/2023\/10\/Kunsthaus-The-Friendly-Alien-outer-skin-view-576x1024.jpg\" alt=\"View from Kunsthaus - of its facade and a few rooftops around\" class=\"wp-image-15692\" srcset=\"https:\/\/www.travelgeekery.com\/wp-content\/uploads\/2023\/10\/Kunsthaus-The-Friendly-Alien-outer-skin-view-576x1024.jpg 576w, https:\/\/www.travelgeekery.com\/wp-content\/uploads\/2023\/10\/Kunsthaus-The-Friendly-Alien-outer-skin-view-169x300.jpg 169w, https:\/\/www.travelgeekery.com\/wp-content\/uploads\/2023\/10\/Kunsthaus-The-Friendly-Alien-outer-skin-view-540x960.jpg 540w, https:\/\/www.travelgeekery.com\/wp-content\/uploads\/2023\/10\/Kunsthaus-The-Friendly-Alien-outer-skin-view-150x267.jpg 150w, https:\/\/www.travelgeekery.com\/wp-content\/uploads\/2023\/10\/Kunsthaus-The-Friendly-Alien-outer-skin-view.jpg 600w\" sizes=\"auto, (max-width: 576px) 100vw, 576px\" data-pin-media=\"https:\/\/www.travelgeekery.com\/wp-content\/uploads\/2023\/10\/Kunsthaus-The-Friendly-Alien-outer-skin-view.jpg\"><\/noscript><img loading=\"lazy\" decoding=\"async\" width=\"576\" height=\"1024\" data-id=\"15692\" src=\"https:\/\/www.travelgeekery.com\/wp-content\/uploads\/2023\/10\/Kunsthaus-The-Friendly-Alien-outer-skin-view-576x1024.jpg.webp\" alt=\"View from Kunsthaus - of its facade and a few rooftops around\" class=\"wp-image-15692 lazyload\" srcset=\"https:\/\/www.travelgeekery.com\/wp-content\/uploads\/2023\/10\/Kunsthaus-The-Friendly-Alien-outer-skin-view-576x1024.jpg.webp 576w, https:\/\/www.travelgeekery.com\/wp-content\/uploads\/2023\/10\/Kunsthaus-The-Friendly-Alien-outer-skin-view-169x300.jpg.webp 169w, https:\/\/www.travelgeekery.com\/wp-content\/uploads\/2023\/10\/Kunsthaus-The-Friendly-Alien-outer-skin-view-540x960.jpg.webp 540w, https:\/\/www.travelgeekery.com\/wp-content\/uploads\/2023\/10\/Kunsthaus-The-Friendly-Alien-outer-skin-view-150x267.jpg.webp 150w, https:\/\/www.travelgeekery.com\/wp-content\/uploads\/2023\/10\/Kunsthaus-The-Friendly-Alien-outer-skin-view.jpg.webp 600w\" sizes=\"auto, (max-width: 576px) 100vw, 576px\" data-pin-media=\"https:\/\/www.travelgeekery.com\/wp-content\/uploads\/2023\/10\/Kunsthaus-The-Friendly-Alien-outer-skin-view.jpg\" id=\"mv-trellis-img-25\" data-trellis-processed=\"1\"><\/a><figcaption class=\"wp-element-caption\">&bdquo;K&#367;&#382;e&ldquo; Kunsthausu a v&yacute;hledy kolem&hellip; pardon za odraz m&yacute;ch noh!<\/figcaption><\/figure>\n\n\n\n<figure class=\"wp-block-image size-large\"><a href=\"https:\/\/www.travelgeekery.com\/wp-content\/uploads\/2023\/10\/Graz-Mausoleum-and-St.-Catherines-Church-576x1024.jpg\"><noscript><img loading=\"lazy\" decoding=\"async\" width=\"576\" height=\"1024\" data-id=\"15674\" src=\"https:\/\/www.travelgeekery.com\/wp-content\/uploads\/2023\/10\/Graz-Mausoleum-and-St.-Catherines-Church-576x1024.jpg\" alt=\"Graz Mausoleum and St. Catherine's Church\" class=\"wp-image-15674\" srcset=\"https:\/\/www.travelgeekery.com\/wp-content\/uploads\/2023\/10\/Graz-Mausoleum-and-St.-Catherines-Church-576x1024.jpg 576w, https:\/\/www.travelgeekery.com\/wp-content\/uploads\/2023\/10\/Graz-Mausoleum-and-St.-Catherines-Church-169x300.jpg 169w, https:\/\/www.travelgeekery.com\/wp-content\/uploads\/2023\/10\/Graz-Mausoleum-and-St.-Catherines-Church-540x960.jpg 540w, https:\/\/www.travelgeekery.com\/wp-content\/uploads\/2023\/10\/Graz-Mausoleum-and-St.-Catherines-Church-150x267.jpg 150w, https:\/\/www.travelgeekery.com\/wp-content\/uploads\/2023\/10\/Graz-Mausoleum-and-St.-Catherines-Church.jpg 600w\" sizes=\"auto, (max-width: 576px) 100vw, 576px\" data-pin-media=\"https:\/\/www.travelgeekery.com\/wp-content\/uploads\/2023\/10\/Graz-Mausoleum-and-St.-Catherines-Church.jpg\"><\/noscript><img loading=\"lazy\" decoding=\"async\" width=\"576\" height=\"1024\" data-id=\"15674\" src=\"https:\/\/www.travelgeekery.com\/wp-content\/uploads\/2023\/10\/Graz-Mausoleum-and-St.-Catherines-Church-576x1024.jpg.webp\" alt=\"Graz Mausoleum and St. Catherine's Church\" class=\"wp-image-15674 lazyload\" srcset=\"https:\/\/www.travelgeekery.com\/wp-content\/uploads\/2023\/10\/Graz-Mausoleum-and-St.-Catherines-Church-576x1024.jpg.webp 576w, https:\/\/www.travelgeekery.com\/wp-content\/uploads\/2023\/10\/Graz-Mausoleum-and-St.-Catherines-Church-169x300.jpg.webp 169w, https:\/\/www.travelgeekery.com\/wp-content\/uploads\/2023\/10\/Graz-Mausoleum-and-St.-Catherines-Church-540x960.jpg.webp 540w, https:\/\/www.travelgeekery.com\/wp-content\/uploads\/2023\/10\/Graz-Mausoleum-and-St.-Catherines-Church-150x267.jpg.webp 150w, https:\/\/www.travelgeekery.com\/wp-content\/uploads\/2023\/10\/Graz-Mausoleum-and-St.-Catherines-Church.jpg.webp 600w\" sizes=\"auto, (max-width: 576px) 100vw, 576px\" data-pin-media=\"https:\/\/www.travelgeekery.com\/wp-content\/uploads\/2023\/10\/Graz-Mausoleum-and-St.-Catherines-Church.jpg\" id=\"mv-trellis-img-26\" data-trellis-processed=\"1\"><\/a><figcaption class=\"wp-element-caption\"><br>Mauzoleum kostel sv. Kate&#345;iny<\/figcaption><\/figure>\n\n\n\n<figure class=\"wp-block-image size-large\"><a href=\"https:\/\/www.travelgeekery.com\/wp-content\/uploads\/2023\/10\/Glockenspiel-House-Graz-576x1024.jpg\"><noscript><img loading=\"lazy\" decoding=\"async\" width=\"576\" height=\"1024\" data-id=\"15648\" src=\"https:\/\/www.travelgeekery.com\/wp-content\/uploads\/2023\/10\/Glockenspiel-House-Graz-576x1024.jpg\" alt=\"A corner house in Graz that holds the famous corillon\" class=\"wp-image-15648\" srcset=\"https:\/\/www.travelgeekery.com\/wp-content\/uploads\/2023\/10\/Glockenspiel-House-Graz-576x1024.jpg 576w, https:\/\/www.travelgeekery.com\/wp-content\/uploads\/2023\/10\/Glockenspiel-House-Graz-169x300.jpg 169w, https:\/\/www.travelgeekery.com\/wp-content\/uploads\/2023\/10\/Glockenspiel-House-Graz-540x960.jpg 540w, https:\/\/www.travelgeekery.com\/wp-content\/uploads\/2023\/10\/Glockenspiel-House-Graz-150x267.jpg 150w, https:\/\/www.travelgeekery.com\/wp-content\/uploads\/2023\/10\/Glockenspiel-House-Graz.jpg 600w\" sizes=\"auto, (max-width: 576px) 100vw, 576px\" data-pin-media=\"https:\/\/www.travelgeekery.com\/wp-content\/uploads\/2023\/10\/Glockenspiel-House-Graz.jpg\"><\/noscript><img loading=\"lazy\" decoding=\"async\" width=\"576\" height=\"1024\" data-id=\"15648\" src=\"https:\/\/www.travelgeekery.com\/wp-content\/uploads\/2023\/10\/Glockenspiel-House-Graz-576x1024.jpg.webp\" alt=\"A corner house in Graz that holds the famous corillon\" class=\"wp-image-15648 lazyload\" srcset=\"https:\/\/www.travelgeekery.com\/wp-content\/uploads\/2023\/10\/Glockenspiel-House-Graz-576x1024.jpg.webp 576w, https:\/\/www.travelgeekery.com\/wp-content\/uploads\/2023\/10\/Glockenspiel-House-Graz-169x300.jpg.webp 169w, https:\/\/www.travelgeekery.com\/wp-content\/uploads\/2023\/10\/Glockenspiel-House-Graz-540x960.jpg.webp 540w, https:\/\/www.travelgeekery.com\/wp-content\/uploads\/2023\/10\/Glockenspiel-House-Graz-150x267.jpg.webp 150w, https:\/\/www.travelgeekery.com\/wp-content\/uploads\/2023\/10\/Glockenspiel-House-Graz.jpg.webp 600w\" sizes=\"auto, (max-width: 576px) 100vw, 576px\" data-pin-media=\"https:\/\/www.travelgeekery.com\/wp-content\/uploads\/2023\/10\/Glockenspiel-House-Graz.jpg\" id=\"mv-trellis-img-27\" data-trellis-processed=\"1\"><\/a><figcaption class=\"wp-element-caption\">Rohov&yacute; d&#367;m, kter&yacute; ukr&yacute;v&aacute; slavnou zvonkohru<\/figcaption><\/figure>\n\n\n\n<figure class=\"wp-block-image size-large\"><a href=\"https:\/\/www.travelgeekery.com\/wp-content\/uploads\/2023\/10\/Eggenberg-Palace-Graz-576x1024.jpg\"><noscript><img loading=\"lazy\" decoding=\"async\" width=\"576\" height=\"1024\" data-id=\"15616\" src=\"https:\/\/www.travelgeekery.com\/wp-content\/uploads\/2023\/10\/Eggenberg-Palace-Graz-576x1024.jpg\" alt=\"View of Eggenberg Palace Graz\" class=\"wp-image-15616\" srcset=\"https:\/\/www.travelgeekery.com\/wp-content\/uploads\/2023\/10\/Eggenberg-Palace-Graz-576x1024.jpg 576w, https:\/\/www.travelgeekery.com\/wp-content\/uploads\/2023\/10\/Eggenberg-Palace-Graz-169x300.jpg 169w, https:\/\/www.travelgeekery.com\/wp-content\/uploads\/2023\/10\/Eggenberg-Palace-Graz-540x960.jpg 540w, https:\/\/www.travelgeekery.com\/wp-content\/uploads\/2023\/10\/Eggenberg-Palace-Graz-150x267.jpg 150w, https:\/\/www.travelgeekery.com\/wp-content\/uploads\/2023\/10\/Eggenberg-Palace-Graz.jpg 600w\" sizes=\"auto, (max-width: 576px) 100vw, 576px\" data-pin-media=\"https:\/\/www.travelgeekery.com\/wp-content\/uploads\/2023\/10\/Eggenberg-Palace-Graz.jpg\"><\/noscript><img loading=\"lazy\" decoding=\"async\" width=\"576\" height=\"1024\" data-id=\"15616\" src=\"https:\/\/www.travelgeekery.com\/wp-content\/uploads\/2023\/10\/Eggenberg-Palace-Graz-576x1024.jpg.webp\" alt=\"View of Eggenberg Palace Graz\" class=\"wp-image-15616 lazyload\" srcset=\"https:\/\/www.travelgeekery.com\/wp-content\/uploads\/2023\/10\/Eggenberg-Palace-Graz-576x1024.jpg.webp 576w, https:\/\/www.travelgeekery.com\/wp-content\/uploads\/2023\/10\/Eggenberg-Palace-Graz-169x300.jpg.webp 169w, https:\/\/www.travelgeekery.com\/wp-content\/uploads\/2023\/10\/Eggenberg-Palace-Graz-540x960.jpg.webp 540w, https:\/\/www.travelgeekery.com\/wp-content\/uploads\/2023\/10\/Eggenberg-Palace-Graz-150x267.jpg.webp 150w, https:\/\/www.travelgeekery.com\/wp-content\/uploads\/2023\/10\/Eggenberg-Palace-Graz.jpg.webp 600w\" sizes=\"auto, (max-width: 576px) 100vw, 576px\" data-pin-media=\"https:\/\/www.travelgeekery.com\/wp-content\/uploads\/2023\/10\/Eggenberg-Palace-Graz.jpg\" id=\"mv-trellis-img-28\" data-trellis-processed=\"1\"><\/a><figcaption class=\"wp-element-caption\">Pal&aacute;c Eggenberg obklopen&yacute; zelen&iacute;<\/figcaption><\/figure>\n<\/figure>\n\n\n\n<p><\/p>\n\n\n\n<p>A to zdaleka nen&iacute; v&scaron;e. Tohle je jen v&yacute;&#269;et p&aacute;r nejzn&aacute;m&#283;j&scaron;&iacute;ch pam&aacute;tek, kter&eacute; si rozhodn&#283; nesm&iacute;te nechat uj&iacute;t. V&iacute;ce jsem se jim v&#283;novala v &#269;l&aacute;nku o tom, <a href=\"https:\/\/www.travelgeekery.com\/cs\/styrsky-hradec-graz-rakousko\/\">co vid&#283;t ve &Scaron;t&yacute;rsk&eacute;m Hradci za jeden den<\/a>, co&#382; je, mimochodem, &#382;alostn&#283; kr&aacute;tk&yacute; &#269;as!<\/p>\n\n\n\n<h2 class=\"wp-block-heading\"><span class=\"ez-toc-section\" id=\"10_Komunita\"><\/span>10. <strong>Komunita<\/strong><span class=\"ez-toc-section-end\"><\/span><\/h2>\n\n\n\n<p>N&aacute;v&scaron;t&#283;va m&iacute;st, kde je v pop&#345;ed&iacute; z&aacute;jmu krom&#283; udr&#382;itelnosti tak&eacute; komunita, je prost&#283; fajn. Na p&aacute;r dn&iacute; se m&#367;&#382;ete st&aacute;t sou&#269;&aacute;st&iacute; Grazu, co&#382; v&aacute;m p&#345;inese z&aacute;&#382;itky i ve form&#283; pohlazen&iacute; po du&scaron;i. Cestovat po m&#283;st&#283;, kde to v historick&eacute;m centru &#382;ije a kde po&#269;ty m&iacute;stn&iacute;ch p&#345;evy&scaron;uj&iacute; turisty, je prost&#283; opravdov&eacute; a autentick&eacute;. &#381;&aacute;dn&eacute; zakonzervovan&eacute; pam&aacute;tky, kde historick&eacute; domy zej&iacute; pr&aacute;zdnotou a maxim&aacute;ln&#283; ubytov&aacute;vaj&iacute; turisty&hellip;&nbsp;<\/p>\n\n\n\n<p>P&#345;edpokl&aacute;d&aacute;m, &#382;e Graz nav&scaron;t&iacute;v&iacute;te o v&iacute;kendu. Douf&aacute;m, &#382;e prodlou&#382;en&eacute;m! A m&aacute;te se na co t&#283;&scaron;it. O v&iacute;kendu se tu kon&aacute; mnoho m&iacute;stn&iacute;ch akc&iacute; &ndash; a&#357; u&#382; jde o trhy, festivaly &#269;i jin&eacute; akce, na kter&eacute; se m&#367;&#382;ete bez obav p&#345;idat.<\/p>\n\n\n\n<p>Po cel&eacute;m m&#283;st&#283; se kon&aacute; asi 17 farm&aacute;&#345;sk&yacute;ch trh&#367;, mnoh&eacute; z nich o v&iacute;kendech. Na n&aacute;m&#283;st&iacute; Lendplatz najdete farm&aacute;&#345;sk&yacute; trh s m&iacute;stn&iacute;mi produkty ka&#382;d&eacute; r&aacute;no od pond&#283;l&iacute; do soboty.<\/p>\n\n\n\n<p>Hojn&eacute; jsou tak&eacute; trhy se staro&#382;itnostmi. Nap&#345;&iacute;klad na n&aacute;m&#283;st&iacute; Mariahilferplatz se &#269;asto po&#345;&aacute;daj&iacute; o v&iacute;kendech. A jak je jasn&#283; uvedeno na velk&eacute; ceduli, nejedn&aacute; se o ble&scaron;&iacute; trh, ale o trh se staro&#382;itnostmi a vz&aacute;cn&yacute;mi sb&#283;ratelsk&yacute;mi p&#345;edm&#283;ty.<\/p>\n\n\n\n<div class=\"wp-block-columns is-layout-flex wp-container-core-columns-is-layout-9d6595d7 wp-block-columns-is-layout-flex\">\n<div class=\"wp-block-column is-layout-flow wp-block-column-is-layout-flow\">\n<figure class=\"wp-block-image size-full\"><a href=\"https:\/\/www.travelgeekery.com\/wp-content\/uploads\/2024\/03\/Farmers-market-in-Graz.jpg\"><noscript><img loading=\"lazy\" decoding=\"async\" width=\"563\" height=\"1000\" src=\"https:\/\/www.travelgeekery.com\/wp-content\/uploads\/2024\/03\/Farmers-market-in-Graz.jpg\" alt=\"Bell peppers and other veggies at a farmers market in Graz\" class=\"wp-image-16051\" srcset=\"https:\/\/www.travelgeekery.com\/wp-content\/uploads\/2024\/03\/Farmers-market-in-Graz.jpg 563w, https:\/\/www.travelgeekery.com\/wp-content\/uploads\/2024\/03\/Farmers-market-in-Graz-169x300.jpg 169w, https:\/\/www.travelgeekery.com\/wp-content\/uploads\/2024\/03\/Farmers-market-in-Graz-540x960.jpg 540w, https:\/\/www.travelgeekery.com\/wp-content\/uploads\/2024\/03\/Farmers-market-in-Graz-150x266.jpg 150w\" sizes=\"auto, (max-width: 563px) 100vw, 563px\" data-pin-media=\"https:\/\/www.travelgeekery.com\/wp-content\/uploads\/2024\/03\/Farmers-market-in-Graz.jpg\"><\/noscript><img loading=\"lazy\" decoding=\"async\" width=\"563\" height=\"1000\" src=\"https:\/\/www.travelgeekery.com\/wp-content\/uploads\/2024\/03\/Farmers-market-in-Graz.jpg.webp\" alt=\"Bell peppers and other veggies at a farmers market in Graz\" class=\"wp-image-16051 lazyload\" srcset=\"https:\/\/www.travelgeekery.com\/wp-content\/uploads\/2024\/03\/Farmers-market-in-Graz.jpg.webp 563w, https:\/\/www.travelgeekery.com\/wp-content\/uploads\/2024\/03\/Farmers-market-in-Graz-169x300.jpg.webp 169w, https:\/\/www.travelgeekery.com\/wp-content\/uploads\/2024\/03\/Farmers-market-in-Graz-540x960.jpg.webp 540w, https:\/\/www.travelgeekery.com\/wp-content\/uploads\/2024\/03\/Farmers-market-in-Graz-150x266.jpg.webp 150w\" sizes=\"auto, (max-width: 563px) 100vw, 563px\" data-pin-media=\"https:\/\/www.travelgeekery.com\/wp-content\/uploads\/2024\/03\/Farmers-market-in-Graz.jpg\" id=\"mv-trellis-img-29\" data-trellis-processed=\"1\"><\/a><figcaption class=\"wp-element-caption\">Dovoz p&#345;&iacute;mo z farmy na trhu na n&aacute;m&#283;st&iacute; Lendplatz<\/figcaption><\/figure>\n<\/div>\n\n\n\n<div class=\"wp-block-column is-layout-flow wp-block-column-is-layout-flow\">\n<figure class=\"wp-block-image size-full\"><a href=\"https:\/\/www.travelgeekery.com\/wp-content\/uploads\/2024\/03\/Antiquities-market-in-Graz-Austria.jpg\"><noscript><img loading=\"lazy\" decoding=\"async\" width=\"563\" height=\"1000\" src=\"https:\/\/www.travelgeekery.com\/wp-content\/uploads\/2024\/03\/Antiquities-market-in-Graz-Austria.jpg\" alt=\"Veronika waving to a reflection in the mirror at an antique market in Graz\" class=\"wp-image-16041\" srcset=\"https:\/\/www.travelgeekery.com\/wp-content\/uploads\/2024\/03\/Antiquities-market-in-Graz-Austria.jpg 563w, https:\/\/www.travelgeekery.com\/wp-content\/uploads\/2024\/03\/Antiquities-market-in-Graz-Austria-169x300.jpg 169w, https:\/\/www.travelgeekery.com\/wp-content\/uploads\/2024\/03\/Antiquities-market-in-Graz-Austria-540x960.jpg 540w, https:\/\/www.travelgeekery.com\/wp-content\/uploads\/2024\/03\/Antiquities-market-in-Graz-Austria-150x266.jpg 150w\" sizes=\"auto, (max-width: 563px) 100vw, 563px\" data-pin-media=\"https:\/\/www.travelgeekery.com\/wp-content\/uploads\/2024\/03\/Antiquities-market-in-Graz-Austria.jpg\"><\/noscript><img loading=\"lazy\" decoding=\"async\" width=\"563\" height=\"1000\" src=\"https:\/\/www.travelgeekery.com\/wp-content\/uploads\/2024\/03\/Antiquities-market-in-Graz-Austria.jpg.webp\" alt=\"Veronika waving to a reflection in the mirror at an antique market in Graz\" class=\"wp-image-16041 lazyload\" srcset=\"https:\/\/www.travelgeekery.com\/wp-content\/uploads\/2024\/03\/Antiquities-market-in-Graz-Austria.jpg.webp 563w, https:\/\/www.travelgeekery.com\/wp-content\/uploads\/2024\/03\/Antiquities-market-in-Graz-Austria-169x300.jpg.webp 169w, https:\/\/www.travelgeekery.com\/wp-content\/uploads\/2024\/03\/Antiquities-market-in-Graz-Austria-540x960.jpg.webp 540w, https:\/\/www.travelgeekery.com\/wp-content\/uploads\/2024\/03\/Antiquities-market-in-Graz-Austria-150x266.jpg.webp 150w\" sizes=\"auto, (max-width: 563px) 100vw, 563px\" data-pin-media=\"https:\/\/www.travelgeekery.com\/wp-content\/uploads\/2024\/03\/Antiquities-market-in-Graz-Austria.jpg\" id=\"mv-trellis-img-30\" data-trellis-processed=\"1\"><\/a><figcaption class=\"wp-element-caption\">Ahoj ze staro&#382;itn&eacute;ho trhu na n&aacute;m&#283;st&iacute; Mariahilferplatz!<\/figcaption><\/figure>\n<\/div>\n\n\n\n<div class=\"wp-block-column is-layout-flow wp-block-column-is-layout-flow\">\n<figure class=\"wp-block-image size-full\"><a href=\"https:\/\/www.travelgeekery.com\/wp-content\/uploads\/2024\/03\/Antiquities-market-in-Graz-Austria-2.jpg\"><noscript><img loading=\"lazy\" decoding=\"async\" width=\"563\" height=\"1000\" src=\"https:\/\/www.travelgeekery.com\/wp-content\/uploads\/2024\/03\/Antiquities-market-in-Graz-Austria-2.jpg\" alt=\"View of an antique market in Graz\" class=\"wp-image-16039\" srcset=\"https:\/\/www.travelgeekery.com\/wp-content\/uploads\/2024\/03\/Antiquities-market-in-Graz-Austria-2.jpg 563w, https:\/\/www.travelgeekery.com\/wp-content\/uploads\/2024\/03\/Antiquities-market-in-Graz-Austria-2-169x300.jpg 169w, https:\/\/www.travelgeekery.com\/wp-content\/uploads\/2024\/03\/Antiquities-market-in-Graz-Austria-2-540x960.jpg 540w, https:\/\/www.travelgeekery.com\/wp-content\/uploads\/2024\/03\/Antiquities-market-in-Graz-Austria-2-150x266.jpg 150w\" sizes=\"auto, (max-width: 563px) 100vw, 563px\" data-pin-media=\"https:\/\/www.travelgeekery.com\/wp-content\/uploads\/2024\/03\/Antiquities-market-in-Graz-Austria-2.jpg\"><\/noscript><img loading=\"lazy\" decoding=\"async\" width=\"563\" height=\"1000\" src=\"https:\/\/www.travelgeekery.com\/wp-content\/uploads\/2024\/03\/Antiquities-market-in-Graz-Austria-2.jpg.webp\" alt=\"View of an antique market in Graz\" class=\"wp-image-16039 lazyload\" srcset=\"https:\/\/www.travelgeekery.com\/wp-content\/uploads\/2024\/03\/Antiquities-market-in-Graz-Austria-2.jpg.webp 563w, https:\/\/www.travelgeekery.com\/wp-content\/uploads\/2024\/03\/Antiquities-market-in-Graz-Austria-2-169x300.jpg.webp 169w, https:\/\/www.travelgeekery.com\/wp-content\/uploads\/2024\/03\/Antiquities-market-in-Graz-Austria-2-540x960.jpg.webp 540w, https:\/\/www.travelgeekery.com\/wp-content\/uploads\/2024\/03\/Antiquities-market-in-Graz-Austria-2-150x266.jpg.webp 150w\" sizes=\"auto, (max-width: 563px) 100vw, 563px\" data-pin-media=\"https:\/\/www.travelgeekery.com\/wp-content\/uploads\/2024\/03\/Antiquities-market-in-Graz-Austria-2.jpg\" id=\"mv-trellis-img-31\" data-trellis-processed=\"1\"><\/a><figcaption class=\"wp-element-caption\">Poklady, kter&eacute; nakoup&iacute;te na staro&#382;itn&eacute;m trhu<\/figcaption><\/figure>\n<\/div>\n<\/div>\n\n\n\n<p><\/p>\n\n\n\n<h2 class=\"wp-block-heading\"><span class=\"ez-toc-section\" id=\"11_Unikatni_usporadani_okolo_kopce\"><\/span>11. <strong>Unik&aacute;tn&iacute; uspo&#345;&aacute;d&aacute;n&iacute; okolo kopce<\/strong><span class=\"ez-toc-section-end\"><\/span><\/h2>\n\n\n\n<p>Rozlo&#382;en&iacute; &Scaron;t&yacute;rsk&eacute;ho Hradce je unik&aacute;tn&iacute;. Jasn&#283;, prot&eacute;k&aacute; j&iacute;m &#345;eka, jako v mnoha jin&yacute;ch m&#283;stech. Ale poloha kopce Schlossberg zp&#367;sobuje, &#382;e se kolem n&#283;j cel&eacute; m&#283;sto obt&aacute;&#269;&iacute;, a vytv&aacute;&#345;&iacute; tak jedine&#269;nou dispozici.<\/p>\n\n\n\n<p>Douf&aacute;m, &#382;e u&#382; jste z &#269;l&aacute;nku usoudili, &#382;e pobyt v Grazu rovn&aacute; se jedna velk&aacute; z&aacute;bava. Jednou ze z&aacute;bavn&yacute;ch aktivit, kter&eacute; m&#367;&#382;ete p&#345;i n&aacute;v&scaron;t&#283;v&#283; &Scaron;t&yacute;rsk&eacute;ho Hradce podniknout, je sjet kopec Schlossberg na skluzavce! Schlossbergrutsche nab&iacute;z&iacute; 30sekundovou adrenalinovou j&iacute;zdu v kovov&eacute;m tubusu uvnit&#345; kopce. V&#345;ele doporu&#269;ujeme :)<\/p>\n\n\n\n<p>Na vrchol Schlossbergu a zp&#283;t dol&#367; se samoz&#345;ejm&#283; dostanete mnoha zp&#367;soby. Krom&#283; zdol&aacute;n&iacute; schod&#367; po sv&yacute;ch se m&#367;&#382;ete sv&eacute;zt v&yacute;tahem nebo vyu&#382;&iacute;t lanovku. Jen nezapome&#328;te na mo&#382;nost skluzavky pro cestu dol&#367;.<\/p>\n\n\n\n<div class=\"wp-block-columns is-layout-flex wp-container-core-columns-is-layout-9d6595d7 wp-block-columns-is-layout-flex\">\n<div class=\"wp-block-column is-layout-flow wp-block-column-is-layout-flow\">\n<figure class=\"wp-block-image size-large\"><a href=\"https:\/\/www.travelgeekery.com\/wp-content\/uploads\/2023\/10\/Getting-to-Graz-Schlossberg-by-stairs-576x1024.jpg\"><noscript><img loading=\"lazy\" decoding=\"async\" width=\"576\" height=\"1024\" src=\"https:\/\/www.travelgeekery.com\/wp-content\/uploads\/2023\/10\/Getting-to-Graz-Schlossberg-by-stairs-576x1024.jpg\" alt=\"Stairs leading to the top of Schlossberg Hill in Graz\" class=\"wp-image-15644\" srcset=\"https:\/\/www.travelgeekery.com\/wp-content\/uploads\/2023\/10\/Getting-to-Graz-Schlossberg-by-stairs-576x1024.jpg 576w, https:\/\/www.travelgeekery.com\/wp-content\/uploads\/2023\/10\/Getting-to-Graz-Schlossberg-by-stairs-169x300.jpg 169w, https:\/\/www.travelgeekery.com\/wp-content\/uploads\/2023\/10\/Getting-to-Graz-Schlossberg-by-stairs-540x960.jpg 540w, https:\/\/www.travelgeekery.com\/wp-content\/uploads\/2023\/10\/Getting-to-Graz-Schlossberg-by-stairs-150x267.jpg 150w, https:\/\/www.travelgeekery.com\/wp-content\/uploads\/2023\/10\/Getting-to-Graz-Schlossberg-by-stairs.jpg 600w\" sizes=\"auto, (max-width: 576px) 100vw, 576px\" data-pin-media=\"https:\/\/www.travelgeekery.com\/wp-content\/uploads\/2023\/10\/Getting-to-Graz-Schlossberg-by-stairs.jpg\"><\/noscript><img loading=\"lazy\" decoding=\"async\" width=\"576\" height=\"1024\" src=\"https:\/\/www.travelgeekery.com\/wp-content\/uploads\/2023\/10\/Getting-to-Graz-Schlossberg-by-stairs-576x1024.jpg.webp\" alt=\"Stairs leading to the top of Schlossberg Hill in Graz\" class=\"wp-image-15644 lazyload\" srcset=\"https:\/\/www.travelgeekery.com\/wp-content\/uploads\/2023\/10\/Getting-to-Graz-Schlossberg-by-stairs-576x1024.jpg.webp 576w, https:\/\/www.travelgeekery.com\/wp-content\/uploads\/2023\/10\/Getting-to-Graz-Schlossberg-by-stairs-169x300.jpg.webp 169w, https:\/\/www.travelgeekery.com\/wp-content\/uploads\/2023\/10\/Getting-to-Graz-Schlossberg-by-stairs-540x960.jpg.webp 540w, https:\/\/www.travelgeekery.com\/wp-content\/uploads\/2023\/10\/Getting-to-Graz-Schlossberg-by-stairs-150x267.jpg.webp 150w, https:\/\/www.travelgeekery.com\/wp-content\/uploads\/2023\/10\/Getting-to-Graz-Schlossberg-by-stairs.jpg.webp 600w\" sizes=\"auto, (max-width: 576px) 100vw, 576px\" data-pin-media=\"https:\/\/www.travelgeekery.com\/wp-content\/uploads\/2023\/10\/Getting-to-Graz-Schlossberg-by-stairs.jpg\" id=\"mv-trellis-img-32\" data-trellis-processed=\"1\"><\/a><figcaption class=\"wp-element-caption\">K hodinov&eacute; v&#283;&#382;i na Schlossbergu vede t&#283;chto 260 schod&#367;<\/figcaption><\/figure>\n<\/div>\n\n\n\n<div class=\"wp-block-column is-layout-flow wp-block-column-is-layout-flow\">\n<figure class=\"wp-block-image size-full\"><a href=\"https:\/\/www.travelgeekery.com\/wp-content\/uploads\/2024\/03\/View-of-Graz-city-center-with-clock-tower.jpg\"><noscript><img loading=\"lazy\" decoding=\"async\" width=\"563\" height=\"1000\" src=\"https:\/\/www.travelgeekery.com\/wp-content\/uploads\/2024\/03\/View-of-Graz-city-center-with-clock-tower.jpg\" alt=\"View of Graz city center with clock tower\" class=\"wp-image-16037\" srcset=\"https:\/\/www.travelgeekery.com\/wp-content\/uploads\/2024\/03\/View-of-Graz-city-center-with-clock-tower.jpg 563w, https:\/\/www.travelgeekery.com\/wp-content\/uploads\/2024\/03\/View-of-Graz-city-center-with-clock-tower-169x300.jpg 169w, https:\/\/www.travelgeekery.com\/wp-content\/uploads\/2024\/03\/View-of-Graz-city-center-with-clock-tower-540x960.jpg 540w, https:\/\/www.travelgeekery.com\/wp-content\/uploads\/2024\/03\/View-of-Graz-city-center-with-clock-tower-150x266.jpg 150w\" sizes=\"auto, (max-width: 563px) 100vw, 563px\" data-pin-media=\"https:\/\/www.travelgeekery.com\/wp-content\/uploads\/2024\/03\/View-of-Graz-city-center-with-clock-tower.jpg\"><\/noscript><img loading=\"lazy\" decoding=\"async\" width=\"563\" height=\"1000\" src=\"https:\/\/www.travelgeekery.com\/wp-content\/uploads\/2024\/03\/View-of-Graz-city-center-with-clock-tower.jpg.webp\" alt=\"View of Graz city center with clock tower\" class=\"wp-image-16037 lazyload\" srcset=\"https:\/\/www.travelgeekery.com\/wp-content\/uploads\/2024\/03\/View-of-Graz-city-center-with-clock-tower.jpg.webp 563w, https:\/\/www.travelgeekery.com\/wp-content\/uploads\/2024\/03\/View-of-Graz-city-center-with-clock-tower-169x300.jpg.webp 169w, https:\/\/www.travelgeekery.com\/wp-content\/uploads\/2024\/03\/View-of-Graz-city-center-with-clock-tower-540x960.jpg.webp 540w, https:\/\/www.travelgeekery.com\/wp-content\/uploads\/2024\/03\/View-of-Graz-city-center-with-clock-tower-150x266.jpg.webp 150w\" sizes=\"auto, (max-width: 563px) 100vw, 563px\" data-pin-media=\"https:\/\/www.travelgeekery.com\/wp-content\/uploads\/2024\/03\/View-of-Graz-city-center-with-clock-tower.jpg\" id=\"mv-trellis-img-33\" data-trellis-processed=\"1\"><\/a><figcaption class=\"wp-element-caption\">I z hlavn&iacute;ho n&aacute;m&#283;st&iacute; jde vid&#283;t ikonickou hodinovou v&#283;&#382;<\/figcaption><\/figure>\n<\/div>\n\n\n\n<div class=\"wp-block-column is-layout-flow wp-block-column-is-layout-flow\">\n<figure class=\"wp-block-image size-large\"><a href=\"https:\/\/www.travelgeekery.com\/wp-content\/uploads\/2023\/10\/Getting-down-from-Schlossberg-in-a-tube-576x1024.jpg\"><noscript><img loading=\"lazy\" decoding=\"async\" width=\"576\" height=\"1024\" src=\"https:\/\/www.travelgeekery.com\/wp-content\/uploads\/2023\/10\/Getting-down-from-Schlossberg-in-a-tube-576x1024.jpg\" alt=\"A metal indoor slide in Graz Austria called Schlossbergrutsche\" class=\"wp-image-15642\" srcset=\"https:\/\/www.travelgeekery.com\/wp-content\/uploads\/2023\/10\/Getting-down-from-Schlossberg-in-a-tube-576x1024.jpg 576w, https:\/\/www.travelgeekery.com\/wp-content\/uploads\/2023\/10\/Getting-down-from-Schlossberg-in-a-tube-169x300.jpg 169w, https:\/\/www.travelgeekery.com\/wp-content\/uploads\/2023\/10\/Getting-down-from-Schlossberg-in-a-tube-540x960.jpg 540w, https:\/\/www.travelgeekery.com\/wp-content\/uploads\/2023\/10\/Getting-down-from-Schlossberg-in-a-tube-150x267.jpg 150w, https:\/\/www.travelgeekery.com\/wp-content\/uploads\/2023\/10\/Getting-down-from-Schlossberg-in-a-tube.jpg 600w\" sizes=\"auto, (max-width: 576px) 100vw, 576px\" data-pin-media=\"https:\/\/www.travelgeekery.com\/wp-content\/uploads\/2023\/10\/Getting-down-from-Schlossberg-in-a-tube.jpg\"><\/noscript><img loading=\"lazy\" decoding=\"async\" width=\"576\" height=\"1024\" src=\"https:\/\/www.travelgeekery.com\/wp-content\/uploads\/2023\/10\/Getting-down-from-Schlossberg-in-a-tube-576x1024.jpg.webp\" alt=\"A metal indoor slide in Graz Austria called Schlossbergrutsche\" class=\"wp-image-15642 lazyload\" srcset=\"https:\/\/www.travelgeekery.com\/wp-content\/uploads\/2023\/10\/Getting-down-from-Schlossberg-in-a-tube-576x1024.jpg.webp 576w, https:\/\/www.travelgeekery.com\/wp-content\/uploads\/2023\/10\/Getting-down-from-Schlossberg-in-a-tube-169x300.jpg.webp 169w, https:\/\/www.travelgeekery.com\/wp-content\/uploads\/2023\/10\/Getting-down-from-Schlossberg-in-a-tube-540x960.jpg.webp 540w, https:\/\/www.travelgeekery.com\/wp-content\/uploads\/2023\/10\/Getting-down-from-Schlossberg-in-a-tube-150x267.jpg.webp 150w, https:\/\/www.travelgeekery.com\/wp-content\/uploads\/2023\/10\/Getting-down-from-Schlossberg-in-a-tube.jpg.webp 600w\" sizes=\"auto, (max-width: 576px) 100vw, 576px\" data-pin-media=\"https:\/\/www.travelgeekery.com\/wp-content\/uploads\/2023\/10\/Getting-down-from-Schlossberg-in-a-tube.jpg\" id=\"mv-trellis-img-34\" data-trellis-processed=\"1\"><\/a><figcaption class=\"wp-element-caption\">Nejz&aacute;bavn&#283;j&scaron;&iacute; cesta dol&#367;!<\/figcaption><\/figure>\n<\/div>\n<\/div>\n\n\n\n<p><\/p>\n\n\n\n<h2 class=\"wp-block-heading\"><span class=\"ez-toc-section\" id=\"12_Pristupny_a_cenove_dostupny\"><\/span>12. <strong>P&#345;&iacute;stupn&yacute; a cenov&#283; dostupn&yacute;<\/strong><span class=\"ez-toc-section-end\"><\/span><\/h2>\n\n\n\n<p>Mluv&iacute;m hlavn&#283; z finan&#269;n&iacute;ho hlediska. Rakousko nen&iacute; levn&eacute;, ale na mnoha m&iacute;stech jsou ceny nadsazen&eacute; kv&#367;li p&#345;ehnan&eacute;mu z&aacute;jmu turist&#367;.<\/p>\n\n\n\n<p>&Scaron;t&yacute;rsk&yacute; Hradec tak&eacute; nen&iacute; &uacute;pln&#283; lowcostovou destinac&iacute;, ale cenov&aacute; hladina je zde st&aacute;le ni&#382;&scaron;&iacute; ne&#382; t&#345;eba ve V&iacute;dni. Nav&iacute;c ve &Scaron;t&yacute;rsk&eacute;m Hradci v&iacute;te, &#382;e sv&yacute;mi pen&#283;zi podpo&#345;&iacute;te m&iacute;stn&iacute; ekonomiku, v&#269;etn&#283; mnoha mal&yacute;ch podnik&#367;. Finan&#269;n&iacute; distribuce tak zkr&aacute;tka d&aacute;v&aacute; v&#283;t&scaron;&iacute; smysl.<\/p>\n\n\n\n<p>Z logistick&eacute;ho hlediska je &Scaron;t&yacute;rsk&yacute; Hradec dob&#345;e spojen &#382;eleznic&iacute; s mnoha dal&scaron;&iacute;mi evropsk&yacute;mi m&#283;sty, krom&#283; V&iacute;dn&#283; taky s Prahou a Brnem, Budape&scaron;t&iacute;, Lublan&iacute; a Z&aacute;h&#345;ebem.<\/p>\n\n\n\n<p>Pokud jde o p&#345;&iacute;stupnost pro osoby se zdravotn&iacute;m posti&#382;en&iacute;m, vede si &Scaron;t&yacute;rsk&yacute; Hradec dob&#345;e. Infrastruktura zahrnuje v&yacute;tahy, a to i na vrchol kopce Schlossberg. Tak&#382;e i v tomto ohledu bych ho pova&#382;ovala za p&#345;&iacute;stupn&yacute;, i kdy&#382; v tom nejsem odborn&iacute;k a nedok&aacute;&#382;u to po&#345;&aacute;dn&#283; posoudit. V&iacute;ce informac&iacute; najdete na <a href=\"https:\/\/www.graztourismus.at\/en\/getting-there-and-public-transport\/accessible-graz\" target=\"_blank\" rel=\"noreferrer noopener\">webov&yacute;ch str&aacute;nk&aacute;ch Graz Tourism<\/a>.<\/p>\n\n\n\n<h2 class=\"wp-block-heading\"><span class=\"ez-toc-section\" id=\"13_Kafe_kafe_kafe\"><\/span>13. <strong>Kafe, kafe, kafe!<\/strong><span class=\"ez-toc-section-end\"><\/span><\/h2>\n\n\n\n<p>Pokud pot&#345;ebujete svou pravidelnou d&aacute;vku kofeinu, ve &Scaron;t&yacute;rsk&eacute;m Hradci budete m&iacute;t v&#382;dy n&#283;jakou pobl&iacute;&#382;. M&#283;sto je r&aacute;jem pro milovn&iacute;ky k&aacute;vy! Na va&scaron;i n&aacute;v&scaron;t&#283;vu &#269;ek&aacute; cel&aacute; &#345;ada kav&aacute;ren.&nbsp;<\/p>\n\n\n\n<p>J&aacute; jsem si obzvl&aacute;&scaron;&#357; obl&iacute;bila kav&aacute;rnu v Kunsthausu a l&iacute;bila se mi i &#345;ada dal&scaron;&iacute;ch, kter&eacute; byly modern&iacute; a kde mi p&#345;ipravili perfektn&iacute; cappuccino.<\/p>\n\n\n\n<p>V &scaron;ir&scaron;&iacute;m centru m&#283;sta najdete kav&aacute;rnu Paul &amp; Bohne (kousek od n&aacute;m&#283;st&iacute; Lendplatz), kav&aacute;rnu Ducks Coffee Shop s roztomilou v&yacute;zdobou ka&#269;enek, pra&#382;&iacute;rnu k&aacute;vy Blend Coffee Roasters, kter&aacute; se podob&aacute; laborato&#345;i, a skryt&yacute; klenot jm&eacute;nem Kai 36 Cafe and Bar.<\/p>\n\n\n\n<figure class=\"wp-block-gallery has-nested-images columns-default is-cropped wp-block-gallery-4 is-layout-flex wp-block-gallery-is-layout-flex\">\n<figure class=\"wp-block-image size-large\"><a href=\"https:\/\/www.travelgeekery.com\/wp-content\/uploads\/2023\/10\/Paul-Bohne-Cafe-Graz.jpg\"><noscript><img loading=\"lazy\" decoding=\"async\" width=\"600\" height=\"800\" data-id=\"15716\" src=\"https:\/\/www.travelgeekery.com\/wp-content\/uploads\/2023\/10\/Paul-Bohne-Cafe-Graz.jpg\" alt=\"Paul &amp; Bohne Cafe barista posing for a photo\" class=\"wp-image-15716\" srcset=\"https:\/\/www.travelgeekery.com\/wp-content\/uploads\/2023\/10\/Paul-Bohne-Cafe-Graz.jpg 600w, https:\/\/www.travelgeekery.com\/wp-content\/uploads\/2023\/10\/Paul-Bohne-Cafe-Graz-225x300.jpg 225w, https:\/\/www.travelgeekery.com\/wp-content\/uploads\/2023\/10\/Paul-Bohne-Cafe-Graz-546x728.jpg 546w, https:\/\/www.travelgeekery.com\/wp-content\/uploads\/2023\/10\/Paul-Bohne-Cafe-Graz-150x200.jpg 150w\" sizes=\"auto, (max-width: 600px) 100vw, 600px\" data-pin-media=\"https:\/\/www.travelgeekery.com\/wp-content\/uploads\/2023\/10\/Paul-Bohne-Cafe-Graz.jpg\"><\/noscript><img loading=\"lazy\" decoding=\"async\" width=\"600\" height=\"800\" data-id=\"15716\" src=\"https:\/\/www.travelgeekery.com\/wp-content\/uploads\/2023\/10\/Paul-Bohne-Cafe-Graz.jpg.webp\" alt=\"Paul &amp; Bohne Cafe barista posing for a photo\" class=\"wp-image-15716 lazyload\" srcset=\"https:\/\/www.travelgeekery.com\/wp-content\/uploads\/2023\/10\/Paul-Bohne-Cafe-Graz.jpg.webp 600w, https:\/\/www.travelgeekery.com\/wp-content\/uploads\/2023\/10\/Paul-Bohne-Cafe-Graz-225x300.jpg.webp 225w, https:\/\/www.travelgeekery.com\/wp-content\/uploads\/2023\/10\/Paul-Bohne-Cafe-Graz-546x728.jpg.webp 546w, https:\/\/www.travelgeekery.com\/wp-content\/uploads\/2023\/10\/Paul-Bohne-Cafe-Graz-150x200.jpg.webp 150w\" sizes=\"auto, (max-width: 600px) 100vw, 600px\" data-pin-media=\"https:\/\/www.travelgeekery.com\/wp-content\/uploads\/2023\/10\/Paul-Bohne-Cafe-Graz.jpg\" id=\"mv-trellis-img-35\" data-trellis-processed=\"1\"><\/a><figcaption class=\"wp-element-caption\">Paul &amp; Bohne a vtipn&aacute; baristka :)<\/figcaption><\/figure>\n\n\n\n<figure class=\"wp-block-image size-large\"><a href=\"https:\/\/www.travelgeekery.com\/wp-content\/uploads\/2023\/10\/Kunsthauscafe-Graz-576x1024.jpg\"><noscript><img loading=\"lazy\" decoding=\"async\" width=\"576\" height=\"1024\" data-id=\"15694\" src=\"https:\/\/www.travelgeekery.com\/wp-content\/uploads\/2023\/10\/Kunsthauscafe-Graz-576x1024.jpg\" alt=\"Interior of Kunsthauscafe Graz\" class=\"wp-image-15694\" srcset=\"https:\/\/www.travelgeekery.com\/wp-content\/uploads\/2023\/10\/Kunsthauscafe-Graz-576x1024.jpg 576w, https:\/\/www.travelgeekery.com\/wp-content\/uploads\/2023\/10\/Kunsthauscafe-Graz-169x300.jpg 169w, https:\/\/www.travelgeekery.com\/wp-content\/uploads\/2023\/10\/Kunsthauscafe-Graz-540x960.jpg 540w, https:\/\/www.travelgeekery.com\/wp-content\/uploads\/2023\/10\/Kunsthauscafe-Graz-150x267.jpg 150w, https:\/\/www.travelgeekery.com\/wp-content\/uploads\/2023\/10\/Kunsthauscafe-Graz.jpg 600w\" sizes=\"auto, (max-width: 576px) 100vw, 576px\" data-pin-media=\"https:\/\/www.travelgeekery.com\/wp-content\/uploads\/2023\/10\/Kunsthauscafe-Graz.jpg\"><\/noscript><img loading=\"lazy\" decoding=\"async\" width=\"576\" height=\"1024\" data-id=\"15694\" src=\"https:\/\/www.travelgeekery.com\/wp-content\/uploads\/2023\/10\/Kunsthauscafe-Graz-576x1024.jpg.webp\" alt=\"Interior of Kunsthauscafe Graz\" class=\"wp-image-15694 lazyload\" srcset=\"https:\/\/www.travelgeekery.com\/wp-content\/uploads\/2023\/10\/Kunsthauscafe-Graz-576x1024.jpg.webp 576w, https:\/\/www.travelgeekery.com\/wp-content\/uploads\/2023\/10\/Kunsthauscafe-Graz-169x300.jpg.webp 169w, https:\/\/www.travelgeekery.com\/wp-content\/uploads\/2023\/10\/Kunsthauscafe-Graz-540x960.jpg.webp 540w, https:\/\/www.travelgeekery.com\/wp-content\/uploads\/2023\/10\/Kunsthauscafe-Graz-150x267.jpg.webp 150w, https:\/\/www.travelgeekery.com\/wp-content\/uploads\/2023\/10\/Kunsthauscafe-Graz.jpg.webp 600w\" sizes=\"auto, (max-width: 576px) 100vw, 576px\" data-pin-media=\"https:\/\/www.travelgeekery.com\/wp-content\/uploads\/2023\/10\/Kunsthauscafe-Graz.jpg\" id=\"mv-trellis-img-36\" data-trellis-processed=\"1\"><\/a><figcaption class=\"wp-element-caption\">Kunsthauscafe&hellip; v teple na zahr&aacute;dce hlava na hlav&#283;, uvnit&#345; ani noha :)<\/figcaption><\/figure>\n\n\n\n<figure class=\"wp-block-image size-large\"><a href=\"https:\/\/www.travelgeekery.com\/wp-content\/uploads\/2023\/10\/Ducks-Coffeeshop-Graz.jpg\"><noscript><img loading=\"lazy\" decoding=\"async\" width=\"600\" height=\"800\" data-id=\"15610\" src=\"https:\/\/www.travelgeekery.com\/wp-content\/uploads\/2023\/10\/Ducks-Coffeeshop-Graz.jpg\" alt=\"Interior of Ducks Coffeeshop Graz\" class=\"wp-image-15610\" srcset=\"https:\/\/www.travelgeekery.com\/wp-content\/uploads\/2023\/10\/Ducks-Coffeeshop-Graz.jpg 600w, https:\/\/www.travelgeekery.com\/wp-content\/uploads\/2023\/10\/Ducks-Coffeeshop-Graz-225x300.jpg 225w, https:\/\/www.travelgeekery.com\/wp-content\/uploads\/2023\/10\/Ducks-Coffeeshop-Graz-546x728.jpg 546w, https:\/\/www.travelgeekery.com\/wp-content\/uploads\/2023\/10\/Ducks-Coffeeshop-Graz-150x200.jpg 150w\" sizes=\"auto, (max-width: 600px) 100vw, 600px\" data-pin-media=\"https:\/\/www.travelgeekery.com\/wp-content\/uploads\/2023\/10\/Ducks-Coffeeshop-Graz.jpg\"><\/noscript><img loading=\"lazy\" decoding=\"async\" width=\"600\" height=\"800\" data-id=\"15610\" src=\"https:\/\/www.travelgeekery.com\/wp-content\/uploads\/2023\/10\/Ducks-Coffeeshop-Graz.jpg.webp\" alt=\"Interior of Ducks Coffeeshop Graz\" class=\"wp-image-15610 lazyload\" srcset=\"https:\/\/www.travelgeekery.com\/wp-content\/uploads\/2023\/10\/Ducks-Coffeeshop-Graz.jpg.webp 600w, https:\/\/www.travelgeekery.com\/wp-content\/uploads\/2023\/10\/Ducks-Coffeeshop-Graz-225x300.jpg.webp 225w, https:\/\/www.travelgeekery.com\/wp-content\/uploads\/2023\/10\/Ducks-Coffeeshop-Graz-546x728.jpg.webp 546w, https:\/\/www.travelgeekery.com\/wp-content\/uploads\/2023\/10\/Ducks-Coffeeshop-Graz-150x200.jpg.webp 150w\" sizes=\"auto, (max-width: 600px) 100vw, 600px\" data-pin-media=\"https:\/\/www.travelgeekery.com\/wp-content\/uploads\/2023\/10\/Ducks-Coffeeshop-Graz.jpg\" id=\"mv-trellis-img-37\" data-trellis-processed=\"1\"><\/a><figcaption class=\"wp-element-caption\">Ducks Coffeeshop a ka&#269;en&iacute; motiv :)<\/figcaption><\/figure>\n<\/figure>\n\n\n\n<p><\/p>\n\n\n\n<p>Ve v&scaron;ech t&#283;chto podnic&iacute;ch si u&#382;ijete superkvalitn&iacute; k&aacute;vu!<\/p>\n\n\n\n<h2 class=\"wp-block-heading\"><span class=\"ez-toc-section\" id=\"14_Sezonni_akce\"><\/span>14. <strong>Sez&oacute;nn&iacute; akce<\/strong><span class=\"ez-toc-section-end\"><\/span><\/h2>\n\n\n\n<p><\/p>\n\n\n\n<div class=\"wp-block-columns is-layout-flex wp-container-core-columns-is-layout-9d6595d7 wp-block-columns-is-layout-flex\">\n<div class=\"wp-block-column is-layout-flow wp-block-column-is-layout-flow\">\n<p>Zd&aacute; se, &#382;e Graz nikdy nesp&iacute;. :) Ve m&#283;st&#283; se po&#345;&aacute;d n&#283;co d&#283;je. J&aacute; u&#382; d&eacute;le pomrk&aacute;v&aacute;m po Festivalu lan&yacute;&#382;&#367;, kter&yacute; se kon&aacute; ka&#382;d&yacute; rok v &#345;&iacute;jnu.<\/p>\n\n\n\n<p>Te&#271; jsem ale Graz nav&scaron;t&iacute;vila na za&#269;&aacute;tku z&aacute;&#345;&iacute; a po&#345;&aacute;d se toho d&#283;lo dost! Tak nap&#345;&iacute;klad byla je&scaron;t&#283; sez&oacute;na bur&#269;&aacute;ku. V Rakousku, zejm&eacute;na ve &Scaron;t&yacute;rsku, maj&iacute; tento n&aacute;poj tak&eacute; r&aacute;di, ale tady se mu &#345;&iacute;k&aacute; <em>Sturm<\/em>. Tak&#382;e pokud sem zav&iacute;t&aacute;te v sez&oacute;n&#283; Sturmu, ur&#269;it&#283; si skleni&#269;ku dejte. B&iacute;l&eacute; nebo &#269;erven&eacute;, je to na v&aacute;s.<\/p>\n\n\n\n<p>B&#283;hem na&scaron;&iacute; n&aacute;v&scaron;t&#283;vy bylo st&aacute;le kr&aacute;sn&eacute; a tepl&eacute; po&#269;as&iacute; a na hlavn&iacute;m n&aacute;m&#283;st&iacute; z&#345;&iacute;dila m&#283;stsk&aacute; knihovna &#269;ten&aacute;&#345;sk&yacute; koutek se spoustou knih, pytli na sezen&iacute; a houpac&iacute;mi s&iacute;t&#283;mi. Sta&#269;ilo si vybrat knihu, ud&#283;lat si pohodl&iacute; a u&#382;&iacute;t si chvilku &#269;ten&iacute; p&#345;&iacute;mo v centru &Scaron;t&yacute;rsk&eacute;ho Hradce.<\/p>\n\n\n\n<p>P&#345;ed n&aacute;v&scaron;t&#283;vou si proto zjist&#283;te, <a href=\"https:\/\/www.graztourismus.at\/en\/events\">jak&eacute; akce se ve &Scaron;t&yacute;rsk&eacute;m Hradci chystaj&iacute;<\/a>. A i kdy&#382; nic nenajdete, nezoufejte! Pravd&#283;podobn&#283; se i tak ve m&#283;st&#283; bude n&#283;co d&iacute;t, zejm&eacute;na v teplej&scaron;&iacute;ch m&#283;s&iacute;c&iacute;ch roku.<\/p>\n<\/div>\n\n\n\n<div class=\"wp-block-column is-layout-flow wp-block-column-is-layout-flow\">\n<figure class=\"wp-block-image size-full\"><a href=\"https:\/\/www.travelgeekery.com\/wp-content\/uploads\/2024\/03\/Public-library-at-Graz-main-square.jpg\"><noscript><img loading=\"lazy\" decoding=\"async\" width=\"563\" height=\"1000\" src=\"https:\/\/www.travelgeekery.com\/wp-content\/uploads\/2024\/03\/Public-library-at-Graz-main-square.jpg\" alt=\"People reading in lounge chairs in the city center of Graz\" class=\"wp-image-16035\" srcset=\"https:\/\/www.travelgeekery.com\/wp-content\/uploads\/2024\/03\/Public-library-at-Graz-main-square.jpg 563w, https:\/\/www.travelgeekery.com\/wp-content\/uploads\/2024\/03\/Public-library-at-Graz-main-square-169x300.jpg 169w, https:\/\/www.travelgeekery.com\/wp-content\/uploads\/2024\/03\/Public-library-at-Graz-main-square-540x960.jpg 540w, https:\/\/www.travelgeekery.com\/wp-content\/uploads\/2024\/03\/Public-library-at-Graz-main-square-150x266.jpg 150w\" sizes=\"auto, (max-width: 563px) 100vw, 563px\" data-pin-media=\"https:\/\/www.travelgeekery.com\/wp-content\/uploads\/2024\/03\/Public-library-at-Graz-main-square.jpg\"><\/noscript><img loading=\"lazy\" decoding=\"async\" width=\"563\" height=\"1000\" src=\"https:\/\/www.travelgeekery.com\/wp-content\/uploads\/2024\/03\/Public-library-at-Graz-main-square.jpg.webp\" alt=\"People reading in lounge chairs in the city center of Graz\" class=\"wp-image-16035 lazyload\" srcset=\"https:\/\/www.travelgeekery.com\/wp-content\/uploads\/2024\/03\/Public-library-at-Graz-main-square.jpg.webp 563w, https:\/\/www.travelgeekery.com\/wp-content\/uploads\/2024\/03\/Public-library-at-Graz-main-square-169x300.jpg.webp 169w, https:\/\/www.travelgeekery.com\/wp-content\/uploads\/2024\/03\/Public-library-at-Graz-main-square-540x960.jpg.webp 540w, https:\/\/www.travelgeekery.com\/wp-content\/uploads\/2024\/03\/Public-library-at-Graz-main-square-150x266.jpg.webp 150w\" sizes=\"auto, (max-width: 563px) 100vw, 563px\" data-pin-media=\"https:\/\/www.travelgeekery.com\/wp-content\/uploads\/2024\/03\/Public-library-at-Graz-main-square.jpg\" id=\"mv-trellis-img-38\" data-trellis-processed=\"1\"><\/a><figcaption class=\"wp-element-caption\">&#268;ten&aacute;&#345;sk&yacute; koutek p&#345;&iacute;mo u radnice, v&scaron;e d&iacute;ky m&iacute;stn&iacute; ve&#345;ejn&eacute; knihovn&#283;.<\/figcaption><\/figure>\n<\/div>\n<\/div>\n\n\n\n<h2 class=\"wp-block-heading\"><span class=\"ez-toc-section\" id=\"15_Historicky_vyznam\"><\/span>15. <strong>Historick&yacute; v&yacute;znam<\/strong><span class=\"ez-toc-section-end\"><\/span><\/h2>\n\n\n\n<p>V historii trochu l&iacute;t&aacute;m, a tak pros&iacute;m omluvte p&#345;&iacute;padn&eacute; nedostatky v m&eacute;m popisu historick&yacute;ch ud&aacute;lost&iacute;, ale je d&#367;le&#382;it&eacute; v&#283;d&#283;t, &#382;e &Scaron;t&yacute;rsk&yacute; Hradec hr&aacute;l v d&#283;jin&aacute;ch Rakouska v&yacute;znamnou roli.<\/p>\n\n\n\n<p>D&iacute;ky sv&eacute; zem&#283;pisn&eacute; poloze nedaleko slovinsk&yacute;ch hranic se stal d&#367;le&#382;itou k&#345;i&#382;ovatkou a tavic&iacute;m kotlem r&#367;zn&yacute;ch vliv&#367; a kultur.<\/p>\n\n\n\n<p>&Scaron;t&yacute;rsk&yacute; Hradec byl tak&eacute; domovem slavn&yacute;ch osobnost&iacute;. V Grazu &#382;il nap&#345;&iacute;klad Johannes Kepler, ne&#382; se p&#345;est&#283;hoval do Prahy, n&#283;jak&yacute; &#269;as zde studoval Nikola Tesla a kr&aacute;tce zde &#382;il i n&#283;meck&yacute; b&aacute;sn&iacute;k Friedrich Schiller. Ve &Scaron;t&yacute;rsk&eacute;m Hradci se narodil rakousk&yacute; arciv&eacute;voda Franti&scaron;ek Ferdinand a jen o dv&#283; desetilet&iacute; pozd&#283;ji hudebn&iacute; skladatel Robert Stolz.<\/p>\n\n\n\n<p>Univerzita ve &Scaron;t&yacute;rsk&eacute;m Hradci, zalo&#382;en&aacute; v roce 1585, pat&#345;&iacute; k nejstar&scaron;&iacute;m a nejv&#283;t&scaron;&iacute;m v Rakousku, co&#382; jen podtrhuje pov&#283;st m&#283;sta jako centra vzd&#283;lanosti a v&yacute;zkumu.<\/p>\n\n\n\n<div id=\"mediavine-settings\" data-blocklist-content-desktop=\"1\" data-blocklist-content-mobile=\"1\" data-expires-at=\"2024-04-10\"><\/div>\n\n\n\n<div style=\"height:51px\" aria-hidden=\"true\" class=\"wp-block-spacer\"><\/div>\n\n\n\n<p>Tak&#382;e te&#271; vid&iacute;te, &#382;e Graz zn&iacute; na pap&iacute;&#345;e docela &uacute;&#382;asn&#283;. Douf&aacute;m, &#382;e se tam pojedete pod&iacute;vat a za&#382;ijete to na vlastn&iacute; k&#367;&#382;i!<\/p>\n\n\n\n<p>St&aacute;le ale zb&yacute;v&aacute; <strong>jeden d&#367;vod, pro&#269; &Scaron;t&yacute;rsk&yacute; Hradec nenav&scaron;t&iacute;vit:<\/strong><\/p>\n\n\n\n<p>Mo&#382;n&aacute; se zamilujete a budete nuceni napl&aacute;novat dal&scaron;&iacute; cestu!<\/p>\n\n\n\n<p>Ha!<\/p>\n\n\n\n<p>To se stalo m&#283; :) D&aacute;m tomu rok nebo dva a r&aacute;da se do Grazu vr&aacute;t&iacute;m.<\/p>\n\n\n\n<p><em>Veronika z Travel Geekery objevovala Graz d&iacute;ky spolupr&aacute;ci s&nbsp;<\/em><a href=\"https:\/\/www.graztourismus.at\/en\" target=\"_blank\" rel=\"noreferrer noopener\"><em>Graz Tourism Board<\/em><\/a><em>. V&scaron;echny n&aacute;zory jsou jej&iacute; vlastn&iacute; a nezaujat&eacute;.<\/em><\/p>\n","protected":false},"excerpt":{"rendered":"<p>Pro&#269; nav&scaron;t&iacute;vit &Scaron;t&yacute;rsk&yacute; Hradec? Jak jsem psala v p&#345;edchoz&iacute;m &#269;l&aacute;nku, jeden den ve &Scaron;t&yacute;rsk&eacute;m Hradci sotva sta&#269;&iacute; na to, abyste druh&eacute; nejv&#283;t&scaron;&iacute; m&#283;sto Rakouska poznali, proto&#382;e je extr&eacute;mn&#283; zaj&iacute;mav&eacute; &ndash; po v&scaron;ech str&aacute;nk&aacute;ch! V tomto &#269;l&aacute;nku se budeme zab&yacute;vat t&iacute;m, pro&#269; Graz (= &Scaron;t&yacute;rsk&yacute; Hradec) v&#367;bec nav&scaron;t&iacute;vit. Co je na tomto m&#283;st&#283; na okraji rakousk&yacute;ch &hellip;<\/p>\n","protected":false},"author":1,"featured_media":16125,"comment_status":"open","ping_status":"closed","sticky":false,"template":"","format":"standard","meta":{"disable-in-feed":false,"article-schema-type":"","disable-critical-css":false,"footnotes":""},"categories":[600],"tags":[],"class_list":["post-16087","post","type-post","status-publish","format-standard","has-post-thumbnail","hentry","category-rakousko"],"yoast_head":"<!-- This site is optimized with the Yoast SEO plugin v27.2 - https:\/\/yoast.com\/product\/yoast-seo-wordpress\/ -->\n<title>15 neodolateln\u00fdch d\u016fvod\u016f, pro\u010d nav\u0161t\u00edvit \u0160t\u00fdrsk\u00fd Hradec (a jeden, pro\u010d ne) - Travel Geekery<\/title>\n<meta name=\"description\" content=\"Stoj\u00ed \u0160t\u00fdrsk\u00fd Hradec (Graz) za n\u00e1v\u0161t\u011bvu? Pod\u00edvejte se na d\u016fvody, pro\u010d nav\u0161t\u00edvit Graz, a rozhodn\u011bte se sami, zda je t\u00edm prav\u00fdm m\u00edstem i pro va\u0161i n\u00e1v\u0161t\u011bvu.\" \/>\n<meta name=\"robots\" content=\"index, follow, max-snippet:-1, max-image-preview:large, max-video-preview:-1\" \/>\n<link rel=\"canonical\" href=\"https:\/\/www.travelgeekery.com\/cs\/proc-navstivit-graz\/\" \/>\n<meta property=\"og:locale\" content=\"cs_CZ\" \/>\n<meta property=\"og:type\" content=\"article\" \/>\n<meta property=\"og:title\" content=\"15 neodolateln\u00fdch d\u016fvod\u016f, pro\u010d nav\u0161t\u00edvit \u0160t\u00fdrsk\u00fd Hradec (a jeden, pro\u010d ne) - Travel Geekery\" \/>\n<meta property=\"og:description\" content=\"Stoj\u00ed \u0160t\u00fdrsk\u00fd Hradec (Graz) za n\u00e1v\u0161t\u011bvu? Pod\u00edvejte se na d\u016fvody, pro\u010d nav\u0161t\u00edvit Graz, a rozhodn\u011bte se sami, zda je t\u00edm prav\u00fdm m\u00edstem i pro va\u0161i n\u00e1v\u0161t\u011bvu.\" \/>\n<meta property=\"og:url\" content=\"https:\/\/www.travelgeekery.com\/cs\/proc-navstivit-graz\/\" \/>\n<meta property=\"og:site_name\" content=\"Travel Geekery\" \/>\n<meta property=\"article:publisher\" content=\"https:\/\/www.facebook.com\/travelgeekery\" \/>\n<meta property=\"article:published_time\" content=\"2024-03-10T21:41:52+00:00\" \/>\n<meta property=\"article:modified_time\" content=\"2025-01-11T21:46:20+00:00\" \/>\n<meta property=\"og:image\" content=\"https:\/\/www.travelgeekery.com\/wp-content\/uploads\/2024\/03\/Why-visit-Graz_featured_CZ.jpg\" \/>\n\t<meta property=\"og:image:width\" content=\"1200\" \/>\n\t<meta property=\"og:image:height\" content=\"854\" \/>\n\t<meta property=\"og:image:type\" content=\"image\/jpeg\" \/>\n<meta name=\"author\" content=\"Veronika Primm\" \/>\n<meta name=\"twitter:card\" content=\"summary_large_image\" \/>\n<meta name=\"twitter:creator\" content=\"@TravelGeekery\" \/>\n<meta name=\"twitter:site\" content=\"@TravelGeekery\" \/>\n<meta name=\"twitter:label1\" content=\"Napsal(a)\" \/>\n\t<meta name=\"twitter:data1\" content=\"Veronika Primm\" \/>\n\t<meta name=\"twitter:label2\" content=\"Odhadovan\u00e1 doba \u010dten\u00ed\" \/>\n\t<meta name=\"twitter:data2\" content=\"20 minut\" \/>\n<script type=\"application\/ld+json\" class=\"yoast-schema-graph\">{\"@context\":\"https:\/\/schema.org\",\"@graph\":[{\"@type\":\"Article\",\"@id\":\"https:\/\/www.travelgeekery.com\/cs\/proc-navstivit-graz\/#article\",\"isPartOf\":{\"@id\":\"https:\/\/www.travelgeekery.com\/cs\/proc-navstivit-graz\/\"},\"author\":{\"name\":\"Veronika Primm\",\"@id\":\"https:\/\/www.travelgeekery.com\/#\/schema\/person\/113f38838c5190034635d98ff6e0ae3c\"},\"headline\":\"15 neodolateln\u00fdch d\u016fvod\u016f, pro\u010d nav\u0161t\u00edvit \u0160t\u00fdrsk\u00fd Hradec (a jeden, pro\u010d ne)\",\"datePublished\":\"2024-03-10T21:41:52+00:00\",\"dateModified\":\"2025-01-11T21:46:20+00:00\",\"mainEntityOfPage\":{\"@id\":\"https:\/\/www.travelgeekery.com\/cs\/proc-navstivit-graz\/\"},\"wordCount\":3657,\"commentCount\":1,\"publisher\":{\"@id\":\"https:\/\/www.travelgeekery.com\/#organization\"},\"image\":{\"@id\":\"https:\/\/www.travelgeekery.com\/cs\/proc-navstivit-graz\/#primaryimage\"},\"thumbnailUrl\":\"https:\/\/www.travelgeekery.com\/wp-content\/uploads\/2024\/03\/Why-visit-Graz_featured_CZ.jpg\",\"articleSection\":[\"Rakousko\"],\"inLanguage\":\"cs\",\"potentialAction\":[{\"@type\":\"CommentAction\",\"name\":\"Comment\",\"target\":[\"https:\/\/www.travelgeekery.com\/cs\/proc-navstivit-graz\/#respond\"]}]},{\"@type\":\"WebPage\",\"@id\":\"https:\/\/www.travelgeekery.com\/cs\/proc-navstivit-graz\/\",\"url\":\"https:\/\/www.travelgeekery.com\/cs\/proc-navstivit-graz\/\",\"name\":\"15 neodolateln\u00fdch d\u016fvod\u016f, pro\u010d nav\u0161t\u00edvit \u0160t\u00fdrsk\u00fd Hradec (a jeden, pro\u010d ne) - Travel Geekery\",\"isPartOf\":{\"@id\":\"https:\/\/www.travelgeekery.com\/#website\"},\"primaryImageOfPage\":{\"@id\":\"https:\/\/www.travelgeekery.com\/cs\/proc-navstivit-graz\/#primaryimage\"},\"image\":{\"@id\":\"https:\/\/www.travelgeekery.com\/cs\/proc-navstivit-graz\/#primaryimage\"},\"thumbnailUrl\":\"https:\/\/www.travelgeekery.com\/wp-content\/uploads\/2024\/03\/Why-visit-Graz_featured_CZ.jpg\",\"datePublished\":\"2024-03-10T21:41:52+00:00\",\"dateModified\":\"2025-01-11T21:46:20+00:00\",\"description\":\"Stoj\u00ed \u0160t\u00fdrsk\u00fd Hradec (Graz) za n\u00e1v\u0161t\u011bvu? Pod\u00edvejte se na d\u016fvody, pro\u010d nav\u0161t\u00edvit Graz, a rozhodn\u011bte se sami, zda je t\u00edm prav\u00fdm m\u00edstem i pro va\u0161i n\u00e1v\u0161t\u011bvu.\",\"breadcrumb\":{\"@id\":\"https:\/\/www.travelgeekery.com\/cs\/proc-navstivit-graz\/#breadcrumb\"},\"inLanguage\":\"cs\",\"potentialAction\":[{\"@type\":\"ReadAction\",\"target\":[\"https:\/\/www.travelgeekery.com\/cs\/proc-navstivit-graz\/\"]}]},{\"@type\":\"ImageObject\",\"inLanguage\":\"cs\",\"@id\":\"https:\/\/www.travelgeekery.com\/cs\/proc-navstivit-graz\/#primaryimage\",\"url\":\"https:\/\/www.travelgeekery.com\/wp-content\/uploads\/2024\/03\/Why-visit-Graz_featured_CZ.jpg\",\"contentUrl\":\"https:\/\/www.travelgeekery.com\/wp-content\/uploads\/2024\/03\/Why-visit-Graz_featured_CZ.jpg\",\"width\":1200,\"height\":854,\"caption\":\"Pohled shora na m\u011bsto Graz v Rakousku s textem: Pro\u010d Graz?\"},{\"@type\":\"BreadcrumbList\",\"@id\":\"https:\/\/www.travelgeekery.com\/cs\/proc-navstivit-graz\/#breadcrumb\",\"itemListElement\":[{\"@type\":\"ListItem\",\"position\":1,\"name\":\"Destinace\",\"item\":\"https:\/\/www.travelgeekery.com\/cs\/category\/destinace\/\"},{\"@type\":\"ListItem\",\"position\":2,\"name\":\"Evropa\",\"item\":\"https:\/\/www.travelgeekery.com\/cs\/category\/destinace\/evropa\/\"},{\"@type\":\"ListItem\",\"position\":3,\"name\":\"Rakousko\",\"item\":\"https:\/\/www.travelgeekery.com\/cs\/category\/destinace\/evropa\/rakousko\/\"},{\"@type\":\"ListItem\",\"position\":4,\"name\":\"15 neodolateln\u00fdch d\u016fvod\u016f, pro\u010d nav\u0161t\u00edvit \u0160t\u00fdrsk\u00fd Hradec (a jeden, pro\u010d ne)\"}]},{\"@type\":\"WebSite\",\"@id\":\"https:\/\/www.travelgeekery.com\/#website\",\"url\":\"https:\/\/www.travelgeekery.com\/\",\"name\":\"Travel Geekery\",\"description\":\"Know Before You Go\",\"publisher\":{\"@id\":\"https:\/\/www.travelgeekery.com\/#organization\"},\"potentialAction\":[{\"@type\":\"SearchAction\",\"target\":{\"@type\":\"EntryPoint\",\"urlTemplate\":\"https:\/\/www.travelgeekery.com\/?s={search_term_string}\"},\"query-input\":{\"@type\":\"PropertyValueSpecification\",\"valueRequired\":true,\"valueName\":\"search_term_string\"}}],\"inLanguage\":\"cs\"},{\"@type\":\"Organization\",\"@id\":\"https:\/\/www.travelgeekery.com\/#organization\",\"name\":\"TravelGeekery\",\"url\":\"https:\/\/www.travelgeekery.com\/\",\"logo\":{\"@type\":\"ImageObject\",\"inLanguage\":\"cs\",\"@id\":\"https:\/\/www.travelgeekery.com\/#\/schema\/logo\/image\/\",\"url\":\"https:\/\/www.travelgeekery.com\/wp-content\/uploads\/2021\/12\/TravelGeekery-Logo_267x75.png\",\"contentUrl\":\"https:\/\/www.travelgeekery.com\/wp-content\/uploads\/2021\/12\/TravelGeekery-Logo_267x75.png\",\"width\":267,\"height\":75,\"caption\":\"TravelGeekery\"},\"image\":{\"@id\":\"https:\/\/www.travelgeekery.com\/#\/schema\/logo\/image\/\"},\"sameAs\":[\"https:\/\/www.facebook.com\/travelgeekery\",\"https:\/\/x.com\/TravelGeekery\",\"https:\/\/instagram.com\/travelgeekery\/\",\"https:\/\/www.pinterest.com\/travelgeekery\/\"]},{\"@type\":\"Person\",\"@id\":\"https:\/\/www.travelgeekery.com\/#\/schema\/person\/113f38838c5190034635d98ff6e0ae3c\",\"name\":\"Veronika Primm\",\"description\":\"Chief Travel Geek\"}]}<\/script>\n<!-- \/ Yoast SEO plugin. -->","yoast_head_json":{"title":"15 neodolateln\u00fdch d\u016fvod\u016f, pro\u010d nav\u0161t\u00edvit \u0160t\u00fdrsk\u00fd Hradec (a jeden, pro\u010d ne) - Travel Geekery","description":"Stoj\u00ed \u0160t\u00fdrsk\u00fd Hradec (Graz) za n\u00e1v\u0161t\u011bvu? Pod\u00edvejte se na d\u016fvody, pro\u010d nav\u0161t\u00edvit Graz, a rozhodn\u011bte se sami, zda je t\u00edm prav\u00fdm m\u00edstem i pro va\u0161i n\u00e1v\u0161t\u011bvu.","robots":{"index":"index","follow":"follow","max-snippet":"max-snippet:-1","max-image-preview":"max-image-preview:large","max-video-preview":"max-video-preview:-1"},"canonical":"https:\/\/www.travelgeekery.com\/cs\/proc-navstivit-graz\/","og_locale":"cs_CZ","og_type":"article","og_title":"15 neodolateln\u00fdch d\u016fvod\u016f, pro\u010d nav\u0161t\u00edvit \u0160t\u00fdrsk\u00fd Hradec (a jeden, pro\u010d ne) - Travel Geekery","og_description":"Stoj\u00ed \u0160t\u00fdrsk\u00fd Hradec (Graz) za n\u00e1v\u0161t\u011bvu? Pod\u00edvejte se na d\u016fvody, pro\u010d nav\u0161t\u00edvit Graz, a rozhodn\u011bte se sami, zda je t\u00edm prav\u00fdm m\u00edstem i pro va\u0161i n\u00e1v\u0161t\u011bvu.","og_url":"https:\/\/www.travelgeekery.com\/cs\/proc-navstivit-graz\/","og_site_name":"Travel Geekery","article_publisher":"https:\/\/www.facebook.com\/travelgeekery","article_published_time":"2024-03-10T21:41:52+00:00","article_modified_time":"2025-01-11T21:46:20+00:00","og_image":[{"width":1200,"height":854,"url":"https:\/\/www.travelgeekery.com\/wp-content\/uploads\/2024\/03\/Why-visit-Graz_featured_CZ.jpg","type":"image\/jpeg"}],"author":"Veronika Primm","twitter_card":"summary_large_image","twitter_creator":"@TravelGeekery","twitter_site":"@TravelGeekery","twitter_misc":{"Napsal(a)":"Veronika Primm","Odhadovan\u00e1 doba \u010dten\u00ed":"20 minut"},"schema":{"@context":"https:\/\/schema.org","@graph":[{"@type":"Article","@id":"https:\/\/www.travelgeekery.com\/cs\/proc-navstivit-graz\/#article","isPartOf":{"@id":"https:\/\/www.travelgeekery.com\/cs\/proc-navstivit-graz\/"},"author":{"name":"Veronika Primm","@id":"https:\/\/www.travelgeekery.com\/#\/schema\/person\/113f38838c5190034635d98ff6e0ae3c"},"headline":"15 neodolateln\u00fdch d\u016fvod\u016f, pro\u010d nav\u0161t\u00edvit \u0160t\u00fdrsk\u00fd Hradec (a jeden, pro\u010d ne)","datePublished":"2024-03-10T21:41:52+00:00","dateModified":"2025-01-11T21:46:20+00:00","mainEntityOfPage":{"@id":"https:\/\/www.travelgeekery.com\/cs\/proc-navstivit-graz\/"},"wordCount":3657,"commentCount":1,"publisher":{"@id":"https:\/\/www.travelgeekery.com\/#organization"},"image":{"@id":"https:\/\/www.travelgeekery.com\/cs\/proc-navstivit-graz\/#primaryimage"},"thumbnailUrl":"https:\/\/www.travelgeekery.com\/wp-content\/uploads\/2024\/03\/Why-visit-Graz_featured_CZ.jpg","articleSection":["Rakousko"],"inLanguage":"cs","potentialAction":[{"@type":"CommentAction","name":"Comment","target":["https:\/\/www.travelgeekery.com\/cs\/proc-navstivit-graz\/#respond"]}]},{"@type":"WebPage","@id":"https:\/\/www.travelgeekery.com\/cs\/proc-navstivit-graz\/","url":"https:\/\/www.travelgeekery.com\/cs\/proc-navstivit-graz\/","name":"15 neodolateln\u00fdch d\u016fvod\u016f, pro\u010d nav\u0161t\u00edvit \u0160t\u00fdrsk\u00fd Hradec (a jeden, pro\u010d ne) - Travel Geekery","isPartOf":{"@id":"https:\/\/www.travelgeekery.com\/#website"},"primaryImageOfPage":{"@id":"https:\/\/www.travelgeekery.com\/cs\/proc-navstivit-graz\/#primaryimage"},"image":{"@id":"https:\/\/www.travelgeekery.com\/cs\/proc-navstivit-graz\/#primaryimage"},"thumbnailUrl":"https:\/\/www.travelgeekery.com\/wp-content\/uploads\/2024\/03\/Why-visit-Graz_featured_CZ.jpg","datePublished":"2024-03-10T21:41:52+00:00","dateModified":"2025-01-11T21:46:20+00:00","description":"Stoj\u00ed \u0160t\u00fdrsk\u00fd Hradec (Graz) za n\u00e1v\u0161t\u011bvu? Pod\u00edvejte se na d\u016fvody, pro\u010d nav\u0161t\u00edvit Graz, a rozhodn\u011bte se sami, zda je t\u00edm prav\u00fdm m\u00edstem i pro va\u0161i n\u00e1v\u0161t\u011bvu.","breadcrumb":{"@id":"https:\/\/www.travelgeekery.com\/cs\/proc-navstivit-graz\/#breadcrumb"},"inLanguage":"cs","potentialAction":[{"@type":"ReadAction","target":["https:\/\/www.travelgeekery.com\/cs\/proc-navstivit-graz\/"]}]},{"@type":"ImageObject","inLanguage":"cs","@id":"https:\/\/www.travelgeekery.com\/cs\/proc-navstivit-graz\/#primaryimage","url":"https:\/\/www.travelgeekery.com\/wp-content\/uploads\/2024\/03\/Why-visit-Graz_featured_CZ.jpg","contentUrl":"https:\/\/www.travelgeekery.com\/wp-content\/uploads\/2024\/03\/Why-visit-Graz_featured_CZ.jpg","width":1200,"height":854,"caption":"Pohled shora na m\u011bsto Graz v Rakousku s textem: Pro\u010d Graz?"},{"@type":"BreadcrumbList","@id":"https:\/\/www.travelgeekery.com\/cs\/proc-navstivit-graz\/#breadcrumb","itemListElement":[{"@type":"ListItem","position":1,"name":"Destinace","item":"https:\/\/www.travelgeekery.com\/cs\/category\/destinace\/"},{"@type":"ListItem","position":2,"name":"Evropa","item":"https:\/\/www.travelgeekery.com\/cs\/category\/destinace\/evropa\/"},{"@type":"ListItem","position":3,"name":"Rakousko","item":"https:\/\/www.travelgeekery.com\/cs\/category\/destinace\/evropa\/rakousko\/"},{"@type":"ListItem","position":4,"name":"15 neodolateln\u00fdch d\u016fvod\u016f, pro\u010d nav\u0161t\u00edvit \u0160t\u00fdrsk\u00fd Hradec (a jeden, pro\u010d ne)"}]},{"@type":"WebSite","@id":"https:\/\/www.travelgeekery.com\/#website","url":"https:\/\/www.travelgeekery.com\/","name":"Travel Geekery","description":"Know Before You Go","publisher":{"@id":"https:\/\/www.travelgeekery.com\/#organization"},"potentialAction":[{"@type":"SearchAction","target":{"@type":"EntryPoint","urlTemplate":"https:\/\/www.travelgeekery.com\/?s={search_term_string}"},"query-input":{"@type":"PropertyValueSpecification","valueRequired":true,"valueName":"search_term_string"}}],"inLanguage":"cs"},{"@type":"Organization","@id":"https:\/\/www.travelgeekery.com\/#organization","name":"TravelGeekery","url":"https:\/\/www.travelgeekery.com\/","logo":{"@type":"ImageObject","inLanguage":"cs","@id":"https:\/\/www.travelgeekery.com\/#\/schema\/logo\/image\/","url":"https:\/\/www.travelgeekery.com\/wp-content\/uploads\/2021\/12\/TravelGeekery-Logo_267x75.png","contentUrl":"https:\/\/www.travelgeekery.com\/wp-content\/uploads\/2021\/12\/TravelGeekery-Logo_267x75.png","width":267,"height":75,"caption":"TravelGeekery"},"image":{"@id":"https:\/\/www.travelgeekery.com\/#\/schema\/logo\/image\/"},"sameAs":["https:\/\/www.facebook.com\/travelgeekery","https:\/\/x.com\/TravelGeekery","https:\/\/instagram.com\/travelgeekery\/","https:\/\/www.pinterest.com\/travelgeekery\/"]},{"@type":"Person","@id":"https:\/\/www.travelgeekery.com\/#\/schema\/person\/113f38838c5190034635d98ff6e0ae3c","name":"Veronika Primm","description":"Chief Travel Geek"}]}},"_links":{"self":[{"href":"https:\/\/www.travelgeekery.com\/cs\/wp-json\/wp\/v2\/posts\/16087","targetHints":{"allow":["GET"]}}],"collection":[{"href":"https:\/\/www.travelgeekery.com\/cs\/wp-json\/wp\/v2\/posts"}],"about":[{"href":"https:\/\/www.travelgeekery.com\/cs\/wp-json\/wp\/v2\/types\/post"}],"author":[{"embeddable":true,"href":"https:\/\/www.travelgeekery.com\/cs\/wp-json\/wp\/v2\/users\/1"}],"replies":[{"embeddable":true,"href":"https:\/\/www.travelgeekery.com\/cs\/wp-json\/wp\/v2\/comments?post=16087"}],"version-history":[{"count":9,"href":"https:\/\/www.travelgeekery.com\/cs\/wp-json\/wp\/v2\/posts\/16087\/revisions"}],"predecessor-version":[{"id":16501,"href":"https:\/\/www.travelgeekery.com\/cs\/wp-json\/wp\/v2\/posts\/16087\/revisions\/16501"}],"wp:featuredmedia":[{"embeddable":true,"href":"https:\/\/www.travelgeekery.com\/cs\/wp-json\/wp\/v2\/media\/16125"}],"wp:attachment":[{"href":"https:\/\/www.travelgeekery.com\/cs\/wp-json\/wp\/v2\/media?parent=16087"}],"wp:term":[{"taxonomy":"category","embeddable":true,"href":"https:\/\/www.travelgeekery.com\/cs\/wp-json\/wp\/v2\/categories?post=16087"},{"taxonomy":"post_tag","embeddable":true,"href":"https:\/\/www.travelgeekery.com\/cs\/wp-json\/wp\/v2\/tags?post=16087"}],"curies":[{"name":"wp","href":"https:\/\/api.w.org\/{rel}","templated":true}]}}