{"id":13074,"date":"2022-01-23T14:19:40","date_gmt":"2022-01-23T13:19:40","guid":{"rendered":"https:\/\/www.travelgeekery.com\/mellau-feldkirch-austria-vorarlberg\/"},"modified":"2025-06-07T16:37:08","modified_gmt":"2025-06-07T14:37:08","slug":"mellau-feldkirch-vorarlbersko-rakousko","status":"publish","type":"post","link":"https:\/\/www.travelgeekery.com\/cs\/mellau-feldkirch-vorarlbersko-rakousko\/","title":{"rendered":"Mellau &#038; Feldkirch, Rakousko: kombinace p\u016fvabn\u00e9 vesnice a \u017eiv\u00e9ho m\u011bste\u010dka"},"content":{"rendered":"<style>img#mv-trellis-img-1::before{padding-top:100%; }img#mv-trellis-img-1{display:block;}img#mv-trellis-img-2::before{padding-top:133.33333333333%; }img#mv-trellis-img-2{display:block;}img#mv-trellis-img-3::before{padding-top:133.33333333333%; }img#mv-trellis-img-3{display:block;}img#mv-trellis-img-4::before{padding-top:133.33333333333%; }img#mv-trellis-img-4{display:block;}img#mv-trellis-img-5::before{padding-top:133.33333333333%; }img#mv-trellis-img-5{display:block;}img#mv-trellis-img-6::before{padding-top:133.33333333333%; }img#mv-trellis-img-6{display:block;}img#mv-trellis-img-7::before{padding-top:133.33333333333%; }img#mv-trellis-img-7{display:block;}img#mv-trellis-img-8::before{padding-top:133.33333333333%; }img#mv-trellis-img-8{display:block;}img#mv-trellis-img-9::before{padding-top:133.33333333333%; }img#mv-trellis-img-9{display:block;}img#mv-trellis-img-10::before{padding-top:133.33333333333%; }img#mv-trellis-img-10{display:block;}img#mv-trellis-img-11::before{padding-top:133.33333333333%; }img#mv-trellis-img-11{display:block;}img#mv-trellis-img-12::before{padding-top:133.14285714286%; }img#mv-trellis-img-12{display:block;}img#mv-trellis-img-13::before{padding-top:133.33333333333%; }img#mv-trellis-img-13{display:block;}img#mv-trellis-img-14::before{padding-top:133.33333333333%; }img#mv-trellis-img-14{display:block;}img#mv-trellis-img-15::before{padding-top:133.33333333333%; }img#mv-trellis-img-15{display:block;}img#mv-trellis-img-16::before{padding-top:133.33333333333%; }img#mv-trellis-img-16{display:block;}img#mv-trellis-img-17::before{padding-top:133.33333333333%; }img#mv-trellis-img-17{display:block;}img#mv-trellis-img-18::before{padding-top:133.33333333333%; }img#mv-trellis-img-18{display:block;}img#mv-trellis-img-19::before{padding-top:133.33333333333%; }img#mv-trellis-img-19{display:block;}img#mv-trellis-img-20::before{padding-top:133.33333333333%; }img#mv-trellis-img-20{display:block;}img#mv-trellis-img-21::before{padding-top:133.33333333333%; }img#mv-trellis-img-21{display:block;}img#mv-trellis-img-22::before{padding-top:133.33333333333%; }img#mv-trellis-img-22{display:block;}img#mv-trellis-img-23::before{padding-top:133.33333333333%; }img#mv-trellis-img-23{display:block;}img#mv-trellis-img-24::before{padding-top:133.33333333333%; }img#mv-trellis-img-24{display:block;}img#mv-trellis-img-25::before{padding-top:66.766766766767%; }img#mv-trellis-img-25{display:block;}img#mv-trellis-img-26::before{padding-top:133.33333333333%; }img#mv-trellis-img-26{display:block;}img#mv-trellis-img-27::before{padding-top:133.33333333333%; }img#mv-trellis-img-27{display:block;}img#mv-trellis-img-28::before{padding-top:133.33333333333%; }img#mv-trellis-img-28{display:block;}img#mv-trellis-img-29::before{padding-top:133.33333333333%; }img#mv-trellis-img-29{display:block;}img#mv-trellis-img-30::before{padding-top:133.33333333333%; }img#mv-trellis-img-30{display:block;}img#mv-trellis-img-31::before{padding-top:133.33333333333%; }img#mv-trellis-img-31{display:block;}img#mv-trellis-img-32::before{padding-top:133.33333333333%; }img#mv-trellis-img-32{display:block;}img#mv-trellis-img-33::before{padding-top:133.33333333333%; }img#mv-trellis-img-33{display:block;}<\/style><div id=\"ez-toc-container\" class=\"ez-toc-v2_0_82_2 counter-hierarchy ez-toc-counter ez-toc-white ez-toc-container-direction\">\n<p class=\"ez-toc-title\" style=\"cursor:inherit\">Table of Contents<\/p>\n<label for=\"ez-toc-cssicon-toggle-item-69f1011686d99\" class=\"ez-toc-cssicon-toggle-label\"><span class=\"\"><span class=\"eztoc-hide\" style=\"display:none;\">Toggle<\/span><span class=\"ez-toc-icon-toggle-span\"><svg style=\"fill: #999;color:#999\" xmlns=\"http:\/\/www.w3.org\/2000\/svg\" class=\"list-377408\" width=\"20px\" height=\"20px\" viewbox=\"0 0 24 24\" fill=\"none\"><path d=\"M6 6H4v2h2V6zm14 0H8v2h12V6zM4 11h2v2H4v-2zm16 0H8v2h12v-2zM4 16h2v2H4v-2zm16 0H8v2h12v-2z\" fill=\"currentColor\"><\/path><\/svg><svg style=\"fill: #999;color:#999\" class=\"arrow-unsorted-368013\" xmlns=\"http:\/\/www.w3.org\/2000\/svg\" width=\"10px\" height=\"10px\" viewbox=\"0 0 24 24\" version=\"1.2\" baseprofile=\"tiny\"><path d=\"M18.2 9.3l-6.2-6.3-6.2 6.3c-.2.2-.3.4-.3.7s.1.5.3.7c.2.2.4.3.7.3h11c.3 0 .5-.1.7-.3.2-.2.3-.5.3-.7s-.1-.5-.3-.7zM5.8 14.7l6.2 6.3 6.2-6.3c.2-.2.3-.5.3-.7s-.1-.5-.3-.7c-.2-.2-.4-.3-.7-.3h-11c-.3 0-.5.1-.7.3-.2.2-.3.5-.3.7s.1.5.3.7z\"><\/path><\/svg><\/span><\/span><\/label><input type=\"checkbox\" id=\"ez-toc-cssicon-toggle-item-69f1011686d99\" checked aria-label=\"Toggle\"><nav><ul class=\"ez-toc-list ez-toc-list-level-1 \"><li class=\"ez-toc-page-1 ez-toc-heading-level-2\"><a class=\"ez-toc-link ez-toc-heading-1\" href=\"https:\/\/www.travelgeekery.com\/cs\/mellau-feldkirch-vorarlbersko-rakousko\/#Feldkirch_Vorarlberg\">Feldkirch, Vorarlberg<\/a><ul class=\"ez-toc-list-level-3\"><li class=\"ez-toc-heading-level-3\"><a class=\"ez-toc-link ez-toc-heading-2\" href=\"https:\/\/www.travelgeekery.com\/cs\/mellau-feldkirch-vorarlbersko-rakousko\/#Kouzelne_Stare_mesto\">Kouzeln&eacute; Star&eacute; m&#283;sto<\/a><\/li><li class=\"ez-toc-page-1 ez-toc-heading-level-3\"><a class=\"ez-toc-link ez-toc-heading-3\" href=\"https:\/\/www.travelgeekery.com\/cs\/mellau-feldkirch-vorarlbersko-rakousko\/#Architektura_Feldkirchu\">Architektura Feldkirchu<\/a><\/li><li class=\"ez-toc-page-1 ez-toc-heading-level-3\"><a class=\"ez-toc-link ez-toc-heading-4\" href=\"https:\/\/www.travelgeekery.com\/cs\/mellau-feldkirch-vorarlbersko-rakousko\/#Kavarny_a_restaurace\">Kav&aacute;rny a restaurace<\/a><\/li><li class=\"ez-toc-page-1 ez-toc-heading-level-3\"><a class=\"ez-toc-link ez-toc-heading-5\" href=\"https:\/\/www.travelgeekery.com\/cs\/mellau-feldkirch-vorarlbersko-rakousko\/#Hrad_Schattenburg\">Hrad Schattenburg<\/a><\/li><li class=\"ez-toc-page-1 ez-toc-heading-level-3\"><a class=\"ez-toc-link ez-toc-heading-6\" href=\"https:\/\/www.travelgeekery.com\/cs\/mellau-feldkirch-vorarlbersko-rakousko\/#Zelen_Feldkirchu\">Zele&#328; Feldkirchu<\/a><\/li><li class=\"ez-toc-page-1 ez-toc-heading-level-3\"><a class=\"ez-toc-link ez-toc-heading-7\" href=\"https:\/\/www.travelgeekery.com\/cs\/mellau-feldkirch-vorarlbersko-rakousko\/#Hotely_ve_Feldkirchu\">Hotely ve Feldkirchu<\/a><\/li><li class=\"ez-toc-page-1 ez-toc-heading-level-3\"><a class=\"ez-toc-link ez-toc-heading-8\" href=\"https:\/\/www.travelgeekery.com\/cs\/mellau-feldkirch-vorarlbersko-rakousko\/#Jak_se_dostat_do_Feldkirchu\">Jak se dostat do Feldkirchu<\/a><\/li><\/ul><\/li><li class=\"ez-toc-page-1 ez-toc-heading-level-2\"><a class=\"ez-toc-link ez-toc-heading-9\" href=\"https:\/\/www.travelgeekery.com\/cs\/mellau-feldkirch-vorarlbersko-rakousko\/#Mellau_Vorarlbersko\">Mellau, Vorarlbersko<\/a><ul class=\"ez-toc-list-level-3\"><li class=\"ez-toc-heading-level-3\"><a class=\"ez-toc-link ez-toc-heading-10\" href=\"https:\/\/www.travelgeekery.com\/cs\/mellau-feldkirch-vorarlbersko-rakousko\/#Uzasna_zelen_Mellau_and_prirodni_rezervace_Mellental\">&Uacute;&#382;asn&aacute; zele&#328; Mellau and p&#345;&iacute;rodn&iacute; rezervace Mellental&nbsp;<\/a><\/li><li class=\"ez-toc-page-1 ez-toc-heading-level-3\"><a class=\"ez-toc-link ez-toc-heading-11\" href=\"https:\/\/www.travelgeekery.com\/cs\/mellau-feldkirch-vorarlbersko-rakousko\/#Architektura_v_Mellau_a_Bregenzerwaldu\">Architektura v Mellau a Bregenzerwaldu<\/a><\/li><li class=\"ez-toc-page-1 ez-toc-heading-level-3\"><a class=\"ez-toc-link ez-toc-heading-12\" href=\"https:\/\/www.travelgeekery.com\/cs\/mellau-feldkirch-vorarlbersko-rakousko\/#Alpska_gastronomie\">Alpsk&aacute; gastronomie<\/a><\/li><li class=\"ez-toc-page-1 ez-toc-heading-level-3\"><a class=\"ez-toc-link ez-toc-heading-13\" href=\"https:\/\/www.travelgeekery.com\/cs\/mellau-feldkirch-vorarlbersko-rakousko\/#Relaxujte_ve_stylu_Mellau\">Relaxujte ve stylu Mellau<\/a><\/li><li class=\"ez-toc-page-1 ez-toc-heading-level-3\"><a class=\"ez-toc-link ez-toc-heading-14\" href=\"https:\/\/www.travelgeekery.com\/cs\/mellau-feldkirch-vorarlbersko-rakousko\/#Jak_se_dostat_do_Mellau\">Jak se dostat do Mellau<\/a><\/li><\/ul><\/li><\/ul><\/nav><\/div>\n\n<p>D&iacute;v&aacute;te-li se po n&#283;jak&eacute; destinaci na prodlou&#382;en&yacute; v&iacute;kend, neprohloup&iacute;te, kdy&#382; se zam&#283;&#345;&iacute;te na Mellau a Feldkirch v rakousk&eacute;m Vorarlbersku.&nbsp;<\/p>\n\n\n\n<p>Roztomil&aacute; vesni&#269;ka Mellau obklopen&aacute; kopci a horami v&aacute;s napln&iacute; klidem, zat&iacute;mco &#382;iv&yacute; Feldkirch zaujme neb&yacute;valou malebnost&iacute; a architekturou.<\/p>\n\n\n\n<div style=\"display: none;\"><noscript><img decoding=\"async\" src=\"\/\/www.travelgeekery.com\/wp-content\/uploads\/2019\/02\/100x200.png\" alt=\"\" data-pin-media=\"https:\/\/www.travelgeekery.com\/wp-content\/uploads\/2022\/01\/Mellau-Feldkirch_Pinterest.jpg\"><\/noscript><img decoding=\"async\" src=\"data:image\/svg+xml,%3Csvg%20xmlns='http:\/\/www.w3.org\/2000\/svg'%20viewBox='0%200%20300%20300'%3E%3Crect%20width='300'%20height='300'%20style='fill:%23e3e3e3'\/%3E%3C\/svg%3E\" alt=\"\" data-pin-media=\"https:\/\/www.travelgeekery.com\/wp-content\/uploads\/2022\/01\/Mellau-Feldkirch_Pinterest.jpg\" data-mvt-skip=\"src\" width=\"300\" height=\"300\" id=\"mv-trellis-img-1\" loading=\"eager\" data-src=\"\/\/www.travelgeekery.com\/wp-content\/uploads\/2019\/02\/100x200.png\" class=\"eager-load\" data-svg=\"1\" data-trellis-processed=\"1\"><\/div>\n\n\n\n<p>V obou m&iacute;stech se m&#367;&#382;ete spolehnout na &scaron;pi&#269;kovou gastronomii, p&#345;&iacute;jemn&eacute; Raku&scaron;any a ve&scaron;ker&eacute; vybaven&iacute;, co byste mohli pot&#345;ebovat.<\/p>\n\n\n\n<p><em>Oblast Vorarlberska jsem m&#283;la &scaron;anci objevit na sponzorovan&eacute;m tripu jako sou&#269;&aacute;st blogersk&eacute; konference Propel.<\/em><\/p>\n\n\n\n<div class=\"wp-block-group has-background\" style=\"background-color:#ddfafa\"><div class=\"wp-block-group__inner-container is-layout-flow wp-block-group-is-layout-flow\">\n<p>Feldkirch a Mellau se daj&iacute; skv&#283;le zkombinovat na prodlou&#382;en&yacute; v&iacute;kend &ndash; aspo&#328; 4 pln&eacute; dny. V z&aacute;vislosti na va&scaron;ich preferenc&iacute;ch a stylu cestov&aacute;n&iacute; si n&aacute;v&scaron;t&#283;vu obou m&iacute;st m&#367;&#382;ete rozvrhnout takto:<\/p>\n\n\n\n<p><strong>M&aacute;te r&aacute;di hory a p&#345;&iacute;rodu?<\/strong> &#10145;&#65039; Zabydlete se v Mellau a do Feldkirchu si zaje&#271;te na jednodenn&iacute; v&yacute;let.<\/p>\n\n\n\n<p><strong>M&aacute;te r&aacute;di mal&aacute; m&#283;sta, historii, roztomil&eacute; kav&aacute;rni&#269;ky? <\/strong>&#10145;&#65039; Jd&#283;te na to p&#345;esn&#283; naopak &ndash; ubytujte se ve Feldkirchu a nechte si den na objevov&aacute;n&iacute; Mellau a okol&iacute;.<\/p>\n<\/div><\/div>\n\n\n\n<p>Mimochodem, tento &#269;l&aacute;nek pokr&yacute;v&aacute; jaro, l&eacute;to a podzim. Hlavn&#283; kolem Mellau je sice dost sjezdovek a mo&#382;nost&iacute; zimn&iacute;ch radov&aacute;nek, ale k t&#283;m jsem nep&#345;i&#269;ichla a ohledn&#283; zimy ve Vorarlbersku nem&#367;&#382;u poradit.<\/p>\n\n\n\n<p>Mellau i Feldkirch se nach&aacute;zej&iacute; ve Vorarlbersku, nejz&aacute;padn&#283;j&scaron;&iacute; provincii <a href=\"https:\/\/www.travelgeekery.com\/cs\/category\/destinace\/evropa\/rakousko\/\">Rakouska<\/a>, kter&aacute; hrani&#269;&iacute; se &Scaron;v&yacute;carskem, Lichten&scaron;tejnskem a N&#283;meckem. &nbsp;<\/p>\n\n\n\n<div class=\"wp-block-columns is-layout-flex wp-container-core-columns-is-layout-9d6595d7 wp-block-columns-is-layout-flex\">\n<div class=\"wp-block-column is-layout-flow wp-block-column-is-layout-flow\">\n<figure class=\"wp-block-image size-full\"><a href=\"https:\/\/www.travelgeekery.com\/wp-content\/uploads\/2022\/01\/Feldkirch-from-the-bottom.jpg\"><noscript><img loading=\"lazy\" decoding=\"async\" width=\"750\" height=\"1000\" src=\"https:\/\/www.travelgeekery.com\/wp-content\/uploads\/2022\/01\/Feldkirch-from-the-bottom.jpg\" alt=\"A water fountain in an Austrian town\" class=\"wp-image-12996\" srcset=\"https:\/\/www.travelgeekery.com\/wp-content\/uploads\/2022\/01\/Feldkirch-from-the-bottom.jpg 750w, https:\/\/www.travelgeekery.com\/wp-content\/uploads\/2022\/01\/Feldkirch-from-the-bottom-225x300.jpg 225w, https:\/\/www.travelgeekery.com\/wp-content\/uploads\/2022\/01\/Feldkirch-from-the-bottom-540x720.jpg 540w, https:\/\/www.travelgeekery.com\/wp-content\/uploads\/2022\/01\/Feldkirch-from-the-bottom-360x480.jpg 360w, https:\/\/www.travelgeekery.com\/wp-content\/uploads\/2022\/01\/Feldkirch-from-the-bottom-240x320.jpg 240w, https:\/\/www.travelgeekery.com\/wp-content\/uploads\/2022\/01\/Feldkirch-from-the-bottom-735x980.jpg 735w, https:\/\/www.travelgeekery.com\/wp-content\/uploads\/2022\/01\/Feldkirch-from-the-bottom-251x335.jpg 251w, https:\/\/www.travelgeekery.com\/wp-content\/uploads\/2022\/01\/Feldkirch-from-the-bottom-260x347.jpg 260w, https:\/\/www.travelgeekery.com\/wp-content\/uploads\/2022\/01\/Feldkirch-from-the-bottom-390x520.jpg 390w, https:\/\/www.travelgeekery.com\/wp-content\/uploads\/2022\/01\/Feldkirch-from-the-bottom-480x640.jpg 480w, https:\/\/www.travelgeekery.com\/wp-content\/uploads\/2022\/01\/Feldkirch-from-the-bottom-576x768.jpg 576w, https:\/\/www.travelgeekery.com\/wp-content\/uploads\/2022\/01\/Feldkirch-from-the-bottom-720x960.jpg 720w, https:\/\/www.travelgeekery.com\/wp-content\/uploads\/2022\/01\/Feldkirch-from-the-bottom-640x853.jpg 640w, https:\/\/www.travelgeekery.com\/wp-content\/uploads\/2022\/01\/Feldkirch-from-the-bottom-150x200.jpg 150w\" sizes=\"auto, (max-width: 760px) calc(100vw - 40px), 720px\" data-pin-media=\"https:\/\/www.travelgeekery.com\/wp-content\/uploads\/2022\/01\/Feldkirch-from-the-bottom.jpg\"><\/noscript><img loading=\"lazy\" decoding=\"async\" width=\"750\" height=\"1000\" src=\"https:\/\/www.travelgeekery.com\/wp-content\/uploads\/2022\/01\/Feldkirch-from-the-bottom.jpg.webp\" alt=\"A water fountain in an Austrian town\" class=\"wp-image-12996 lazyload\" srcset=\"https:\/\/www.travelgeekery.com\/wp-content\/uploads\/2022\/01\/Feldkirch-from-the-bottom.jpg.webp 750w, https:\/\/www.travelgeekery.com\/wp-content\/uploads\/2022\/01\/Feldkirch-from-the-bottom-225x300.jpg.webp 225w, https:\/\/www.travelgeekery.com\/wp-content\/uploads\/2022\/01\/Feldkirch-from-the-bottom-540x720.jpg.webp 540w, https:\/\/www.travelgeekery.com\/wp-content\/uploads\/2022\/01\/Feldkirch-from-the-bottom-360x480.jpg.webp 360w, https:\/\/www.travelgeekery.com\/wp-content\/uploads\/2022\/01\/Feldkirch-from-the-bottom-240x320.jpg.webp 240w, https:\/\/www.travelgeekery.com\/wp-content\/uploads\/2022\/01\/Feldkirch-from-the-bottom-735x980.jpg.webp 735w, https:\/\/www.travelgeekery.com\/wp-content\/uploads\/2022\/01\/Feldkirch-from-the-bottom-251x335.jpg.webp 251w, https:\/\/www.travelgeekery.com\/wp-content\/uploads\/2022\/01\/Feldkirch-from-the-bottom-260x347.jpg.webp 260w, https:\/\/www.travelgeekery.com\/wp-content\/uploads\/2022\/01\/Feldkirch-from-the-bottom-390x520.jpg.webp 390w, https:\/\/www.travelgeekery.com\/wp-content\/uploads\/2022\/01\/Feldkirch-from-the-bottom-480x640.jpg.webp 480w, https:\/\/www.travelgeekery.com\/wp-content\/uploads\/2022\/01\/Feldkirch-from-the-bottom-576x768.jpg.webp 576w, https:\/\/www.travelgeekery.com\/wp-content\/uploads\/2022\/01\/Feldkirch-from-the-bottom-720x960.jpg.webp 720w, https:\/\/www.travelgeekery.com\/wp-content\/uploads\/2022\/01\/Feldkirch-from-the-bottom-640x853.jpg.webp 640w, https:\/\/www.travelgeekery.com\/wp-content\/uploads\/2022\/01\/Feldkirch-from-the-bottom-150x200.jpg.webp 150w\" sizes=\"auto, (max-width: 760px) calc(100vw - 40px), 720px\" data-pin-media=\"https:\/\/www.travelgeekery.com\/wp-content\/uploads\/2022\/01\/Feldkirch-from-the-bottom.jpg\" id=\"mv-trellis-img-2\" data-trellis-processed=\"1\"><\/a><figcaption class=\"wp-element-caption\">Srdce Feldkirchu<\/figcaption><\/figure>\n<\/div>\n\n\n\n<div class=\"wp-block-column is-layout-flow wp-block-column-is-layout-flow\">\n<figure class=\"wp-block-image size-full\"><a href=\"https:\/\/www.travelgeekery.com\/wp-content\/uploads\/2022\/01\/Mellau-from-the-bottom.jpg\"><noscript><img loading=\"lazy\" decoding=\"async\" width=\"750\" height=\"1000\" src=\"https:\/\/www.travelgeekery.com\/wp-content\/uploads\/2022\/01\/Mellau-from-the-bottom.jpg\" alt=\"A closeup of a leaf fallen from a tree on a sunny day\" class=\"wp-image-12968\" srcset=\"https:\/\/www.travelgeekery.com\/wp-content\/uploads\/2022\/01\/Mellau-from-the-bottom.jpg 750w, https:\/\/www.travelgeekery.com\/wp-content\/uploads\/2022\/01\/Mellau-from-the-bottom-225x300.jpg 225w, https:\/\/www.travelgeekery.com\/wp-content\/uploads\/2022\/01\/Mellau-from-the-bottom-540x720.jpg 540w, https:\/\/www.travelgeekery.com\/wp-content\/uploads\/2022\/01\/Mellau-from-the-bottom-360x480.jpg 360w, https:\/\/www.travelgeekery.com\/wp-content\/uploads\/2022\/01\/Mellau-from-the-bottom-240x320.jpg 240w, https:\/\/www.travelgeekery.com\/wp-content\/uploads\/2022\/01\/Mellau-from-the-bottom-735x980.jpg 735w, https:\/\/www.travelgeekery.com\/wp-content\/uploads\/2022\/01\/Mellau-from-the-bottom-251x335.jpg 251w, https:\/\/www.travelgeekery.com\/wp-content\/uploads\/2022\/01\/Mellau-from-the-bottom-260x347.jpg 260w, https:\/\/www.travelgeekery.com\/wp-content\/uploads\/2022\/01\/Mellau-from-the-bottom-390x520.jpg 390w, https:\/\/www.travelgeekery.com\/wp-content\/uploads\/2022\/01\/Mellau-from-the-bottom-480x640.jpg 480w, https:\/\/www.travelgeekery.com\/wp-content\/uploads\/2022\/01\/Mellau-from-the-bottom-576x768.jpg 576w, https:\/\/www.travelgeekery.com\/wp-content\/uploads\/2022\/01\/Mellau-from-the-bottom-720x960.jpg 720w, https:\/\/www.travelgeekery.com\/wp-content\/uploads\/2022\/01\/Mellau-from-the-bottom-640x853.jpg 640w, https:\/\/www.travelgeekery.com\/wp-content\/uploads\/2022\/01\/Mellau-from-the-bottom-150x200.jpg 150w\" sizes=\"auto, (max-width: 760px) calc(100vw - 40px), 720px\" data-pin-media=\"https:\/\/www.travelgeekery.com\/wp-content\/uploads\/2022\/01\/Mellau-from-the-bottom.jpg\"><\/noscript><img loading=\"lazy\" decoding=\"async\" width=\"750\" height=\"1000\" src=\"https:\/\/www.travelgeekery.com\/wp-content\/uploads\/2022\/01\/Mellau-from-the-bottom.jpg.webp\" alt=\"A closeup of a leaf fallen from a tree on a sunny day\" class=\"wp-image-12968 lazyload\" srcset=\"https:\/\/www.travelgeekery.com\/wp-content\/uploads\/2022\/01\/Mellau-from-the-bottom.jpg.webp 750w, https:\/\/www.travelgeekery.com\/wp-content\/uploads\/2022\/01\/Mellau-from-the-bottom-225x300.jpg.webp 225w, https:\/\/www.travelgeekery.com\/wp-content\/uploads\/2022\/01\/Mellau-from-the-bottom-540x720.jpg.webp 540w, https:\/\/www.travelgeekery.com\/wp-content\/uploads\/2022\/01\/Mellau-from-the-bottom-360x480.jpg.webp 360w, https:\/\/www.travelgeekery.com\/wp-content\/uploads\/2022\/01\/Mellau-from-the-bottom-240x320.jpg.webp 240w, https:\/\/www.travelgeekery.com\/wp-content\/uploads\/2022\/01\/Mellau-from-the-bottom-735x980.jpg.webp 735w, https:\/\/www.travelgeekery.com\/wp-content\/uploads\/2022\/01\/Mellau-from-the-bottom-251x335.jpg.webp 251w, https:\/\/www.travelgeekery.com\/wp-content\/uploads\/2022\/01\/Mellau-from-the-bottom-260x347.jpg.webp 260w, https:\/\/www.travelgeekery.com\/wp-content\/uploads\/2022\/01\/Mellau-from-the-bottom-390x520.jpg.webp 390w, https:\/\/www.travelgeekery.com\/wp-content\/uploads\/2022\/01\/Mellau-from-the-bottom-480x640.jpg.webp 480w, https:\/\/www.travelgeekery.com\/wp-content\/uploads\/2022\/01\/Mellau-from-the-bottom-576x768.jpg.webp 576w, https:\/\/www.travelgeekery.com\/wp-content\/uploads\/2022\/01\/Mellau-from-the-bottom-720x960.jpg.webp 720w, https:\/\/www.travelgeekery.com\/wp-content\/uploads\/2022\/01\/Mellau-from-the-bottom-640x853.jpg.webp 640w, https:\/\/www.travelgeekery.com\/wp-content\/uploads\/2022\/01\/Mellau-from-the-bottom-150x200.jpg.webp 150w\" sizes=\"auto, (max-width: 760px) calc(100vw - 40px), 720px\" data-pin-media=\"https:\/\/www.travelgeekery.com\/wp-content\/uploads\/2022\/01\/Mellau-from-the-bottom.jpg\" id=\"mv-trellis-img-3\" data-trellis-processed=\"1\"><\/a><figcaption class=\"wp-element-caption\">Podzim v Mellau&hellip;<\/figcaption><\/figure>\n\n\n\n<p><\/p>\n<\/div>\n<\/div>\n\n\n\n<p>Pro&#269; se tedy vydat do t&#283;chto kon&#269;in a co je na obou m&iacute;stech tak zaj&iacute;mav&eacute;ho? Za&#269;n&#283;me m&#283;stem Feldkirch:<\/p>\n\n\n\n<h2 class=\"wp-block-heading\"><span class=\"ez-toc-section\" id=\"Feldkirch_Vorarlberg\"><\/span><strong>Feldkirch, Vorarlberg<\/strong><span class=\"ez-toc-section-end\"><\/span><\/h2>\n\n\n\n<p>Feldkirch je mal&eacute; m&#283;sto s &uacute;&#382;asn&yacute;m genius loci. Je to dokonce nejz&aacute;padn&#283;j&scaron;&iacute; rakousk&eacute; m&#283;sto &ndash; sta&#269;&iacute; t&#345;i minuty j&iacute;zdy a jste v Lichten&scaron;tejnsku.<\/p>\n\n\n\n<p>To ale nen&iacute; v&scaron;e:<\/p>\n\n\n\n<h3 class=\"wp-block-heading\"><span class=\"ez-toc-section\" id=\"Kouzelne_Stare_mesto\"><\/span>Kouzeln&eacute; Star&eacute; m&#283;sto<span class=\"ez-toc-section-end\"><\/span><\/h3>\n\n\n\n<p>St&#345;edov&#283;k&yacute; st&#345;ed m&#283;sta je pozoruhodn&#283; zachoval&yacute;. Ztratit se v klikat&yacute;ch uli&#269;k&aacute;ch Star&eacute;ho m&#283;sta Feldkirchu dl&aacute;&#382;d&#283;n&yacute;ch ko&#269;i&#269;&iacute;mi hlavami je &#269;ist&aacute; radost.<\/p>\n\n\n\n<p>Feldkirch byl zalo&#382;en ve 13. stolet&iacute;, kdy&#382; tu byl postaven hrad a cel&eacute; m&#283;sto bylo obehn&aacute;no zdmi. Ty vydr&#382;ely a&#382; do 19. stolet&iacute;. I dnes najdete p&aacute;r poz&#367;statk&#367; m&#283;stsk&yacute;ch hradeb &ndash; nap&#345;. baculat&aacute; Ko&#269;i&#269;&iacute; v&#283;&#382; (Katzenturm) nyn&iacute; funguje jako zvonice a jej&iacute; mocn&yacute; zvon rozezn&iacute; cel&eacute; m&#283;sto a&#382; na t&#345;i minuty v p&aacute;tky, v&iacute;kendy a sv&aacute;te&#269;n&iacute; dny.<\/p>\n\n\n\n<p>M&#283;sto m&iacute;valo p&#283;t bran, ze kter&yacute;ch se zachovaly pouh&eacute; dv&#283;. Sm&#283;rem ke &Scaron;v&yacute;carsku najdete fotogenickou Solnou br&aacute;nu a hned vedle n&iacute; gotick&yacute; kostel z 15. stolet&iacute;. Na opa&#269;n&eacute; stran&#283; je Ml&yacute;nsk&aacute; br&aacute;na, tak&eacute; zvan&aacute; Prase&#269;&iacute;.<\/p>\n\n\n\n<div class=\"wp-block-columns is-layout-flex wp-container-core-columns-is-layout-9d6595d7 wp-block-columns-is-layout-flex\">\n<div class=\"wp-block-column is-layout-flow wp-block-column-is-layout-flow\">\n<figure class=\"wp-block-image size-full\"><a href=\"https:\/\/www.travelgeekery.com\/wp-content\/uploads\/2022\/01\/Katzenturm-Feldkirch.jpg\"><noscript><img loading=\"lazy\" decoding=\"async\" width=\"750\" height=\"1000\" src=\"https:\/\/www.travelgeekery.com\/wp-content\/uploads\/2022\/01\/Katzenturm-Feldkirch.jpg\" alt=\"An old tower in an Austrian town\" class=\"wp-image-13004\" srcset=\"https:\/\/www.travelgeekery.com\/wp-content\/uploads\/2022\/01\/Katzenturm-Feldkirch.jpg 750w, https:\/\/www.travelgeekery.com\/wp-content\/uploads\/2022\/01\/Katzenturm-Feldkirch-225x300.jpg 225w, https:\/\/www.travelgeekery.com\/wp-content\/uploads\/2022\/01\/Katzenturm-Feldkirch-540x720.jpg 540w, https:\/\/www.travelgeekery.com\/wp-content\/uploads\/2022\/01\/Katzenturm-Feldkirch-360x480.jpg 360w, https:\/\/www.travelgeekery.com\/wp-content\/uploads\/2022\/01\/Katzenturm-Feldkirch-240x320.jpg 240w, https:\/\/www.travelgeekery.com\/wp-content\/uploads\/2022\/01\/Katzenturm-Feldkirch-735x980.jpg 735w, https:\/\/www.travelgeekery.com\/wp-content\/uploads\/2022\/01\/Katzenturm-Feldkirch-251x335.jpg 251w, https:\/\/www.travelgeekery.com\/wp-content\/uploads\/2022\/01\/Katzenturm-Feldkirch-260x347.jpg 260w, https:\/\/www.travelgeekery.com\/wp-content\/uploads\/2022\/01\/Katzenturm-Feldkirch-390x520.jpg 390w, https:\/\/www.travelgeekery.com\/wp-content\/uploads\/2022\/01\/Katzenturm-Feldkirch-480x640.jpg 480w, https:\/\/www.travelgeekery.com\/wp-content\/uploads\/2022\/01\/Katzenturm-Feldkirch-576x768.jpg 576w, https:\/\/www.travelgeekery.com\/wp-content\/uploads\/2022\/01\/Katzenturm-Feldkirch-720x960.jpg 720w, https:\/\/www.travelgeekery.com\/wp-content\/uploads\/2022\/01\/Katzenturm-Feldkirch-640x853.jpg 640w, https:\/\/www.travelgeekery.com\/wp-content\/uploads\/2022\/01\/Katzenturm-Feldkirch-150x200.jpg 150w\" sizes=\"auto, (max-width: 760px) calc(100vw - 40px), 720px\" data-pin-media=\"https:\/\/www.travelgeekery.com\/wp-content\/uploads\/2022\/01\/Katzenturm-Feldkirch.jpg\"><\/noscript><img loading=\"lazy\" decoding=\"async\" width=\"750\" height=\"1000\" src=\"https:\/\/www.travelgeekery.com\/wp-content\/uploads\/2022\/01\/Katzenturm-Feldkirch.jpg.webp\" alt=\"An old tower in an Austrian town\" class=\"wp-image-13004 lazyload\" srcset=\"https:\/\/www.travelgeekery.com\/wp-content\/uploads\/2022\/01\/Katzenturm-Feldkirch.jpg.webp 750w, https:\/\/www.travelgeekery.com\/wp-content\/uploads\/2022\/01\/Katzenturm-Feldkirch-225x300.jpg.webp 225w, https:\/\/www.travelgeekery.com\/wp-content\/uploads\/2022\/01\/Katzenturm-Feldkirch-540x720.jpg.webp 540w, https:\/\/www.travelgeekery.com\/wp-content\/uploads\/2022\/01\/Katzenturm-Feldkirch-360x480.jpg.webp 360w, https:\/\/www.travelgeekery.com\/wp-content\/uploads\/2022\/01\/Katzenturm-Feldkirch-240x320.jpg.webp 240w, https:\/\/www.travelgeekery.com\/wp-content\/uploads\/2022\/01\/Katzenturm-Feldkirch-735x980.jpg.webp 735w, https:\/\/www.travelgeekery.com\/wp-content\/uploads\/2022\/01\/Katzenturm-Feldkirch-251x335.jpg.webp 251w, https:\/\/www.travelgeekery.com\/wp-content\/uploads\/2022\/01\/Katzenturm-Feldkirch-260x347.jpg.webp 260w, https:\/\/www.travelgeekery.com\/wp-content\/uploads\/2022\/01\/Katzenturm-Feldkirch-390x520.jpg.webp 390w, https:\/\/www.travelgeekery.com\/wp-content\/uploads\/2022\/01\/Katzenturm-Feldkirch-480x640.jpg.webp 480w, https:\/\/www.travelgeekery.com\/wp-content\/uploads\/2022\/01\/Katzenturm-Feldkirch-576x768.jpg.webp 576w, https:\/\/www.travelgeekery.com\/wp-content\/uploads\/2022\/01\/Katzenturm-Feldkirch-720x960.jpg.webp 720w, https:\/\/www.travelgeekery.com\/wp-content\/uploads\/2022\/01\/Katzenturm-Feldkirch-640x853.jpg.webp 640w, https:\/\/www.travelgeekery.com\/wp-content\/uploads\/2022\/01\/Katzenturm-Feldkirch-150x200.jpg.webp 150w\" sizes=\"auto, (max-width: 760px) calc(100vw - 40px), 720px\" data-pin-media=\"https:\/\/www.travelgeekery.com\/wp-content\/uploads\/2022\/01\/Katzenturm-Feldkirch.jpg\" id=\"mv-trellis-img-4\" data-trellis-processed=\"1\"><\/a><figcaption class=\"wp-element-caption\">Katzenturm, tedy Ko&#269;i&#269;&iacute; v&#283;&#382;<\/figcaption><\/figure>\n<\/div>\n\n\n\n<div class=\"wp-block-column is-layout-flow wp-block-column-is-layout-flow\">\n<figure class=\"wp-block-image size-full\"><a href=\"https:\/\/www.travelgeekery.com\/wp-content\/uploads\/2022\/01\/Salt-Gate-Feldkirch.jpg\"><noscript><img loading=\"lazy\" decoding=\"async\" width=\"750\" height=\"1000\" src=\"https:\/\/www.travelgeekery.com\/wp-content\/uploads\/2022\/01\/Salt-Gate-Feldkirch.jpg\" alt=\"An old city gate in Feldkirch, Vorarlberg, Austria\" class=\"wp-image-13018\" srcset=\"https:\/\/www.travelgeekery.com\/wp-content\/uploads\/2022\/01\/Salt-Gate-Feldkirch.jpg 750w, https:\/\/www.travelgeekery.com\/wp-content\/uploads\/2022\/01\/Salt-Gate-Feldkirch-225x300.jpg 225w, https:\/\/www.travelgeekery.com\/wp-content\/uploads\/2022\/01\/Salt-Gate-Feldkirch-540x720.jpg 540w, https:\/\/www.travelgeekery.com\/wp-content\/uploads\/2022\/01\/Salt-Gate-Feldkirch-360x480.jpg 360w, https:\/\/www.travelgeekery.com\/wp-content\/uploads\/2022\/01\/Salt-Gate-Feldkirch-240x320.jpg 240w, https:\/\/www.travelgeekery.com\/wp-content\/uploads\/2022\/01\/Salt-Gate-Feldkirch-735x980.jpg 735w, https:\/\/www.travelgeekery.com\/wp-content\/uploads\/2022\/01\/Salt-Gate-Feldkirch-251x335.jpg 251w, https:\/\/www.travelgeekery.com\/wp-content\/uploads\/2022\/01\/Salt-Gate-Feldkirch-260x347.jpg 260w, https:\/\/www.travelgeekery.com\/wp-content\/uploads\/2022\/01\/Salt-Gate-Feldkirch-390x520.jpg 390w, https:\/\/www.travelgeekery.com\/wp-content\/uploads\/2022\/01\/Salt-Gate-Feldkirch-480x640.jpg 480w, https:\/\/www.travelgeekery.com\/wp-content\/uploads\/2022\/01\/Salt-Gate-Feldkirch-576x768.jpg 576w, https:\/\/www.travelgeekery.com\/wp-content\/uploads\/2022\/01\/Salt-Gate-Feldkirch-720x960.jpg 720w, https:\/\/www.travelgeekery.com\/wp-content\/uploads\/2022\/01\/Salt-Gate-Feldkirch-640x853.jpg 640w, https:\/\/www.travelgeekery.com\/wp-content\/uploads\/2022\/01\/Salt-Gate-Feldkirch-150x200.jpg 150w\" sizes=\"auto, (max-width: 760px) calc(100vw - 40px), 720px\" data-pin-media=\"https:\/\/www.travelgeekery.com\/wp-content\/uploads\/2022\/01\/Salt-Gate-Feldkirch.jpg\"><\/noscript><img loading=\"lazy\" decoding=\"async\" width=\"750\" height=\"1000\" src=\"https:\/\/www.travelgeekery.com\/wp-content\/uploads\/2022\/01\/Salt-Gate-Feldkirch.jpg.webp\" alt=\"An old city gate in Feldkirch, Vorarlberg, Austria\" class=\"wp-image-13018 lazyload\" srcset=\"https:\/\/www.travelgeekery.com\/wp-content\/uploads\/2022\/01\/Salt-Gate-Feldkirch.jpg.webp 750w, https:\/\/www.travelgeekery.com\/wp-content\/uploads\/2022\/01\/Salt-Gate-Feldkirch-225x300.jpg.webp 225w, https:\/\/www.travelgeekery.com\/wp-content\/uploads\/2022\/01\/Salt-Gate-Feldkirch-540x720.jpg.webp 540w, https:\/\/www.travelgeekery.com\/wp-content\/uploads\/2022\/01\/Salt-Gate-Feldkirch-360x480.jpg.webp 360w, https:\/\/www.travelgeekery.com\/wp-content\/uploads\/2022\/01\/Salt-Gate-Feldkirch-240x320.jpg.webp 240w, https:\/\/www.travelgeekery.com\/wp-content\/uploads\/2022\/01\/Salt-Gate-Feldkirch-735x980.jpg.webp 735w, https:\/\/www.travelgeekery.com\/wp-content\/uploads\/2022\/01\/Salt-Gate-Feldkirch-251x335.jpg.webp 251w, https:\/\/www.travelgeekery.com\/wp-content\/uploads\/2022\/01\/Salt-Gate-Feldkirch-260x347.jpg.webp 260w, https:\/\/www.travelgeekery.com\/wp-content\/uploads\/2022\/01\/Salt-Gate-Feldkirch-390x520.jpg.webp 390w, https:\/\/www.travelgeekery.com\/wp-content\/uploads\/2022\/01\/Salt-Gate-Feldkirch-480x640.jpg.webp 480w, https:\/\/www.travelgeekery.com\/wp-content\/uploads\/2022\/01\/Salt-Gate-Feldkirch-576x768.jpg.webp 576w, https:\/\/www.travelgeekery.com\/wp-content\/uploads\/2022\/01\/Salt-Gate-Feldkirch-720x960.jpg.webp 720w, https:\/\/www.travelgeekery.com\/wp-content\/uploads\/2022\/01\/Salt-Gate-Feldkirch-640x853.jpg.webp 640w, https:\/\/www.travelgeekery.com\/wp-content\/uploads\/2022\/01\/Salt-Gate-Feldkirch-150x200.jpg.webp 150w\" sizes=\"auto, (max-width: 760px) calc(100vw - 40px), 720px\" data-pin-media=\"https:\/\/www.travelgeekery.com\/wp-content\/uploads\/2022\/01\/Salt-Gate-Feldkirch.jpg\" id=\"mv-trellis-img-5\" data-trellis-processed=\"1\"><\/a><figcaption class=\"wp-element-caption\">P&#345;ed Solnou br&aacute;nou se d&aacute; dob&#345;e p&oacute;zovat :)<\/figcaption><\/figure>\n<\/div>\n<\/div>\n\n\n\n<p>Tr&#382;n&iacute; n&aacute;m&#283;st&iacute; je t&iacute;m spr&aacute;vn&yacute;m tepaj&iacute;c&iacute;m srdcem m&#283;sta u&#382; od 13. stolet&iacute;. Ka&#382;d&eacute; &uacute;ter&yacute; a sobotu r&aacute;no se tu kon&aacute; bujar&yacute; trh.&nbsp;<\/p>\n\n\n\n<p>Na m&#283;ste&#269;ku je na prvn&iacute; pohled vid&#283;t, &#382;e je a b&yacute;valo pom&#283;rn&#283; bohat&eacute;. D&iacute;ky strategick&eacute; pozici na obchodn&iacute; stezce t&#283;&#382;ilo z obchodn&iacute;ch cestuj&iacute;c&iacute;ch, kte&#345;&iacute; p&#345;es Feldkirch proj&iacute;&#382;d&#283;li a platili dan&#283; za sv&eacute; zbo&#382;&iacute;.<\/p>\n\n\n\n<p>Ve Feldkirchu naraz&iacute;te na n&#283;kolik jedine&#269;n&yacute;ch zvl&aacute;&scaron;tnost&iacute;: &nbsp;<\/p>\n\n\n\n<p>P&#345;edev&scaron;&iacute;m je zde mnoho p&#367;vabn&yacute;ch font&aacute;nek. V&scaron;imla jsem si minim&aacute;ln&#283; p&#283;ti. Zakl&iacute;n&#283;n&eacute; do zd&iacute; budov nebo samostatn&#283; stoj&iacute;c&iacute; &#269;asto slou&#382;&iacute; jako nejlep&scaron;&iacute; koupali&scaron;t&#283; pro m&iacute;stn&iacute; holuby.<\/p>\n\n\n\n<div class=\"wp-block-columns is-layout-flex wp-container-core-columns-is-layout-9d6595d7 wp-block-columns-is-layout-flex\">\n<div class=\"wp-block-column is-layout-flow wp-block-column-is-layout-flow\">\n<figure class=\"wp-block-image size-full\"><a href=\"https:\/\/www.travelgeekery.com\/wp-content\/uploads\/2022\/01\/Market-Square-fountain-Feldkirch.jpg\"><noscript><img loading=\"lazy\" decoding=\"async\" width=\"750\" height=\"1000\" src=\"https:\/\/www.travelgeekery.com\/wp-content\/uploads\/2022\/01\/Market-Square-fountain-Feldkirch.jpg\" alt=\"Closeup of a water fountain\" class=\"wp-image-13008\" srcset=\"https:\/\/www.travelgeekery.com\/wp-content\/uploads\/2022\/01\/Market-Square-fountain-Feldkirch.jpg 750w, https:\/\/www.travelgeekery.com\/wp-content\/uploads\/2022\/01\/Market-Square-fountain-Feldkirch-225x300.jpg 225w, https:\/\/www.travelgeekery.com\/wp-content\/uploads\/2022\/01\/Market-Square-fountain-Feldkirch-540x720.jpg 540w, https:\/\/www.travelgeekery.com\/wp-content\/uploads\/2022\/01\/Market-Square-fountain-Feldkirch-360x480.jpg 360w, https:\/\/www.travelgeekery.com\/wp-content\/uploads\/2022\/01\/Market-Square-fountain-Feldkirch-240x320.jpg 240w, https:\/\/www.travelgeekery.com\/wp-content\/uploads\/2022\/01\/Market-Square-fountain-Feldkirch-735x980.jpg 735w, https:\/\/www.travelgeekery.com\/wp-content\/uploads\/2022\/01\/Market-Square-fountain-Feldkirch-251x335.jpg 251w, https:\/\/www.travelgeekery.com\/wp-content\/uploads\/2022\/01\/Market-Square-fountain-Feldkirch-260x347.jpg 260w, https:\/\/www.travelgeekery.com\/wp-content\/uploads\/2022\/01\/Market-Square-fountain-Feldkirch-390x520.jpg 390w, https:\/\/www.travelgeekery.com\/wp-content\/uploads\/2022\/01\/Market-Square-fountain-Feldkirch-480x640.jpg 480w, https:\/\/www.travelgeekery.com\/wp-content\/uploads\/2022\/01\/Market-Square-fountain-Feldkirch-576x768.jpg 576w, https:\/\/www.travelgeekery.com\/wp-content\/uploads\/2022\/01\/Market-Square-fountain-Feldkirch-720x960.jpg 720w, https:\/\/www.travelgeekery.com\/wp-content\/uploads\/2022\/01\/Market-Square-fountain-Feldkirch-640x853.jpg 640w, https:\/\/www.travelgeekery.com\/wp-content\/uploads\/2022\/01\/Market-Square-fountain-Feldkirch-150x200.jpg 150w\" sizes=\"auto, (max-width: 760px) calc(100vw - 40px), 720px\" data-pin-media=\"https:\/\/www.travelgeekery.com\/wp-content\/uploads\/2022\/01\/Market-Square-fountain-Feldkirch.jpg\"><\/noscript><img loading=\"lazy\" decoding=\"async\" width=\"750\" height=\"1000\" src=\"https:\/\/www.travelgeekery.com\/wp-content\/uploads\/2022\/01\/Market-Square-fountain-Feldkirch.jpg.webp\" alt=\"Closeup of a water fountain\" class=\"wp-image-13008 lazyload\" srcset=\"https:\/\/www.travelgeekery.com\/wp-content\/uploads\/2022\/01\/Market-Square-fountain-Feldkirch.jpg.webp 750w, https:\/\/www.travelgeekery.com\/wp-content\/uploads\/2022\/01\/Market-Square-fountain-Feldkirch-225x300.jpg.webp 225w, https:\/\/www.travelgeekery.com\/wp-content\/uploads\/2022\/01\/Market-Square-fountain-Feldkirch-540x720.jpg.webp 540w, https:\/\/www.travelgeekery.com\/wp-content\/uploads\/2022\/01\/Market-Square-fountain-Feldkirch-360x480.jpg.webp 360w, https:\/\/www.travelgeekery.com\/wp-content\/uploads\/2022\/01\/Market-Square-fountain-Feldkirch-240x320.jpg.webp 240w, https:\/\/www.travelgeekery.com\/wp-content\/uploads\/2022\/01\/Market-Square-fountain-Feldkirch-735x980.jpg.webp 735w, https:\/\/www.travelgeekery.com\/wp-content\/uploads\/2022\/01\/Market-Square-fountain-Feldkirch-251x335.jpg.webp 251w, https:\/\/www.travelgeekery.com\/wp-content\/uploads\/2022\/01\/Market-Square-fountain-Feldkirch-260x347.jpg.webp 260w, https:\/\/www.travelgeekery.com\/wp-content\/uploads\/2022\/01\/Market-Square-fountain-Feldkirch-390x520.jpg.webp 390w, https:\/\/www.travelgeekery.com\/wp-content\/uploads\/2022\/01\/Market-Square-fountain-Feldkirch-480x640.jpg.webp 480w, https:\/\/www.travelgeekery.com\/wp-content\/uploads\/2022\/01\/Market-Square-fountain-Feldkirch-576x768.jpg.webp 576w, https:\/\/www.travelgeekery.com\/wp-content\/uploads\/2022\/01\/Market-Square-fountain-Feldkirch-720x960.jpg.webp 720w, https:\/\/www.travelgeekery.com\/wp-content\/uploads\/2022\/01\/Market-Square-fountain-Feldkirch-640x853.jpg.webp 640w, https:\/\/www.travelgeekery.com\/wp-content\/uploads\/2022\/01\/Market-Square-fountain-Feldkirch-150x200.jpg.webp 150w\" sizes=\"auto, (max-width: 760px) calc(100vw - 40px), 720px\" data-pin-media=\"https:\/\/www.travelgeekery.com\/wp-content\/uploads\/2022\/01\/Market-Square-fountain-Feldkirch.jpg\" id=\"mv-trellis-img-6\" data-trellis-processed=\"1\"><\/a><figcaption class=\"wp-element-caption\">Hlavn&iacute; font&aacute;na na Tr&#382;n&iacute;m n&aacute;m&#283;st&iacute;<\/figcaption><\/figure>\n<\/div>\n\n\n\n<div class=\"wp-block-column is-layout-flow wp-block-column-is-layout-flow\">\n<figure class=\"wp-block-image size-full\"><a href=\"https:\/\/www.travelgeekery.com\/wp-content\/uploads\/2022\/01\/Fountain-Feldkirch.jpg\"><noscript><img loading=\"lazy\" decoding=\"async\" width=\"750\" height=\"1000\" src=\"https:\/\/www.travelgeekery.com\/wp-content\/uploads\/2022\/01\/Fountain-Feldkirch.jpg\" alt=\"Pigeons enjoying a water fountain\" class=\"wp-image-12998\" srcset=\"https:\/\/www.travelgeekery.com\/wp-content\/uploads\/2022\/01\/Fountain-Feldkirch.jpg 750w, https:\/\/www.travelgeekery.com\/wp-content\/uploads\/2022\/01\/Fountain-Feldkirch-225x300.jpg 225w, https:\/\/www.travelgeekery.com\/wp-content\/uploads\/2022\/01\/Fountain-Feldkirch-540x720.jpg 540w, https:\/\/www.travelgeekery.com\/wp-content\/uploads\/2022\/01\/Fountain-Feldkirch-360x480.jpg 360w, https:\/\/www.travelgeekery.com\/wp-content\/uploads\/2022\/01\/Fountain-Feldkirch-240x320.jpg 240w, https:\/\/www.travelgeekery.com\/wp-content\/uploads\/2022\/01\/Fountain-Feldkirch-735x980.jpg 735w, https:\/\/www.travelgeekery.com\/wp-content\/uploads\/2022\/01\/Fountain-Feldkirch-251x335.jpg 251w, https:\/\/www.travelgeekery.com\/wp-content\/uploads\/2022\/01\/Fountain-Feldkirch-260x347.jpg 260w, https:\/\/www.travelgeekery.com\/wp-content\/uploads\/2022\/01\/Fountain-Feldkirch-390x520.jpg 390w, https:\/\/www.travelgeekery.com\/wp-content\/uploads\/2022\/01\/Fountain-Feldkirch-480x640.jpg 480w, https:\/\/www.travelgeekery.com\/wp-content\/uploads\/2022\/01\/Fountain-Feldkirch-576x768.jpg 576w, https:\/\/www.travelgeekery.com\/wp-content\/uploads\/2022\/01\/Fountain-Feldkirch-720x960.jpg 720w, https:\/\/www.travelgeekery.com\/wp-content\/uploads\/2022\/01\/Fountain-Feldkirch-640x853.jpg 640w, https:\/\/www.travelgeekery.com\/wp-content\/uploads\/2022\/01\/Fountain-Feldkirch-150x200.jpg 150w\" sizes=\"auto, (max-width: 760px) calc(100vw - 40px), 720px\" data-pin-media=\"https:\/\/www.travelgeekery.com\/wp-content\/uploads\/2022\/01\/Fountain-Feldkirch.jpg\"><\/noscript><img loading=\"lazy\" decoding=\"async\" width=\"750\" height=\"1000\" src=\"https:\/\/www.travelgeekery.com\/wp-content\/uploads\/2022\/01\/Fountain-Feldkirch.jpg.webp\" alt=\"Pigeons enjoying a water fountain\" class=\"wp-image-12998 lazyload\" srcset=\"https:\/\/www.travelgeekery.com\/wp-content\/uploads\/2022\/01\/Fountain-Feldkirch.jpg.webp 750w, https:\/\/www.travelgeekery.com\/wp-content\/uploads\/2022\/01\/Fountain-Feldkirch-225x300.jpg.webp 225w, https:\/\/www.travelgeekery.com\/wp-content\/uploads\/2022\/01\/Fountain-Feldkirch-540x720.jpg.webp 540w, https:\/\/www.travelgeekery.com\/wp-content\/uploads\/2022\/01\/Fountain-Feldkirch-360x480.jpg.webp 360w, https:\/\/www.travelgeekery.com\/wp-content\/uploads\/2022\/01\/Fountain-Feldkirch-240x320.jpg.webp 240w, https:\/\/www.travelgeekery.com\/wp-content\/uploads\/2022\/01\/Fountain-Feldkirch-735x980.jpg.webp 735w, https:\/\/www.travelgeekery.com\/wp-content\/uploads\/2022\/01\/Fountain-Feldkirch-251x335.jpg.webp 251w, https:\/\/www.travelgeekery.com\/wp-content\/uploads\/2022\/01\/Fountain-Feldkirch-260x347.jpg.webp 260w, https:\/\/www.travelgeekery.com\/wp-content\/uploads\/2022\/01\/Fountain-Feldkirch-390x520.jpg.webp 390w, https:\/\/www.travelgeekery.com\/wp-content\/uploads\/2022\/01\/Fountain-Feldkirch-480x640.jpg.webp 480w, https:\/\/www.travelgeekery.com\/wp-content\/uploads\/2022\/01\/Fountain-Feldkirch-576x768.jpg.webp 576w, https:\/\/www.travelgeekery.com\/wp-content\/uploads\/2022\/01\/Fountain-Feldkirch-720x960.jpg.webp 720w, https:\/\/www.travelgeekery.com\/wp-content\/uploads\/2022\/01\/Fountain-Feldkirch-640x853.jpg.webp 640w, https:\/\/www.travelgeekery.com\/wp-content\/uploads\/2022\/01\/Fountain-Feldkirch-150x200.jpg.webp 150w\" sizes=\"auto, (max-width: 760px) calc(100vw - 40px), 720px\" data-pin-media=\"https:\/\/www.travelgeekery.com\/wp-content\/uploads\/2022\/01\/Fountain-Feldkirch.jpg\" id=\"mv-trellis-img-7\" data-trellis-processed=\"1\"><\/a><figcaption class=\"wp-element-caption\">Holubi se ve Feldkirchu maj&iacute; dob&#345;e <\/figcaption><\/figure>\n\n\n\n<p><\/p>\n<\/div>\n<\/div>\n\n\n\n<p>D&aacute;le tu najdete pas&aacute;&#382; pojmenovanou po spisovateli Jamesi Joyceovi!<\/p>\n\n\n\n<p>Jakto?&nbsp;<\/p>\n\n\n\n<p>M&#283;sto prakticky umo&#382;nilo Joyceovi napsat jeho rom&aacute;n Ulysses. B&#283;hem 1. sv&#283;tov&eacute; v&aacute;lky irsk&yacute; spisovatel cestoval p&#345;es Feldkirch a byl m&aacute;lem zat&#269;en na vlakov&eacute;m n&aacute;dra&#382;&iacute;. Pozd&#283;ji, kdy&#382; nav&scaron;t&iacute;vil Feldkirch, s&aacute;m Joyce prohl&aacute;sil: &bdquo;Tam, na t&#283;ch kolej&iacute;ch se v roce 1915 rozhodlo o osudu d&iacute;la Ulysses.<\/p>\n\n\n\n<p>Podobn&#283; je to s uli&#269;kou Arthur Conan Doyle pojmenovan&eacute; po slavn&eacute;m autorovi Sherlocka Holmese, kter&yacute; chodil na feldkirchsk&eacute; gymn&aacute;zium ve Feldkirchu a publikoval zde i sv&aacute; prvn&iacute; liter&aacute;rn&iacute; d&iacute;la.<\/p>\n\n\n\n<div class=\"wp-block-columns is-layout-flex wp-container-core-columns-is-layout-9d6595d7 wp-block-columns-is-layout-flex\">\n<div class=\"wp-block-column is-layout-flow wp-block-column-is-layout-flow\" style=\"flex-basis:66.66%\"><\/div>\n\n\n\n<div class=\"wp-block-column is-layout-flow wp-block-column-is-layout-flow\" style=\"flex-basis:33.33%\"><\/div>\n<\/div>\n\n\n\n<div class=\"wp-block-columns is-layout-flex wp-container-core-columns-is-layout-9d6595d7 wp-block-columns-is-layout-flex\">\n<div class=\"wp-block-column is-layout-flow wp-block-column-is-layout-flow\" style=\"flex-basis:100%\">\n<div class=\"wp-block-columns is-layout-flex wp-container-core-columns-is-layout-9d6595d7 wp-block-columns-is-layout-flex\">\n<div class=\"wp-block-column is-layout-flow wp-block-column-is-layout-flow\">\n<p>Ulicemi Feldkirchu se nemus&iacute;te toulat sami &ndash; najmout si pr&#367;vodce je snadn&eacute;. Zeptejte se v infocentru v Montforthausu po hrab&#283;nce Mechthild nebo jej&iacute;m partnerovi hrab&#283;ti Hugo von Montfort, kte&#345;&iacute; v&aacute;s provedou m&#283;stem v kost&yacute;mech a o&#382;iv&iacute; p&#345;&iacute;b&#283;hy bohat&eacute; historie Feldkirchu. Na konci prohl&iacute;dky si m&#367;&#382;ete vyzkou&scaron;et st&#345;elbu z ku&scaron;e. <\/p>\n<\/div>\n\n\n\n<div class=\"wp-block-column is-layout-flow wp-block-column-is-layout-flow\">\n<figure class=\"wp-block-image size-full\"><a href=\"https:\/\/www.travelgeekery.com\/wp-content\/uploads\/2022\/01\/Guide-Feldkirch_make-into-square.jpg\"><noscript><img loading=\"lazy\" decoding=\"async\" width=\"750\" height=\"1000\" src=\"https:\/\/www.travelgeekery.com\/wp-content\/uploads\/2022\/01\/Guide-Feldkirch_make-into-square.jpg\" alt=\"A tour guide in a historical costume\" class=\"wp-image-13000\" srcset=\"https:\/\/www.travelgeekery.com\/wp-content\/uploads\/2022\/01\/Guide-Feldkirch_make-into-square.jpg 750w, https:\/\/www.travelgeekery.com\/wp-content\/uploads\/2022\/01\/Guide-Feldkirch_make-into-square-225x300.jpg 225w, https:\/\/www.travelgeekery.com\/wp-content\/uploads\/2022\/01\/Guide-Feldkirch_make-into-square-540x720.jpg 540w, https:\/\/www.travelgeekery.com\/wp-content\/uploads\/2022\/01\/Guide-Feldkirch_make-into-square-360x480.jpg 360w, https:\/\/www.travelgeekery.com\/wp-content\/uploads\/2022\/01\/Guide-Feldkirch_make-into-square-240x320.jpg 240w, https:\/\/www.travelgeekery.com\/wp-content\/uploads\/2022\/01\/Guide-Feldkirch_make-into-square-735x980.jpg 735w, https:\/\/www.travelgeekery.com\/wp-content\/uploads\/2022\/01\/Guide-Feldkirch_make-into-square-251x335.jpg 251w, https:\/\/www.travelgeekery.com\/wp-content\/uploads\/2022\/01\/Guide-Feldkirch_make-into-square-260x347.jpg 260w, https:\/\/www.travelgeekery.com\/wp-content\/uploads\/2022\/01\/Guide-Feldkirch_make-into-square-390x520.jpg 390w, https:\/\/www.travelgeekery.com\/wp-content\/uploads\/2022\/01\/Guide-Feldkirch_make-into-square-480x640.jpg 480w, https:\/\/www.travelgeekery.com\/wp-content\/uploads\/2022\/01\/Guide-Feldkirch_make-into-square-576x768.jpg 576w, https:\/\/www.travelgeekery.com\/wp-content\/uploads\/2022\/01\/Guide-Feldkirch_make-into-square-720x960.jpg 720w, https:\/\/www.travelgeekery.com\/wp-content\/uploads\/2022\/01\/Guide-Feldkirch_make-into-square-640x853.jpg 640w, https:\/\/www.travelgeekery.com\/wp-content\/uploads\/2022\/01\/Guide-Feldkirch_make-into-square-150x200.jpg 150w\" sizes=\"auto, (max-width: 760px) calc(100vw - 40px), 720px\" data-pin-media=\"https:\/\/www.travelgeekery.com\/wp-content\/uploads\/2022\/01\/Guide-Feldkirch_make-into-square.jpg\"><\/noscript><img loading=\"lazy\" decoding=\"async\" width=\"750\" height=\"1000\" src=\"https:\/\/www.travelgeekery.com\/wp-content\/uploads\/2022\/01\/Guide-Feldkirch_make-into-square.jpg.webp\" alt=\"A tour guide in a historical costume\" class=\"wp-image-13000 lazyload\" srcset=\"https:\/\/www.travelgeekery.com\/wp-content\/uploads\/2022\/01\/Guide-Feldkirch_make-into-square.jpg.webp 750w, https:\/\/www.travelgeekery.com\/wp-content\/uploads\/2022\/01\/Guide-Feldkirch_make-into-square-225x300.jpg.webp 225w, https:\/\/www.travelgeekery.com\/wp-content\/uploads\/2022\/01\/Guide-Feldkirch_make-into-square-540x720.jpg.webp 540w, https:\/\/www.travelgeekery.com\/wp-content\/uploads\/2022\/01\/Guide-Feldkirch_make-into-square-360x480.jpg.webp 360w, https:\/\/www.travelgeekery.com\/wp-content\/uploads\/2022\/01\/Guide-Feldkirch_make-into-square-240x320.jpg.webp 240w, https:\/\/www.travelgeekery.com\/wp-content\/uploads\/2022\/01\/Guide-Feldkirch_make-into-square-735x980.jpg.webp 735w, https:\/\/www.travelgeekery.com\/wp-content\/uploads\/2022\/01\/Guide-Feldkirch_make-into-square-251x335.jpg.webp 251w, https:\/\/www.travelgeekery.com\/wp-content\/uploads\/2022\/01\/Guide-Feldkirch_make-into-square-260x347.jpg.webp 260w, https:\/\/www.travelgeekery.com\/wp-content\/uploads\/2022\/01\/Guide-Feldkirch_make-into-square-390x520.jpg.webp 390w, https:\/\/www.travelgeekery.com\/wp-content\/uploads\/2022\/01\/Guide-Feldkirch_make-into-square-480x640.jpg.webp 480w, https:\/\/www.travelgeekery.com\/wp-content\/uploads\/2022\/01\/Guide-Feldkirch_make-into-square-576x768.jpg.webp 576w, https:\/\/www.travelgeekery.com\/wp-content\/uploads\/2022\/01\/Guide-Feldkirch_make-into-square-720x960.jpg.webp 720w, https:\/\/www.travelgeekery.com\/wp-content\/uploads\/2022\/01\/Guide-Feldkirch_make-into-square-640x853.jpg.webp 640w, https:\/\/www.travelgeekery.com\/wp-content\/uploads\/2022\/01\/Guide-Feldkirch_make-into-square-150x200.jpg.webp 150w\" sizes=\"auto, (max-width: 760px) calc(100vw - 40px), 720px\" data-pin-media=\"https:\/\/www.travelgeekery.com\/wp-content\/uploads\/2022\/01\/Guide-Feldkirch_make-into-square.jpg\" id=\"mv-trellis-img-8\" data-trellis-processed=\"1\"><\/a><figcaption class=\"wp-element-caption\">Nejlep&scaron;&iacute; pr&#367;vodkyn&#283;!<\/figcaption><\/figure>\n<\/div>\n<\/div>\n<\/div>\n<\/div>\n\n\n\n<h3 class=\"wp-block-heading\"><span class=\"ez-toc-section\" id=\"Architektura_Feldkirchu\"><\/span>Architektura Feldkirchu<span class=\"ez-toc-section-end\"><\/span><\/h3>\n\n\n\n<p>Feldkirch je pln&yacute; mal&yacute;ch architektonick&yacute;ch z&aacute;zrak&#367;. P&#345;i proch&aacute;zen&iacute; mal&yacute;ch uli&#269;ek Star&eacute;ho M&#283;sta uvid&iacute;te v&scaron;ude kolem sebe p&#345;ekr&aacute;sn&eacute; budovy. Vejd&#283;te nap&#345;. do Schmiedgasse a Schlossergasse, a uvid&iacute;te, co m&aacute;m na mysli.<\/p>\n\n\n\n<p>Na konci Schmiedgasse naraz&iacute;te na pozdn&#283; gotickou katedr&aacute;lu sv. Mikul&aacute;&scaron;e postavenou v 15. stolet&iacute;. P&#367;vodn&iacute; radnice ve Feldkirchu byla postavena ve stejnou dobu, ale v roce 1800 vyho&#345;ela a musela b&yacute;t od z&aacute;klad&#367; znovu postavena. Sou&#269;asn&aacute; verze se neupejpala s po&#269;tem erb&#367; zdob&iacute;c&iacute;ch jej&iacute; fas&aacute;du.<\/p>\n\n\n\n<div class=\"wp-block-columns is-layout-flex wp-container-core-columns-is-layout-9d6595d7 wp-block-columns-is-layout-flex\">\n<div class=\"wp-block-column is-layout-flow wp-block-column-is-layout-flow\">\n<figure class=\"wp-block-image size-full\"><a href=\"https:\/\/www.travelgeekery.com\/wp-content\/uploads\/2022\/01\/St.-Nikolaus-Feldkirch.jpg\"><noscript><img loading=\"lazy\" decoding=\"async\" width=\"750\" height=\"1000\" src=\"https:\/\/www.travelgeekery.com\/wp-content\/uploads\/2022\/01\/St.-Nikolaus-Feldkirch.jpg\" alt=\"A Gothic church in an Alpine town Feldkirch\" class=\"wp-image-13022\" srcset=\"https:\/\/www.travelgeekery.com\/wp-content\/uploads\/2022\/01\/St.-Nikolaus-Feldkirch.jpg 750w, https:\/\/www.travelgeekery.com\/wp-content\/uploads\/2022\/01\/St.-Nikolaus-Feldkirch-225x300.jpg 225w, https:\/\/www.travelgeekery.com\/wp-content\/uploads\/2022\/01\/St.-Nikolaus-Feldkirch-540x720.jpg 540w, https:\/\/www.travelgeekery.com\/wp-content\/uploads\/2022\/01\/St.-Nikolaus-Feldkirch-360x480.jpg 360w, https:\/\/www.travelgeekery.com\/wp-content\/uploads\/2022\/01\/St.-Nikolaus-Feldkirch-240x320.jpg 240w, https:\/\/www.travelgeekery.com\/wp-content\/uploads\/2022\/01\/St.-Nikolaus-Feldkirch-735x980.jpg 735w, https:\/\/www.travelgeekery.com\/wp-content\/uploads\/2022\/01\/St.-Nikolaus-Feldkirch-251x335.jpg 251w, https:\/\/www.travelgeekery.com\/wp-content\/uploads\/2022\/01\/St.-Nikolaus-Feldkirch-260x347.jpg 260w, https:\/\/www.travelgeekery.com\/wp-content\/uploads\/2022\/01\/St.-Nikolaus-Feldkirch-390x520.jpg 390w, https:\/\/www.travelgeekery.com\/wp-content\/uploads\/2022\/01\/St.-Nikolaus-Feldkirch-480x640.jpg 480w, https:\/\/www.travelgeekery.com\/wp-content\/uploads\/2022\/01\/St.-Nikolaus-Feldkirch-576x768.jpg 576w, https:\/\/www.travelgeekery.com\/wp-content\/uploads\/2022\/01\/St.-Nikolaus-Feldkirch-720x960.jpg 720w, https:\/\/www.travelgeekery.com\/wp-content\/uploads\/2022\/01\/St.-Nikolaus-Feldkirch-640x853.jpg 640w, https:\/\/www.travelgeekery.com\/wp-content\/uploads\/2022\/01\/St.-Nikolaus-Feldkirch-150x200.jpg 150w\" sizes=\"auto, (max-width: 760px) calc(100vw - 40px), 720px\" data-pin-media=\"https:\/\/www.travelgeekery.com\/wp-content\/uploads\/2022\/01\/St.-Nikolaus-Feldkirch.jpg\"><\/noscript><img loading=\"lazy\" decoding=\"async\" width=\"750\" height=\"1000\" src=\"https:\/\/www.travelgeekery.com\/wp-content\/uploads\/2022\/01\/St.-Nikolaus-Feldkirch.jpg.webp\" alt=\"A Gothic church in an Alpine town Feldkirch\" class=\"wp-image-13022 lazyload\" srcset=\"https:\/\/www.travelgeekery.com\/wp-content\/uploads\/2022\/01\/St.-Nikolaus-Feldkirch.jpg.webp 750w, https:\/\/www.travelgeekery.com\/wp-content\/uploads\/2022\/01\/St.-Nikolaus-Feldkirch-225x300.jpg.webp 225w, https:\/\/www.travelgeekery.com\/wp-content\/uploads\/2022\/01\/St.-Nikolaus-Feldkirch-540x720.jpg.webp 540w, https:\/\/www.travelgeekery.com\/wp-content\/uploads\/2022\/01\/St.-Nikolaus-Feldkirch-360x480.jpg.webp 360w, https:\/\/www.travelgeekery.com\/wp-content\/uploads\/2022\/01\/St.-Nikolaus-Feldkirch-240x320.jpg.webp 240w, https:\/\/www.travelgeekery.com\/wp-content\/uploads\/2022\/01\/St.-Nikolaus-Feldkirch-735x980.jpg.webp 735w, https:\/\/www.travelgeekery.com\/wp-content\/uploads\/2022\/01\/St.-Nikolaus-Feldkirch-251x335.jpg.webp 251w, https:\/\/www.travelgeekery.com\/wp-content\/uploads\/2022\/01\/St.-Nikolaus-Feldkirch-260x347.jpg.webp 260w, https:\/\/www.travelgeekery.com\/wp-content\/uploads\/2022\/01\/St.-Nikolaus-Feldkirch-390x520.jpg.webp 390w, https:\/\/www.travelgeekery.com\/wp-content\/uploads\/2022\/01\/St.-Nikolaus-Feldkirch-480x640.jpg.webp 480w, https:\/\/www.travelgeekery.com\/wp-content\/uploads\/2022\/01\/St.-Nikolaus-Feldkirch-576x768.jpg.webp 576w, https:\/\/www.travelgeekery.com\/wp-content\/uploads\/2022\/01\/St.-Nikolaus-Feldkirch-720x960.jpg.webp 720w, https:\/\/www.travelgeekery.com\/wp-content\/uploads\/2022\/01\/St.-Nikolaus-Feldkirch-640x853.jpg.webp 640w, https:\/\/www.travelgeekery.com\/wp-content\/uploads\/2022\/01\/St.-Nikolaus-Feldkirch-150x200.jpg.webp 150w\" sizes=\"auto, (max-width: 760px) calc(100vw - 40px), 720px\" data-pin-media=\"https:\/\/www.travelgeekery.com\/wp-content\/uploads\/2022\/01\/St.-Nikolaus-Feldkirch.jpg\" id=\"mv-trellis-img-9\" data-trellis-processed=\"1\"><\/a><figcaption class=\"wp-element-caption\">Kostel sv. Mikul&aacute;&scaron;e<\/figcaption><\/figure>\n<\/div>\n\n\n\n<div class=\"wp-block-column is-layout-flow wp-block-column-is-layout-flow\">\n<figure class=\"wp-block-image size-full\"><a href=\"https:\/\/www.travelgeekery.com\/wp-content\/uploads\/2022\/01\/City-Hall-Feldkirch.jpg\"><noscript><img loading=\"lazy\" decoding=\"async\" width=\"750\" height=\"1000\" src=\"https:\/\/www.travelgeekery.com\/wp-content\/uploads\/2022\/01\/City-Hall-Feldkirch.jpg\" alt=\"An Austrian City Hall with many coats of arms on the facade\" class=\"wp-image-12994\" srcset=\"https:\/\/www.travelgeekery.com\/wp-content\/uploads\/2022\/01\/City-Hall-Feldkirch.jpg 750w, https:\/\/www.travelgeekery.com\/wp-content\/uploads\/2022\/01\/City-Hall-Feldkirch-225x300.jpg 225w, https:\/\/www.travelgeekery.com\/wp-content\/uploads\/2022\/01\/City-Hall-Feldkirch-540x720.jpg 540w, https:\/\/www.travelgeekery.com\/wp-content\/uploads\/2022\/01\/City-Hall-Feldkirch-360x480.jpg 360w, https:\/\/www.travelgeekery.com\/wp-content\/uploads\/2022\/01\/City-Hall-Feldkirch-240x320.jpg 240w, https:\/\/www.travelgeekery.com\/wp-content\/uploads\/2022\/01\/City-Hall-Feldkirch-735x980.jpg 735w, https:\/\/www.travelgeekery.com\/wp-content\/uploads\/2022\/01\/City-Hall-Feldkirch-251x335.jpg 251w, https:\/\/www.travelgeekery.com\/wp-content\/uploads\/2022\/01\/City-Hall-Feldkirch-260x347.jpg 260w, https:\/\/www.travelgeekery.com\/wp-content\/uploads\/2022\/01\/City-Hall-Feldkirch-390x520.jpg 390w, https:\/\/www.travelgeekery.com\/wp-content\/uploads\/2022\/01\/City-Hall-Feldkirch-480x640.jpg 480w, https:\/\/www.travelgeekery.com\/wp-content\/uploads\/2022\/01\/City-Hall-Feldkirch-576x768.jpg 576w, https:\/\/www.travelgeekery.com\/wp-content\/uploads\/2022\/01\/City-Hall-Feldkirch-720x960.jpg 720w, https:\/\/www.travelgeekery.com\/wp-content\/uploads\/2022\/01\/City-Hall-Feldkirch-640x853.jpg 640w, https:\/\/www.travelgeekery.com\/wp-content\/uploads\/2022\/01\/City-Hall-Feldkirch-150x200.jpg 150w\" sizes=\"auto, (max-width: 760px) calc(100vw - 40px), 720px\" data-pin-media=\"https:\/\/www.travelgeekery.com\/wp-content\/uploads\/2022\/01\/City-Hall-Feldkirch.jpg\"><\/noscript><img loading=\"lazy\" decoding=\"async\" width=\"750\" height=\"1000\" src=\"https:\/\/www.travelgeekery.com\/wp-content\/uploads\/2022\/01\/City-Hall-Feldkirch.jpg.webp\" alt=\"An Austrian City Hall with many coats of arms on the facade\" class=\"wp-image-12994 lazyload\" srcset=\"https:\/\/www.travelgeekery.com\/wp-content\/uploads\/2022\/01\/City-Hall-Feldkirch.jpg.webp 750w, https:\/\/www.travelgeekery.com\/wp-content\/uploads\/2022\/01\/City-Hall-Feldkirch-225x300.jpg.webp 225w, https:\/\/www.travelgeekery.com\/wp-content\/uploads\/2022\/01\/City-Hall-Feldkirch-540x720.jpg.webp 540w, https:\/\/www.travelgeekery.com\/wp-content\/uploads\/2022\/01\/City-Hall-Feldkirch-360x480.jpg.webp 360w, https:\/\/www.travelgeekery.com\/wp-content\/uploads\/2022\/01\/City-Hall-Feldkirch-240x320.jpg.webp 240w, https:\/\/www.travelgeekery.com\/wp-content\/uploads\/2022\/01\/City-Hall-Feldkirch-735x980.jpg.webp 735w, https:\/\/www.travelgeekery.com\/wp-content\/uploads\/2022\/01\/City-Hall-Feldkirch-251x335.jpg.webp 251w, https:\/\/www.travelgeekery.com\/wp-content\/uploads\/2022\/01\/City-Hall-Feldkirch-260x347.jpg.webp 260w, https:\/\/www.travelgeekery.com\/wp-content\/uploads\/2022\/01\/City-Hall-Feldkirch-390x520.jpg.webp 390w, https:\/\/www.travelgeekery.com\/wp-content\/uploads\/2022\/01\/City-Hall-Feldkirch-480x640.jpg.webp 480w, https:\/\/www.travelgeekery.com\/wp-content\/uploads\/2022\/01\/City-Hall-Feldkirch-576x768.jpg.webp 576w, https:\/\/www.travelgeekery.com\/wp-content\/uploads\/2022\/01\/City-Hall-Feldkirch-720x960.jpg.webp 720w, https:\/\/www.travelgeekery.com\/wp-content\/uploads\/2022\/01\/City-Hall-Feldkirch-640x853.jpg.webp 640w, https:\/\/www.travelgeekery.com\/wp-content\/uploads\/2022\/01\/City-Hall-Feldkirch-150x200.jpg.webp 150w\" sizes=\"auto, (max-width: 760px) calc(100vw - 40px), 720px\" data-pin-media=\"https:\/\/www.travelgeekery.com\/wp-content\/uploads\/2022\/01\/City-Hall-Feldkirch.jpg\" id=\"mv-trellis-img-10\" data-trellis-processed=\"1\"><\/a><figcaption class=\"wp-element-caption\">Radnice s erby<\/figcaption><\/figure>\n<\/div>\n<\/div>\n\n\n\n<p>Velk&yacute; po&#269;et okouzluj&iacute;c&iacute;ch kupeck&yacute;ch dom&#367; potvrzuje tehdej&scaron;&iacute; presti&#382; Feldkirchu. V&#283;t&scaron;ina fas&aacute;d poch&aacute;z&iacute; z 19. stolet&iacute;.<\/p>\n\n\n\n<p>Modern&iacute; architektura by m&#283;la b&yacute;t ve Feldkirchu nem&eacute;n&#283; obdivov&aacute;na. Nap&#345;&iacute;klad takov&yacute; <a href=\"https:\/\/www.montforthausfeldkirch.com\" target=\"_blank\" rel=\"noreferrer noopener\">Montforthaus<\/a> v&aacute;s ohrom&iacute; na prvn&iacute; pohled.&nbsp;<\/p>\n\n\n\n<div class=\"wp-block-columns is-layout-flex wp-container-core-columns-is-layout-9d6595d7 wp-block-columns-is-layout-flex\">\n<div class=\"wp-block-column is-layout-flow wp-block-column-is-layout-flow\">\n<figure class=\"wp-block-image size-full\"><a href=\"https:\/\/www.travelgeekery.com\/wp-content\/uploads\/2022\/01\/Montforthaus-Feldkirch.jpg\"><noscript><img loading=\"lazy\" decoding=\"async\" width=\"750\" height=\"1000\" src=\"https:\/\/www.travelgeekery.com\/wp-content\/uploads\/2022\/01\/Montforthaus-Feldkirch.jpg\" alt=\"A new design of a building using wood and glass\" class=\"wp-image-13010\" srcset=\"https:\/\/www.travelgeekery.com\/wp-content\/uploads\/2022\/01\/Montforthaus-Feldkirch.jpg 750w, https:\/\/www.travelgeekery.com\/wp-content\/uploads\/2022\/01\/Montforthaus-Feldkirch-225x300.jpg 225w, https:\/\/www.travelgeekery.com\/wp-content\/uploads\/2022\/01\/Montforthaus-Feldkirch-540x720.jpg 540w, https:\/\/www.travelgeekery.com\/wp-content\/uploads\/2022\/01\/Montforthaus-Feldkirch-360x480.jpg 360w, https:\/\/www.travelgeekery.com\/wp-content\/uploads\/2022\/01\/Montforthaus-Feldkirch-240x320.jpg 240w, https:\/\/www.travelgeekery.com\/wp-content\/uploads\/2022\/01\/Montforthaus-Feldkirch-735x980.jpg 735w, https:\/\/www.travelgeekery.com\/wp-content\/uploads\/2022\/01\/Montforthaus-Feldkirch-251x335.jpg 251w, https:\/\/www.travelgeekery.com\/wp-content\/uploads\/2022\/01\/Montforthaus-Feldkirch-260x347.jpg 260w, https:\/\/www.travelgeekery.com\/wp-content\/uploads\/2022\/01\/Montforthaus-Feldkirch-390x520.jpg 390w, https:\/\/www.travelgeekery.com\/wp-content\/uploads\/2022\/01\/Montforthaus-Feldkirch-480x640.jpg 480w, https:\/\/www.travelgeekery.com\/wp-content\/uploads\/2022\/01\/Montforthaus-Feldkirch-576x768.jpg 576w, https:\/\/www.travelgeekery.com\/wp-content\/uploads\/2022\/01\/Montforthaus-Feldkirch-720x960.jpg 720w, https:\/\/www.travelgeekery.com\/wp-content\/uploads\/2022\/01\/Montforthaus-Feldkirch-640x853.jpg 640w, https:\/\/www.travelgeekery.com\/wp-content\/uploads\/2022\/01\/Montforthaus-Feldkirch-150x200.jpg 150w\" sizes=\"auto, (max-width: 760px) calc(100vw - 40px), 720px\" data-pin-media=\"https:\/\/www.travelgeekery.com\/wp-content\/uploads\/2022\/01\/Montforthaus-Feldkirch.jpg\"><\/noscript><img loading=\"lazy\" decoding=\"async\" width=\"750\" height=\"1000\" src=\"https:\/\/www.travelgeekery.com\/wp-content\/uploads\/2022\/01\/Montforthaus-Feldkirch.jpg.webp\" alt=\"A new design of a building using wood and glass\" class=\"wp-image-13010 lazyload\" srcset=\"https:\/\/www.travelgeekery.com\/wp-content\/uploads\/2022\/01\/Montforthaus-Feldkirch.jpg.webp 750w, https:\/\/www.travelgeekery.com\/wp-content\/uploads\/2022\/01\/Montforthaus-Feldkirch-225x300.jpg.webp 225w, https:\/\/www.travelgeekery.com\/wp-content\/uploads\/2022\/01\/Montforthaus-Feldkirch-540x720.jpg.webp 540w, https:\/\/www.travelgeekery.com\/wp-content\/uploads\/2022\/01\/Montforthaus-Feldkirch-360x480.jpg.webp 360w, https:\/\/www.travelgeekery.com\/wp-content\/uploads\/2022\/01\/Montforthaus-Feldkirch-240x320.jpg.webp 240w, https:\/\/www.travelgeekery.com\/wp-content\/uploads\/2022\/01\/Montforthaus-Feldkirch-735x980.jpg.webp 735w, https:\/\/www.travelgeekery.com\/wp-content\/uploads\/2022\/01\/Montforthaus-Feldkirch-251x335.jpg.webp 251w, https:\/\/www.travelgeekery.com\/wp-content\/uploads\/2022\/01\/Montforthaus-Feldkirch-260x347.jpg.webp 260w, https:\/\/www.travelgeekery.com\/wp-content\/uploads\/2022\/01\/Montforthaus-Feldkirch-390x520.jpg.webp 390w, https:\/\/www.travelgeekery.com\/wp-content\/uploads\/2022\/01\/Montforthaus-Feldkirch-480x640.jpg.webp 480w, https:\/\/www.travelgeekery.com\/wp-content\/uploads\/2022\/01\/Montforthaus-Feldkirch-576x768.jpg.webp 576w, https:\/\/www.travelgeekery.com\/wp-content\/uploads\/2022\/01\/Montforthaus-Feldkirch-720x960.jpg.webp 720w, https:\/\/www.travelgeekery.com\/wp-content\/uploads\/2022\/01\/Montforthaus-Feldkirch-640x853.jpg.webp 640w, https:\/\/www.travelgeekery.com\/wp-content\/uploads\/2022\/01\/Montforthaus-Feldkirch-150x200.jpg.webp 150w\" sizes=\"auto, (max-width: 760px) calc(100vw - 40px), 720px\" data-pin-media=\"https:\/\/www.travelgeekery.com\/wp-content\/uploads\/2022\/01\/Montforthaus-Feldkirch.jpg\" id=\"mv-trellis-img-11\" data-trellis-processed=\"1\"><\/a><figcaption class=\"wp-element-caption\">Kr&aacute;sn&yacute; Montforthaus<\/figcaption><\/figure>\n<\/div>\n\n\n\n<div class=\"wp-block-column is-layout-flow wp-block-column-is-layout-flow\">\n<figure class=\"wp-block-image size-full\"><a href=\"https:\/\/www.travelgeekery.com\/wp-content\/uploads\/2022\/01\/Montforthaus-interior-Feldkirch.jpg\"><noscript><img loading=\"lazy\" decoding=\"async\" width=\"700\" height=\"932\" src=\"https:\/\/www.travelgeekery.com\/wp-content\/uploads\/2022\/01\/Montforthaus-interior-Feldkirch-edited.jpg\" alt=\"Interior of a new design building\" class=\"wp-image-13045\" srcset=\"https:\/\/www.travelgeekery.com\/wp-content\/uploads\/2022\/01\/Montforthaus-interior-Feldkirch-edited.jpg 700w, https:\/\/www.travelgeekery.com\/wp-content\/uploads\/2022\/01\/Montforthaus-interior-Feldkirch-edited-225x300.jpg 225w, https:\/\/www.travelgeekery.com\/wp-content\/uploads\/2022\/01\/Montforthaus-interior-Feldkirch-edited-540x720.jpg 540w, https:\/\/www.travelgeekery.com\/wp-content\/uploads\/2022\/01\/Montforthaus-interior-Feldkirch-edited-360x480.jpg 360w, https:\/\/www.travelgeekery.com\/wp-content\/uploads\/2022\/01\/Montforthaus-interior-Feldkirch-edited-240x320.jpg 240w, https:\/\/www.travelgeekery.com\/wp-content\/uploads\/2022\/01\/Montforthaus-interior-Feldkirch-edited-252x335.jpg 252w, https:\/\/www.travelgeekery.com\/wp-content\/uploads\/2022\/01\/Montforthaus-interior-Feldkirch-edited-261x347.jpg 261w, https:\/\/www.travelgeekery.com\/wp-content\/uploads\/2022\/01\/Montforthaus-interior-Feldkirch-edited-391x520.jpg 391w, https:\/\/www.travelgeekery.com\/wp-content\/uploads\/2022\/01\/Montforthaus-interior-Feldkirch-edited-481x640.jpg 481w, https:\/\/www.travelgeekery.com\/wp-content\/uploads\/2022\/01\/Montforthaus-interior-Feldkirch-edited-577x768.jpg 577w, https:\/\/www.travelgeekery.com\/wp-content\/uploads\/2022\/01\/Montforthaus-interior-Feldkirch-edited-640x853.jpg 640w, https:\/\/www.travelgeekery.com\/wp-content\/uploads\/2022\/01\/Montforthaus-interior-Feldkirch-edited-150x200.jpg 150w\" sizes=\"auto, (max-width: 700px) 100vw, 700px\" data-pin-media=\"https:\/\/www.travelgeekery.com\/wp-content\/uploads\/2022\/01\/Montforthaus-interior-Feldkirch-edited.jpg\"><\/noscript><img loading=\"lazy\" decoding=\"async\" width=\"700\" height=\"932\" src=\"https:\/\/www.travelgeekery.com\/wp-content\/uploads\/2022\/01\/Montforthaus-interior-Feldkirch-edited.jpg.webp\" alt=\"Interior of a new design building\" class=\"wp-image-13045 lazyload\" srcset=\"https:\/\/www.travelgeekery.com\/wp-content\/uploads\/2022\/01\/Montforthaus-interior-Feldkirch-edited.jpg.webp 700w, https:\/\/www.travelgeekery.com\/wp-content\/uploads\/2022\/01\/Montforthaus-interior-Feldkirch-edited-225x300.jpg.webp 225w, https:\/\/www.travelgeekery.com\/wp-content\/uploads\/2022\/01\/Montforthaus-interior-Feldkirch-edited-540x720.jpg.webp 540w, https:\/\/www.travelgeekery.com\/wp-content\/uploads\/2022\/01\/Montforthaus-interior-Feldkirch-edited-360x480.jpg.webp 360w, https:\/\/www.travelgeekery.com\/wp-content\/uploads\/2022\/01\/Montforthaus-interior-Feldkirch-edited-240x320.jpg.webp 240w, https:\/\/www.travelgeekery.com\/wp-content\/uploads\/2022\/01\/Montforthaus-interior-Feldkirch-edited-252x335.jpg.webp 252w, https:\/\/www.travelgeekery.com\/wp-content\/uploads\/2022\/01\/Montforthaus-interior-Feldkirch-edited-261x347.jpg.webp 261w, https:\/\/www.travelgeekery.com\/wp-content\/uploads\/2022\/01\/Montforthaus-interior-Feldkirch-edited-391x520.jpg.webp 391w, https:\/\/www.travelgeekery.com\/wp-content\/uploads\/2022\/01\/Montforthaus-interior-Feldkirch-edited-481x640.jpg.webp 481w, https:\/\/www.travelgeekery.com\/wp-content\/uploads\/2022\/01\/Montforthaus-interior-Feldkirch-edited-577x768.jpg.webp 577w, https:\/\/www.travelgeekery.com\/wp-content\/uploads\/2022\/01\/Montforthaus-interior-Feldkirch-edited-640x853.jpg.webp 640w, https:\/\/www.travelgeekery.com\/wp-content\/uploads\/2022\/01\/Montforthaus-interior-Feldkirch-edited-150x200.jpg.webp 150w\" sizes=\"auto, (max-width: 700px) 100vw, 700px\" data-pin-media=\"https:\/\/www.travelgeekery.com\/wp-content\/uploads\/2022\/01\/Montforthaus-interior-Feldkirch-edited.jpg\" id=\"mv-trellis-img-12\" data-trellis-processed=\"1\"><\/a><figcaption class=\"wp-element-caption\">Interi&eacute;r je je&scaron;t&#283; v&iacute;ce dechberouc&iacute;<\/figcaption><\/figure>\n<\/div>\n<\/div>\n\n\n\n<p>Rozvln&#283;n&yacute; design ze skla a d&#345;eva kr&aacute;sn&#283; lad&iacute; se star&scaron;&iacute;mi budovami v okol&iacute;. Nen&iacute; divu, &#382;e Montforthaus z&iacute;skal n&#283;kolik architektonick&yacute;ch cen, zejm&eacute;na Rakouskou st&aacute;tn&iacute; cenu za architekturu a udr&#382;itelnost. V sou&#269;asnosti slou&#382;&iacute; jako m&iacute;sto kon&aacute;n&iacute; akc&iacute; a konferenc&iacute; a dokonce zde s&iacute;dl&iacute; m&iacute;stn&iacute; turistick&eacute; infocentrum.<\/p>\n\n\n\n<h3 class=\"wp-block-heading\"><span class=\"ez-toc-section\" id=\"Kavarny_a_restaurace\"><\/span>Kav&aacute;rny a restaurace<span class=\"ez-toc-section-end\"><\/span><\/h3>\n\n\n\n<p>Nejv&#283;t&scaron;&iacute; koncentraci kav&aacute;ren, bar&#367; a restaurac&iacute; najdete na Tr&#382;n&iacute;m n&aacute;m&#283;st&iacute;. Zejm&eacute;na v tepl&yacute;ch letn&iacute;ch m&#283;s&iacute;c&iacute;ch nen&iacute; nic p&#345;&iacute;jemn&#283;j&scaron;&iacute;ho ne&#382; sed&#283;t venku a pozorovat cvrkot malom&#283;sta.<\/p>\n\n\n\n<p>Ve Feldkirchu jsem nevyzkou&scaron;ela p&#345;&iacute;li&scaron; restaurac&iacute;, ale Rio i tak vynik&aacute;. M&#367;&#382;ete se t&#283;&scaron;it na kulin&aacute;&#345;sk&yacute; z&aacute;&#382;itek s m&iacute;stn&iacute; a italskou kuchyn&iacute; v&#269;etn&#283; pizzy. Rio funguje tak&eacute; jako bar a, kdo by to &#345;ekl, jako kino!<\/p>\n\n\n\n<p>M&iacute;stn&iacute; doporu&#269;uj&iacute; tak&eacute; restauraci Magma, kter&aacute; va&#345;&iacute; mezin&aacute;rodn&iacute; pokrmy v&#269;etn&#283; vegansk&yacute;ch.<\/p>\n\n\n\n<p>M&aacute; to b&yacute;t tak&eacute; skv&#283;l&eacute; m&iacute;sto pro sn&iacute;dani.<\/p>\n\n\n\n<div class=\"wp-block-columns is-layout-flex wp-container-core-columns-is-layout-9d6595d7 wp-block-columns-is-layout-flex\">\n<div class=\"wp-block-column is-layout-flow wp-block-column-is-layout-flow\">\n<figure class=\"wp-block-image size-full\"><a href=\"https:\/\/www.travelgeekery.com\/wp-content\/uploads\/2022\/01\/Market-Square-Cafes-Feldkirch.jpg\"><noscript><img loading=\"lazy\" decoding=\"async\" width=\"750\" height=\"1000\" src=\"https:\/\/www.travelgeekery.com\/wp-content\/uploads\/2022\/01\/Market-Square-Cafes-Feldkirch.jpg\" alt=\"Caf&eacute;s on the main square in Feldkirch, Austria\" class=\"wp-image-13006\" srcset=\"https:\/\/www.travelgeekery.com\/wp-content\/uploads\/2022\/01\/Market-Square-Cafes-Feldkirch.jpg 750w, https:\/\/www.travelgeekery.com\/wp-content\/uploads\/2022\/01\/Market-Square-Cafes-Feldkirch-225x300.jpg 225w, https:\/\/www.travelgeekery.com\/wp-content\/uploads\/2022\/01\/Market-Square-Cafes-Feldkirch-540x720.jpg 540w, https:\/\/www.travelgeekery.com\/wp-content\/uploads\/2022\/01\/Market-Square-Cafes-Feldkirch-360x480.jpg 360w, https:\/\/www.travelgeekery.com\/wp-content\/uploads\/2022\/01\/Market-Square-Cafes-Feldkirch-240x320.jpg 240w, https:\/\/www.travelgeekery.com\/wp-content\/uploads\/2022\/01\/Market-Square-Cafes-Feldkirch-735x980.jpg 735w, https:\/\/www.travelgeekery.com\/wp-content\/uploads\/2022\/01\/Market-Square-Cafes-Feldkirch-251x335.jpg 251w, https:\/\/www.travelgeekery.com\/wp-content\/uploads\/2022\/01\/Market-Square-Cafes-Feldkirch-260x347.jpg 260w, https:\/\/www.travelgeekery.com\/wp-content\/uploads\/2022\/01\/Market-Square-Cafes-Feldkirch-390x520.jpg 390w, https:\/\/www.travelgeekery.com\/wp-content\/uploads\/2022\/01\/Market-Square-Cafes-Feldkirch-480x640.jpg 480w, https:\/\/www.travelgeekery.com\/wp-content\/uploads\/2022\/01\/Market-Square-Cafes-Feldkirch-576x768.jpg 576w, https:\/\/www.travelgeekery.com\/wp-content\/uploads\/2022\/01\/Market-Square-Cafes-Feldkirch-720x960.jpg 720w, https:\/\/www.travelgeekery.com\/wp-content\/uploads\/2022\/01\/Market-Square-Cafes-Feldkirch-640x853.jpg 640w, https:\/\/www.travelgeekery.com\/wp-content\/uploads\/2022\/01\/Market-Square-Cafes-Feldkirch-150x200.jpg 150w\" sizes=\"auto, (max-width: 760px) calc(100vw - 40px), 720px\" data-pin-media=\"https:\/\/www.travelgeekery.com\/wp-content\/uploads\/2022\/01\/Market-Square-Cafes-Feldkirch.jpg\"><\/noscript><img loading=\"lazy\" decoding=\"async\" width=\"750\" height=\"1000\" src=\"https:\/\/www.travelgeekery.com\/wp-content\/uploads\/2022\/01\/Market-Square-Cafes-Feldkirch.jpg.webp\" alt=\"Caf&eacute;s on the main square in Feldkirch, Austria\" class=\"wp-image-13006 lazyload\" srcset=\"https:\/\/www.travelgeekery.com\/wp-content\/uploads\/2022\/01\/Market-Square-Cafes-Feldkirch.jpg.webp 750w, https:\/\/www.travelgeekery.com\/wp-content\/uploads\/2022\/01\/Market-Square-Cafes-Feldkirch-225x300.jpg.webp 225w, https:\/\/www.travelgeekery.com\/wp-content\/uploads\/2022\/01\/Market-Square-Cafes-Feldkirch-540x720.jpg.webp 540w, https:\/\/www.travelgeekery.com\/wp-content\/uploads\/2022\/01\/Market-Square-Cafes-Feldkirch-360x480.jpg.webp 360w, https:\/\/www.travelgeekery.com\/wp-content\/uploads\/2022\/01\/Market-Square-Cafes-Feldkirch-240x320.jpg.webp 240w, https:\/\/www.travelgeekery.com\/wp-content\/uploads\/2022\/01\/Market-Square-Cafes-Feldkirch-735x980.jpg.webp 735w, https:\/\/www.travelgeekery.com\/wp-content\/uploads\/2022\/01\/Market-Square-Cafes-Feldkirch-251x335.jpg.webp 251w, https:\/\/www.travelgeekery.com\/wp-content\/uploads\/2022\/01\/Market-Square-Cafes-Feldkirch-260x347.jpg.webp 260w, https:\/\/www.travelgeekery.com\/wp-content\/uploads\/2022\/01\/Market-Square-Cafes-Feldkirch-390x520.jpg.webp 390w, https:\/\/www.travelgeekery.com\/wp-content\/uploads\/2022\/01\/Market-Square-Cafes-Feldkirch-480x640.jpg.webp 480w, https:\/\/www.travelgeekery.com\/wp-content\/uploads\/2022\/01\/Market-Square-Cafes-Feldkirch-576x768.jpg.webp 576w, https:\/\/www.travelgeekery.com\/wp-content\/uploads\/2022\/01\/Market-Square-Cafes-Feldkirch-720x960.jpg.webp 720w, https:\/\/www.travelgeekery.com\/wp-content\/uploads\/2022\/01\/Market-Square-Cafes-Feldkirch-640x853.jpg.webp 640w, https:\/\/www.travelgeekery.com\/wp-content\/uploads\/2022\/01\/Market-Square-Cafes-Feldkirch-150x200.jpg.webp 150w\" sizes=\"auto, (max-width: 760px) calc(100vw - 40px), 720px\" data-pin-media=\"https:\/\/www.travelgeekery.com\/wp-content\/uploads\/2022\/01\/Market-Square-Cafes-Feldkirch.jpg\" id=\"mv-trellis-img-13\" data-trellis-processed=\"1\"><\/a><figcaption class=\"wp-element-caption\">Kav&aacute;rni&#269;ky Tr&#382;n&iacute;ho n&aacute;m&#283;st&iacute;<\/figcaption><\/figure>\n<\/div>\n\n\n\n<div class=\"wp-block-column is-layout-flow wp-block-column-is-layout-flow\">\n<figure class=\"wp-block-image size-full\"><a href=\"https:\/\/www.travelgeekery.com\/wp-content\/uploads\/2022\/01\/Rio-Restaurant-Feldkirch.jpg\"><noscript><img loading=\"lazy\" decoding=\"async\" width=\"750\" height=\"1000\" src=\"https:\/\/www.travelgeekery.com\/wp-content\/uploads\/2022\/01\/Rio-Restaurant-Feldkirch.jpg\" alt=\"Dining out\" class=\"wp-image-13016\" srcset=\"https:\/\/www.travelgeekery.com\/wp-content\/uploads\/2022\/01\/Rio-Restaurant-Feldkirch.jpg 750w, https:\/\/www.travelgeekery.com\/wp-content\/uploads\/2022\/01\/Rio-Restaurant-Feldkirch-225x300.jpg 225w, https:\/\/www.travelgeekery.com\/wp-content\/uploads\/2022\/01\/Rio-Restaurant-Feldkirch-540x720.jpg 540w, https:\/\/www.travelgeekery.com\/wp-content\/uploads\/2022\/01\/Rio-Restaurant-Feldkirch-360x480.jpg 360w, https:\/\/www.travelgeekery.com\/wp-content\/uploads\/2022\/01\/Rio-Restaurant-Feldkirch-240x320.jpg 240w, https:\/\/www.travelgeekery.com\/wp-content\/uploads\/2022\/01\/Rio-Restaurant-Feldkirch-735x980.jpg 735w, https:\/\/www.travelgeekery.com\/wp-content\/uploads\/2022\/01\/Rio-Restaurant-Feldkirch-251x335.jpg 251w, https:\/\/www.travelgeekery.com\/wp-content\/uploads\/2022\/01\/Rio-Restaurant-Feldkirch-260x347.jpg 260w, https:\/\/www.travelgeekery.com\/wp-content\/uploads\/2022\/01\/Rio-Restaurant-Feldkirch-390x520.jpg 390w, https:\/\/www.travelgeekery.com\/wp-content\/uploads\/2022\/01\/Rio-Restaurant-Feldkirch-480x640.jpg 480w, https:\/\/www.travelgeekery.com\/wp-content\/uploads\/2022\/01\/Rio-Restaurant-Feldkirch-576x768.jpg 576w, https:\/\/www.travelgeekery.com\/wp-content\/uploads\/2022\/01\/Rio-Restaurant-Feldkirch-720x960.jpg 720w, https:\/\/www.travelgeekery.com\/wp-content\/uploads\/2022\/01\/Rio-Restaurant-Feldkirch-640x853.jpg 640w, https:\/\/www.travelgeekery.com\/wp-content\/uploads\/2022\/01\/Rio-Restaurant-Feldkirch-150x200.jpg 150w\" sizes=\"auto, (max-width: 760px) calc(100vw - 40px), 720px\" data-pin-media=\"https:\/\/www.travelgeekery.com\/wp-content\/uploads\/2022\/01\/Rio-Restaurant-Feldkirch.jpg\"><\/noscript><img loading=\"lazy\" decoding=\"async\" width=\"750\" height=\"1000\" src=\"https:\/\/www.travelgeekery.com\/wp-content\/uploads\/2022\/01\/Rio-Restaurant-Feldkirch.jpg.webp\" alt=\"Dining out\" class=\"wp-image-13016 lazyload\" srcset=\"https:\/\/www.travelgeekery.com\/wp-content\/uploads\/2022\/01\/Rio-Restaurant-Feldkirch.jpg.webp 750w, https:\/\/www.travelgeekery.com\/wp-content\/uploads\/2022\/01\/Rio-Restaurant-Feldkirch-225x300.jpg.webp 225w, https:\/\/www.travelgeekery.com\/wp-content\/uploads\/2022\/01\/Rio-Restaurant-Feldkirch-540x720.jpg.webp 540w, https:\/\/www.travelgeekery.com\/wp-content\/uploads\/2022\/01\/Rio-Restaurant-Feldkirch-360x480.jpg.webp 360w, https:\/\/www.travelgeekery.com\/wp-content\/uploads\/2022\/01\/Rio-Restaurant-Feldkirch-240x320.jpg.webp 240w, https:\/\/www.travelgeekery.com\/wp-content\/uploads\/2022\/01\/Rio-Restaurant-Feldkirch-735x980.jpg.webp 735w, https:\/\/www.travelgeekery.com\/wp-content\/uploads\/2022\/01\/Rio-Restaurant-Feldkirch-251x335.jpg.webp 251w, https:\/\/www.travelgeekery.com\/wp-content\/uploads\/2022\/01\/Rio-Restaurant-Feldkirch-260x347.jpg.webp 260w, https:\/\/www.travelgeekery.com\/wp-content\/uploads\/2022\/01\/Rio-Restaurant-Feldkirch-390x520.jpg.webp 390w, https:\/\/www.travelgeekery.com\/wp-content\/uploads\/2022\/01\/Rio-Restaurant-Feldkirch-480x640.jpg.webp 480w, https:\/\/www.travelgeekery.com\/wp-content\/uploads\/2022\/01\/Rio-Restaurant-Feldkirch-576x768.jpg.webp 576w, https:\/\/www.travelgeekery.com\/wp-content\/uploads\/2022\/01\/Rio-Restaurant-Feldkirch-720x960.jpg.webp 720w, https:\/\/www.travelgeekery.com\/wp-content\/uploads\/2022\/01\/Rio-Restaurant-Feldkirch-640x853.jpg.webp 640w, https:\/\/www.travelgeekery.com\/wp-content\/uploads\/2022\/01\/Rio-Restaurant-Feldkirch-150x200.jpg.webp 150w\" sizes=\"auto, (max-width: 760px) calc(100vw - 40px), 720px\" data-pin-media=\"https:\/\/www.travelgeekery.com\/wp-content\/uploads\/2022\/01\/Rio-Restaurant-Feldkirch.jpg\" id=\"mv-trellis-img-14\" data-trellis-processed=\"1\"><\/a><figcaption class=\"wp-element-caption\">V restauraci Rio<\/figcaption><\/figure>\n<\/div>\n\n\n\n<div class=\"wp-block-column is-layout-flow wp-block-column-is-layout-flow\">\n<figure class=\"wp-block-image size-full\"><a href=\"https:\/\/www.travelgeekery.com\/wp-content\/uploads\/2022\/01\/Montforthaus-Terrace-Feldkirch.jpg\"><noscript><img loading=\"lazy\" decoding=\"async\" width=\"750\" height=\"1000\" src=\"https:\/\/www.travelgeekery.com\/wp-content\/uploads\/2022\/01\/Montforthaus-Terrace-Feldkirch.jpg\" alt=\"A glass of wine with a view of a castle\" class=\"wp-image-13014\" srcset=\"https:\/\/www.travelgeekery.com\/wp-content\/uploads\/2022\/01\/Montforthaus-Terrace-Feldkirch.jpg 750w, https:\/\/www.travelgeekery.com\/wp-content\/uploads\/2022\/01\/Montforthaus-Terrace-Feldkirch-225x300.jpg 225w, https:\/\/www.travelgeekery.com\/wp-content\/uploads\/2022\/01\/Montforthaus-Terrace-Feldkirch-540x720.jpg 540w, https:\/\/www.travelgeekery.com\/wp-content\/uploads\/2022\/01\/Montforthaus-Terrace-Feldkirch-360x480.jpg 360w, https:\/\/www.travelgeekery.com\/wp-content\/uploads\/2022\/01\/Montforthaus-Terrace-Feldkirch-240x320.jpg 240w, https:\/\/www.travelgeekery.com\/wp-content\/uploads\/2022\/01\/Montforthaus-Terrace-Feldkirch-735x980.jpg 735w, https:\/\/www.travelgeekery.com\/wp-content\/uploads\/2022\/01\/Montforthaus-Terrace-Feldkirch-251x335.jpg 251w, https:\/\/www.travelgeekery.com\/wp-content\/uploads\/2022\/01\/Montforthaus-Terrace-Feldkirch-260x347.jpg 260w, https:\/\/www.travelgeekery.com\/wp-content\/uploads\/2022\/01\/Montforthaus-Terrace-Feldkirch-390x520.jpg 390w, https:\/\/www.travelgeekery.com\/wp-content\/uploads\/2022\/01\/Montforthaus-Terrace-Feldkirch-480x640.jpg 480w, https:\/\/www.travelgeekery.com\/wp-content\/uploads\/2022\/01\/Montforthaus-Terrace-Feldkirch-576x768.jpg 576w, https:\/\/www.travelgeekery.com\/wp-content\/uploads\/2022\/01\/Montforthaus-Terrace-Feldkirch-720x960.jpg 720w, https:\/\/www.travelgeekery.com\/wp-content\/uploads\/2022\/01\/Montforthaus-Terrace-Feldkirch-640x853.jpg 640w, https:\/\/www.travelgeekery.com\/wp-content\/uploads\/2022\/01\/Montforthaus-Terrace-Feldkirch-150x200.jpg 150w\" sizes=\"auto, (max-width: 760px) calc(100vw - 40px), 720px\" data-pin-media=\"https:\/\/www.travelgeekery.com\/wp-content\/uploads\/2022\/01\/Montforthaus-Terrace-Feldkirch.jpg\"><\/noscript><img loading=\"lazy\" decoding=\"async\" width=\"750\" height=\"1000\" src=\"https:\/\/www.travelgeekery.com\/wp-content\/uploads\/2022\/01\/Montforthaus-Terrace-Feldkirch.jpg.webp\" alt=\"A glass of wine with a view of a castle\" class=\"wp-image-13014 lazyload\" srcset=\"https:\/\/www.travelgeekery.com\/wp-content\/uploads\/2022\/01\/Montforthaus-Terrace-Feldkirch.jpg.webp 750w, https:\/\/www.travelgeekery.com\/wp-content\/uploads\/2022\/01\/Montforthaus-Terrace-Feldkirch-225x300.jpg.webp 225w, https:\/\/www.travelgeekery.com\/wp-content\/uploads\/2022\/01\/Montforthaus-Terrace-Feldkirch-540x720.jpg.webp 540w, https:\/\/www.travelgeekery.com\/wp-content\/uploads\/2022\/01\/Montforthaus-Terrace-Feldkirch-360x480.jpg.webp 360w, https:\/\/www.travelgeekery.com\/wp-content\/uploads\/2022\/01\/Montforthaus-Terrace-Feldkirch-240x320.jpg.webp 240w, https:\/\/www.travelgeekery.com\/wp-content\/uploads\/2022\/01\/Montforthaus-Terrace-Feldkirch-735x980.jpg.webp 735w, https:\/\/www.travelgeekery.com\/wp-content\/uploads\/2022\/01\/Montforthaus-Terrace-Feldkirch-251x335.jpg.webp 251w, https:\/\/www.travelgeekery.com\/wp-content\/uploads\/2022\/01\/Montforthaus-Terrace-Feldkirch-260x347.jpg.webp 260w, https:\/\/www.travelgeekery.com\/wp-content\/uploads\/2022\/01\/Montforthaus-Terrace-Feldkirch-390x520.jpg.webp 390w, https:\/\/www.travelgeekery.com\/wp-content\/uploads\/2022\/01\/Montforthaus-Terrace-Feldkirch-480x640.jpg.webp 480w, https:\/\/www.travelgeekery.com\/wp-content\/uploads\/2022\/01\/Montforthaus-Terrace-Feldkirch-576x768.jpg.webp 576w, https:\/\/www.travelgeekery.com\/wp-content\/uploads\/2022\/01\/Montforthaus-Terrace-Feldkirch-720x960.jpg.webp 720w, https:\/\/www.travelgeekery.com\/wp-content\/uploads\/2022\/01\/Montforthaus-Terrace-Feldkirch-640x853.jpg.webp 640w, https:\/\/www.travelgeekery.com\/wp-content\/uploads\/2022\/01\/Montforthaus-Terrace-Feldkirch-150x200.jpg.webp 150w\" sizes=\"auto, (max-width: 760px) calc(100vw - 40px), 720px\" data-pin-media=\"https:\/\/www.travelgeekery.com\/wp-content\/uploads\/2022\/01\/Montforthaus-Terrace-Feldkirch.jpg\" id=\"mv-trellis-img-15\" data-trellis-processed=\"1\"><\/a><figcaption class=\"wp-element-caption\">Drink s v&yacute;hledem!<\/figcaption><\/figure>\n<\/div>\n<\/div>\n\n\n\n<p>A pokud m&aacute;te r&aacute;di stolov&aacute;n&iacute; s v&yacute;hledem, zami&#345;te na st&#345;echu Montforthausu &ndash; terasa v&aacute;m poskytne v&yacute;hled na m&#283;sto z pta&#269;&iacute; perspektivy a z&aacute;rove&#328; si vychutn&aacute;te skv&#283;l&eacute; j&iacute;dlo nebo drink dle vlastn&iacute;ho v&yacute;b&#283;ru.<\/p>\n\n\n\n<h3 class=\"wp-block-heading\"><span class=\"ez-toc-section\" id=\"Hrad_Schattenburg\"><\/span>Hrad Schattenburg<span class=\"ez-toc-section-end\"><\/span><\/h3>\n\n\n\n<p>The picturesque castle can be found on a hill right above Montforthaus. Its name means &ldquo;Shadow Castle&rdquo; in Malebn&yacute; hrad najdete na kopci p&#345;&iacute;mo nad Montforthausem. Jeho jm&eacute;no v &#269;e&scaron;tin&#283; znamen&aacute; &bdquo;St&iacute;nov&yacute; hrad&ldquo;.<\/p>\n\n\n\n<div class=\"wp-block-columns is-layout-flex wp-container-core-columns-is-layout-9d6595d7 wp-block-columns-is-layout-flex\">\n<div class=\"wp-block-column is-layout-flow wp-block-column-is-layout-flow\">\n<p>P&#367;vodn&#283; byl postaven jako ochrann&yacute; hrad a slou&#382;il jako rezidence a pracovi&scaron;t&#283; m&iacute;stn&iacute;ch panovn&iacute;k&#367;, hrabat z Montfortu, ale postupem &#269;asu m&#283;nil sv&#367;j &uacute;&#269;el.&nbsp;<\/p>\n\n\n\n<p>Proto&#382;e posledn&iacute; hrab&#283; z Montfortu nem&#283;l d&#283;dice, prodal v roce 1375 cel&eacute; hrabstv&iacute; Habsburk&#367;m. Pot&eacute; byl hrad vyu&#382;&iacute;v&aacute;n jako kancel&aacute;&#345; a pozd&#283;ji jako kas&aacute;rna, d&#367;m pro chud&eacute; a dokonce i v&#283;zen&iacute;.<\/p>\n\n\n\n<p>Dnes m&#367;&#382;ete v z&aacute;mku nav&scaron;t&iacute;vit muzeum Schattenburg a tak&eacute; restauraci Schlosswirtschaft.<\/p>\n\n\n\n<p>U z&aacute;mku je dokonce mal&aacute; vinice.<\/p>\n<\/div>\n\n\n\n<div class=\"wp-block-column is-layout-flow wp-block-column-is-layout-flow\">\n<figure class=\"wp-block-image size-full\"><a href=\"https:\/\/www.travelgeekery.com\/wp-content\/uploads\/2022\/01\/Schattenburg-Castle-Feldkirch.jpg\"><noscript><img loading=\"lazy\" decoding=\"async\" width=\"750\" height=\"1000\" src=\"https:\/\/www.travelgeekery.com\/wp-content\/uploads\/2022\/01\/Schattenburg-Castle-Feldkirch.jpg\" alt=\"A view of a castle surrounded by greenery\" class=\"wp-image-13020\" srcset=\"https:\/\/www.travelgeekery.com\/wp-content\/uploads\/2022\/01\/Schattenburg-Castle-Feldkirch.jpg 750w, https:\/\/www.travelgeekery.com\/wp-content\/uploads\/2022\/01\/Schattenburg-Castle-Feldkirch-225x300.jpg 225w, https:\/\/www.travelgeekery.com\/wp-content\/uploads\/2022\/01\/Schattenburg-Castle-Feldkirch-540x720.jpg 540w, https:\/\/www.travelgeekery.com\/wp-content\/uploads\/2022\/01\/Schattenburg-Castle-Feldkirch-360x480.jpg 360w, https:\/\/www.travelgeekery.com\/wp-content\/uploads\/2022\/01\/Schattenburg-Castle-Feldkirch-240x320.jpg 240w, https:\/\/www.travelgeekery.com\/wp-content\/uploads\/2022\/01\/Schattenburg-Castle-Feldkirch-735x980.jpg 735w, https:\/\/www.travelgeekery.com\/wp-content\/uploads\/2022\/01\/Schattenburg-Castle-Feldkirch-251x335.jpg 251w, https:\/\/www.travelgeekery.com\/wp-content\/uploads\/2022\/01\/Schattenburg-Castle-Feldkirch-260x347.jpg 260w, https:\/\/www.travelgeekery.com\/wp-content\/uploads\/2022\/01\/Schattenburg-Castle-Feldkirch-390x520.jpg 390w, https:\/\/www.travelgeekery.com\/wp-content\/uploads\/2022\/01\/Schattenburg-Castle-Feldkirch-480x640.jpg 480w, https:\/\/www.travelgeekery.com\/wp-content\/uploads\/2022\/01\/Schattenburg-Castle-Feldkirch-576x768.jpg 576w, https:\/\/www.travelgeekery.com\/wp-content\/uploads\/2022\/01\/Schattenburg-Castle-Feldkirch-720x960.jpg 720w, https:\/\/www.travelgeekery.com\/wp-content\/uploads\/2022\/01\/Schattenburg-Castle-Feldkirch-640x853.jpg 640w, https:\/\/www.travelgeekery.com\/wp-content\/uploads\/2022\/01\/Schattenburg-Castle-Feldkirch-150x200.jpg 150w\" sizes=\"auto, (max-width: 760px) calc(100vw - 40px), 720px\" data-pin-media=\"https:\/\/www.travelgeekery.com\/wp-content\/uploads\/2022\/01\/Schattenburg-Castle-Feldkirch.jpg\"><\/noscript><img loading=\"lazy\" decoding=\"async\" width=\"750\" height=\"1000\" src=\"https:\/\/www.travelgeekery.com\/wp-content\/uploads\/2022\/01\/Schattenburg-Castle-Feldkirch.jpg.webp\" alt=\"A view of a castle surrounded by greenery\" class=\"wp-image-13020 lazyload\" srcset=\"https:\/\/www.travelgeekery.com\/wp-content\/uploads\/2022\/01\/Schattenburg-Castle-Feldkirch.jpg.webp 750w, https:\/\/www.travelgeekery.com\/wp-content\/uploads\/2022\/01\/Schattenburg-Castle-Feldkirch-225x300.jpg.webp 225w, https:\/\/www.travelgeekery.com\/wp-content\/uploads\/2022\/01\/Schattenburg-Castle-Feldkirch-540x720.jpg.webp 540w, https:\/\/www.travelgeekery.com\/wp-content\/uploads\/2022\/01\/Schattenburg-Castle-Feldkirch-360x480.jpg.webp 360w, https:\/\/www.travelgeekery.com\/wp-content\/uploads\/2022\/01\/Schattenburg-Castle-Feldkirch-240x320.jpg.webp 240w, https:\/\/www.travelgeekery.com\/wp-content\/uploads\/2022\/01\/Schattenburg-Castle-Feldkirch-735x980.jpg.webp 735w, https:\/\/www.travelgeekery.com\/wp-content\/uploads\/2022\/01\/Schattenburg-Castle-Feldkirch-251x335.jpg.webp 251w, https:\/\/www.travelgeekery.com\/wp-content\/uploads\/2022\/01\/Schattenburg-Castle-Feldkirch-260x347.jpg.webp 260w, https:\/\/www.travelgeekery.com\/wp-content\/uploads\/2022\/01\/Schattenburg-Castle-Feldkirch-390x520.jpg.webp 390w, https:\/\/www.travelgeekery.com\/wp-content\/uploads\/2022\/01\/Schattenburg-Castle-Feldkirch-480x640.jpg.webp 480w, https:\/\/www.travelgeekery.com\/wp-content\/uploads\/2022\/01\/Schattenburg-Castle-Feldkirch-576x768.jpg.webp 576w, https:\/\/www.travelgeekery.com\/wp-content\/uploads\/2022\/01\/Schattenburg-Castle-Feldkirch-720x960.jpg.webp 720w, https:\/\/www.travelgeekery.com\/wp-content\/uploads\/2022\/01\/Schattenburg-Castle-Feldkirch-640x853.jpg.webp 640w, https:\/\/www.travelgeekery.com\/wp-content\/uploads\/2022\/01\/Schattenburg-Castle-Feldkirch-150x200.jpg.webp 150w\" sizes=\"auto, (max-width: 760px) calc(100vw - 40px), 720px\" data-pin-media=\"https:\/\/www.travelgeekery.com\/wp-content\/uploads\/2022\/01\/Schattenburg-Castle-Feldkirch.jpg\" id=\"mv-trellis-img-16\" data-trellis-processed=\"1\"><\/a><figcaption class=\"wp-element-caption\">Hrad Schattenburg hezky postaven&yacute; v kopci<\/figcaption><\/figure>\n<\/div>\n<\/div>\n\n\n\n<h3 class=\"wp-block-heading\"><span class=\"ez-toc-section\" id=\"Zelen_Feldkirchu\"><\/span>Zele&#328; Feldkirchu<span class=\"ez-toc-section-end\"><\/span><\/h3>\n\n\n\n<p>Pod&eacute;l &#345;eky Ill je jedna z nejhez&#269;&iacute;ch proch&aacute;zek ve Feldkirchu. &Scaron;&#357;astn&iacute; to lid&eacute;, co tam &#382;ij&iacute;!<\/p>\n\n\n\n<p>Nav&iacute;c cel&yacute; jihov&yacute;chod Feldkirchu obj&iacute;m&aacute; p&#345;&iacute;roda. Nach&aacute;z&iacute; se zde kr&aacute;sn&#283; zelen&aacute; &#269;tvr&#357; Reichenfeld a p&#345;&iacute;rodn&iacute; park s 23 druhy m&iacute;stn&iacute;ch zv&iacute;&#345;at.<\/p>\n\n\n\n<div class=\"wp-block-columns is-layout-flex wp-container-core-columns-is-layout-9d6595d7 wp-block-columns-is-layout-flex\">\n<div class=\"wp-block-column is-layout-flow wp-block-column-is-layout-flow\">\n<figure class=\"wp-block-image size-full\"><a href=\"https:\/\/www.travelgeekery.com\/wp-content\/uploads\/2022\/01\/By-the-river-Ill-in-Feldkirch.jpg\"><noscript><img loading=\"lazy\" decoding=\"async\" width=\"750\" height=\"1000\" src=\"https:\/\/www.travelgeekery.com\/wp-content\/uploads\/2022\/01\/By-the-river-Ill-in-Feldkirch.jpg\" alt=\"Riverside of an Austrian town\" class=\"wp-image-12992\" srcset=\"https:\/\/www.travelgeekery.com\/wp-content\/uploads\/2022\/01\/By-the-river-Ill-in-Feldkirch.jpg 750w, https:\/\/www.travelgeekery.com\/wp-content\/uploads\/2022\/01\/By-the-river-Ill-in-Feldkirch-225x300.jpg 225w, https:\/\/www.travelgeekery.com\/wp-content\/uploads\/2022\/01\/By-the-river-Ill-in-Feldkirch-540x720.jpg 540w, https:\/\/www.travelgeekery.com\/wp-content\/uploads\/2022\/01\/By-the-river-Ill-in-Feldkirch-360x480.jpg 360w, https:\/\/www.travelgeekery.com\/wp-content\/uploads\/2022\/01\/By-the-river-Ill-in-Feldkirch-240x320.jpg 240w, https:\/\/www.travelgeekery.com\/wp-content\/uploads\/2022\/01\/By-the-river-Ill-in-Feldkirch-735x980.jpg 735w, https:\/\/www.travelgeekery.com\/wp-content\/uploads\/2022\/01\/By-the-river-Ill-in-Feldkirch-251x335.jpg 251w, https:\/\/www.travelgeekery.com\/wp-content\/uploads\/2022\/01\/By-the-river-Ill-in-Feldkirch-260x347.jpg 260w, https:\/\/www.travelgeekery.com\/wp-content\/uploads\/2022\/01\/By-the-river-Ill-in-Feldkirch-390x520.jpg 390w, https:\/\/www.travelgeekery.com\/wp-content\/uploads\/2022\/01\/By-the-river-Ill-in-Feldkirch-480x640.jpg 480w, https:\/\/www.travelgeekery.com\/wp-content\/uploads\/2022\/01\/By-the-river-Ill-in-Feldkirch-576x768.jpg 576w, https:\/\/www.travelgeekery.com\/wp-content\/uploads\/2022\/01\/By-the-river-Ill-in-Feldkirch-720x960.jpg 720w, https:\/\/www.travelgeekery.com\/wp-content\/uploads\/2022\/01\/By-the-river-Ill-in-Feldkirch-640x853.jpg 640w, https:\/\/www.travelgeekery.com\/wp-content\/uploads\/2022\/01\/By-the-river-Ill-in-Feldkirch-150x200.jpg 150w\" sizes=\"auto, (max-width: 760px) calc(100vw - 40px), 720px\" data-pin-media=\"https:\/\/www.travelgeekery.com\/wp-content\/uploads\/2022\/01\/By-the-river-Ill-in-Feldkirch.jpg\"><\/noscript><img loading=\"lazy\" decoding=\"async\" width=\"750\" height=\"1000\" src=\"https:\/\/www.travelgeekery.com\/wp-content\/uploads\/2022\/01\/By-the-river-Ill-in-Feldkirch.jpg.webp\" alt=\"Riverside of an Austrian town\" class=\"wp-image-12992 lazyload\" srcset=\"https:\/\/www.travelgeekery.com\/wp-content\/uploads\/2022\/01\/By-the-river-Ill-in-Feldkirch.jpg.webp 750w, https:\/\/www.travelgeekery.com\/wp-content\/uploads\/2022\/01\/By-the-river-Ill-in-Feldkirch-225x300.jpg.webp 225w, https:\/\/www.travelgeekery.com\/wp-content\/uploads\/2022\/01\/By-the-river-Ill-in-Feldkirch-540x720.jpg.webp 540w, https:\/\/www.travelgeekery.com\/wp-content\/uploads\/2022\/01\/By-the-river-Ill-in-Feldkirch-360x480.jpg.webp 360w, https:\/\/www.travelgeekery.com\/wp-content\/uploads\/2022\/01\/By-the-river-Ill-in-Feldkirch-240x320.jpg.webp 240w, https:\/\/www.travelgeekery.com\/wp-content\/uploads\/2022\/01\/By-the-river-Ill-in-Feldkirch-735x980.jpg.webp 735w, https:\/\/www.travelgeekery.com\/wp-content\/uploads\/2022\/01\/By-the-river-Ill-in-Feldkirch-251x335.jpg.webp 251w, https:\/\/www.travelgeekery.com\/wp-content\/uploads\/2022\/01\/By-the-river-Ill-in-Feldkirch-260x347.jpg.webp 260w, https:\/\/www.travelgeekery.com\/wp-content\/uploads\/2022\/01\/By-the-river-Ill-in-Feldkirch-390x520.jpg.webp 390w, https:\/\/www.travelgeekery.com\/wp-content\/uploads\/2022\/01\/By-the-river-Ill-in-Feldkirch-480x640.jpg.webp 480w, https:\/\/www.travelgeekery.com\/wp-content\/uploads\/2022\/01\/By-the-river-Ill-in-Feldkirch-576x768.jpg.webp 576w, https:\/\/www.travelgeekery.com\/wp-content\/uploads\/2022\/01\/By-the-river-Ill-in-Feldkirch-720x960.jpg.webp 720w, https:\/\/www.travelgeekery.com\/wp-content\/uploads\/2022\/01\/By-the-river-Ill-in-Feldkirch-640x853.jpg.webp 640w, https:\/\/www.travelgeekery.com\/wp-content\/uploads\/2022\/01\/By-the-river-Ill-in-Feldkirch-150x200.jpg.webp 150w\" sizes=\"auto, (max-width: 760px) calc(100vw - 40px), 720px\" data-pin-media=\"https:\/\/www.travelgeekery.com\/wp-content\/uploads\/2022\/01\/By-the-river-Ill-in-Feldkirch.jpg\" id=\"mv-trellis-img-17\" data-trellis-processed=\"1\"><\/a><figcaption class=\"wp-element-caption\">U &#345;eky Ill <\/figcaption><\/figure>\n<\/div>\n\n\n\n<div class=\"wp-block-column is-layout-flow wp-block-column-is-layout-flow\">\n<figure class=\"wp-block-image size-full\"><a href=\"https:\/\/www.travelgeekery.com\/wp-content\/uploads\/2022\/01\/House-by-the-river-Ill-in-Feldkirch.jpg\"><noscript><img loading=\"lazy\" decoding=\"async\" width=\"750\" height=\"1000\" src=\"https:\/\/www.travelgeekery.com\/wp-content\/uploads\/2022\/01\/House-by-the-river-Ill-in-Feldkirch.jpg\" alt=\"A cute house in an Austrian town\" class=\"wp-image-13002\" srcset=\"https:\/\/www.travelgeekery.com\/wp-content\/uploads\/2022\/01\/House-by-the-river-Ill-in-Feldkirch.jpg 750w, https:\/\/www.travelgeekery.com\/wp-content\/uploads\/2022\/01\/House-by-the-river-Ill-in-Feldkirch-225x300.jpg 225w, https:\/\/www.travelgeekery.com\/wp-content\/uploads\/2022\/01\/House-by-the-river-Ill-in-Feldkirch-540x720.jpg 540w, https:\/\/www.travelgeekery.com\/wp-content\/uploads\/2022\/01\/House-by-the-river-Ill-in-Feldkirch-360x480.jpg 360w, https:\/\/www.travelgeekery.com\/wp-content\/uploads\/2022\/01\/House-by-the-river-Ill-in-Feldkirch-240x320.jpg 240w, https:\/\/www.travelgeekery.com\/wp-content\/uploads\/2022\/01\/House-by-the-river-Ill-in-Feldkirch-735x980.jpg 735w, https:\/\/www.travelgeekery.com\/wp-content\/uploads\/2022\/01\/House-by-the-river-Ill-in-Feldkirch-251x335.jpg 251w, https:\/\/www.travelgeekery.com\/wp-content\/uploads\/2022\/01\/House-by-the-river-Ill-in-Feldkirch-260x347.jpg 260w, https:\/\/www.travelgeekery.com\/wp-content\/uploads\/2022\/01\/House-by-the-river-Ill-in-Feldkirch-390x520.jpg 390w, https:\/\/www.travelgeekery.com\/wp-content\/uploads\/2022\/01\/House-by-the-river-Ill-in-Feldkirch-480x640.jpg 480w, https:\/\/www.travelgeekery.com\/wp-content\/uploads\/2022\/01\/House-by-the-river-Ill-in-Feldkirch-576x768.jpg 576w, https:\/\/www.travelgeekery.com\/wp-content\/uploads\/2022\/01\/House-by-the-river-Ill-in-Feldkirch-720x960.jpg 720w, https:\/\/www.travelgeekery.com\/wp-content\/uploads\/2022\/01\/House-by-the-river-Ill-in-Feldkirch-640x853.jpg 640w, https:\/\/www.travelgeekery.com\/wp-content\/uploads\/2022\/01\/House-by-the-river-Ill-in-Feldkirch-150x200.jpg 150w\" sizes=\"auto, (max-width: 760px) calc(100vw - 40px), 720px\" data-pin-media=\"https:\/\/www.travelgeekery.com\/wp-content\/uploads\/2022\/01\/House-by-the-river-Ill-in-Feldkirch.jpg\"><\/noscript><img loading=\"lazy\" decoding=\"async\" width=\"750\" height=\"1000\" src=\"https:\/\/www.travelgeekery.com\/wp-content\/uploads\/2022\/01\/House-by-the-river-Ill-in-Feldkirch.jpg.webp\" alt=\"A cute house in an Austrian town\" class=\"wp-image-13002 lazyload\" srcset=\"https:\/\/www.travelgeekery.com\/wp-content\/uploads\/2022\/01\/House-by-the-river-Ill-in-Feldkirch.jpg.webp 750w, https:\/\/www.travelgeekery.com\/wp-content\/uploads\/2022\/01\/House-by-the-river-Ill-in-Feldkirch-225x300.jpg.webp 225w, https:\/\/www.travelgeekery.com\/wp-content\/uploads\/2022\/01\/House-by-the-river-Ill-in-Feldkirch-540x720.jpg.webp 540w, https:\/\/www.travelgeekery.com\/wp-content\/uploads\/2022\/01\/House-by-the-river-Ill-in-Feldkirch-360x480.jpg.webp 360w, https:\/\/www.travelgeekery.com\/wp-content\/uploads\/2022\/01\/House-by-the-river-Ill-in-Feldkirch-240x320.jpg.webp 240w, https:\/\/www.travelgeekery.com\/wp-content\/uploads\/2022\/01\/House-by-the-river-Ill-in-Feldkirch-735x980.jpg.webp 735w, https:\/\/www.travelgeekery.com\/wp-content\/uploads\/2022\/01\/House-by-the-river-Ill-in-Feldkirch-251x335.jpg.webp 251w, https:\/\/www.travelgeekery.com\/wp-content\/uploads\/2022\/01\/House-by-the-river-Ill-in-Feldkirch-260x347.jpg.webp 260w, https:\/\/www.travelgeekery.com\/wp-content\/uploads\/2022\/01\/House-by-the-river-Ill-in-Feldkirch-390x520.jpg.webp 390w, https:\/\/www.travelgeekery.com\/wp-content\/uploads\/2022\/01\/House-by-the-river-Ill-in-Feldkirch-480x640.jpg.webp 480w, https:\/\/www.travelgeekery.com\/wp-content\/uploads\/2022\/01\/House-by-the-river-Ill-in-Feldkirch-576x768.jpg.webp 576w, https:\/\/www.travelgeekery.com\/wp-content\/uploads\/2022\/01\/House-by-the-river-Ill-in-Feldkirch-720x960.jpg.webp 720w, https:\/\/www.travelgeekery.com\/wp-content\/uploads\/2022\/01\/House-by-the-river-Ill-in-Feldkirch-640x853.jpg.webp 640w, https:\/\/www.travelgeekery.com\/wp-content\/uploads\/2022\/01\/House-by-the-river-Ill-in-Feldkirch-150x200.jpg.webp 150w\" sizes=\"auto, (max-width: 760px) calc(100vw - 40px), 720px\" data-pin-media=\"https:\/\/www.travelgeekery.com\/wp-content\/uploads\/2022\/01\/House-by-the-river-Ill-in-Feldkirch.jpg\" id=\"mv-trellis-img-18\" data-trellis-processed=\"1\"><\/a><figcaption class=\"wp-element-caption\">Nejroztomilej&scaron;&iacute; dome&#269;ek na b&#345;ehu &#345;eky Ill<\/figcaption><\/figure>\n<\/div>\n<\/div>\n\n\n\n<p>J&aacute; jsem bohu&#382;el zelen&eacute; okol&iacute; Feldkirchu nestihla prozkoumat a budu si to muset nechat na p&#345;&iacute;&scaron;t&#283;. <\/p>\n\n\n\n<h3 class=\"wp-block-heading\"><span class=\"ez-toc-section\" id=\"Hotely_ve_Feldkirchu\"><\/span>Hotely ve Feldkirchu<span class=\"ez-toc-section-end\"><\/span><\/h3>\n\n\n\n<p>Pokud byste cht&#283;li str&aacute;vit noc (nebo &#269;ty&#345;i) ve Feldkirchu, n&iacute;&#382;e uveden&eacute; hotely kombinuj&iacute; skv&#283;lou polohu a vysok&eacute; hodnocen&iacute;. Kliknut&iacute;m na ka&#382;d&yacute; z nich zjist&iacute;te cenu na Booking.com:<\/p>\n\n\n\n<ul class=\"wp-block-list\">\n<li><a href=\"https:\/\/www.booking.com\/hotel\/at\/alpenrose-gmbh.xu.html?aid=1208200&amp;no_rooms=1&amp;group_adults=2&amp;label=Feldkirch_Mellau\" target=\"_blank\" rel=\"noreferrer noopener sponsored nofollow\">Gutwinski Hotel<\/a><\/li>\n\n\n\n<li><a href=\"https:\/\/www.booking.com\/hotel\/at\/central-leonhard.xu.html?aid=1208200&amp;no_rooms=1&amp;group_adults=2&amp;label=Feldkirch_Mellau\" target=\"_blank\" rel=\"noreferrer noopener sponsored nofollow\">Best Western Premier Central Hotel Leonhard<\/a><\/li>\n\n\n\n<li><a href=\"https:\/\/www.booking.com\/hotel\/at\/central-lowen.xu.html?aid=1208200&amp;no_rooms=1&amp;group_adults=2&amp;label=Feldkirch_Mellau\" target=\"_blank\" rel=\"noreferrer noopener sponsored nofollow\">Central Hotel L&ouml;wen<\/a><\/li>\n<\/ul>\n\n\n\n<h3 class=\"wp-block-heading\"><span class=\"ez-toc-section\" id=\"Jak_se_dostat_do_Feldkirchu\"><\/span>Jak se dostat do Feldkirchu<span class=\"ez-toc-section-end\"><\/span><\/h3>\n\n\n\n<p>Feldkirch le&#382;&iacute; na &#382;eleznici a m&aacute; dobr&eacute; spojen&iacute; s V&iacute;dn&iacute; a Curychem.<\/p>\n\n\n\n<p><a href=\"https:\/\/www.vorarlberg.travel\/en\/feldkirch-city-trip\/\" target=\"_blank\" rel=\"noreferrer noopener\"><\/a><a href=\"https:\/\/www.vorarlberg.travel\/en\/feldkirch-city-trip\/\">V&iacute;ce o Feldkirchu na str&aacute;nk&aacute;ch Visit Vorarlberg (anglicky).<\/a><\/p>\n\n\n\n<h2 class=\"wp-block-heading\"><span class=\"ez-toc-section\" id=\"Mellau_Vorarlbersko\"><\/span><strong>Mellau, Vorarlber<\/strong>sko<span class=\"ez-toc-section-end\"><\/span><\/h2>\n\n\n\n<p>P&#345;esunem do Mellau mus&iacute;me logicky zpomalit. &#381;ivot v t&eacute;to alpsk&eacute; vesni&#269;ce plyne klidn&#283;j&scaron;&iacute;m tempem a p&#345;esn&#283; tak to m&aacute; b&yacute;t. I vy byste se p&#345;i n&aacute;v&scaron;t&#283;v&#283; m&#283;li stejn&#283; naladit a nav&scaron;t&iacute;vit Mellau vylo&#382;en&#283; za &uacute;&#269;elem odpo&#269;inku &ndash; i aktivn&iacute;ho v hor&aacute;ch.<\/p>\n\n\n\n<p>Mal&eacute; mil&eacute; Mellau m&aacute; jen 1300 obyvatel. V jeho srdci stoj&iacute; kostel s dlouhou &scaron;pi&#269;atou v&#283;&#382;i&#269;kou, tak, jak je pro tento kout sv&#283;ta typick&eacute;.<\/p>\n\n\n\n<div class=\"wp-block-columns is-layout-flex wp-container-core-columns-is-layout-9d6595d7 wp-block-columns-is-layout-flex\">\n<div class=\"wp-block-column is-layout-flow wp-block-column-is-layout-flow\">\n<figure class=\"wp-block-image size-full\"><a href=\"https:\/\/www.travelgeekery.com\/wp-content\/uploads\/2022\/01\/Mellau-Church.jpg\"><noscript><img loading=\"lazy\" decoding=\"async\" width=\"750\" height=\"1000\" src=\"https:\/\/www.travelgeekery.com\/wp-content\/uploads\/2022\/01\/Mellau-Church.jpg\" alt=\"A pointy church in an Austrian village called Mellau\" class=\"wp-image-12966\" srcset=\"https:\/\/www.travelgeekery.com\/wp-content\/uploads\/2022\/01\/Mellau-Church.jpg 750w, https:\/\/www.travelgeekery.com\/wp-content\/uploads\/2022\/01\/Mellau-Church-225x300.jpg 225w, https:\/\/www.travelgeekery.com\/wp-content\/uploads\/2022\/01\/Mellau-Church-540x720.jpg 540w, https:\/\/www.travelgeekery.com\/wp-content\/uploads\/2022\/01\/Mellau-Church-360x480.jpg 360w, https:\/\/www.travelgeekery.com\/wp-content\/uploads\/2022\/01\/Mellau-Church-240x320.jpg 240w, https:\/\/www.travelgeekery.com\/wp-content\/uploads\/2022\/01\/Mellau-Church-735x980.jpg 735w, https:\/\/www.travelgeekery.com\/wp-content\/uploads\/2022\/01\/Mellau-Church-251x335.jpg 251w, https:\/\/www.travelgeekery.com\/wp-content\/uploads\/2022\/01\/Mellau-Church-260x347.jpg 260w, https:\/\/www.travelgeekery.com\/wp-content\/uploads\/2022\/01\/Mellau-Church-390x520.jpg 390w, https:\/\/www.travelgeekery.com\/wp-content\/uploads\/2022\/01\/Mellau-Church-480x640.jpg 480w, https:\/\/www.travelgeekery.com\/wp-content\/uploads\/2022\/01\/Mellau-Church-576x768.jpg 576w, https:\/\/www.travelgeekery.com\/wp-content\/uploads\/2022\/01\/Mellau-Church-720x960.jpg 720w, https:\/\/www.travelgeekery.com\/wp-content\/uploads\/2022\/01\/Mellau-Church-640x853.jpg 640w, https:\/\/www.travelgeekery.com\/wp-content\/uploads\/2022\/01\/Mellau-Church-150x200.jpg 150w\" sizes=\"auto, (max-width: 760px) calc(100vw - 40px), 720px\" data-pin-media=\"https:\/\/www.travelgeekery.com\/wp-content\/uploads\/2022\/01\/Mellau-Church.jpg\"><\/noscript><img loading=\"lazy\" decoding=\"async\" width=\"750\" height=\"1000\" src=\"https:\/\/www.travelgeekery.com\/wp-content\/uploads\/2022\/01\/Mellau-Church.jpg.webp\" alt=\"A pointy church in an Austrian village called Mellau\" class=\"wp-image-12966 lazyload\" srcset=\"https:\/\/www.travelgeekery.com\/wp-content\/uploads\/2022\/01\/Mellau-Church.jpg.webp 750w, https:\/\/www.travelgeekery.com\/wp-content\/uploads\/2022\/01\/Mellau-Church-225x300.jpg.webp 225w, https:\/\/www.travelgeekery.com\/wp-content\/uploads\/2022\/01\/Mellau-Church-540x720.jpg.webp 540w, https:\/\/www.travelgeekery.com\/wp-content\/uploads\/2022\/01\/Mellau-Church-360x480.jpg.webp 360w, https:\/\/www.travelgeekery.com\/wp-content\/uploads\/2022\/01\/Mellau-Church-240x320.jpg.webp 240w, https:\/\/www.travelgeekery.com\/wp-content\/uploads\/2022\/01\/Mellau-Church-735x980.jpg.webp 735w, https:\/\/www.travelgeekery.com\/wp-content\/uploads\/2022\/01\/Mellau-Church-251x335.jpg.webp 251w, https:\/\/www.travelgeekery.com\/wp-content\/uploads\/2022\/01\/Mellau-Church-260x347.jpg.webp 260w, https:\/\/www.travelgeekery.com\/wp-content\/uploads\/2022\/01\/Mellau-Church-390x520.jpg.webp 390w, https:\/\/www.travelgeekery.com\/wp-content\/uploads\/2022\/01\/Mellau-Church-480x640.jpg.webp 480w, https:\/\/www.travelgeekery.com\/wp-content\/uploads\/2022\/01\/Mellau-Church-576x768.jpg.webp 576w, https:\/\/www.travelgeekery.com\/wp-content\/uploads\/2022\/01\/Mellau-Church-720x960.jpg.webp 720w, https:\/\/www.travelgeekery.com\/wp-content\/uploads\/2022\/01\/Mellau-Church-640x853.jpg.webp 640w, https:\/\/www.travelgeekery.com\/wp-content\/uploads\/2022\/01\/Mellau-Church-150x200.jpg.webp 150w\" sizes=\"auto, (max-width: 760px) calc(100vw - 40px), 720px\" data-pin-media=\"https:\/\/www.travelgeekery.com\/wp-content\/uploads\/2022\/01\/Mellau-Church.jpg\" id=\"mv-trellis-img-19\" data-trellis-processed=\"1\"><\/a><figcaption class=\"wp-element-caption\">&Scaron;pi&#269;at&yacute; kostel v srdci Mellau<\/figcaption><\/figure>\n<\/div>\n\n\n\n<div class=\"wp-block-column is-layout-flow wp-block-column-is-layout-flow\">\n<figure class=\"wp-block-image size-full\"><a href=\"https:\/\/www.travelgeekery.com\/wp-content\/uploads\/2022\/01\/In-Mellau-Vorarlberg-Austria.jpg\"><noscript><img loading=\"lazy\" decoding=\"async\" width=\"750\" height=\"1000\" src=\"https:\/\/www.travelgeekery.com\/wp-content\/uploads\/2022\/01\/In-Mellau-Vorarlberg-Austria.jpg\" alt=\"Riding a cable car in Austrian Alps\" class=\"wp-image-12962\" srcset=\"https:\/\/www.travelgeekery.com\/wp-content\/uploads\/2022\/01\/In-Mellau-Vorarlberg-Austria.jpg 750w, https:\/\/www.travelgeekery.com\/wp-content\/uploads\/2022\/01\/In-Mellau-Vorarlberg-Austria-225x300.jpg 225w, https:\/\/www.travelgeekery.com\/wp-content\/uploads\/2022\/01\/In-Mellau-Vorarlberg-Austria-540x720.jpg 540w, https:\/\/www.travelgeekery.com\/wp-content\/uploads\/2022\/01\/In-Mellau-Vorarlberg-Austria-360x480.jpg 360w, https:\/\/www.travelgeekery.com\/wp-content\/uploads\/2022\/01\/In-Mellau-Vorarlberg-Austria-240x320.jpg 240w, https:\/\/www.travelgeekery.com\/wp-content\/uploads\/2022\/01\/In-Mellau-Vorarlberg-Austria-735x980.jpg 735w, https:\/\/www.travelgeekery.com\/wp-content\/uploads\/2022\/01\/In-Mellau-Vorarlberg-Austria-251x335.jpg 251w, https:\/\/www.travelgeekery.com\/wp-content\/uploads\/2022\/01\/In-Mellau-Vorarlberg-Austria-260x347.jpg 260w, https:\/\/www.travelgeekery.com\/wp-content\/uploads\/2022\/01\/In-Mellau-Vorarlberg-Austria-390x520.jpg 390w, https:\/\/www.travelgeekery.com\/wp-content\/uploads\/2022\/01\/In-Mellau-Vorarlberg-Austria-480x640.jpg 480w, https:\/\/www.travelgeekery.com\/wp-content\/uploads\/2022\/01\/In-Mellau-Vorarlberg-Austria-576x768.jpg 576w, https:\/\/www.travelgeekery.com\/wp-content\/uploads\/2022\/01\/In-Mellau-Vorarlberg-Austria-720x960.jpg 720w, https:\/\/www.travelgeekery.com\/wp-content\/uploads\/2022\/01\/In-Mellau-Vorarlberg-Austria-640x853.jpg 640w, https:\/\/www.travelgeekery.com\/wp-content\/uploads\/2022\/01\/In-Mellau-Vorarlberg-Austria-150x200.jpg 150w\" sizes=\"auto, (max-width: 760px) calc(100vw - 40px), 720px\" data-pin-media=\"https:\/\/www.travelgeekery.com\/wp-content\/uploads\/2022\/01\/In-Mellau-Vorarlberg-Austria.jpg\"><\/noscript><img loading=\"lazy\" decoding=\"async\" width=\"750\" height=\"1000\" src=\"https:\/\/www.travelgeekery.com\/wp-content\/uploads\/2022\/01\/In-Mellau-Vorarlberg-Austria.jpg.webp\" alt=\"Riding a cable car in Austrian Alps\" class=\"wp-image-12962 lazyload\" srcset=\"https:\/\/www.travelgeekery.com\/wp-content\/uploads\/2022\/01\/In-Mellau-Vorarlberg-Austria.jpg.webp 750w, https:\/\/www.travelgeekery.com\/wp-content\/uploads\/2022\/01\/In-Mellau-Vorarlberg-Austria-225x300.jpg.webp 225w, https:\/\/www.travelgeekery.com\/wp-content\/uploads\/2022\/01\/In-Mellau-Vorarlberg-Austria-540x720.jpg.webp 540w, https:\/\/www.travelgeekery.com\/wp-content\/uploads\/2022\/01\/In-Mellau-Vorarlberg-Austria-360x480.jpg.webp 360w, https:\/\/www.travelgeekery.com\/wp-content\/uploads\/2022\/01\/In-Mellau-Vorarlberg-Austria-240x320.jpg.webp 240w, https:\/\/www.travelgeekery.com\/wp-content\/uploads\/2022\/01\/In-Mellau-Vorarlberg-Austria-735x980.jpg.webp 735w, https:\/\/www.travelgeekery.com\/wp-content\/uploads\/2022\/01\/In-Mellau-Vorarlberg-Austria-251x335.jpg.webp 251w, https:\/\/www.travelgeekery.com\/wp-content\/uploads\/2022\/01\/In-Mellau-Vorarlberg-Austria-260x347.jpg.webp 260w, https:\/\/www.travelgeekery.com\/wp-content\/uploads\/2022\/01\/In-Mellau-Vorarlberg-Austria-390x520.jpg.webp 390w, https:\/\/www.travelgeekery.com\/wp-content\/uploads\/2022\/01\/In-Mellau-Vorarlberg-Austria-480x640.jpg.webp 480w, https:\/\/www.travelgeekery.com\/wp-content\/uploads\/2022\/01\/In-Mellau-Vorarlberg-Austria-576x768.jpg.webp 576w, https:\/\/www.travelgeekery.com\/wp-content\/uploads\/2022\/01\/In-Mellau-Vorarlberg-Austria-720x960.jpg.webp 720w, https:\/\/www.travelgeekery.com\/wp-content\/uploads\/2022\/01\/In-Mellau-Vorarlberg-Austria-640x853.jpg.webp 640w, https:\/\/www.travelgeekery.com\/wp-content\/uploads\/2022\/01\/In-Mellau-Vorarlberg-Austria-150x200.jpg.webp 150w\" sizes=\"auto, (max-width: 760px) calc(100vw - 40px), 720px\" data-pin-media=\"https:\/\/www.travelgeekery.com\/wp-content\/uploads\/2022\/01\/In-Mellau-Vorarlberg-Austria.jpg\" id=\"mv-trellis-img-20\" data-trellis-processed=\"1\"><\/a><figcaption class=\"wp-element-caption\">Vyj&iacute;&#382;&#271;ka lanovkou nad Mellau<\/figcaption><\/figure>\n<\/div>\n<\/div>\n\n\n\n<p>V Mellau maj&iacute; font&aacute;ny pro obdiv lid&iacute; a pro pitn&yacute; re&#382;im krav. A naopak. <\/p>\n\n\n\n<p>Co je tedy na Mellau tak zvl&aacute;&scaron;tn&iacute;ho?<\/p>\n\n\n\n<h3 class=\"wp-block-heading\"><span class=\"ez-toc-section\" id=\"Uzasna_zelen_Mellau_and_prirodni_rezervace_Mellental\"><\/span>&Uacute;&#382;asn&aacute; zele&#328; Mellau and p&#345;&iacute;rodn&iacute; rezervace Mellental&nbsp;<span class=\"ez-toc-section-end\"><\/span><\/h3>\n\n\n\n<p>Hora Kanisfluh je se sv&yacute;mi 2044 metry nejvy&scaron;&scaron;&iacute;m z vrchol&#367; obklopuj&iacute;c&iacute;ch Mellau. A&#357; se ocitnete kdekoli ve vesnici, v&#382;dy se bude ty&#269;it nad v&aacute;mi a p&#345;ihl&iacute;&#382;et.<\/p>\n\n\n\n<p>Z &uacute;dol&iacute; lze vystoupat pomoc&iacute; lanovky &ndash; Mellaubahn. V sez&oacute;n&#283; (&#269;erven &ndash; &#345;&iacute;jen) je v provozu ka&#382;d&yacute; den a na horn&iacute; stanici jsou dokonce dv&#283; restaurace.<\/p>\n\n\n\n<p>Od horn&iacute; stanice Mellaubahn zvan&eacute; Ro&szlig;stelle vedou na v&scaron;echny strany turistick&eacute; stezky. Jedna ze zna&#269;en&yacute;ch cest v&aacute;s dovede a&#382; na vrchol hory Kanisfluh &ndash; cel&aacute; t&uacute;ra by m&#283;la trvat 3,5 &ndash; 4 hodiny.<\/p>\n\n\n\n<p>Pokud d&aacute;v&aacute;te p&#345;ednost kol&#367;m p&#345;ed p&#283;&scaron;&iacute; turistikou, m&#367;&#382;ete si u&#382;&iacute;t s&iacute;&#357; dob&#345;e udr&#382;ovan&yacute;ch tras pro horsk&aacute; kola.<\/p>\n\n\n\n<div class=\"wp-block-columns is-layout-flex wp-container-core-columns-is-layout-9d6595d7 wp-block-columns-is-layout-flex\">\n<div class=\"wp-block-column is-layout-flow wp-block-column-is-layout-flow\">\n<figure class=\"wp-block-image size-full\"><a href=\"https:\/\/www.travelgeekery.com\/wp-content\/uploads\/2022\/01\/View-of-Mellau.jpg\"><noscript><img loading=\"lazy\" decoding=\"async\" width=\"750\" height=\"1000\" src=\"https:\/\/www.travelgeekery.com\/wp-content\/uploads\/2022\/01\/View-of-Mellau.jpg\" alt=\"Veronika from Travel Geekery sitting on a bench in the Alps\" class=\"wp-image-12982\" srcset=\"https:\/\/www.travelgeekery.com\/wp-content\/uploads\/2022\/01\/View-of-Mellau.jpg 750w, https:\/\/www.travelgeekery.com\/wp-content\/uploads\/2022\/01\/View-of-Mellau-225x300.jpg 225w, https:\/\/www.travelgeekery.com\/wp-content\/uploads\/2022\/01\/View-of-Mellau-540x720.jpg 540w, https:\/\/www.travelgeekery.com\/wp-content\/uploads\/2022\/01\/View-of-Mellau-360x480.jpg 360w, https:\/\/www.travelgeekery.com\/wp-content\/uploads\/2022\/01\/View-of-Mellau-240x320.jpg 240w, https:\/\/www.travelgeekery.com\/wp-content\/uploads\/2022\/01\/View-of-Mellau-735x980.jpg 735w, https:\/\/www.travelgeekery.com\/wp-content\/uploads\/2022\/01\/View-of-Mellau-251x335.jpg 251w, https:\/\/www.travelgeekery.com\/wp-content\/uploads\/2022\/01\/View-of-Mellau-260x347.jpg 260w, https:\/\/www.travelgeekery.com\/wp-content\/uploads\/2022\/01\/View-of-Mellau-390x520.jpg 390w, https:\/\/www.travelgeekery.com\/wp-content\/uploads\/2022\/01\/View-of-Mellau-480x640.jpg 480w, https:\/\/www.travelgeekery.com\/wp-content\/uploads\/2022\/01\/View-of-Mellau-576x768.jpg 576w, https:\/\/www.travelgeekery.com\/wp-content\/uploads\/2022\/01\/View-of-Mellau-720x960.jpg 720w, https:\/\/www.travelgeekery.com\/wp-content\/uploads\/2022\/01\/View-of-Mellau-640x853.jpg 640w, https:\/\/www.travelgeekery.com\/wp-content\/uploads\/2022\/01\/View-of-Mellau-150x200.jpg 150w\" sizes=\"auto, (max-width: 760px) calc(100vw - 40px), 720px\" data-pin-media=\"https:\/\/www.travelgeekery.com\/wp-content\/uploads\/2022\/01\/View-of-Mellau.jpg\"><\/noscript><img loading=\"lazy\" decoding=\"async\" width=\"750\" height=\"1000\" src=\"https:\/\/www.travelgeekery.com\/wp-content\/uploads\/2022\/01\/View-of-Mellau.jpg.webp\" alt=\"Veronika from Travel Geekery sitting on a bench in the Alps\" class=\"wp-image-12982 lazyload\" srcset=\"https:\/\/www.travelgeekery.com\/wp-content\/uploads\/2022\/01\/View-of-Mellau.jpg.webp 750w, https:\/\/www.travelgeekery.com\/wp-content\/uploads\/2022\/01\/View-of-Mellau-225x300.jpg.webp 225w, https:\/\/www.travelgeekery.com\/wp-content\/uploads\/2022\/01\/View-of-Mellau-540x720.jpg.webp 540w, https:\/\/www.travelgeekery.com\/wp-content\/uploads\/2022\/01\/View-of-Mellau-360x480.jpg.webp 360w, https:\/\/www.travelgeekery.com\/wp-content\/uploads\/2022\/01\/View-of-Mellau-240x320.jpg.webp 240w, https:\/\/www.travelgeekery.com\/wp-content\/uploads\/2022\/01\/View-of-Mellau-735x980.jpg.webp 735w, https:\/\/www.travelgeekery.com\/wp-content\/uploads\/2022\/01\/View-of-Mellau-251x335.jpg.webp 251w, https:\/\/www.travelgeekery.com\/wp-content\/uploads\/2022\/01\/View-of-Mellau-260x347.jpg.webp 260w, https:\/\/www.travelgeekery.com\/wp-content\/uploads\/2022\/01\/View-of-Mellau-390x520.jpg.webp 390w, https:\/\/www.travelgeekery.com\/wp-content\/uploads\/2022\/01\/View-of-Mellau-480x640.jpg.webp 480w, https:\/\/www.travelgeekery.com\/wp-content\/uploads\/2022\/01\/View-of-Mellau-576x768.jpg.webp 576w, https:\/\/www.travelgeekery.com\/wp-content\/uploads\/2022\/01\/View-of-Mellau-720x960.jpg.webp 720w, https:\/\/www.travelgeekery.com\/wp-content\/uploads\/2022\/01\/View-of-Mellau-640x853.jpg.webp 640w, https:\/\/www.travelgeekery.com\/wp-content\/uploads\/2022\/01\/View-of-Mellau-150x200.jpg.webp 150w\" sizes=\"auto, (max-width: 760px) calc(100vw - 40px), 720px\" data-pin-media=\"https:\/\/www.travelgeekery.com\/wp-content\/uploads\/2022\/01\/View-of-Mellau.jpg\" id=\"mv-trellis-img-21\" data-trellis-processed=\"1\"><\/a><figcaption class=\"wp-element-caption\">Z n&aacute;dhern&yacute;ch v&yacute;hled&#367; na Mellau si sednete na zadek, doslova <\/figcaption><\/figure>\n<\/div>\n\n\n\n<div class=\"wp-block-column is-layout-flow wp-block-column-is-layout-flow\">\n<figure class=\"wp-block-image size-full\"><a href=\"https:\/\/www.travelgeekery.com\/wp-content\/uploads\/2022\/01\/Mellau-from-above.jpg\"><noscript><img loading=\"lazy\" decoding=\"async\" width=\"750\" height=\"1000\" src=\"https:\/\/www.travelgeekery.com\/wp-content\/uploads\/2022\/01\/Mellau-from-above.jpg\" alt=\"A birds-eye view of an Alpine village Mellau (Austria)\" class=\"wp-image-12986\" srcset=\"https:\/\/www.travelgeekery.com\/wp-content\/uploads\/2022\/01\/Mellau-from-above.jpg 750w, https:\/\/www.travelgeekery.com\/wp-content\/uploads\/2022\/01\/Mellau-from-above-225x300.jpg 225w, https:\/\/www.travelgeekery.com\/wp-content\/uploads\/2022\/01\/Mellau-from-above-540x720.jpg 540w, https:\/\/www.travelgeekery.com\/wp-content\/uploads\/2022\/01\/Mellau-from-above-360x480.jpg 360w, https:\/\/www.travelgeekery.com\/wp-content\/uploads\/2022\/01\/Mellau-from-above-240x320.jpg 240w, https:\/\/www.travelgeekery.com\/wp-content\/uploads\/2022\/01\/Mellau-from-above-735x980.jpg 735w, https:\/\/www.travelgeekery.com\/wp-content\/uploads\/2022\/01\/Mellau-from-above-251x335.jpg 251w, https:\/\/www.travelgeekery.com\/wp-content\/uploads\/2022\/01\/Mellau-from-above-260x347.jpg 260w, https:\/\/www.travelgeekery.com\/wp-content\/uploads\/2022\/01\/Mellau-from-above-390x520.jpg 390w, https:\/\/www.travelgeekery.com\/wp-content\/uploads\/2022\/01\/Mellau-from-above-480x640.jpg 480w, https:\/\/www.travelgeekery.com\/wp-content\/uploads\/2022\/01\/Mellau-from-above-576x768.jpg 576w, https:\/\/www.travelgeekery.com\/wp-content\/uploads\/2022\/01\/Mellau-from-above-720x960.jpg 720w, https:\/\/www.travelgeekery.com\/wp-content\/uploads\/2022\/01\/Mellau-from-above-640x853.jpg 640w, https:\/\/www.travelgeekery.com\/wp-content\/uploads\/2022\/01\/Mellau-from-above-150x200.jpg 150w\" sizes=\"auto, (max-width: 760px) calc(100vw - 40px), 720px\" data-pin-media=\"https:\/\/www.travelgeekery.com\/wp-content\/uploads\/2022\/01\/Mellau-from-above.jpg\"><\/noscript><img loading=\"lazy\" decoding=\"async\" width=\"750\" height=\"1000\" src=\"https:\/\/www.travelgeekery.com\/wp-content\/uploads\/2022\/01\/Mellau-from-above.jpg.webp\" alt=\"A birds-eye view of an Alpine village Mellau (Austria)\" class=\"wp-image-12986 lazyload\" srcset=\"https:\/\/www.travelgeekery.com\/wp-content\/uploads\/2022\/01\/Mellau-from-above.jpg.webp 750w, https:\/\/www.travelgeekery.com\/wp-content\/uploads\/2022\/01\/Mellau-from-above-225x300.jpg.webp 225w, https:\/\/www.travelgeekery.com\/wp-content\/uploads\/2022\/01\/Mellau-from-above-540x720.jpg.webp 540w, https:\/\/www.travelgeekery.com\/wp-content\/uploads\/2022\/01\/Mellau-from-above-360x480.jpg.webp 360w, https:\/\/www.travelgeekery.com\/wp-content\/uploads\/2022\/01\/Mellau-from-above-240x320.jpg.webp 240w, https:\/\/www.travelgeekery.com\/wp-content\/uploads\/2022\/01\/Mellau-from-above-735x980.jpg.webp 735w, https:\/\/www.travelgeekery.com\/wp-content\/uploads\/2022\/01\/Mellau-from-above-251x335.jpg.webp 251w, https:\/\/www.travelgeekery.com\/wp-content\/uploads\/2022\/01\/Mellau-from-above-260x347.jpg.webp 260w, https:\/\/www.travelgeekery.com\/wp-content\/uploads\/2022\/01\/Mellau-from-above-390x520.jpg.webp 390w, https:\/\/www.travelgeekery.com\/wp-content\/uploads\/2022\/01\/Mellau-from-above-480x640.jpg.webp 480w, https:\/\/www.travelgeekery.com\/wp-content\/uploads\/2022\/01\/Mellau-from-above-576x768.jpg.webp 576w, https:\/\/www.travelgeekery.com\/wp-content\/uploads\/2022\/01\/Mellau-from-above-720x960.jpg.webp 720w, https:\/\/www.travelgeekery.com\/wp-content\/uploads\/2022\/01\/Mellau-from-above-640x853.jpg.webp 640w, https:\/\/www.travelgeekery.com\/wp-content\/uploads\/2022\/01\/Mellau-from-above-150x200.jpg.webp 150w\" sizes=\"auto, (max-width: 760px) calc(100vw - 40px), 720px\" data-pin-media=\"https:\/\/www.travelgeekery.com\/wp-content\/uploads\/2022\/01\/Mellau-from-above.jpg\" id=\"mv-trellis-img-22\" data-trellis-processed=\"1\"><\/a><figcaption class=\"wp-element-caption\">Mellau z pta&#269;&iacute; perspektivy<\/figcaption><\/figure>\n<\/div>\n<\/div>\n\n\n\n<p>Ale i oby&#269;ejn&aacute; j&iacute;zda nahoru lanovkou ji&#382; nab&iacute;dne n&aacute;dhern&eacute; v&yacute;hledy. Z&#367;sta&#328;te na vrcholu tak dlouho, jak jen to p&#367;jde, a kochejte se v&yacute;hledem na Mellau a klidn&eacute; alpsk&eacute; louky.<\/p>\n\n\n\n<p>Jeden tip &ndash; pokud kv&#367;li mrak&#367;m nevid&iacute;te z &uacute;dol&iacute; na vrchol lanovky, neobt&#283;&#382;ujte se jet nahoru, nic neuvid&iacute;te! Sama jsem se pou&#269;ila a musela to znovu zkusit jin&yacute; den. <\/p>\n\n\n\n<p>Pokud se ubytujete v hotelu v oblasti Bregenzerwald alespo&#328; na t&#345;i noci, je v cen&#283; pobytu zahrnuta karta hosta &ndash; vztahuje se na ve&#345;ejnou dopravu a dokonce i na j&iacute;zdy lanovkami.<\/p>\n\n\n\n<p>V ni&#382;&scaron;&iacute;ch poloh&aacute;ch m&#367;&#382;ete narazit na kr&aacute;vy a ve vy&scaron;&scaron;&iacute;ch na kamz&iacute;ky. Jedn&aacute; se o speci&aacute;ln&iacute; druh naz&yacute;van&yacute; kozoro&#382;ec alpsk&yacute;.<\/p>\n\n\n\n<p>Dal&scaron;&iacute; sm&#283;r k prozkoum&aacute;n&iacute; je na druh&eacute; stran&#283; hlavn&iacute; silnice Bregenzerwaldstrasse. Projd&#283;te se pod&eacute;l &#345;eky Bregenzerach, projd&#283;te kolem tov&aacute;rny na koberce Teppich Lotteraner W&uuml;stner a brzy uvid&iacute;te vodop&aacute;d! Nepoda&#345;ilo se mi dostat se dostate&#269;n&#283; bl&iacute;zko, ale i z d&aacute;lky vypad&aacute; majest&aacute;tn&#283;. Proch&aacute;zka trv&aacute; asi 45 minut.<\/p>\n\n\n\n<div class=\"wp-block-columns is-layout-flex wp-container-core-columns-is-layout-9d6595d7 wp-block-columns-is-layout-flex\">\n<div class=\"wp-block-column is-layout-flow wp-block-column-is-layout-flow\">\n<figure class=\"wp-block-image size-full\"><a href=\"https:\/\/www.travelgeekery.com\/wp-content\/uploads\/2022\/01\/Waterfall-Mellau.jpg\"><noscript><img loading=\"lazy\" decoding=\"async\" width=\"750\" height=\"1000\" src=\"https:\/\/www.travelgeekery.com\/wp-content\/uploads\/2022\/01\/Waterfall-Mellau.jpg\" alt=\"A view of an Alpine landscape with a waterfall\" class=\"wp-image-12988\" srcset=\"https:\/\/www.travelgeekery.com\/wp-content\/uploads\/2022\/01\/Waterfall-Mellau.jpg 750w, https:\/\/www.travelgeekery.com\/wp-content\/uploads\/2022\/01\/Waterfall-Mellau-225x300.jpg 225w, https:\/\/www.travelgeekery.com\/wp-content\/uploads\/2022\/01\/Waterfall-Mellau-540x720.jpg 540w, https:\/\/www.travelgeekery.com\/wp-content\/uploads\/2022\/01\/Waterfall-Mellau-360x480.jpg 360w, https:\/\/www.travelgeekery.com\/wp-content\/uploads\/2022\/01\/Waterfall-Mellau-240x320.jpg 240w, https:\/\/www.travelgeekery.com\/wp-content\/uploads\/2022\/01\/Waterfall-Mellau-735x980.jpg 735w, https:\/\/www.travelgeekery.com\/wp-content\/uploads\/2022\/01\/Waterfall-Mellau-251x335.jpg 251w, https:\/\/www.travelgeekery.com\/wp-content\/uploads\/2022\/01\/Waterfall-Mellau-260x347.jpg 260w, https:\/\/www.travelgeekery.com\/wp-content\/uploads\/2022\/01\/Waterfall-Mellau-390x520.jpg 390w, https:\/\/www.travelgeekery.com\/wp-content\/uploads\/2022\/01\/Waterfall-Mellau-480x640.jpg 480w, https:\/\/www.travelgeekery.com\/wp-content\/uploads\/2022\/01\/Waterfall-Mellau-576x768.jpg 576w, https:\/\/www.travelgeekery.com\/wp-content\/uploads\/2022\/01\/Waterfall-Mellau-720x960.jpg 720w, https:\/\/www.travelgeekery.com\/wp-content\/uploads\/2022\/01\/Waterfall-Mellau-640x853.jpg 640w, https:\/\/www.travelgeekery.com\/wp-content\/uploads\/2022\/01\/Waterfall-Mellau-150x200.jpg 150w\" sizes=\"auto, (max-width: 760px) calc(100vw - 40px), 720px\" data-pin-media=\"https:\/\/www.travelgeekery.com\/wp-content\/uploads\/2022\/01\/Waterfall-Mellau.jpg\"><\/noscript><img loading=\"lazy\" decoding=\"async\" width=\"750\" height=\"1000\" src=\"https:\/\/www.travelgeekery.com\/wp-content\/uploads\/2022\/01\/Waterfall-Mellau.jpg.webp\" alt=\"A view of an Alpine landscape with a waterfall\" class=\"wp-image-12988 lazyload\" srcset=\"https:\/\/www.travelgeekery.com\/wp-content\/uploads\/2022\/01\/Waterfall-Mellau.jpg.webp 750w, https:\/\/www.travelgeekery.com\/wp-content\/uploads\/2022\/01\/Waterfall-Mellau-225x300.jpg.webp 225w, https:\/\/www.travelgeekery.com\/wp-content\/uploads\/2022\/01\/Waterfall-Mellau-540x720.jpg.webp 540w, https:\/\/www.travelgeekery.com\/wp-content\/uploads\/2022\/01\/Waterfall-Mellau-360x480.jpg.webp 360w, https:\/\/www.travelgeekery.com\/wp-content\/uploads\/2022\/01\/Waterfall-Mellau-240x320.jpg.webp 240w, https:\/\/www.travelgeekery.com\/wp-content\/uploads\/2022\/01\/Waterfall-Mellau-735x980.jpg.webp 735w, https:\/\/www.travelgeekery.com\/wp-content\/uploads\/2022\/01\/Waterfall-Mellau-251x335.jpg.webp 251w, https:\/\/www.travelgeekery.com\/wp-content\/uploads\/2022\/01\/Waterfall-Mellau-260x347.jpg.webp 260w, https:\/\/www.travelgeekery.com\/wp-content\/uploads\/2022\/01\/Waterfall-Mellau-390x520.jpg.webp 390w, https:\/\/www.travelgeekery.com\/wp-content\/uploads\/2022\/01\/Waterfall-Mellau-480x640.jpg.webp 480w, https:\/\/www.travelgeekery.com\/wp-content\/uploads\/2022\/01\/Waterfall-Mellau-576x768.jpg.webp 576w, https:\/\/www.travelgeekery.com\/wp-content\/uploads\/2022\/01\/Waterfall-Mellau-720x960.jpg.webp 720w, https:\/\/www.travelgeekery.com\/wp-content\/uploads\/2022\/01\/Waterfall-Mellau-640x853.jpg.webp 640w, https:\/\/www.travelgeekery.com\/wp-content\/uploads\/2022\/01\/Waterfall-Mellau-150x200.jpg.webp 150w\" sizes=\"auto, (max-width: 760px) calc(100vw - 40px), 720px\" data-pin-media=\"https:\/\/www.travelgeekery.com\/wp-content\/uploads\/2022\/01\/Waterfall-Mellau.jpg\" id=\"mv-trellis-img-23\" data-trellis-processed=\"1\"><\/a><figcaption class=\"wp-element-caption\">P&#345;imhou&#345;&iacute;te-li o&#269;i, uprost&#345;ed fotky uvid&iacute;te kousek vodop&aacute;du <\/figcaption><\/figure>\n<\/div>\n\n\n\n<div class=\"wp-block-column is-layout-flow wp-block-column-is-layout-flow\">\n<figure class=\"wp-block-image size-full\"><a href=\"https:\/\/www.travelgeekery.com\/wp-content\/uploads\/2022\/01\/Waterfall-walk-Mellau.jpg\"><noscript><img loading=\"lazy\" decoding=\"async\" width=\"750\" height=\"1000\" src=\"https:\/\/www.travelgeekery.com\/wp-content\/uploads\/2022\/01\/Waterfall-walk-Mellau.jpg\" alt=\"An Alpine landscape with some autumn leaves\" class=\"wp-image-12990\" srcset=\"https:\/\/www.travelgeekery.com\/wp-content\/uploads\/2022\/01\/Waterfall-walk-Mellau.jpg 750w, https:\/\/www.travelgeekery.com\/wp-content\/uploads\/2022\/01\/Waterfall-walk-Mellau-225x300.jpg 225w, https:\/\/www.travelgeekery.com\/wp-content\/uploads\/2022\/01\/Waterfall-walk-Mellau-540x720.jpg 540w, https:\/\/www.travelgeekery.com\/wp-content\/uploads\/2022\/01\/Waterfall-walk-Mellau-360x480.jpg 360w, https:\/\/www.travelgeekery.com\/wp-content\/uploads\/2022\/01\/Waterfall-walk-Mellau-240x320.jpg 240w, https:\/\/www.travelgeekery.com\/wp-content\/uploads\/2022\/01\/Waterfall-walk-Mellau-735x980.jpg 735w, https:\/\/www.travelgeekery.com\/wp-content\/uploads\/2022\/01\/Waterfall-walk-Mellau-251x335.jpg 251w, https:\/\/www.travelgeekery.com\/wp-content\/uploads\/2022\/01\/Waterfall-walk-Mellau-260x347.jpg 260w, https:\/\/www.travelgeekery.com\/wp-content\/uploads\/2022\/01\/Waterfall-walk-Mellau-390x520.jpg 390w, https:\/\/www.travelgeekery.com\/wp-content\/uploads\/2022\/01\/Waterfall-walk-Mellau-480x640.jpg 480w, https:\/\/www.travelgeekery.com\/wp-content\/uploads\/2022\/01\/Waterfall-walk-Mellau-576x768.jpg 576w, https:\/\/www.travelgeekery.com\/wp-content\/uploads\/2022\/01\/Waterfall-walk-Mellau-720x960.jpg 720w, https:\/\/www.travelgeekery.com\/wp-content\/uploads\/2022\/01\/Waterfall-walk-Mellau-640x853.jpg 640w, https:\/\/www.travelgeekery.com\/wp-content\/uploads\/2022\/01\/Waterfall-walk-Mellau-150x200.jpg 150w\" sizes=\"auto, (max-width: 760px) calc(100vw - 40px), 720px\" data-pin-media=\"https:\/\/www.travelgeekery.com\/wp-content\/uploads\/2022\/01\/Waterfall-walk-Mellau.jpg\"><\/noscript><img loading=\"lazy\" decoding=\"async\" width=\"750\" height=\"1000\" src=\"https:\/\/www.travelgeekery.com\/wp-content\/uploads\/2022\/01\/Waterfall-walk-Mellau.jpg.webp\" alt=\"An Alpine landscape with some autumn leaves\" class=\"wp-image-12990 lazyload\" srcset=\"https:\/\/www.travelgeekery.com\/wp-content\/uploads\/2022\/01\/Waterfall-walk-Mellau.jpg.webp 750w, https:\/\/www.travelgeekery.com\/wp-content\/uploads\/2022\/01\/Waterfall-walk-Mellau-225x300.jpg.webp 225w, https:\/\/www.travelgeekery.com\/wp-content\/uploads\/2022\/01\/Waterfall-walk-Mellau-540x720.jpg.webp 540w, https:\/\/www.travelgeekery.com\/wp-content\/uploads\/2022\/01\/Waterfall-walk-Mellau-360x480.jpg.webp 360w, https:\/\/www.travelgeekery.com\/wp-content\/uploads\/2022\/01\/Waterfall-walk-Mellau-240x320.jpg.webp 240w, https:\/\/www.travelgeekery.com\/wp-content\/uploads\/2022\/01\/Waterfall-walk-Mellau-735x980.jpg.webp 735w, https:\/\/www.travelgeekery.com\/wp-content\/uploads\/2022\/01\/Waterfall-walk-Mellau-251x335.jpg.webp 251w, https:\/\/www.travelgeekery.com\/wp-content\/uploads\/2022\/01\/Waterfall-walk-Mellau-260x347.jpg.webp 260w, https:\/\/www.travelgeekery.com\/wp-content\/uploads\/2022\/01\/Waterfall-walk-Mellau-390x520.jpg.webp 390w, https:\/\/www.travelgeekery.com\/wp-content\/uploads\/2022\/01\/Waterfall-walk-Mellau-480x640.jpg.webp 480w, https:\/\/www.travelgeekery.com\/wp-content\/uploads\/2022\/01\/Waterfall-walk-Mellau-576x768.jpg.webp 576w, https:\/\/www.travelgeekery.com\/wp-content\/uploads\/2022\/01\/Waterfall-walk-Mellau-720x960.jpg.webp 720w, https:\/\/www.travelgeekery.com\/wp-content\/uploads\/2022\/01\/Waterfall-walk-Mellau-640x853.jpg.webp 640w, https:\/\/www.travelgeekery.com\/wp-content\/uploads\/2022\/01\/Waterfall-walk-Mellau-150x200.jpg.webp 150w\" sizes=\"auto, (max-width: 760px) calc(100vw - 40px), 720px\" data-pin-media=\"https:\/\/www.travelgeekery.com\/wp-content\/uploads\/2022\/01\/Waterfall-walk-Mellau.jpg\" id=\"mv-trellis-img-24\" data-trellis-processed=\"1\"><\/a><figcaption class=\"wp-element-caption\">Kr&aacute;sn&aacute; proch&aacute;zka k vodop&aacute;du<\/figcaption><\/figure>\n<\/div>\n<\/div>\n\n\n\n<p>P&#345;&iacute;roda je v Mellau na dosah ruky. M&#283;la jsem &#269;as prozkoumat jen naprost&eacute; minimum. Ale up&#345;&iacute;mn&#283; douf&aacute;m, &#382;e se budu moct vr&aacute;tit a u&#382;&iacute;t si zelen&yacute; r&aacute;j dosyta.<\/p>\n\n\n\n<h3 class=\"wp-block-heading\"><span class=\"ez-toc-section\" id=\"Architektura_v_Mellau_a_Bregenzerwaldu\"><\/span>Architektura v Mellau a Bregenzerwaldu<span class=\"ez-toc-section-end\"><\/span><\/h3>\n\n\n\n<p>Ano, opravdu!<\/p>\n\n\n\n<p>Dokonce i Mellau, mal&aacute; alpsk&aacute; vesnice, se m&#367;&#382;e pochlubit &uacute;&#382;asn&yacute;mi architektonick&yacute;mi d&iacute;ly. Typick&yacute; alpsk&yacute; r&aacute;z si obec zachov&aacute;v&aacute; i p&#345;i v&yacute;stavb&#283; nov&yacute;ch dom&#367;. Up&#345;ednost&#328;uj&iacute; se m&iacute;stn&iacute; udr&#382;iteln&eacute; materi&aacute;ly, stejn&#283; jako speci&aacute;ln&iacute; m&iacute;stn&iacute; zp&#367;sob pou&#382;it&iacute; mal&yacute;ch d&#345;ev&#283;n&yacute;ch ta&scaron;ek na fas&aacute;d&#283;.<\/p>\n\n\n\n<p>Cel&aacute; oblast Vorarlberska je zn&aacute;m&aacute; svou architekturou. Kdysi tu existovalo hnut&iacute; zvan&eacute; Vorarlbersk&aacute; &scaron;kola architektury zalo&#382;en&eacute; v roce 1657 a je&scaron;t&#283; dnes je ka&#382;d&yacute; &#269;tvrt&yacute; d&#367;m navr&#382;en architekty.<\/p>\n\n\n\n<div class=\"wp-block-columns is-layout-flex wp-container-core-columns-is-layout-9d6595d7 wp-block-columns-is-layout-flex\">\n<div class=\"wp-block-column is-layout-flow wp-block-column-is-layout-flow\" style=\"flex-basis:66.66%\">\n<figure class=\"wp-block-image size-full\"><a href=\"https:\/\/www.travelgeekery.com\/wp-content\/uploads\/2022\/01\/Mellau-House.jpg\"><noscript><img loading=\"lazy\" decoding=\"async\" width=\"999\" height=\"667\" src=\"https:\/\/www.travelgeekery.com\/wp-content\/uploads\/2022\/01\/Mellau-House-edited.jpg\" alt=\"A modern wooden house in an Austrian village\" class=\"wp-image-13060\" srcset=\"https:\/\/www.travelgeekery.com\/wp-content\/uploads\/2022\/01\/Mellau-House-edited.jpg 999w, https:\/\/www.travelgeekery.com\/wp-content\/uploads\/2022\/01\/Mellau-House-edited-300x200.jpg 300w, https:\/\/www.travelgeekery.com\/wp-content\/uploads\/2022\/01\/Mellau-House-edited-768x513.jpg 768w, https:\/\/www.travelgeekery.com\/wp-content\/uploads\/2022\/01\/Mellau-House-edited-735x491.jpg 735w, https:\/\/www.travelgeekery.com\/wp-content\/uploads\/2022\/01\/Mellau-House-edited-335x224.jpg 335w, https:\/\/www.travelgeekery.com\/wp-content\/uploads\/2022\/01\/Mellau-House-edited-347x232.jpg 347w, https:\/\/www.travelgeekery.com\/wp-content\/uploads\/2022\/01\/Mellau-House-edited-520x347.jpg 520w, https:\/\/www.travelgeekery.com\/wp-content\/uploads\/2022\/01\/Mellau-House-edited-640x427.jpg 640w, https:\/\/www.travelgeekery.com\/wp-content\/uploads\/2022\/01\/Mellau-House-edited-960x641.jpg 960w, https:\/\/www.travelgeekery.com\/wp-content\/uploads\/2022\/01\/Mellau-House-edited-150x100.jpg 150w\" sizes=\"auto, (max-width: 760px) calc(100vw - 40px), 720px\" data-pin-media=\"https:\/\/www.travelgeekery.com\/wp-content\/uploads\/2022\/01\/Mellau-House-edited.jpg\"><\/noscript><img loading=\"lazy\" decoding=\"async\" width=\"999\" height=\"667\" src=\"https:\/\/www.travelgeekery.com\/wp-content\/uploads\/2022\/01\/Mellau-House-edited.jpg.webp\" alt=\"A modern wooden house in an Austrian village\" class=\"wp-image-13060 lazyload\" srcset=\"https:\/\/www.travelgeekery.com\/wp-content\/uploads\/2022\/01\/Mellau-House-edited.jpg.webp 999w, https:\/\/www.travelgeekery.com\/wp-content\/uploads\/2022\/01\/Mellau-House-edited-300x200.jpg.webp 300w, https:\/\/www.travelgeekery.com\/wp-content\/uploads\/2022\/01\/Mellau-House-edited-768x513.jpg.webp 768w, https:\/\/www.travelgeekery.com\/wp-content\/uploads\/2022\/01\/Mellau-House-edited-735x491.jpg.webp 735w, https:\/\/www.travelgeekery.com\/wp-content\/uploads\/2022\/01\/Mellau-House-edited-335x224.jpg.webp 335w, https:\/\/www.travelgeekery.com\/wp-content\/uploads\/2022\/01\/Mellau-House-edited-347x232.jpg.webp 347w, https:\/\/www.travelgeekery.com\/wp-content\/uploads\/2022\/01\/Mellau-House-edited-520x347.jpg.webp 520w, https:\/\/www.travelgeekery.com\/wp-content\/uploads\/2022\/01\/Mellau-House-edited-640x427.jpg.webp 640w, https:\/\/www.travelgeekery.com\/wp-content\/uploads\/2022\/01\/Mellau-House-edited-960x641.jpg.webp 960w, https:\/\/www.travelgeekery.com\/wp-content\/uploads\/2022\/01\/Mellau-House-edited-150x100.jpg.webp 150w\" sizes=\"auto, (max-width: 760px) calc(100vw - 40px), 720px\" data-pin-media=\"https:\/\/www.travelgeekery.com\/wp-content\/uploads\/2022\/01\/Mellau-House-edited.jpg\" id=\"mv-trellis-img-25\" data-trellis-processed=\"1\"><\/a><figcaption class=\"wp-element-caption\">Jeden z mnoha unik&aacute;tn&iacute;ch dom&#367; v Mellau<\/figcaption><\/figure>\n<\/div>\n\n\n\n<div class=\"wp-block-column is-layout-flow wp-block-column-is-layout-flow\" style=\"flex-basis:33.33%\">\n<figure class=\"wp-block-image size-full\"><a href=\"https:\/\/www.travelgeekery.com\/wp-content\/uploads\/2022\/01\/Mellau-Houses.jpg\"><noscript><img loading=\"lazy\" decoding=\"async\" width=\"750\" height=\"1000\" src=\"https:\/\/www.travelgeekery.com\/wp-content\/uploads\/2022\/01\/Mellau-Houses.jpg\" alt=\"Flowers blossoming near wooden houses in Mellau Austria\" class=\"wp-image-12972\" srcset=\"https:\/\/www.travelgeekery.com\/wp-content\/uploads\/2022\/01\/Mellau-Houses.jpg 750w, https:\/\/www.travelgeekery.com\/wp-content\/uploads\/2022\/01\/Mellau-Houses-225x300.jpg 225w, https:\/\/www.travelgeekery.com\/wp-content\/uploads\/2022\/01\/Mellau-Houses-540x720.jpg 540w, https:\/\/www.travelgeekery.com\/wp-content\/uploads\/2022\/01\/Mellau-Houses-360x480.jpg 360w, https:\/\/www.travelgeekery.com\/wp-content\/uploads\/2022\/01\/Mellau-Houses-240x320.jpg 240w, https:\/\/www.travelgeekery.com\/wp-content\/uploads\/2022\/01\/Mellau-Houses-735x980.jpg 735w, https:\/\/www.travelgeekery.com\/wp-content\/uploads\/2022\/01\/Mellau-Houses-251x335.jpg 251w, https:\/\/www.travelgeekery.com\/wp-content\/uploads\/2022\/01\/Mellau-Houses-260x347.jpg 260w, https:\/\/www.travelgeekery.com\/wp-content\/uploads\/2022\/01\/Mellau-Houses-390x520.jpg 390w, https:\/\/www.travelgeekery.com\/wp-content\/uploads\/2022\/01\/Mellau-Houses-480x640.jpg 480w, https:\/\/www.travelgeekery.com\/wp-content\/uploads\/2022\/01\/Mellau-Houses-576x768.jpg 576w, https:\/\/www.travelgeekery.com\/wp-content\/uploads\/2022\/01\/Mellau-Houses-720x960.jpg 720w, https:\/\/www.travelgeekery.com\/wp-content\/uploads\/2022\/01\/Mellau-Houses-640x853.jpg 640w, https:\/\/www.travelgeekery.com\/wp-content\/uploads\/2022\/01\/Mellau-Houses-150x200.jpg 150w\" sizes=\"auto, (max-width: 760px) calc(100vw - 40px), 720px\" data-pin-media=\"https:\/\/www.travelgeekery.com\/wp-content\/uploads\/2022\/01\/Mellau-Houses.jpg\"><\/noscript><img loading=\"lazy\" decoding=\"async\" width=\"750\" height=\"1000\" src=\"https:\/\/www.travelgeekery.com\/wp-content\/uploads\/2022\/01\/Mellau-Houses.jpg.webp\" alt=\"Flowers blossoming near wooden houses in Mellau Austria\" class=\"wp-image-12972 lazyload\" srcset=\"https:\/\/www.travelgeekery.com\/wp-content\/uploads\/2022\/01\/Mellau-Houses.jpg.webp 750w, https:\/\/www.travelgeekery.com\/wp-content\/uploads\/2022\/01\/Mellau-Houses-225x300.jpg.webp 225w, https:\/\/www.travelgeekery.com\/wp-content\/uploads\/2022\/01\/Mellau-Houses-540x720.jpg.webp 540w, https:\/\/www.travelgeekery.com\/wp-content\/uploads\/2022\/01\/Mellau-Houses-360x480.jpg.webp 360w, https:\/\/www.travelgeekery.com\/wp-content\/uploads\/2022\/01\/Mellau-Houses-240x320.jpg.webp 240w, https:\/\/www.travelgeekery.com\/wp-content\/uploads\/2022\/01\/Mellau-Houses-735x980.jpg.webp 735w, https:\/\/www.travelgeekery.com\/wp-content\/uploads\/2022\/01\/Mellau-Houses-251x335.jpg.webp 251w, https:\/\/www.travelgeekery.com\/wp-content\/uploads\/2022\/01\/Mellau-Houses-260x347.jpg.webp 260w, https:\/\/www.travelgeekery.com\/wp-content\/uploads\/2022\/01\/Mellau-Houses-390x520.jpg.webp 390w, https:\/\/www.travelgeekery.com\/wp-content\/uploads\/2022\/01\/Mellau-Houses-480x640.jpg.webp 480w, https:\/\/www.travelgeekery.com\/wp-content\/uploads\/2022\/01\/Mellau-Houses-576x768.jpg.webp 576w, https:\/\/www.travelgeekery.com\/wp-content\/uploads\/2022\/01\/Mellau-Houses-720x960.jpg.webp 720w, https:\/\/www.travelgeekery.com\/wp-content\/uploads\/2022\/01\/Mellau-Houses-640x853.jpg.webp 640w, https:\/\/www.travelgeekery.com\/wp-content\/uploads\/2022\/01\/Mellau-Houses-150x200.jpg.webp 150w\" sizes=\"auto, (max-width: 760px) calc(100vw - 40px), 720px\" data-pin-media=\"https:\/\/www.travelgeekery.com\/wp-content\/uploads\/2022\/01\/Mellau-Houses.jpg\" id=\"mv-trellis-img-26\" data-trellis-processed=\"1\"><\/a><figcaption class=\"wp-element-caption\">D&#345;ev&#283;n&eacute; domky a kv&#283;tiny &ndash; kdo by to tu nemiloval?<\/figcaption><\/figure>\n<\/div>\n<\/div>\n\n\n\n<div class=\"wp-block-columns is-layout-flex wp-container-core-columns-is-layout-9d6595d7 wp-block-columns-is-layout-flex\">\n<div class=\"wp-block-column is-layout-flow wp-block-column-is-layout-flow\"><\/div>\n\n\n\n<div class=\"wp-block-column is-layout-flow wp-block-column-is-layout-flow\"><\/div>\n<\/div>\n\n\n\n<p>Chcete-li poznat m&iacute;stn&iacute; zp&#367;sob &#382;ivota, jeho&#382; velkou sou&#269;&aacute;st&iacute; je tak&eacute; architektura, vydejte se po Umgang Mellau, zna&#269;en&eacute; trase vedouc&iacute; kolem v&yacute;znamn&yacute;ch dom&#367; a staveb v Mellau. Mapu m&iacute;st si m&#367;&#382;ete vyzvednout v m&iacute;stn&iacute;m turistick&eacute;m informa&#269;n&iacute;m centru nebo se pod&iacute;vat na <a href=\"https:\/\/www.bregenzerwald.at\/en\/activity\/umgang-bregenzerwald-mellau\/\" target=\"_blank\" rel=\"noreferrer noopener\">web Umgang Mellau<\/a>.<\/p>\n\n\n\n<p>Ka&#382;d&yacute; z bod&#367; zastaven&iacute; je ozna&#269;en kovov&yacute;m sloupkem do v&yacute;&scaron;ky pasu. Stiskn&#283;te tla&#269;&iacute;tko a pod&iacute;vejte se do kuk&aacute;tka &ndash; skr&yacute;v&aacute; informa&#269;n&iacute; let&aacute;k. Jak kreativn&iacute;! No ne?<\/p>\n\n\n\n<p>Cel&aacute; okru&#382;n&iacute; trasa p&#345;es Mellau je dlouh&aacute; 3,2 km a pr&#367;m&#283;rnou ch&#367;z&iacute; ji zvl&aacute;dnete zhruba z hodinu a p&#367;l.<\/p>\n\n\n\n<p>Umgang Mellau je sou&#269;&aacute;st&iacute; v&#283;t&scaron;&iacute; s&eacute;rie <a href=\"https:\/\/www.bregenzerwald.at\/en\/good-to-know\/umgangbregenzerwald\/\" target=\"_blank\" rel=\"noreferrer noopener\">Umgang Bregenzerwald<\/a> zahrnuj&iacute;c&iacute; 12 tras vedouc&iacute;ch skrz vesnice regionu.<\/p>\n\n\n\n<div class=\"wp-block-columns is-layout-flex wp-container-core-columns-is-layout-9d6595d7 wp-block-columns-is-layout-flex\">\n<div class=\"wp-block-column is-layout-flow wp-block-column-is-layout-flow\">\n<figure class=\"wp-block-image size-full\"><a href=\"https:\/\/www.travelgeekery.com\/wp-content\/uploads\/2022\/01\/Umgang-Mellau-with-the-Mayor.jpg\"><noscript><img loading=\"lazy\" decoding=\"async\" width=\"750\" height=\"1000\" src=\"https:\/\/www.travelgeekery.com\/wp-content\/uploads\/2022\/01\/Umgang-Mellau-with-the-Mayor.jpg\" alt=\"A man pointing to a wooden house on a guided tour\" class=\"wp-image-12978\" srcset=\"https:\/\/www.travelgeekery.com\/wp-content\/uploads\/2022\/01\/Umgang-Mellau-with-the-Mayor.jpg 750w, https:\/\/www.travelgeekery.com\/wp-content\/uploads\/2022\/01\/Umgang-Mellau-with-the-Mayor-225x300.jpg 225w, https:\/\/www.travelgeekery.com\/wp-content\/uploads\/2022\/01\/Umgang-Mellau-with-the-Mayor-540x720.jpg 540w, https:\/\/www.travelgeekery.com\/wp-content\/uploads\/2022\/01\/Umgang-Mellau-with-the-Mayor-360x480.jpg 360w, https:\/\/www.travelgeekery.com\/wp-content\/uploads\/2022\/01\/Umgang-Mellau-with-the-Mayor-240x320.jpg 240w, https:\/\/www.travelgeekery.com\/wp-content\/uploads\/2022\/01\/Umgang-Mellau-with-the-Mayor-735x980.jpg 735w, https:\/\/www.travelgeekery.com\/wp-content\/uploads\/2022\/01\/Umgang-Mellau-with-the-Mayor-251x335.jpg 251w, https:\/\/www.travelgeekery.com\/wp-content\/uploads\/2022\/01\/Umgang-Mellau-with-the-Mayor-260x347.jpg 260w, https:\/\/www.travelgeekery.com\/wp-content\/uploads\/2022\/01\/Umgang-Mellau-with-the-Mayor-390x520.jpg 390w, https:\/\/www.travelgeekery.com\/wp-content\/uploads\/2022\/01\/Umgang-Mellau-with-the-Mayor-480x640.jpg 480w, https:\/\/www.travelgeekery.com\/wp-content\/uploads\/2022\/01\/Umgang-Mellau-with-the-Mayor-576x768.jpg 576w, https:\/\/www.travelgeekery.com\/wp-content\/uploads\/2022\/01\/Umgang-Mellau-with-the-Mayor-720x960.jpg 720w, https:\/\/www.travelgeekery.com\/wp-content\/uploads\/2022\/01\/Umgang-Mellau-with-the-Mayor-640x853.jpg 640w, https:\/\/www.travelgeekery.com\/wp-content\/uploads\/2022\/01\/Umgang-Mellau-with-the-Mayor-150x200.jpg 150w\" sizes=\"auto, (max-width: 760px) calc(100vw - 40px), 720px\" data-pin-media=\"https:\/\/www.travelgeekery.com\/wp-content\/uploads\/2022\/01\/Umgang-Mellau-with-the-Mayor.jpg\"><\/noscript><img loading=\"lazy\" decoding=\"async\" width=\"750\" height=\"1000\" src=\"https:\/\/www.travelgeekery.com\/wp-content\/uploads\/2022\/01\/Umgang-Mellau-with-the-Mayor.jpg.webp\" alt=\"A man pointing to a wooden house on a guided tour\" class=\"wp-image-12978 lazyload\" srcset=\"https:\/\/www.travelgeekery.com\/wp-content\/uploads\/2022\/01\/Umgang-Mellau-with-the-Mayor.jpg.webp 750w, https:\/\/www.travelgeekery.com\/wp-content\/uploads\/2022\/01\/Umgang-Mellau-with-the-Mayor-225x300.jpg.webp 225w, https:\/\/www.travelgeekery.com\/wp-content\/uploads\/2022\/01\/Umgang-Mellau-with-the-Mayor-540x720.jpg.webp 540w, https:\/\/www.travelgeekery.com\/wp-content\/uploads\/2022\/01\/Umgang-Mellau-with-the-Mayor-360x480.jpg.webp 360w, https:\/\/www.travelgeekery.com\/wp-content\/uploads\/2022\/01\/Umgang-Mellau-with-the-Mayor-240x320.jpg.webp 240w, https:\/\/www.travelgeekery.com\/wp-content\/uploads\/2022\/01\/Umgang-Mellau-with-the-Mayor-735x980.jpg.webp 735w, https:\/\/www.travelgeekery.com\/wp-content\/uploads\/2022\/01\/Umgang-Mellau-with-the-Mayor-251x335.jpg.webp 251w, https:\/\/www.travelgeekery.com\/wp-content\/uploads\/2022\/01\/Umgang-Mellau-with-the-Mayor-260x347.jpg.webp 260w, https:\/\/www.travelgeekery.com\/wp-content\/uploads\/2022\/01\/Umgang-Mellau-with-the-Mayor-390x520.jpg.webp 390w, https:\/\/www.travelgeekery.com\/wp-content\/uploads\/2022\/01\/Umgang-Mellau-with-the-Mayor-480x640.jpg.webp 480w, https:\/\/www.travelgeekery.com\/wp-content\/uploads\/2022\/01\/Umgang-Mellau-with-the-Mayor-576x768.jpg.webp 576w, https:\/\/www.travelgeekery.com\/wp-content\/uploads\/2022\/01\/Umgang-Mellau-with-the-Mayor-720x960.jpg.webp 720w, https:\/\/www.travelgeekery.com\/wp-content\/uploads\/2022\/01\/Umgang-Mellau-with-the-Mayor-640x853.jpg.webp 640w, https:\/\/www.travelgeekery.com\/wp-content\/uploads\/2022\/01\/Umgang-Mellau-with-the-Mayor-150x200.jpg.webp 150w\" sizes=\"auto, (max-width: 760px) calc(100vw - 40px), 720px\" data-pin-media=\"https:\/\/www.travelgeekery.com\/wp-content\/uploads\/2022\/01\/Umgang-Mellau-with-the-Mayor.jpg\" id=\"mv-trellis-img-27\" data-trellis-processed=\"1\"><\/a><figcaption class=\"wp-element-caption\">My jsme m&#283;li tu &#269;est si Umgang Mellau proj&iacute;t p&#345;&iacute;mo se starostou<\/figcaption><\/figure>\n<\/div>\n\n\n\n<div class=\"wp-block-column is-layout-flow wp-block-column-is-layout-flow\">\n<figure class=\"wp-block-image size-full\"><a href=\"https:\/\/www.travelgeekery.com\/wp-content\/uploads\/2022\/01\/Mellau-Architecture.jpg\"><noscript><img loading=\"lazy\" decoding=\"async\" width=\"750\" height=\"1000\" src=\"https:\/\/www.travelgeekery.com\/wp-content\/uploads\/2022\/01\/Mellau-Architecture.jpg\" alt=\"A wooden house in an Alpine village in Austria\" class=\"wp-image-12984\" srcset=\"https:\/\/www.travelgeekery.com\/wp-content\/uploads\/2022\/01\/Mellau-Architecture.jpg 750w, https:\/\/www.travelgeekery.com\/wp-content\/uploads\/2022\/01\/Mellau-Architecture-225x300.jpg 225w, https:\/\/www.travelgeekery.com\/wp-content\/uploads\/2022\/01\/Mellau-Architecture-540x720.jpg 540w, https:\/\/www.travelgeekery.com\/wp-content\/uploads\/2022\/01\/Mellau-Architecture-360x480.jpg 360w, https:\/\/www.travelgeekery.com\/wp-content\/uploads\/2022\/01\/Mellau-Architecture-240x320.jpg 240w, https:\/\/www.travelgeekery.com\/wp-content\/uploads\/2022\/01\/Mellau-Architecture-735x980.jpg 735w, https:\/\/www.travelgeekery.com\/wp-content\/uploads\/2022\/01\/Mellau-Architecture-251x335.jpg 251w, https:\/\/www.travelgeekery.com\/wp-content\/uploads\/2022\/01\/Mellau-Architecture-260x347.jpg 260w, https:\/\/www.travelgeekery.com\/wp-content\/uploads\/2022\/01\/Mellau-Architecture-390x520.jpg 390w, https:\/\/www.travelgeekery.com\/wp-content\/uploads\/2022\/01\/Mellau-Architecture-480x640.jpg 480w, https:\/\/www.travelgeekery.com\/wp-content\/uploads\/2022\/01\/Mellau-Architecture-576x768.jpg 576w, https:\/\/www.travelgeekery.com\/wp-content\/uploads\/2022\/01\/Mellau-Architecture-720x960.jpg 720w, https:\/\/www.travelgeekery.com\/wp-content\/uploads\/2022\/01\/Mellau-Architecture-640x853.jpg 640w, https:\/\/www.travelgeekery.com\/wp-content\/uploads\/2022\/01\/Mellau-Architecture-150x200.jpg 150w\" sizes=\"auto, (max-width: 760px) calc(100vw - 40px), 720px\" data-pin-media=\"https:\/\/www.travelgeekery.com\/wp-content\/uploads\/2022\/01\/Mellau-Architecture.jpg\"><\/noscript><img loading=\"lazy\" decoding=\"async\" width=\"750\" height=\"1000\" src=\"https:\/\/www.travelgeekery.com\/wp-content\/uploads\/2022\/01\/Mellau-Architecture.jpg.webp\" alt=\"A wooden house in an Alpine village in Austria\" class=\"wp-image-12984 lazyload\" srcset=\"https:\/\/www.travelgeekery.com\/wp-content\/uploads\/2022\/01\/Mellau-Architecture.jpg.webp 750w, https:\/\/www.travelgeekery.com\/wp-content\/uploads\/2022\/01\/Mellau-Architecture-225x300.jpg.webp 225w, https:\/\/www.travelgeekery.com\/wp-content\/uploads\/2022\/01\/Mellau-Architecture-540x720.jpg.webp 540w, https:\/\/www.travelgeekery.com\/wp-content\/uploads\/2022\/01\/Mellau-Architecture-360x480.jpg.webp 360w, https:\/\/www.travelgeekery.com\/wp-content\/uploads\/2022\/01\/Mellau-Architecture-240x320.jpg.webp 240w, https:\/\/www.travelgeekery.com\/wp-content\/uploads\/2022\/01\/Mellau-Architecture-735x980.jpg.webp 735w, https:\/\/www.travelgeekery.com\/wp-content\/uploads\/2022\/01\/Mellau-Architecture-251x335.jpg.webp 251w, https:\/\/www.travelgeekery.com\/wp-content\/uploads\/2022\/01\/Mellau-Architecture-260x347.jpg.webp 260w, https:\/\/www.travelgeekery.com\/wp-content\/uploads\/2022\/01\/Mellau-Architecture-390x520.jpg.webp 390w, https:\/\/www.travelgeekery.com\/wp-content\/uploads\/2022\/01\/Mellau-Architecture-480x640.jpg.webp 480w, https:\/\/www.travelgeekery.com\/wp-content\/uploads\/2022\/01\/Mellau-Architecture-576x768.jpg.webp 576w, https:\/\/www.travelgeekery.com\/wp-content\/uploads\/2022\/01\/Mellau-Architecture-720x960.jpg.webp 720w, https:\/\/www.travelgeekery.com\/wp-content\/uploads\/2022\/01\/Mellau-Architecture-640x853.jpg.webp 640w, https:\/\/www.travelgeekery.com\/wp-content\/uploads\/2022\/01\/Mellau-Architecture-150x200.jpg.webp 150w\" sizes=\"auto, (max-width: 760px) calc(100vw - 40px), 720px\" data-pin-media=\"https:\/\/www.travelgeekery.com\/wp-content\/uploads\/2022\/01\/Mellau-Architecture.jpg\" id=\"mv-trellis-img-28\" data-trellis-processed=\"1\"><\/a><figcaption class=\"wp-element-caption\">Typick&eacute; dome&#269;ky v Mellau&hellip; <\/figcaption><\/figure>\n<\/div>\n<\/div>\n\n\n\n<p>V&yacute;jime&#269;n&aacute; architektonick&aacute; &#345;e&scaron;en&iacute; v Mellau se neomezuj&iacute; pouze na budovy. Jedno prakti&#269;t&#283;j&scaron;&iacute;, by&#357; pro turistu trochu neviditeln&eacute;, se skr&yacute;v&aacute; v rekonstrukci toku zdej&scaron;&iacute; &#345;eky po ni&#269;iv&yacute;ch povodn&iacute;ch v roce 2005.<\/p>\n\n\n\n<h3 class=\"wp-block-heading\"><span class=\"ez-toc-section\" id=\"Alpska_gastronomie\"><\/span>Alpsk&aacute; gastronomie<span class=\"ez-toc-section-end\"><\/span><\/h3>\n\n\n\n<p>Pokud byste mohli v Mellau zaj&iacute;t jen do jedn&eacute; restaurace, a&#357; je to <a href=\"https:\/\/www.nazes-hus.at\/wirtshaus\" target=\"_blank\" rel=\"noreferrer noopener\">Naze&rsquo;s Hus<\/a>. Restaurace se nach&aacute;z&iacute; v tradi&#269;n&iacute;m Bregenzerwaldsk&eacute;m dom&#283; star&eacute;m n&#283;kolik set let a co se t&yacute;&#269;e interi&eacute;ru a serv&iacute;rovan&eacute; pokrmy, je kr&aacute;sn&#283; tradi&#269;n&iacute;. Nemohla jsem se naba&#382;it s&yacute;rov&eacute;ho K&auml;ssp&auml;tzle. Kdokoli, kdo miluje s&yacute;r, by se nacpal do prasknut&iacute;!<\/p>\n\n\n\n<p>(<a href=\"https:\/\/www.vorarlberg.travel\/en\/activity\/kaesspaetzle-recipe\/\" target=\"_blank\" rel=\"noreferrer noopener\">Zde<\/a> najdete recept na K&auml;ssp&auml;tzle v angli&#269;tin&#283;.)<\/p>\n\n\n\n<div class=\"wp-block-columns is-layout-flex wp-container-core-columns-is-layout-9d6595d7 wp-block-columns-is-layout-flex\">\n<div class=\"wp-block-column is-layout-flow wp-block-column-is-layout-flow\">\n<figure class=\"wp-block-image size-full\"><a href=\"https:\/\/www.travelgeekery.com\/wp-content\/uploads\/2022\/01\/Nazes-Hus-Mellau-Vorarlberg.jpg\"><noscript><img loading=\"lazy\" decoding=\"async\" width=\"750\" height=\"1000\" src=\"https:\/\/www.travelgeekery.com\/wp-content\/uploads\/2022\/01\/Nazes-Hus-Mellau-Vorarlberg.jpg\" alt=\"A typical tiled house in an Austrian village in Vorarlberg region\" class=\"wp-image-12976\" srcset=\"https:\/\/www.travelgeekery.com\/wp-content\/uploads\/2022\/01\/Nazes-Hus-Mellau-Vorarlberg.jpg 750w, https:\/\/www.travelgeekery.com\/wp-content\/uploads\/2022\/01\/Nazes-Hus-Mellau-Vorarlberg-225x300.jpg 225w, https:\/\/www.travelgeekery.com\/wp-content\/uploads\/2022\/01\/Nazes-Hus-Mellau-Vorarlberg-540x720.jpg 540w, https:\/\/www.travelgeekery.com\/wp-content\/uploads\/2022\/01\/Nazes-Hus-Mellau-Vorarlberg-360x480.jpg 360w, https:\/\/www.travelgeekery.com\/wp-content\/uploads\/2022\/01\/Nazes-Hus-Mellau-Vorarlberg-240x320.jpg 240w, https:\/\/www.travelgeekery.com\/wp-content\/uploads\/2022\/01\/Nazes-Hus-Mellau-Vorarlberg-735x980.jpg 735w, https:\/\/www.travelgeekery.com\/wp-content\/uploads\/2022\/01\/Nazes-Hus-Mellau-Vorarlberg-251x335.jpg 251w, https:\/\/www.travelgeekery.com\/wp-content\/uploads\/2022\/01\/Nazes-Hus-Mellau-Vorarlberg-260x347.jpg 260w, https:\/\/www.travelgeekery.com\/wp-content\/uploads\/2022\/01\/Nazes-Hus-Mellau-Vorarlberg-390x520.jpg 390w, https:\/\/www.travelgeekery.com\/wp-content\/uploads\/2022\/01\/Nazes-Hus-Mellau-Vorarlberg-480x640.jpg 480w, https:\/\/www.travelgeekery.com\/wp-content\/uploads\/2022\/01\/Nazes-Hus-Mellau-Vorarlberg-576x768.jpg 576w, https:\/\/www.travelgeekery.com\/wp-content\/uploads\/2022\/01\/Nazes-Hus-Mellau-Vorarlberg-720x960.jpg 720w, https:\/\/www.travelgeekery.com\/wp-content\/uploads\/2022\/01\/Nazes-Hus-Mellau-Vorarlberg-640x853.jpg 640w, https:\/\/www.travelgeekery.com\/wp-content\/uploads\/2022\/01\/Nazes-Hus-Mellau-Vorarlberg-150x200.jpg 150w\" sizes=\"auto, (max-width: 760px) calc(100vw - 40px), 720px\" data-pin-media=\"https:\/\/www.travelgeekery.com\/wp-content\/uploads\/2022\/01\/Nazes-Hus-Mellau-Vorarlberg.jpg\"><\/noscript><img loading=\"lazy\" decoding=\"async\" width=\"750\" height=\"1000\" src=\"https:\/\/www.travelgeekery.com\/wp-content\/uploads\/2022\/01\/Nazes-Hus-Mellau-Vorarlberg.jpg.webp\" alt=\"A typical tiled house in an Austrian village in Vorarlberg region\" class=\"wp-image-12976 lazyload\" srcset=\"https:\/\/www.travelgeekery.com\/wp-content\/uploads\/2022\/01\/Nazes-Hus-Mellau-Vorarlberg.jpg.webp 750w, https:\/\/www.travelgeekery.com\/wp-content\/uploads\/2022\/01\/Nazes-Hus-Mellau-Vorarlberg-225x300.jpg.webp 225w, https:\/\/www.travelgeekery.com\/wp-content\/uploads\/2022\/01\/Nazes-Hus-Mellau-Vorarlberg-540x720.jpg.webp 540w, https:\/\/www.travelgeekery.com\/wp-content\/uploads\/2022\/01\/Nazes-Hus-Mellau-Vorarlberg-360x480.jpg.webp 360w, https:\/\/www.travelgeekery.com\/wp-content\/uploads\/2022\/01\/Nazes-Hus-Mellau-Vorarlberg-240x320.jpg.webp 240w, https:\/\/www.travelgeekery.com\/wp-content\/uploads\/2022\/01\/Nazes-Hus-Mellau-Vorarlberg-735x980.jpg.webp 735w, https:\/\/www.travelgeekery.com\/wp-content\/uploads\/2022\/01\/Nazes-Hus-Mellau-Vorarlberg-251x335.jpg.webp 251w, https:\/\/www.travelgeekery.com\/wp-content\/uploads\/2022\/01\/Nazes-Hus-Mellau-Vorarlberg-260x347.jpg.webp 260w, https:\/\/www.travelgeekery.com\/wp-content\/uploads\/2022\/01\/Nazes-Hus-Mellau-Vorarlberg-390x520.jpg.webp 390w, https:\/\/www.travelgeekery.com\/wp-content\/uploads\/2022\/01\/Nazes-Hus-Mellau-Vorarlberg-480x640.jpg.webp 480w, https:\/\/www.travelgeekery.com\/wp-content\/uploads\/2022\/01\/Nazes-Hus-Mellau-Vorarlberg-576x768.jpg.webp 576w, https:\/\/www.travelgeekery.com\/wp-content\/uploads\/2022\/01\/Nazes-Hus-Mellau-Vorarlberg-720x960.jpg.webp 720w, https:\/\/www.travelgeekery.com\/wp-content\/uploads\/2022\/01\/Nazes-Hus-Mellau-Vorarlberg-640x853.jpg.webp 640w, https:\/\/www.travelgeekery.com\/wp-content\/uploads\/2022\/01\/Nazes-Hus-Mellau-Vorarlberg-150x200.jpg.webp 150w\" sizes=\"auto, (max-width: 760px) calc(100vw - 40px), 720px\" data-pin-media=\"https:\/\/www.travelgeekery.com\/wp-content\/uploads\/2022\/01\/Nazes-Hus-Mellau-Vorarlberg.jpg\" id=\"mv-trellis-img-29\" data-trellis-processed=\"1\"><\/a><figcaption class=\"wp-element-caption\">Jedine&#269;n&yacute; exteri&eacute;r restaurace Naze&rsquo;s Hus<\/figcaption><\/figure>\n<\/div>\n\n\n\n<div class=\"wp-block-column is-layout-flow wp-block-column-is-layout-flow\">\n<figure class=\"wp-block-image size-full\"><a href=\"https:\/\/www.travelgeekery.com\/wp-content\/uploads\/2022\/01\/Kaesspaetzle-in-Mellau-Austria.jpg\"><noscript><img loading=\"lazy\" decoding=\"async\" width=\"750\" height=\"1000\" src=\"https:\/\/www.travelgeekery.com\/wp-content\/uploads\/2022\/01\/Kaesspaetzle-in-Mellau-Austria.jpg\" alt=\"An Austrian woman presenting a local cheese specialty\" class=\"wp-image-12964\" srcset=\"https:\/\/www.travelgeekery.com\/wp-content\/uploads\/2022\/01\/Kaesspaetzle-in-Mellau-Austria.jpg 750w, https:\/\/www.travelgeekery.com\/wp-content\/uploads\/2022\/01\/Kaesspaetzle-in-Mellau-Austria-225x300.jpg 225w, https:\/\/www.travelgeekery.com\/wp-content\/uploads\/2022\/01\/Kaesspaetzle-in-Mellau-Austria-540x720.jpg 540w, https:\/\/www.travelgeekery.com\/wp-content\/uploads\/2022\/01\/Kaesspaetzle-in-Mellau-Austria-360x480.jpg 360w, https:\/\/www.travelgeekery.com\/wp-content\/uploads\/2022\/01\/Kaesspaetzle-in-Mellau-Austria-240x320.jpg 240w, https:\/\/www.travelgeekery.com\/wp-content\/uploads\/2022\/01\/Kaesspaetzle-in-Mellau-Austria-735x980.jpg 735w, https:\/\/www.travelgeekery.com\/wp-content\/uploads\/2022\/01\/Kaesspaetzle-in-Mellau-Austria-251x335.jpg 251w, https:\/\/www.travelgeekery.com\/wp-content\/uploads\/2022\/01\/Kaesspaetzle-in-Mellau-Austria-260x347.jpg 260w, https:\/\/www.travelgeekery.com\/wp-content\/uploads\/2022\/01\/Kaesspaetzle-in-Mellau-Austria-390x520.jpg 390w, https:\/\/www.travelgeekery.com\/wp-content\/uploads\/2022\/01\/Kaesspaetzle-in-Mellau-Austria-480x640.jpg 480w, https:\/\/www.travelgeekery.com\/wp-content\/uploads\/2022\/01\/Kaesspaetzle-in-Mellau-Austria-576x768.jpg 576w, https:\/\/www.travelgeekery.com\/wp-content\/uploads\/2022\/01\/Kaesspaetzle-in-Mellau-Austria-720x960.jpg 720w, https:\/\/www.travelgeekery.com\/wp-content\/uploads\/2022\/01\/Kaesspaetzle-in-Mellau-Austria-640x853.jpg 640w, https:\/\/www.travelgeekery.com\/wp-content\/uploads\/2022\/01\/Kaesspaetzle-in-Mellau-Austria-150x200.jpg 150w\" sizes=\"auto, (max-width: 760px) calc(100vw - 40px), 720px\" data-pin-media=\"https:\/\/www.travelgeekery.com\/wp-content\/uploads\/2022\/01\/Kaesspaetzle-in-Mellau-Austria.jpg\"><\/noscript><img loading=\"lazy\" decoding=\"async\" width=\"750\" height=\"1000\" src=\"https:\/\/www.travelgeekery.com\/wp-content\/uploads\/2022\/01\/Kaesspaetzle-in-Mellau-Austria.jpg.webp\" alt=\"An Austrian woman presenting a local cheese specialty\" class=\"wp-image-12964 lazyload\" srcset=\"https:\/\/www.travelgeekery.com\/wp-content\/uploads\/2022\/01\/Kaesspaetzle-in-Mellau-Austria.jpg.webp 750w, https:\/\/www.travelgeekery.com\/wp-content\/uploads\/2022\/01\/Kaesspaetzle-in-Mellau-Austria-225x300.jpg.webp 225w, https:\/\/www.travelgeekery.com\/wp-content\/uploads\/2022\/01\/Kaesspaetzle-in-Mellau-Austria-540x720.jpg.webp 540w, https:\/\/www.travelgeekery.com\/wp-content\/uploads\/2022\/01\/Kaesspaetzle-in-Mellau-Austria-360x480.jpg.webp 360w, https:\/\/www.travelgeekery.com\/wp-content\/uploads\/2022\/01\/Kaesspaetzle-in-Mellau-Austria-240x320.jpg.webp 240w, https:\/\/www.travelgeekery.com\/wp-content\/uploads\/2022\/01\/Kaesspaetzle-in-Mellau-Austria-735x980.jpg.webp 735w, https:\/\/www.travelgeekery.com\/wp-content\/uploads\/2022\/01\/Kaesspaetzle-in-Mellau-Austria-251x335.jpg.webp 251w, https:\/\/www.travelgeekery.com\/wp-content\/uploads\/2022\/01\/Kaesspaetzle-in-Mellau-Austria-260x347.jpg.webp 260w, https:\/\/www.travelgeekery.com\/wp-content\/uploads\/2022\/01\/Kaesspaetzle-in-Mellau-Austria-390x520.jpg.webp 390w, https:\/\/www.travelgeekery.com\/wp-content\/uploads\/2022\/01\/Kaesspaetzle-in-Mellau-Austria-480x640.jpg.webp 480w, https:\/\/www.travelgeekery.com\/wp-content\/uploads\/2022\/01\/Kaesspaetzle-in-Mellau-Austria-576x768.jpg.webp 576w, https:\/\/www.travelgeekery.com\/wp-content\/uploads\/2022\/01\/Kaesspaetzle-in-Mellau-Austria-720x960.jpg.webp 720w, https:\/\/www.travelgeekery.com\/wp-content\/uploads\/2022\/01\/Kaesspaetzle-in-Mellau-Austria-640x853.jpg.webp 640w, https:\/\/www.travelgeekery.com\/wp-content\/uploads\/2022\/01\/Kaesspaetzle-in-Mellau-Austria-150x200.jpg.webp 150w\" sizes=\"auto, (max-width: 760px) calc(100vw - 40px), 720px\" data-pin-media=\"https:\/\/www.travelgeekery.com\/wp-content\/uploads\/2022\/01\/Kaesspaetzle-in-Mellau-Austria.jpg\" id=\"mv-trellis-img-30\" data-trellis-processed=\"1\"><\/a><figcaption class=\"wp-element-caption\">Nejlep&scaron;&iacute; s&yacute;rov&eacute; K&auml;ssp&auml;tzle<\/figcaption><\/figure>\n<\/div>\n<\/div>\n\n\n\n<p>Existuje tu samoz&#345;ejm&#283; n&#283;kolik dal&scaron;&iacute;ch restaurac&iacute;, v&#283;t&scaron;inou v m&iacute;stn&iacute;ch hotelech. Sama mohu v&#345;ele doporu&#269;it Hotel B&auml;ren, zejm&eacute;na na odpoledn&iacute; k&aacute;vi&#269;ku a dort&iacute;k. A jejich sn&iacute;dan&#283;? Nebesk&aacute;!<\/p>\n\n\n\n<div class=\"wp-block-columns is-layout-flex wp-container-core-columns-is-layout-9d6595d7 wp-block-columns-is-layout-flex\">\n<div class=\"wp-block-column is-layout-flow wp-block-column-is-layout-flow\">\n<p>A te&#271; mrkejte: v Mellau m&#367;&#382;ete narazit na prodejn&iacute; automat s m&iacute;stn&iacute;mi lah&#367;dkami, jako jsou s&yacute;ry, &scaron;unky, klob&aacute;sy a dokonce i pol&eacute;vky! Kdo s t&iacute;m p&#345;i&scaron;el, byl g&eacute;nius. Automat najdete u silnice &Uuml;bermellen, p&#345;&iacute;mo naproti supermarketu Spar a bankomatu Volksbank.<\/p>\n<\/div>\n\n\n\n<div class=\"wp-block-column is-layout-flow wp-block-column-is-layout-flow\">\n<figure class=\"wp-block-image size-full\"><a href=\"https:\/\/www.travelgeekery.com\/wp-content\/uploads\/2022\/01\/Mellau-Vending-Machine.jpg\"><noscript><img loading=\"lazy\" decoding=\"async\" width=\"750\" height=\"1000\" src=\"https:\/\/www.travelgeekery.com\/wp-content\/uploads\/2022\/01\/Mellau-Vending-Machine.jpg\" alt=\"A vending machine with Alpine specialties\" class=\"wp-image-12974\" srcset=\"https:\/\/www.travelgeekery.com\/wp-content\/uploads\/2022\/01\/Mellau-Vending-Machine.jpg 750w, https:\/\/www.travelgeekery.com\/wp-content\/uploads\/2022\/01\/Mellau-Vending-Machine-225x300.jpg 225w, https:\/\/www.travelgeekery.com\/wp-content\/uploads\/2022\/01\/Mellau-Vending-Machine-540x720.jpg 540w, https:\/\/www.travelgeekery.com\/wp-content\/uploads\/2022\/01\/Mellau-Vending-Machine-360x480.jpg 360w, https:\/\/www.travelgeekery.com\/wp-content\/uploads\/2022\/01\/Mellau-Vending-Machine-240x320.jpg 240w, https:\/\/www.travelgeekery.com\/wp-content\/uploads\/2022\/01\/Mellau-Vending-Machine-735x980.jpg 735w, https:\/\/www.travelgeekery.com\/wp-content\/uploads\/2022\/01\/Mellau-Vending-Machine-251x335.jpg 251w, https:\/\/www.travelgeekery.com\/wp-content\/uploads\/2022\/01\/Mellau-Vending-Machine-260x347.jpg 260w, https:\/\/www.travelgeekery.com\/wp-content\/uploads\/2022\/01\/Mellau-Vending-Machine-390x520.jpg 390w, https:\/\/www.travelgeekery.com\/wp-content\/uploads\/2022\/01\/Mellau-Vending-Machine-480x640.jpg 480w, https:\/\/www.travelgeekery.com\/wp-content\/uploads\/2022\/01\/Mellau-Vending-Machine-576x768.jpg 576w, https:\/\/www.travelgeekery.com\/wp-content\/uploads\/2022\/01\/Mellau-Vending-Machine-720x960.jpg 720w, https:\/\/www.travelgeekery.com\/wp-content\/uploads\/2022\/01\/Mellau-Vending-Machine-640x853.jpg 640w, https:\/\/www.travelgeekery.com\/wp-content\/uploads\/2022\/01\/Mellau-Vending-Machine-150x200.jpg 150w\" sizes=\"auto, (max-width: 760px) calc(100vw - 40px), 720px\" data-pin-media=\"https:\/\/www.travelgeekery.com\/wp-content\/uploads\/2022\/01\/Mellau-Vending-Machine.jpg\"><\/noscript><img loading=\"lazy\" decoding=\"async\" width=\"750\" height=\"1000\" src=\"https:\/\/www.travelgeekery.com\/wp-content\/uploads\/2022\/01\/Mellau-Vending-Machine.jpg.webp\" alt=\"A vending machine with Alpine specialties\" class=\"wp-image-12974 lazyload\" srcset=\"https:\/\/www.travelgeekery.com\/wp-content\/uploads\/2022\/01\/Mellau-Vending-Machine.jpg.webp 750w, https:\/\/www.travelgeekery.com\/wp-content\/uploads\/2022\/01\/Mellau-Vending-Machine-225x300.jpg.webp 225w, https:\/\/www.travelgeekery.com\/wp-content\/uploads\/2022\/01\/Mellau-Vending-Machine-540x720.jpg.webp 540w, https:\/\/www.travelgeekery.com\/wp-content\/uploads\/2022\/01\/Mellau-Vending-Machine-360x480.jpg.webp 360w, https:\/\/www.travelgeekery.com\/wp-content\/uploads\/2022\/01\/Mellau-Vending-Machine-240x320.jpg.webp 240w, https:\/\/www.travelgeekery.com\/wp-content\/uploads\/2022\/01\/Mellau-Vending-Machine-735x980.jpg.webp 735w, https:\/\/www.travelgeekery.com\/wp-content\/uploads\/2022\/01\/Mellau-Vending-Machine-251x335.jpg.webp 251w, https:\/\/www.travelgeekery.com\/wp-content\/uploads\/2022\/01\/Mellau-Vending-Machine-260x347.jpg.webp 260w, https:\/\/www.travelgeekery.com\/wp-content\/uploads\/2022\/01\/Mellau-Vending-Machine-390x520.jpg.webp 390w, https:\/\/www.travelgeekery.com\/wp-content\/uploads\/2022\/01\/Mellau-Vending-Machine-480x640.jpg.webp 480w, https:\/\/www.travelgeekery.com\/wp-content\/uploads\/2022\/01\/Mellau-Vending-Machine-576x768.jpg.webp 576w, https:\/\/www.travelgeekery.com\/wp-content\/uploads\/2022\/01\/Mellau-Vending-Machine-720x960.jpg.webp 720w, https:\/\/www.travelgeekery.com\/wp-content\/uploads\/2022\/01\/Mellau-Vending-Machine-640x853.jpg.webp 640w, https:\/\/www.travelgeekery.com\/wp-content\/uploads\/2022\/01\/Mellau-Vending-Machine-150x200.jpg.webp 150w\" sizes=\"auto, (max-width: 760px) calc(100vw - 40px), 720px\" data-pin-media=\"https:\/\/www.travelgeekery.com\/wp-content\/uploads\/2022\/01\/Mellau-Vending-Machine.jpg\" id=\"mv-trellis-img-31\" data-trellis-processed=\"1\"><\/a><figcaption class=\"wp-element-caption\">Kouzeln&yacute; prodejn&iacute; automat na alpsk&eacute; speciality<\/figcaption><\/figure>\n<\/div>\n<\/div>\n\n\n\n<h3 class=\"wp-block-heading\"><span class=\"ez-toc-section\" id=\"Relaxujte_ve_stylu_Mellau\"><\/span>Relaxujte ve stylu Mellau<span class=\"ez-toc-section-end\"><\/span><\/h3>\n\n\n\n<p>Krom&#283; aktivn&iacute;ho odpo&#269;inku v hor&aacute;ch si m&#367;&#382;ete u&#382;&iacute;t relaxu <a href=\"https:\/\/www.baerenmellau.at\/\" target=\"_blank\" rel=\"noreferrer noopener\">v hotelu B&auml;ren<\/a>, kter&yacute; jsem sama odzkou&scaron;ela. Butikov&yacute; hot&yacute;lek m&aacute; perfektn&iacute; polohu v centru Mellau a ve&scaron;ker&eacute; vybaven&iacute;, kter&eacute; byste mohli pot&#345;ebovat, samoz&#345;ejm&#283; na vysok&eacute; &uacute;rovni.<\/p>\n\n\n\n<div class=\"wp-block-columns is-layout-flex wp-container-core-columns-is-layout-9d6595d7 wp-block-columns-is-layout-flex\">\n<div class=\"wp-block-column is-layout-flow wp-block-column-is-layout-flow\">\n<figure class=\"wp-block-image size-full\"><a href=\"https:\/\/www.travelgeekery.com\/wp-content\/uploads\/2022\/01\/Hotel-Baeren-Mellau-Austria.jpg\"><noscript><img loading=\"lazy\" decoding=\"async\" width=\"750\" height=\"1000\" src=\"https:\/\/www.travelgeekery.com\/wp-content\/uploads\/2022\/01\/Hotel-Baeren-Mellau-Austria.jpg\" alt=\"A view of a hotel in Austria\" class=\"wp-image-12960\" srcset=\"https:\/\/www.travelgeekery.com\/wp-content\/uploads\/2022\/01\/Hotel-Baeren-Mellau-Austria.jpg 750w, https:\/\/www.travelgeekery.com\/wp-content\/uploads\/2022\/01\/Hotel-Baeren-Mellau-Austria-225x300.jpg 225w, https:\/\/www.travelgeekery.com\/wp-content\/uploads\/2022\/01\/Hotel-Baeren-Mellau-Austria-540x720.jpg 540w, https:\/\/www.travelgeekery.com\/wp-content\/uploads\/2022\/01\/Hotel-Baeren-Mellau-Austria-360x480.jpg 360w, https:\/\/www.travelgeekery.com\/wp-content\/uploads\/2022\/01\/Hotel-Baeren-Mellau-Austria-240x320.jpg 240w, https:\/\/www.travelgeekery.com\/wp-content\/uploads\/2022\/01\/Hotel-Baeren-Mellau-Austria-735x980.jpg 735w, https:\/\/www.travelgeekery.com\/wp-content\/uploads\/2022\/01\/Hotel-Baeren-Mellau-Austria-251x335.jpg 251w, https:\/\/www.travelgeekery.com\/wp-content\/uploads\/2022\/01\/Hotel-Baeren-Mellau-Austria-260x347.jpg 260w, https:\/\/www.travelgeekery.com\/wp-content\/uploads\/2022\/01\/Hotel-Baeren-Mellau-Austria-390x520.jpg 390w, https:\/\/www.travelgeekery.com\/wp-content\/uploads\/2022\/01\/Hotel-Baeren-Mellau-Austria-480x640.jpg 480w, https:\/\/www.travelgeekery.com\/wp-content\/uploads\/2022\/01\/Hotel-Baeren-Mellau-Austria-576x768.jpg 576w, https:\/\/www.travelgeekery.com\/wp-content\/uploads\/2022\/01\/Hotel-Baeren-Mellau-Austria-720x960.jpg 720w, https:\/\/www.travelgeekery.com\/wp-content\/uploads\/2022\/01\/Hotel-Baeren-Mellau-Austria-640x853.jpg 640w, https:\/\/www.travelgeekery.com\/wp-content\/uploads\/2022\/01\/Hotel-Baeren-Mellau-Austria-150x200.jpg 150w\" sizes=\"auto, (max-width: 760px) calc(100vw - 40px), 720px\" data-pin-media=\"https:\/\/www.travelgeekery.com\/wp-content\/uploads\/2022\/01\/Hotel-Baeren-Mellau-Austria.jpg\"><\/noscript><img loading=\"lazy\" decoding=\"async\" width=\"750\" height=\"1000\" src=\"https:\/\/www.travelgeekery.com\/wp-content\/uploads\/2022\/01\/Hotel-Baeren-Mellau-Austria.jpg.webp\" alt=\"A view of a hotel in Austria\" class=\"wp-image-12960 lazyload\" srcset=\"https:\/\/www.travelgeekery.com\/wp-content\/uploads\/2022\/01\/Hotel-Baeren-Mellau-Austria.jpg.webp 750w, https:\/\/www.travelgeekery.com\/wp-content\/uploads\/2022\/01\/Hotel-Baeren-Mellau-Austria-225x300.jpg.webp 225w, https:\/\/www.travelgeekery.com\/wp-content\/uploads\/2022\/01\/Hotel-Baeren-Mellau-Austria-540x720.jpg.webp 540w, https:\/\/www.travelgeekery.com\/wp-content\/uploads\/2022\/01\/Hotel-Baeren-Mellau-Austria-360x480.jpg.webp 360w, https:\/\/www.travelgeekery.com\/wp-content\/uploads\/2022\/01\/Hotel-Baeren-Mellau-Austria-240x320.jpg.webp 240w, https:\/\/www.travelgeekery.com\/wp-content\/uploads\/2022\/01\/Hotel-Baeren-Mellau-Austria-735x980.jpg.webp 735w, https:\/\/www.travelgeekery.com\/wp-content\/uploads\/2022\/01\/Hotel-Baeren-Mellau-Austria-251x335.jpg.webp 251w, https:\/\/www.travelgeekery.com\/wp-content\/uploads\/2022\/01\/Hotel-Baeren-Mellau-Austria-260x347.jpg.webp 260w, https:\/\/www.travelgeekery.com\/wp-content\/uploads\/2022\/01\/Hotel-Baeren-Mellau-Austria-390x520.jpg.webp 390w, https:\/\/www.travelgeekery.com\/wp-content\/uploads\/2022\/01\/Hotel-Baeren-Mellau-Austria-480x640.jpg.webp 480w, https:\/\/www.travelgeekery.com\/wp-content\/uploads\/2022\/01\/Hotel-Baeren-Mellau-Austria-576x768.jpg.webp 576w, https:\/\/www.travelgeekery.com\/wp-content\/uploads\/2022\/01\/Hotel-Baeren-Mellau-Austria-720x960.jpg.webp 720w, https:\/\/www.travelgeekery.com\/wp-content\/uploads\/2022\/01\/Hotel-Baeren-Mellau-Austria-640x853.jpg.webp 640w, https:\/\/www.travelgeekery.com\/wp-content\/uploads\/2022\/01\/Hotel-Baeren-Mellau-Austria-150x200.jpg.webp 150w\" sizes=\"auto, (max-width: 760px) calc(100vw - 40px), 720px\" data-pin-media=\"https:\/\/www.travelgeekery.com\/wp-content\/uploads\/2022\/01\/Hotel-Baeren-Mellau-Austria.jpg\" id=\"mv-trellis-img-32\" data-trellis-processed=\"1\"><\/a><figcaption class=\"wp-element-caption\">Mil&yacute; hotel B&auml;ren v zamra&#269;en&yacute; den<\/figcaption><\/figure>\n<\/div>\n\n\n\n<div class=\"wp-block-column is-layout-flow wp-block-column-is-layout-flow\">\n<figure class=\"wp-block-image size-full\"><a href=\"https:\/\/www.travelgeekery.com\/wp-content\/uploads\/2022\/01\/View-from-Hotel-Baeren-Mellau.jpg\"><noscript><img loading=\"lazy\" decoding=\"async\" width=\"750\" height=\"1000\" src=\"https:\/\/www.travelgeekery.com\/wp-content\/uploads\/2022\/01\/View-from-Hotel-Baeren-Mellau.jpg\" alt=\"View of the Alps from a window\" class=\"wp-image-12980\" srcset=\"https:\/\/www.travelgeekery.com\/wp-content\/uploads\/2022\/01\/View-from-Hotel-Baeren-Mellau.jpg 750w, https:\/\/www.travelgeekery.com\/wp-content\/uploads\/2022\/01\/View-from-Hotel-Baeren-Mellau-225x300.jpg 225w, https:\/\/www.travelgeekery.com\/wp-content\/uploads\/2022\/01\/View-from-Hotel-Baeren-Mellau-540x720.jpg 540w, https:\/\/www.travelgeekery.com\/wp-content\/uploads\/2022\/01\/View-from-Hotel-Baeren-Mellau-360x480.jpg 360w, https:\/\/www.travelgeekery.com\/wp-content\/uploads\/2022\/01\/View-from-Hotel-Baeren-Mellau-240x320.jpg 240w, https:\/\/www.travelgeekery.com\/wp-content\/uploads\/2022\/01\/View-from-Hotel-Baeren-Mellau-735x980.jpg 735w, https:\/\/www.travelgeekery.com\/wp-content\/uploads\/2022\/01\/View-from-Hotel-Baeren-Mellau-251x335.jpg 251w, https:\/\/www.travelgeekery.com\/wp-content\/uploads\/2022\/01\/View-from-Hotel-Baeren-Mellau-260x347.jpg 260w, https:\/\/www.travelgeekery.com\/wp-content\/uploads\/2022\/01\/View-from-Hotel-Baeren-Mellau-390x520.jpg 390w, https:\/\/www.travelgeekery.com\/wp-content\/uploads\/2022\/01\/View-from-Hotel-Baeren-Mellau-480x640.jpg 480w, https:\/\/www.travelgeekery.com\/wp-content\/uploads\/2022\/01\/View-from-Hotel-Baeren-Mellau-576x768.jpg 576w, https:\/\/www.travelgeekery.com\/wp-content\/uploads\/2022\/01\/View-from-Hotel-Baeren-Mellau-720x960.jpg 720w, https:\/\/www.travelgeekery.com\/wp-content\/uploads\/2022\/01\/View-from-Hotel-Baeren-Mellau-640x853.jpg 640w, https:\/\/www.travelgeekery.com\/wp-content\/uploads\/2022\/01\/View-from-Hotel-Baeren-Mellau-150x200.jpg 150w\" sizes=\"auto, (max-width: 760px) calc(100vw - 40px), 720px\" data-pin-media=\"https:\/\/www.travelgeekery.com\/wp-content\/uploads\/2022\/01\/View-from-Hotel-Baeren-Mellau.jpg\"><\/noscript><img loading=\"lazy\" decoding=\"async\" width=\"750\" height=\"1000\" src=\"https:\/\/www.travelgeekery.com\/wp-content\/uploads\/2022\/01\/View-from-Hotel-Baeren-Mellau.jpg.webp\" alt=\"View of the Alps from a window\" class=\"wp-image-12980 lazyload\" srcset=\"https:\/\/www.travelgeekery.com\/wp-content\/uploads\/2022\/01\/View-from-Hotel-Baeren-Mellau.jpg.webp 750w, https:\/\/www.travelgeekery.com\/wp-content\/uploads\/2022\/01\/View-from-Hotel-Baeren-Mellau-225x300.jpg.webp 225w, https:\/\/www.travelgeekery.com\/wp-content\/uploads\/2022\/01\/View-from-Hotel-Baeren-Mellau-540x720.jpg.webp 540w, https:\/\/www.travelgeekery.com\/wp-content\/uploads\/2022\/01\/View-from-Hotel-Baeren-Mellau-360x480.jpg.webp 360w, https:\/\/www.travelgeekery.com\/wp-content\/uploads\/2022\/01\/View-from-Hotel-Baeren-Mellau-240x320.jpg.webp 240w, https:\/\/www.travelgeekery.com\/wp-content\/uploads\/2022\/01\/View-from-Hotel-Baeren-Mellau-735x980.jpg.webp 735w, https:\/\/www.travelgeekery.com\/wp-content\/uploads\/2022\/01\/View-from-Hotel-Baeren-Mellau-251x335.jpg.webp 251w, https:\/\/www.travelgeekery.com\/wp-content\/uploads\/2022\/01\/View-from-Hotel-Baeren-Mellau-260x347.jpg.webp 260w, https:\/\/www.travelgeekery.com\/wp-content\/uploads\/2022\/01\/View-from-Hotel-Baeren-Mellau-390x520.jpg.webp 390w, https:\/\/www.travelgeekery.com\/wp-content\/uploads\/2022\/01\/View-from-Hotel-Baeren-Mellau-480x640.jpg.webp 480w, https:\/\/www.travelgeekery.com\/wp-content\/uploads\/2022\/01\/View-from-Hotel-Baeren-Mellau-576x768.jpg.webp 576w, https:\/\/www.travelgeekery.com\/wp-content\/uploads\/2022\/01\/View-from-Hotel-Baeren-Mellau-720x960.jpg.webp 720w, https:\/\/www.travelgeekery.com\/wp-content\/uploads\/2022\/01\/View-from-Hotel-Baeren-Mellau-640x853.jpg.webp 640w, https:\/\/www.travelgeekery.com\/wp-content\/uploads\/2022\/01\/View-from-Hotel-Baeren-Mellau-150x200.jpg.webp 150w\" sizes=\"auto, (max-width: 760px) calc(100vw - 40px), 720px\" data-pin-media=\"https:\/\/www.travelgeekery.com\/wp-content\/uploads\/2022\/01\/View-from-Hotel-Baeren-Mellau.jpg\" id=\"mv-trellis-img-33\" data-trellis-processed=\"1\"><\/a><figcaption class=\"wp-element-caption\">V&yacute;hled z m&eacute;ho okna v hotelu B&auml;ren<\/figcaption><\/figure>\n<\/div>\n<\/div>\n\n\n\n<p>M&#367;&#382;ete si u&#382;&iacute;t saunu a relaxa&#269;n&iacute; m&iacute;stnost s v&yacute;hledem na Alpy. V prostor&aacute;ch hotelu B&auml;ren je dokonce j&oacute;gov&eacute; studio a po&#345;&aacute;daj&iacute; j&oacute;gov&eacute; pobyty! Dok&aacute;&#382;ete si p&#345;edstavit dokonalej&scaron;&iacute; m&iacute;sto, kde se pln&#283; pono&#345;it do j&oacute;gy?<\/p>\n\n\n\n<h3 class=\"wp-block-heading\"><span class=\"ez-toc-section\" id=\"Jak_se_dostat_do_Mellau\"><\/span>Jak se dostat do Mellau<span class=\"ez-toc-section-end\"><\/span><\/h3>\n\n\n\n<p>P&#345;i cestov&aacute;n&iacute; po regionu Bregenzerwald je m&iacute;t k dispozici auto. Dob&#345;e funguje i s&iacute;&#357; ve&#345;ejn&eacute; dopravy, jen je pot&#345;eba v&iacute;ce pl&aacute;novat.<\/p>\n\n\n\n<p>Chcete-li se do Mellau dostat ve&#345;ejnou dopravou, je&#271;te vlakem do Dornbirnu nebo Bregenzu a pot&eacute; autobusem do Mellau. Cesta autobusem trv&aacute; hodinu z obou m&#283;st.<\/p>\n\n\n\n<div style=\"height:50px\" aria-hidden=\"true\" class=\"wp-block-spacer\"><\/div>\n\n\n\n<p>Mellau i Feldkirch obohat&iacute; v&aacute;&scaron; cestovatelsk&yacute; &#382;ivot o autentick&eacute; z&aacute;&#382;itky. Ob&#283; m&iacute;sta jsou sv&yacute;m zp&#367;sobem jedine&#269;n&aacute; &ndash; velmi rakousk&aacute;, p&#345;esto s mnoha rysy typick&yacute;mi pro Vorarlbersko. Jsou to takov&eacute; mal&eacute; skryt&eacute; poklady le&#382;&iacute;c&iacute; zcela mimo vy&scaron;lapan&eacute; cesty obvykl&eacute;ho cestovatele.<\/p>\n\n\n\n<div style=\"height:50px\" aria-hidden=\"true\" class=\"wp-block-spacer\"><\/div>\n\n\n\n<p>Tak, co &#345;&iacute;k&aacute;te? Nechcete se n&aacute;hodou okam&#382;it&#283; vydat sm&#283;rem Mellau \/ Feldkirch? J&aacute; tedy ano. Kdybych nem&#283;la napl&aacute;novan&eacute; jin&eacute; cesty, pravd&#283;podobn&#283; byste m&#283; na&scaron;li pr&aacute;v&#283; ve Vorarlbersku. <\/p>\n\n\n\n<p><em>Veronika z TravelGeekery m&#283;la mo&#382;nost cestovat ve Vorarlbersku na sponzorovan&eacute;m tripu s Visit Vorarlberg&nbsp;jako sou&#269;&aacute;st&nbsp;konference Propel&nbsp;ve Vorarlbersku. V&scaron;echny n&aacute;zory jsou jej&iacute; vlastn&iacute; a nezaujat&eacute;.<\/em><\/p>\n","protected":false},"excerpt":{"rendered":"<p>D&iacute;v&aacute;te-li se po n&#283;jak&eacute; destinaci na prodlou&#382;en&yacute; v&iacute;kend, neprohloup&iacute;te, kdy&#382; se zam&#283;&#345;&iacute;te na Mellau a Feldkirch v rakousk&eacute;m Vorarlbersku.&nbsp; Roztomil&aacute; vesni&#269;ka Mellau obklopen&aacute; kopci a horami v&aacute;s napln&iacute; klidem, zat&iacute;mco &#382;iv&yacute; Feldkirch zaujme neb&yacute;valou malebnost&iacute; a architekturou. V obou m&iacute;stech se m&#367;&#382;ete spolehnout na &scaron;pi&#269;kovou gastronomii, p&#345;&iacute;jemn&eacute; Raku&scaron;any a ve&scaron;ker&eacute; vybaven&iacute;, co byste mohli pot&#345;ebovat. &hellip;<\/p>\n","protected":false},"author":1,"featured_media":13026,"comment_status":"open","ping_status":"closed","sticky":false,"template":"","format":"standard","meta":{"disable-in-feed":false,"article-schema-type":"","disable-critical-css":false,"footnotes":""},"categories":[600],"tags":[],"class_list":["post-13074","post","type-post","status-publish","format-standard","has-post-thumbnail","hentry","category-rakousko"],"yoast_head":"<!-- This site is optimized with the Yoast SEO plugin v27.2 - https:\/\/yoast.com\/product\/yoast-seo-wordpress\/ -->\n<title>Mellau &amp; Feldkirch, Rakousko<\/title>\n<meta name=\"description\" content=\"Nav\u0161tivte tato dv\u011b malebn\u00e1 m\u00edsta ve Vorarlbersku v z\u00e1padn\u00edm Rakousku. Snoub\u00ed se v nich alpsk\u00fd charakter a unik\u00e1tn\u00ed region\u00e1ln\u00ed rysy. T\u011b\u0161te se na relax!\" \/>\n<meta name=\"robots\" content=\"index, follow, max-snippet:-1, max-image-preview:large, max-video-preview:-1\" \/>\n<link rel=\"canonical\" href=\"https:\/\/www.travelgeekery.com\/cs\/mellau-feldkirch-vorarlbersko-rakousko\/\" \/>\n<meta property=\"og:locale\" content=\"cs_CZ\" \/>\n<meta property=\"og:type\" content=\"article\" \/>\n<meta property=\"og:title\" content=\"Mellau &amp; Feldkirch, Rakousko\" \/>\n<meta property=\"og:description\" content=\"Nav\u0161tivte tato dv\u011b malebn\u00e1 m\u00edsta ve Vorarlbersku v z\u00e1padn\u00edm Rakousku. Snoub\u00ed se v nich alpsk\u00fd charakter a unik\u00e1tn\u00ed region\u00e1ln\u00ed rysy. T\u011b\u0161te se na relax!\" \/>\n<meta property=\"og:url\" content=\"https:\/\/www.travelgeekery.com\/cs\/mellau-feldkirch-vorarlbersko-rakousko\/\" \/>\n<meta property=\"og:site_name\" content=\"Travel Geekery\" \/>\n<meta property=\"article:publisher\" content=\"https:\/\/www.facebook.com\/travelgeekery\" \/>\n<meta property=\"article:published_time\" content=\"2022-01-23T13:19:40+00:00\" \/>\n<meta property=\"article:modified_time\" content=\"2025-06-07T14:37:08+00:00\" \/>\n<meta property=\"og:image\" content=\"https:\/\/www.travelgeekery.com\/wp-content\/uploads\/2022\/01\/Mellau-Feldkirch_Facebook.jpg\" \/>\n\t<meta property=\"og:image:width\" content=\"1200\" \/>\n\t<meta property=\"og:image:height\" content=\"627\" \/>\n\t<meta property=\"og:image:type\" content=\"image\/jpeg\" \/>\n<meta name=\"author\" content=\"Veronika Primm\" \/>\n<meta name=\"twitter:card\" content=\"summary_large_image\" \/>\n<meta name=\"twitter:image\" content=\"https:\/\/www.travelgeekery.com\/wp-content\/uploads\/2022\/01\/Mellau-Feldkirch_Twitter.jpg\" \/>\n<meta name=\"twitter:creator\" content=\"@TravelGeekery\" \/>\n<meta name=\"twitter:site\" content=\"@TravelGeekery\" \/>\n<meta name=\"twitter:label1\" content=\"Napsal(a)\" \/>\n\t<meta name=\"twitter:data1\" content=\"Veronika Primm\" \/>\n\t<meta name=\"twitter:label2\" content=\"Odhadovan\u00e1 doba \u010dten\u00ed\" \/>\n\t<meta name=\"twitter:data2\" content=\"17 minut\" \/>\n<script type=\"application\/ld+json\" class=\"yoast-schema-graph\">{\"@context\":\"https:\/\/schema.org\",\"@graph\":[{\"@type\":\"Article\",\"@id\":\"https:\/\/www.travelgeekery.com\/cs\/mellau-feldkirch-vorarlbersko-rakousko\/#article\",\"isPartOf\":{\"@id\":\"https:\/\/www.travelgeekery.com\/cs\/mellau-feldkirch-vorarlbersko-rakousko\/\"},\"author\":{\"name\":\"Veronika Primm\",\"@id\":\"https:\/\/www.travelgeekery.com\/#\/schema\/person\/113f38838c5190034635d98ff6e0ae3c\"},\"headline\":\"Mellau &#038; Feldkirch, Rakousko: kombinace p\u016fvabn\u00e9 vesnice a \u017eiv\u00e9ho m\u011bste\u010dka\",\"datePublished\":\"2022-01-23T13:19:40+00:00\",\"dateModified\":\"2025-06-07T14:37:08+00:00\",\"mainEntityOfPage\":{\"@id\":\"https:\/\/www.travelgeekery.com\/cs\/mellau-feldkirch-vorarlbersko-rakousko\/\"},\"wordCount\":2876,\"commentCount\":0,\"publisher\":{\"@id\":\"https:\/\/www.travelgeekery.com\/#organization\"},\"image\":{\"@id\":\"https:\/\/www.travelgeekery.com\/cs\/mellau-feldkirch-vorarlbersko-rakousko\/#primaryimage\"},\"thumbnailUrl\":\"https:\/\/www.travelgeekery.com\/wp-content\/uploads\/2022\/01\/Mellau-Feldkirch_featured.jpg\",\"articleSection\":[\"Rakousko\"],\"inLanguage\":\"cs\",\"potentialAction\":[{\"@type\":\"CommentAction\",\"name\":\"Comment\",\"target\":[\"https:\/\/www.travelgeekery.com\/cs\/mellau-feldkirch-vorarlbersko-rakousko\/#respond\"]}]},{\"@type\":\"WebPage\",\"@id\":\"https:\/\/www.travelgeekery.com\/cs\/mellau-feldkirch-vorarlbersko-rakousko\/\",\"url\":\"https:\/\/www.travelgeekery.com\/cs\/mellau-feldkirch-vorarlbersko-rakousko\/\",\"name\":\"Mellau & Feldkirch, Rakousko\",\"isPartOf\":{\"@id\":\"https:\/\/www.travelgeekery.com\/#website\"},\"primaryImageOfPage\":{\"@id\":\"https:\/\/www.travelgeekery.com\/cs\/mellau-feldkirch-vorarlbersko-rakousko\/#primaryimage\"},\"image\":{\"@id\":\"https:\/\/www.travelgeekery.com\/cs\/mellau-feldkirch-vorarlbersko-rakousko\/#primaryimage\"},\"thumbnailUrl\":\"https:\/\/www.travelgeekery.com\/wp-content\/uploads\/2022\/01\/Mellau-Feldkirch_featured.jpg\",\"datePublished\":\"2022-01-23T13:19:40+00:00\",\"dateModified\":\"2025-06-07T14:37:08+00:00\",\"description\":\"Nav\u0161tivte tato dv\u011b malebn\u00e1 m\u00edsta ve Vorarlbersku v z\u00e1padn\u00edm Rakousku. Snoub\u00ed se v nich alpsk\u00fd charakter a unik\u00e1tn\u00ed region\u00e1ln\u00ed rysy. T\u011b\u0161te se na relax!\",\"breadcrumb\":{\"@id\":\"https:\/\/www.travelgeekery.com\/cs\/mellau-feldkirch-vorarlbersko-rakousko\/#breadcrumb\"},\"inLanguage\":\"cs\",\"potentialAction\":[{\"@type\":\"ReadAction\",\"target\":[\"https:\/\/www.travelgeekery.com\/cs\/mellau-feldkirch-vorarlbersko-rakousko\/\"]}]},{\"@type\":\"ImageObject\",\"inLanguage\":\"cs\",\"@id\":\"https:\/\/www.travelgeekery.com\/cs\/mellau-feldkirch-vorarlbersko-rakousko\/#primaryimage\",\"url\":\"https:\/\/www.travelgeekery.com\/wp-content\/uploads\/2022\/01\/Mellau-Feldkirch_featured.jpg\",\"contentUrl\":\"https:\/\/www.travelgeekery.com\/wp-content\/uploads\/2022\/01\/Mellau-Feldkirch_featured.jpg\",\"width\":1200,\"height\":854,\"caption\":\"Two images in one - an Alpine village (Mellau) and a nearby town (Feldkirch)\"},{\"@type\":\"BreadcrumbList\",\"@id\":\"https:\/\/www.travelgeekery.com\/cs\/mellau-feldkirch-vorarlbersko-rakousko\/#breadcrumb\",\"itemListElement\":[{\"@type\":\"ListItem\",\"position\":1,\"name\":\"Destinace\",\"item\":\"https:\/\/www.travelgeekery.com\/cs\/category\/destinace\/\"},{\"@type\":\"ListItem\",\"position\":2,\"name\":\"Evropa\",\"item\":\"https:\/\/www.travelgeekery.com\/cs\/category\/destinace\/evropa\/\"},{\"@type\":\"ListItem\",\"position\":3,\"name\":\"Rakousko\",\"item\":\"https:\/\/www.travelgeekery.com\/cs\/category\/destinace\/evropa\/rakousko\/\"},{\"@type\":\"ListItem\",\"position\":4,\"name\":\"Mellau &#038; Feldkirch, Rakousko: kombinace p\u016fvabn\u00e9 vesnice a \u017eiv\u00e9ho m\u011bste\u010dka\"}]},{\"@type\":\"WebSite\",\"@id\":\"https:\/\/www.travelgeekery.com\/#website\",\"url\":\"https:\/\/www.travelgeekery.com\/\",\"name\":\"Travel Geekery\",\"description\":\"Know Before You Go\",\"publisher\":{\"@id\":\"https:\/\/www.travelgeekery.com\/#organization\"},\"potentialAction\":[{\"@type\":\"SearchAction\",\"target\":{\"@type\":\"EntryPoint\",\"urlTemplate\":\"https:\/\/www.travelgeekery.com\/?s={search_term_string}\"},\"query-input\":{\"@type\":\"PropertyValueSpecification\",\"valueRequired\":true,\"valueName\":\"search_term_string\"}}],\"inLanguage\":\"cs\"},{\"@type\":\"Organization\",\"@id\":\"https:\/\/www.travelgeekery.com\/#organization\",\"name\":\"TravelGeekery\",\"url\":\"https:\/\/www.travelgeekery.com\/\",\"logo\":{\"@type\":\"ImageObject\",\"inLanguage\":\"cs\",\"@id\":\"https:\/\/www.travelgeekery.com\/#\/schema\/logo\/image\/\",\"url\":\"https:\/\/www.travelgeekery.com\/wp-content\/uploads\/2021\/12\/TravelGeekery-Logo_267x75.png\",\"contentUrl\":\"https:\/\/www.travelgeekery.com\/wp-content\/uploads\/2021\/12\/TravelGeekery-Logo_267x75.png\",\"width\":267,\"height\":75,\"caption\":\"TravelGeekery\"},\"image\":{\"@id\":\"https:\/\/www.travelgeekery.com\/#\/schema\/logo\/image\/\"},\"sameAs\":[\"https:\/\/www.facebook.com\/travelgeekery\",\"https:\/\/x.com\/TravelGeekery\",\"https:\/\/instagram.com\/travelgeekery\/\",\"https:\/\/www.pinterest.com\/travelgeekery\/\"]},{\"@type\":\"Person\",\"@id\":\"https:\/\/www.travelgeekery.com\/#\/schema\/person\/113f38838c5190034635d98ff6e0ae3c\",\"name\":\"Veronika Primm\",\"description\":\"Chief Travel Geek\"}]}<\/script>\n<!-- \/ Yoast SEO plugin. -->","yoast_head_json":{"title":"Mellau & Feldkirch, Rakousko","description":"Nav\u0161tivte tato dv\u011b malebn\u00e1 m\u00edsta ve Vorarlbersku v z\u00e1padn\u00edm Rakousku. Snoub\u00ed se v nich alpsk\u00fd charakter a unik\u00e1tn\u00ed region\u00e1ln\u00ed rysy. T\u011b\u0161te se na relax!","robots":{"index":"index","follow":"follow","max-snippet":"max-snippet:-1","max-image-preview":"max-image-preview:large","max-video-preview":"max-video-preview:-1"},"canonical":"https:\/\/www.travelgeekery.com\/cs\/mellau-feldkirch-vorarlbersko-rakousko\/","og_locale":"cs_CZ","og_type":"article","og_title":"Mellau & Feldkirch, Rakousko","og_description":"Nav\u0161tivte tato dv\u011b malebn\u00e1 m\u00edsta ve Vorarlbersku v z\u00e1padn\u00edm Rakousku. Snoub\u00ed se v nich alpsk\u00fd charakter a unik\u00e1tn\u00ed region\u00e1ln\u00ed rysy. T\u011b\u0161te se na relax!","og_url":"https:\/\/www.travelgeekery.com\/cs\/mellau-feldkirch-vorarlbersko-rakousko\/","og_site_name":"Travel Geekery","article_publisher":"https:\/\/www.facebook.com\/travelgeekery","article_published_time":"2022-01-23T13:19:40+00:00","article_modified_time":"2025-06-07T14:37:08+00:00","og_image":[{"width":1200,"height":627,"url":"https:\/\/www.travelgeekery.com\/wp-content\/uploads\/2022\/01\/Mellau-Feldkirch_Facebook.jpg","type":"image\/jpeg"}],"author":"Veronika Primm","twitter_card":"summary_large_image","twitter_image":"https:\/\/www.travelgeekery.com\/wp-content\/uploads\/2022\/01\/Mellau-Feldkirch_Twitter.jpg","twitter_creator":"@TravelGeekery","twitter_site":"@TravelGeekery","twitter_misc":{"Napsal(a)":"Veronika Primm","Odhadovan\u00e1 doba \u010dten\u00ed":"17 minut"},"schema":{"@context":"https:\/\/schema.org","@graph":[{"@type":"Article","@id":"https:\/\/www.travelgeekery.com\/cs\/mellau-feldkirch-vorarlbersko-rakousko\/#article","isPartOf":{"@id":"https:\/\/www.travelgeekery.com\/cs\/mellau-feldkirch-vorarlbersko-rakousko\/"},"author":{"name":"Veronika Primm","@id":"https:\/\/www.travelgeekery.com\/#\/schema\/person\/113f38838c5190034635d98ff6e0ae3c"},"headline":"Mellau &#038; Feldkirch, Rakousko: kombinace p\u016fvabn\u00e9 vesnice a \u017eiv\u00e9ho m\u011bste\u010dka","datePublished":"2022-01-23T13:19:40+00:00","dateModified":"2025-06-07T14:37:08+00:00","mainEntityOfPage":{"@id":"https:\/\/www.travelgeekery.com\/cs\/mellau-feldkirch-vorarlbersko-rakousko\/"},"wordCount":2876,"commentCount":0,"publisher":{"@id":"https:\/\/www.travelgeekery.com\/#organization"},"image":{"@id":"https:\/\/www.travelgeekery.com\/cs\/mellau-feldkirch-vorarlbersko-rakousko\/#primaryimage"},"thumbnailUrl":"https:\/\/www.travelgeekery.com\/wp-content\/uploads\/2022\/01\/Mellau-Feldkirch_featured.jpg","articleSection":["Rakousko"],"inLanguage":"cs","potentialAction":[{"@type":"CommentAction","name":"Comment","target":["https:\/\/www.travelgeekery.com\/cs\/mellau-feldkirch-vorarlbersko-rakousko\/#respond"]}]},{"@type":"WebPage","@id":"https:\/\/www.travelgeekery.com\/cs\/mellau-feldkirch-vorarlbersko-rakousko\/","url":"https:\/\/www.travelgeekery.com\/cs\/mellau-feldkirch-vorarlbersko-rakousko\/","name":"Mellau & Feldkirch, Rakousko","isPartOf":{"@id":"https:\/\/www.travelgeekery.com\/#website"},"primaryImageOfPage":{"@id":"https:\/\/www.travelgeekery.com\/cs\/mellau-feldkirch-vorarlbersko-rakousko\/#primaryimage"},"image":{"@id":"https:\/\/www.travelgeekery.com\/cs\/mellau-feldkirch-vorarlbersko-rakousko\/#primaryimage"},"thumbnailUrl":"https:\/\/www.travelgeekery.com\/wp-content\/uploads\/2022\/01\/Mellau-Feldkirch_featured.jpg","datePublished":"2022-01-23T13:19:40+00:00","dateModified":"2025-06-07T14:37:08+00:00","description":"Nav\u0161tivte tato dv\u011b malebn\u00e1 m\u00edsta ve Vorarlbersku v z\u00e1padn\u00edm Rakousku. Snoub\u00ed se v nich alpsk\u00fd charakter a unik\u00e1tn\u00ed region\u00e1ln\u00ed rysy. T\u011b\u0161te se na relax!","breadcrumb":{"@id":"https:\/\/www.travelgeekery.com\/cs\/mellau-feldkirch-vorarlbersko-rakousko\/#breadcrumb"},"inLanguage":"cs","potentialAction":[{"@type":"ReadAction","target":["https:\/\/www.travelgeekery.com\/cs\/mellau-feldkirch-vorarlbersko-rakousko\/"]}]},{"@type":"ImageObject","inLanguage":"cs","@id":"https:\/\/www.travelgeekery.com\/cs\/mellau-feldkirch-vorarlbersko-rakousko\/#primaryimage","url":"https:\/\/www.travelgeekery.com\/wp-content\/uploads\/2022\/01\/Mellau-Feldkirch_featured.jpg","contentUrl":"https:\/\/www.travelgeekery.com\/wp-content\/uploads\/2022\/01\/Mellau-Feldkirch_featured.jpg","width":1200,"height":854,"caption":"Two images in one - an Alpine village (Mellau) and a nearby town (Feldkirch)"},{"@type":"BreadcrumbList","@id":"https:\/\/www.travelgeekery.com\/cs\/mellau-feldkirch-vorarlbersko-rakousko\/#breadcrumb","itemListElement":[{"@type":"ListItem","position":1,"name":"Destinace","item":"https:\/\/www.travelgeekery.com\/cs\/category\/destinace\/"},{"@type":"ListItem","position":2,"name":"Evropa","item":"https:\/\/www.travelgeekery.com\/cs\/category\/destinace\/evropa\/"},{"@type":"ListItem","position":3,"name":"Rakousko","item":"https:\/\/www.travelgeekery.com\/cs\/category\/destinace\/evropa\/rakousko\/"},{"@type":"ListItem","position":4,"name":"Mellau &#038; Feldkirch, Rakousko: kombinace p\u016fvabn\u00e9 vesnice a \u017eiv\u00e9ho m\u011bste\u010dka"}]},{"@type":"WebSite","@id":"https:\/\/www.travelgeekery.com\/#website","url":"https:\/\/www.travelgeekery.com\/","name":"Travel Geekery","description":"Know Before You Go","publisher":{"@id":"https:\/\/www.travelgeekery.com\/#organization"},"potentialAction":[{"@type":"SearchAction","target":{"@type":"EntryPoint","urlTemplate":"https:\/\/www.travelgeekery.com\/?s={search_term_string}"},"query-input":{"@type":"PropertyValueSpecification","valueRequired":true,"valueName":"search_term_string"}}],"inLanguage":"cs"},{"@type":"Organization","@id":"https:\/\/www.travelgeekery.com\/#organization","name":"TravelGeekery","url":"https:\/\/www.travelgeekery.com\/","logo":{"@type":"ImageObject","inLanguage":"cs","@id":"https:\/\/www.travelgeekery.com\/#\/schema\/logo\/image\/","url":"https:\/\/www.travelgeekery.com\/wp-content\/uploads\/2021\/12\/TravelGeekery-Logo_267x75.png","contentUrl":"https:\/\/www.travelgeekery.com\/wp-content\/uploads\/2021\/12\/TravelGeekery-Logo_267x75.png","width":267,"height":75,"caption":"TravelGeekery"},"image":{"@id":"https:\/\/www.travelgeekery.com\/#\/schema\/logo\/image\/"},"sameAs":["https:\/\/www.facebook.com\/travelgeekery","https:\/\/x.com\/TravelGeekery","https:\/\/instagram.com\/travelgeekery\/","https:\/\/www.pinterest.com\/travelgeekery\/"]},{"@type":"Person","@id":"https:\/\/www.travelgeekery.com\/#\/schema\/person\/113f38838c5190034635d98ff6e0ae3c","name":"Veronika Primm","description":"Chief Travel Geek"}]}},"_links":{"self":[{"href":"https:\/\/www.travelgeekery.com\/cs\/wp-json\/wp\/v2\/posts\/13074","targetHints":{"allow":["GET"]}}],"collection":[{"href":"https:\/\/www.travelgeekery.com\/cs\/wp-json\/wp\/v2\/posts"}],"about":[{"href":"https:\/\/www.travelgeekery.com\/cs\/wp-json\/wp\/v2\/types\/post"}],"author":[{"embeddable":true,"href":"https:\/\/www.travelgeekery.com\/cs\/wp-json\/wp\/v2\/users\/1"}],"replies":[{"embeddable":true,"href":"https:\/\/www.travelgeekery.com\/cs\/wp-json\/wp\/v2\/comments?post=13074"}],"version-history":[{"count":10,"href":"https:\/\/www.travelgeekery.com\/cs\/wp-json\/wp\/v2\/posts\/13074\/revisions"}],"predecessor-version":[{"id":17022,"href":"https:\/\/www.travelgeekery.com\/cs\/wp-json\/wp\/v2\/posts\/13074\/revisions\/17022"}],"wp:featuredmedia":[{"embeddable":true,"href":"https:\/\/www.travelgeekery.com\/cs\/wp-json\/wp\/v2\/media\/13026"}],"wp:attachment":[{"href":"https:\/\/www.travelgeekery.com\/cs\/wp-json\/wp\/v2\/media?parent=13074"}],"wp:term":[{"taxonomy":"category","embeddable":true,"href":"https:\/\/www.travelgeekery.com\/cs\/wp-json\/wp\/v2\/categories?post=13074"},{"taxonomy":"post_tag","embeddable":true,"href":"https:\/\/www.travelgeekery.com\/cs\/wp-json\/wp\/v2\/tags?post=13074"}],"curies":[{"name":"wp","href":"https:\/\/api.w.org\/{rel}","templated":true}]}}