{"id":12761,"date":"2021-10-26T12:04:58","date_gmt":"2021-10-26T10:04:58","guid":{"rendered":"https:\/\/www.travelgeekery.com\/?p=12761"},"modified":"2025-01-12T10:51:06","modified_gmt":"2025-01-12T09:51:06","slug":"brandnertal-rakousko","status":"publish","type":"post","link":"https:\/\/www.travelgeekery.com\/cs\/brandnertal-rakousko\/","title":{"rendered":"Brandnertal Rakousko: p\u0159\u00edjemn\u00fd \u00fanik do hor nejen na podzim"},"content":{"rendered":"<style>img#mv-trellis-img-1::before{padding-top:100%; }img#mv-trellis-img-1{display:block;}img#mv-trellis-img-2::before{padding-top:75%; }img#mv-trellis-img-2{display:block;}img#mv-trellis-img-3::before{padding-top:133.33333333333%; }img#mv-trellis-img-3{display:block;}img#mv-trellis-img-4::before{padding-top:133.33333333333%; }img#mv-trellis-img-4{display:block;}img#mv-trellis-img-5::before{padding-top:133.33333333333%; }img#mv-trellis-img-5{display:block;}img#mv-trellis-img-6::before{padding-top:133.33333333333%; }img#mv-trellis-img-6{display:block;}img#mv-trellis-img-7::before{padding-top:133.33333333333%; }img#mv-trellis-img-7{display:block;}img#mv-trellis-img-8::before{padding-top:133.33333333333%; }img#mv-trellis-img-8{display:block;}img#mv-trellis-img-9::before{padding-top:133.33333333333%; }img#mv-trellis-img-9{display:block;}img#mv-trellis-img-10::before{padding-top:133.33333333333%; }img#mv-trellis-img-10{display:block;}img#mv-trellis-img-11::before{padding-top:133.33333333333%; }img#mv-trellis-img-11{display:block;}img#mv-trellis-img-12::before{padding-top:133.33333333333%; }img#mv-trellis-img-12{display:block;}img#mv-trellis-img-13::before{padding-top:133.33333333333%; }img#mv-trellis-img-13{display:block;}img#mv-trellis-img-14::before{padding-top:133.33333333333%; }img#mv-trellis-img-14{display:block;}img#mv-trellis-img-15::before{padding-top:133.33333333333%; }img#mv-trellis-img-15{display:block;}img#mv-trellis-img-16::before{padding-top:133.33333333333%; }img#mv-trellis-img-16{display:block;}img#mv-trellis-img-17::before{padding-top:133.23308270677%; }img#mv-trellis-img-17{display:block;}img#mv-trellis-img-18::before{padding-top:133.33333333333%; }img#mv-trellis-img-18{display:block;}img#mv-trellis-img-19::before{padding-top:133.33333333333%; }img#mv-trellis-img-19{display:block;}img#mv-trellis-img-20::before{padding-top:75%; }img#mv-trellis-img-20{display:block;}img#mv-trellis-img-21::before{padding-top:75%; }img#mv-trellis-img-21{display:block;}img#mv-trellis-img-22::before{padding-top:133.33333333333%; }img#mv-trellis-img-22{display:block;}img#mv-trellis-img-23::before{padding-top:66.766766766767%; }img#mv-trellis-img-23{display:block;}img#mv-trellis-img-24::before{padding-top:133.33333333333%; }img#mv-trellis-img-24{display:block;}img#mv-trellis-img-25::before{padding-top:133.33333333333%; }img#mv-trellis-img-25{display:block;}img#mv-trellis-img-26::before{padding-top:133.33333333333%; }img#mv-trellis-img-26{display:block;}img#mv-trellis-img-27::before{padding-top:133.33333333333%; }img#mv-trellis-img-27{display:block;}img#mv-trellis-img-28::before{padding-top:75%; }img#mv-trellis-img-28{display:block;}img#mv-trellis-img-29::before{padding-top:133.33333333333%; }img#mv-trellis-img-29{display:block;}img#mv-trellis-img-30::before{padding-top:133.33333333333%; }img#mv-trellis-img-30{display:block;}img#mv-trellis-img-31::before{padding-top:75%; }img#mv-trellis-img-31{display:block;}img#mv-trellis-img-32::before{padding-top:75%; }img#mv-trellis-img-32{display:block;}<\/style><div id=\"ez-toc-container\" class=\"ez-toc-v2_0_82_2 counter-hierarchy ez-toc-counter ez-toc-white ez-toc-container-direction\">\n<p class=\"ez-toc-title\" style=\"cursor:inherit\">Table of Contents<\/p>\n<label for=\"ez-toc-cssicon-toggle-item-69f3046b1424e\" class=\"ez-toc-cssicon-toggle-label\"><span class=\"\"><span class=\"eztoc-hide\" style=\"display:none;\">Toggle<\/span><span class=\"ez-toc-icon-toggle-span\"><svg style=\"fill: #999;color:#999\" xmlns=\"http:\/\/www.w3.org\/2000\/svg\" class=\"list-377408\" width=\"20px\" height=\"20px\" viewbox=\"0 0 24 24\" fill=\"none\"><path d=\"M6 6H4v2h2V6zm14 0H8v2h12V6zM4 11h2v2H4v-2zm16 0H8v2h12v-2zM4 16h2v2H4v-2zm16 0H8v2h12v-2z\" fill=\"currentColor\"><\/path><\/svg><svg style=\"fill: #999;color:#999\" class=\"arrow-unsorted-368013\" xmlns=\"http:\/\/www.w3.org\/2000\/svg\" width=\"10px\" height=\"10px\" viewbox=\"0 0 24 24\" version=\"1.2\" baseprofile=\"tiny\"><path d=\"M18.2 9.3l-6.2-6.3-6.2 6.3c-.2.2-.3.4-.3.7s.1.5.3.7c.2.2.4.3.7.3h11c.3 0 .5-.1.7-.3.2-.2.3-.5.3-.7s-.1-.5-.3-.7zM5.8 14.7l6.2 6.3 6.2-6.3c.2-.2.3-.5.3-.7s-.1-.5-.3-.7c-.2-.2-.4-.3-.7-.3h-11c-.3 0-.5.1-.7.3-.2.2-.3.5-.3.7s.1.5.3.7z\"><\/path><\/svg><\/span><\/span><\/label><input type=\"checkbox\" id=\"ez-toc-cssicon-toggle-item-69f3046b1424e\" checked aria-label=\"Toggle\"><nav><ul class=\"ez-toc-list ez-toc-list-level-1 \"><li class=\"ez-toc-page-1 ez-toc-heading-level-2\"><a class=\"ez-toc-link ez-toc-heading-1\" href=\"https:\/\/www.travelgeekery.com\/cs\/brandnertal-rakousko\/#Nejkrasnejsi_dominanta_Brandertalu_Lunersee\">Nejkr&aacute;sn&#283;j&scaron;&iacute; dominanta Brandertalu: L&uuml;nersee<\/a><\/li><li class=\"ez-toc-page-1 ez-toc-heading-level-2\"><a class=\"ez-toc-link ez-toc-heading-2\" href=\"https:\/\/www.travelgeekery.com\/cs\/brandnertal-rakousko\/#Svezte_se_panoramatickou_lanovkou\">Svezte se panoramatickou lanovkou<\/a><\/li><li class=\"ez-toc-page-1 ez-toc-heading-level-2\"><a class=\"ez-toc-link ez-toc-heading-3\" href=\"https:\/\/www.travelgeekery.com\/cs\/brandnertal-rakousko\/#Doplnte_adrenalin_v_adventure_parku\">Dopl&#328;te adrenalin v&nbsp;adventure parku<\/a><\/li><li class=\"ez-toc-page-1 ez-toc-heading-level-2\"><a class=\"ez-toc-link ez-toc-heading-4\" href=\"https:\/\/www.travelgeekery.com\/cs\/brandnertal-rakousko\/#Protahnete_kosti_na_turach\">Prot&aacute;hn&#283;te kosti na t&uacute;r&aacute;ch<\/a><\/li><li class=\"ez-toc-page-1 ez-toc-heading-level-2\"><a class=\"ez-toc-link ez-toc-heading-5\" href=\"https:\/\/www.travelgeekery.com\/cs\/brandnertal-rakousko\/#Nechte_se_rozmazlovat\">Nechte se rozmazlovat<\/a><\/li><li class=\"ez-toc-page-1 ez-toc-heading-level-2\"><a class=\"ez-toc-link ez-toc-heading-6\" href=\"https:\/\/www.travelgeekery.com\/cs\/brandnertal-rakousko\/#Vesnice_Brand\">Vesnice Brand<\/a><\/li><li class=\"ez-toc-page-1 ez-toc-heading-level-2\"><a class=\"ez-toc-link ez-toc-heading-7\" href=\"https:\/\/www.travelgeekery.com\/cs\/brandnertal-rakousko\/#Dalsi_aktivity_v_Brandu_a_Brandnertalu\">Dal&scaron;&iacute; aktivity v&nbsp;Brandu a Brandnertalu<\/a><ul class=\"ez-toc-list-level-3\"><li class=\"ez-toc-heading-level-3\"><a class=\"ez-toc-link ez-toc-heading-8\" href=\"https:\/\/www.travelgeekery.com\/cs\/brandnertal-rakousko\/#Projedte_se_na_koni\">Proje&#271;te se na koni<\/a><\/li><li class=\"ez-toc-page-1 ez-toc-heading-level-3\"><a class=\"ez-toc-link ez-toc-heading-9\" href=\"https:\/\/www.travelgeekery.com\/cs\/brandnertal-rakousko\/#Bavi_vas_golf\">Bav&iacute; v&aacute;s golf?<\/a><\/li><li class=\"ez-toc-page-1 ez-toc-heading-level-3\"><a class=\"ez-toc-link ez-toc-heading-10\" href=\"https:\/\/www.travelgeekery.com\/cs\/brandnertal-rakousko\/#Zaplavte_si_v_biotopu\">Zaplavte si v&nbsp;biotopu<\/a><\/li><li class=\"ez-toc-page-1 ez-toc-heading-level-3\"><a class=\"ez-toc-link ez-toc-heading-11\" href=\"https:\/\/www.travelgeekery.com\/cs\/brandnertal-rakousko\/#Uzijte_si_poradnou_jizdu_na_horskem_kole\">U&#382;ijte si po&#345;&aacute;dnou j&iacute;zdu na horsk&eacute;m kole<\/a><\/li><li class=\"ez-toc-page-1 ez-toc-heading-level-3\"><a class=\"ez-toc-link ez-toc-heading-12\" href=\"https:\/\/www.travelgeekery.com\/cs\/brandnertal-rakousko\/#Vylezte_na_skalu\">Vylezte na sk&aacute;lu<\/a><\/li><\/ul><\/li><li class=\"ez-toc-page-1 ez-toc-heading-level-2\"><a class=\"ez-toc-link ez-toc-heading-13\" href=\"https:\/\/www.travelgeekery.com\/cs\/brandnertal-rakousko\/#Brandnertal_Rakousko_prakticke_informace\">Brandnertal, Rakousko: praktick&eacute; informace<\/a><ul class=\"ez-toc-list-level-3\"><li class=\"ez-toc-heading-level-3\"><a class=\"ez-toc-link ez-toc-heading-14\" href=\"https:\/\/www.travelgeekery.com\/cs\/brandnertal-rakousko\/#Doprava_v_ramci_Brandnertalu\">Doprava v&nbsp;r&aacute;mci Brandnertalu<\/a><\/li><li class=\"ez-toc-page-1 ez-toc-heading-level-3\"><a class=\"ez-toc-link ez-toc-heading-15\" href=\"https:\/\/www.travelgeekery.com\/cs\/brandnertal-rakousko\/#Jak_se_dostat_do_Brandnertalu\">Jak se dostat do Brandnertalu<\/a><\/li><li class=\"ez-toc-page-1 ez-toc-heading-level-3\"><a class=\"ez-toc-link ez-toc-heading-16\" href=\"https:\/\/www.travelgeekery.com\/cs\/brandnertal-rakousko\/#Kde_se_ubytovat_v_Brandnertalu\">Kde se ubytovat v Brandnertalu<\/a><\/li><\/ul><\/li><\/ul><\/nav><\/div>\n\n<p>Rakousk&yacute; Brandnertal je mo&#382;n&aacute; zahrani&#269;n&iacute;m cestovatel&#367;m pon&#283;kud nezn&aacute;m&yacute;, ale m&iacute;stn&iacute; dobrodruhov&eacute; o kr&aacute;se regionu v&#283;d&iacute; u&#382; d&aacute;vno.<\/p>\n\n\n\n<div style=\"display: none;\"><noscript><img decoding=\"async\" src=\"\/\/www.travelgeekery.com\/wp-content\/uploads\/2019\/02\/100x200.png\" alt=\"\" data-pin-media=\"https:\/\/www.travelgeekery.com\/wp-content\/uploads\/2021\/10\/Brandnertal-Austria_Pinterest.jpg\"><\/noscript><img decoding=\"async\" src=\"data:image\/svg+xml,%3Csvg%20xmlns='http:\/\/www.w3.org\/2000\/svg'%20viewBox='0%200%20300%20300'%3E%3Crect%20width='300'%20height='300'%20style='fill:%23e3e3e3'\/%3E%3C\/svg%3E\" alt=\"\" data-pin-media=\"https:\/\/www.travelgeekery.com\/wp-content\/uploads\/2021\/10\/Brandnertal-Austria_Pinterest.jpg\" data-mvt-skip=\"src\" width=\"300\" height=\"300\" id=\"mv-trellis-img-1\" loading=\"eager\" data-src=\"\/\/www.travelgeekery.com\/wp-content\/uploads\/2019\/02\/100x200.png\" class=\"eager-load\" data-svg=\"1\" data-trellis-processed=\"1\"><\/div>\n\n\n\n<p>D&iacute;ky vysokohorsk&eacute;mu charakteru si Brandnertal dr&#382;&iacute; p&aacute;r es v&nbsp;ruk&aacute;vu a zaru&#269;en&#283; v&aacute;s ohrom&iacute;.<\/p>\n\n\n\n<p>V&yacute;hledy &ndash; jak z&nbsp;&uacute;dol&iacute; nahoru k&nbsp;vrchol&#367;m, tak z&nbsp;hor dol&#367; do &uacute;dol&iacute; &ndash; jsou naprosto skvostn&eacute;. Budete to&#269;it hlavou dokola jako sova, a stejn&#283; nebude mo&#382;n&eacute; pojmout v&scaron;echnu tu kr&aacute;su kolem.<\/p>\n\n\n\n<p>Od brzk&eacute;ho r&aacute;na se tu kr&aacute;vy proch&aacute;zej&iacute; po strm&yacute;ch pastvin&aacute;ch a pln&iacute; vzduch zvon&#283;n&iacute;m sv&yacute;ch zvon&#367;. T&#283;&#382;ko si p&#345;edstavit v&#283;t&scaron;&iacute; idylku.<\/p>\n\n\n\n<figure class=\"wp-block-image size-full\"><a href=\"https:\/\/www.travelgeekery.com\/wp-content\/uploads\/2021\/10\/Brandnertal-Valley.jpg\"><noscript><img loading=\"lazy\" decoding=\"async\" width=\"1000\" height=\"750\" src=\"https:\/\/www.travelgeekery.com\/wp-content\/uploads\/2021\/10\/Brandnertal-Valley.jpg\" alt=\"The valley of Brandnertal in Austria\" class=\"wp-image-12657\" srcset=\"https:\/\/www.travelgeekery.com\/wp-content\/uploads\/2021\/10\/Brandnertal-Valley.jpg 1000w, https:\/\/www.travelgeekery.com\/wp-content\/uploads\/2021\/10\/Brandnertal-Valley-300x225.jpg 300w, https:\/\/www.travelgeekery.com\/wp-content\/uploads\/2021\/10\/Brandnertal-Valley-768x576.jpg 768w, https:\/\/www.travelgeekery.com\/wp-content\/uploads\/2021\/10\/Brandnertal-Valley-720x540.jpg 720w, https:\/\/www.travelgeekery.com\/wp-content\/uploads\/2021\/10\/Brandnertal-Valley-480x360.jpg 480w, https:\/\/www.travelgeekery.com\/wp-content\/uploads\/2021\/10\/Brandnertal-Valley-320x240.jpg 320w, https:\/\/www.travelgeekery.com\/wp-content\/uploads\/2021\/10\/Brandnertal-Valley-735x551.jpg 735w, https:\/\/www.travelgeekery.com\/wp-content\/uploads\/2021\/10\/Brandnertal-Valley-335x251.jpg 335w, https:\/\/www.travelgeekery.com\/wp-content\/uploads\/2021\/10\/Brandnertal-Valley-347x260.jpg 347w, https:\/\/www.travelgeekery.com\/wp-content\/uploads\/2021\/10\/Brandnertal-Valley-520x390.jpg 520w, https:\/\/www.travelgeekery.com\/wp-content\/uploads\/2021\/10\/Brandnertal-Valley-640x480.jpg 640w, https:\/\/www.travelgeekery.com\/wp-content\/uploads\/2021\/10\/Brandnertal-Valley-960x720.jpg 960w, https:\/\/www.travelgeekery.com\/wp-content\/uploads\/2021\/10\/Brandnertal-Valley-150x113.jpg 150w\" sizes=\"auto, (max-width: 760px) calc(100vw - 40px), 720px\" data-pin-media=\"https:\/\/www.travelgeekery.com\/wp-content\/uploads\/2021\/10\/Brandnertal-Valley.jpg\"><\/noscript><img loading=\"lazy\" decoding=\"async\" width=\"1000\" height=\"750\" src=\"https:\/\/www.travelgeekery.com\/wp-content\/uploads\/2021\/10\/Brandnertal-Valley.jpg.webp\" alt=\"The valley of Brandnertal in Austria\" class=\"wp-image-12657 lazyload\" srcset=\"https:\/\/www.travelgeekery.com\/wp-content\/uploads\/2021\/10\/Brandnertal-Valley.jpg.webp 1000w, https:\/\/www.travelgeekery.com\/wp-content\/uploads\/2021\/10\/Brandnertal-Valley-300x225.jpg.webp 300w, https:\/\/www.travelgeekery.com\/wp-content\/uploads\/2021\/10\/Brandnertal-Valley-768x576.jpg.webp 768w, https:\/\/www.travelgeekery.com\/wp-content\/uploads\/2021\/10\/Brandnertal-Valley-720x540.jpg.webp 720w, https:\/\/www.travelgeekery.com\/wp-content\/uploads\/2021\/10\/Brandnertal-Valley-480x360.jpg.webp 480w, https:\/\/www.travelgeekery.com\/wp-content\/uploads\/2021\/10\/Brandnertal-Valley-320x240.jpg.webp 320w, https:\/\/www.travelgeekery.com\/wp-content\/uploads\/2021\/10\/Brandnertal-Valley-735x551.jpg.webp 735w, https:\/\/www.travelgeekery.com\/wp-content\/uploads\/2021\/10\/Brandnertal-Valley-335x251.jpg.webp 335w, https:\/\/www.travelgeekery.com\/wp-content\/uploads\/2021\/10\/Brandnertal-Valley-347x260.jpg.webp 347w, https:\/\/www.travelgeekery.com\/wp-content\/uploads\/2021\/10\/Brandnertal-Valley-520x390.jpg.webp 520w, https:\/\/www.travelgeekery.com\/wp-content\/uploads\/2021\/10\/Brandnertal-Valley-640x480.jpg.webp 640w, https:\/\/www.travelgeekery.com\/wp-content\/uploads\/2021\/10\/Brandnertal-Valley-960x720.jpg.webp 960w, https:\/\/www.travelgeekery.com\/wp-content\/uploads\/2021\/10\/Brandnertal-Valley-150x113.jpg.webp 150w\" sizes=\"auto, (max-width: 760px) calc(100vw - 40px), 720px\" data-pin-media=\"https:\/\/www.travelgeekery.com\/wp-content\/uploads\/2021\/10\/Brandnertal-Valley.jpg\" id=\"mv-trellis-img-2\" data-trellis-processed=\"1\"><\/a><figcaption class=\"wp-element-caption\">Brandnertal, nejkr&aacute;sn&#283;j&scaron;&iacute; &uacute;dol&iacute;, co zn&aacute;m.<\/figcaption><\/figure>\n\n\n\n<p>Brandnertal vlastn&#283; znamen&aacute; &uacute;dol&iacute; vesnice Brand. Zahrnuje malebnou vesni&#269;ku Brand a B&uuml;rserberg or&aacute;movan&eacute;&nbsp; dramatick&yacute;mi horami po obou stran&aacute;ch.<\/p>\n\n\n\n<p>Brandnertal najdete na jihu <a href=\"https:\/\/www.austria.info\/cz\/vyletni-cile\/spolkove-zeme\/vorarlbersko\" target=\"_blank\" rel=\"noreferrer noopener\">Vorarlberska<\/a>, rakousk&eacute; nejz&aacute;padn&#283;j&scaron;&iacute; spolkov&eacute; zem&#283; soused&iacute;c&iacute; se &Scaron;v&yacute;carskem, Lichten&scaron;tejnskem a N&#283;meckem.<\/p>\n\n\n\n<p>Co je na tomhle regionu &uacute;&#382;asn&eacute; je to, jak&eacute; r&#367;znorod&eacute; aktivity se tu daj&iacute; provozovat na relativn&#283; mal&eacute;m kousku zem&#283;. D&iacute;ky tomu je Brandnertal skv&#283;l&yacute; i na prodlou&#382;en&yacute; v&iacute;kend, ale &#269;&iacute;m v&iacute;ce dn&iacute;, t&iacute;m l&eacute;pe.<\/p>\n\n\n\n<p>J&aacute; jsem v&nbsp;Brandnertalu byla v&nbsp;z&aacute;&#345;&iacute;, ale informace v&nbsp;tomto &#269;l&aacute;nku jsou relevantn&iacute; od jara do podzimu.<\/p>\n\n\n\n<p>Co v&scaron;e se v&nbsp;Brandnertalu d&aacute; d&#283;lat? Tak nap&#345;&iacute;klad:<\/p>\n\n\n\n<h2 class=\"wp-block-heading\"><span class=\"ez-toc-section\" id=\"Nejkrasnejsi_dominanta_Brandertalu_Lunersee\"><\/span>Nejkr&aacute;sn&#283;j&scaron;&iacute; dominanta Brandertalu: L&uuml;nersee<span class=\"ez-toc-section-end\"><\/span><\/h2>\n\n\n\n<p>Jestli&#382;e v&aacute;m &uacute;dol&iacute;, nach&aacute;zej&iacute;c&iacute; se 1300 metr&#367; nad mo&#345;em, p&#345;ijde trochu moc n&iacute;zko, p&#345;ekonejte 600 v&yacute;&scaron;kov&yacute;ch metr&#367; k&nbsp;m&iacute;stn&iacute; perle: L&uuml;nersee (1970 m).<\/p>\n\n\n\n<p>V&nbsp;roce 2009 dokonce rakousk&aacute; televizn&iacute; stanice ORF vyhl&aacute;sila L&uuml;nersee nejkr&aacute;sn&#283;j&scaron;&iacute;m m&iacute;stem <a href=\"https:\/\/www.travelgeekery.com\/cs\/category\/destinace\/evropa\/rakousko\/\">Rakouska<\/a>.<\/p>\n\n\n\n<p>Dne&scaron;n&iacute; L&uuml;nersee je n&aacute;dr&#382; pro p&#345;e&#269;erp&aacute;vac&iacute; elektr&aacute;rnu. P&#367;vodn&#283; se v&scaron;ak jednalo o ledovcov&eacute; jezero.<\/p>\n\n\n\n<p>Majest&aacute;tn&iacute; vrcholky obklopuj&iacute; L&uuml;nersee po v&scaron;ech stran&aacute;ch. Vrchol Schesaplana ve tvaru pyramidy je v&nbsp;r&aacute;mci poho&#345;&iacute; R&auml;tikon se sv&yacute;mi 2964 metry nejvy&scaron;&scaron;&iacute;.<\/p>\n\n\n\n<div class=\"wp-block-columns is-layout-flex wp-container-core-columns-is-layout-9d6595d7 wp-block-columns-is-layout-flex\">\n<div class=\"wp-block-column is-layout-flow wp-block-column-is-layout-flow\">\n<figure class=\"wp-block-image size-full\"><a href=\"https:\/\/www.travelgeekery.com\/wp-content\/uploads\/2021\/10\/Luenersee-Turquoise-Lake.jpg\"><noscript><img loading=\"lazy\" decoding=\"async\" width=\"750\" height=\"1000\" src=\"https:\/\/www.travelgeekery.com\/wp-content\/uploads\/2021\/10\/Luenersee-Turquoise-Lake.jpg\" alt=\"Beautiful turquoise glacial lake in Austrian Alps\" class=\"wp-image-12695\" srcset=\"https:\/\/www.travelgeekery.com\/wp-content\/uploads\/2021\/10\/Luenersee-Turquoise-Lake.jpg 750w, https:\/\/www.travelgeekery.com\/wp-content\/uploads\/2021\/10\/Luenersee-Turquoise-Lake-225x300.jpg 225w, https:\/\/www.travelgeekery.com\/wp-content\/uploads\/2021\/10\/Luenersee-Turquoise-Lake-540x720.jpg 540w, https:\/\/www.travelgeekery.com\/wp-content\/uploads\/2021\/10\/Luenersee-Turquoise-Lake-360x480.jpg 360w, https:\/\/www.travelgeekery.com\/wp-content\/uploads\/2021\/10\/Luenersee-Turquoise-Lake-240x320.jpg 240w, https:\/\/www.travelgeekery.com\/wp-content\/uploads\/2021\/10\/Luenersee-Turquoise-Lake-735x980.jpg 735w, https:\/\/www.travelgeekery.com\/wp-content\/uploads\/2021\/10\/Luenersee-Turquoise-Lake-251x335.jpg 251w, https:\/\/www.travelgeekery.com\/wp-content\/uploads\/2021\/10\/Luenersee-Turquoise-Lake-260x347.jpg 260w, https:\/\/www.travelgeekery.com\/wp-content\/uploads\/2021\/10\/Luenersee-Turquoise-Lake-390x520.jpg 390w, https:\/\/www.travelgeekery.com\/wp-content\/uploads\/2021\/10\/Luenersee-Turquoise-Lake-480x640.jpg 480w, https:\/\/www.travelgeekery.com\/wp-content\/uploads\/2021\/10\/Luenersee-Turquoise-Lake-576x768.jpg 576w, https:\/\/www.travelgeekery.com\/wp-content\/uploads\/2021\/10\/Luenersee-Turquoise-Lake-720x960.jpg 720w, https:\/\/www.travelgeekery.com\/wp-content\/uploads\/2021\/10\/Luenersee-Turquoise-Lake-640x853.jpg 640w, https:\/\/www.travelgeekery.com\/wp-content\/uploads\/2021\/10\/Luenersee-Turquoise-Lake-150x200.jpg 150w\" sizes=\"auto, (max-width: 760px) calc(100vw - 40px), 720px\" data-pin-media=\"https:\/\/www.travelgeekery.com\/wp-content\/uploads\/2021\/10\/Luenersee-Turquoise-Lake.jpg\"><\/noscript><img loading=\"lazy\" decoding=\"async\" width=\"750\" height=\"1000\" src=\"https:\/\/www.travelgeekery.com\/wp-content\/uploads\/2021\/10\/Luenersee-Turquoise-Lake.jpg.webp\" alt=\"Beautiful turquoise glacial lake in Austrian Alps\" class=\"wp-image-12695 lazyload\" srcset=\"https:\/\/www.travelgeekery.com\/wp-content\/uploads\/2021\/10\/Luenersee-Turquoise-Lake.jpg.webp 750w, https:\/\/www.travelgeekery.com\/wp-content\/uploads\/2021\/10\/Luenersee-Turquoise-Lake-225x300.jpg.webp 225w, https:\/\/www.travelgeekery.com\/wp-content\/uploads\/2021\/10\/Luenersee-Turquoise-Lake-540x720.jpg.webp 540w, https:\/\/www.travelgeekery.com\/wp-content\/uploads\/2021\/10\/Luenersee-Turquoise-Lake-360x480.jpg.webp 360w, https:\/\/www.travelgeekery.com\/wp-content\/uploads\/2021\/10\/Luenersee-Turquoise-Lake-240x320.jpg.webp 240w, https:\/\/www.travelgeekery.com\/wp-content\/uploads\/2021\/10\/Luenersee-Turquoise-Lake-735x980.jpg.webp 735w, https:\/\/www.travelgeekery.com\/wp-content\/uploads\/2021\/10\/Luenersee-Turquoise-Lake-251x335.jpg.webp 251w, https:\/\/www.travelgeekery.com\/wp-content\/uploads\/2021\/10\/Luenersee-Turquoise-Lake-260x347.jpg.webp 260w, https:\/\/www.travelgeekery.com\/wp-content\/uploads\/2021\/10\/Luenersee-Turquoise-Lake-390x520.jpg.webp 390w, https:\/\/www.travelgeekery.com\/wp-content\/uploads\/2021\/10\/Luenersee-Turquoise-Lake-480x640.jpg.webp 480w, https:\/\/www.travelgeekery.com\/wp-content\/uploads\/2021\/10\/Luenersee-Turquoise-Lake-576x768.jpg.webp 576w, https:\/\/www.travelgeekery.com\/wp-content\/uploads\/2021\/10\/Luenersee-Turquoise-Lake-720x960.jpg.webp 720w, https:\/\/www.travelgeekery.com\/wp-content\/uploads\/2021\/10\/Luenersee-Turquoise-Lake-640x853.jpg.webp 640w, https:\/\/www.travelgeekery.com\/wp-content\/uploads\/2021\/10\/Luenersee-Turquoise-Lake-150x200.jpg.webp 150w\" sizes=\"auto, (max-width: 760px) calc(100vw - 40px), 720px\" data-pin-media=\"https:\/\/www.travelgeekery.com\/wp-content\/uploads\/2021\/10\/Luenersee-Turquoise-Lake.jpg\" id=\"mv-trellis-img-3\" data-trellis-processed=\"1\"><\/a><figcaption class=\"wp-element-caption\">Definice kr&aacute;sy!<\/figcaption><\/figure>\n<\/div>\n\n\n\n<div class=\"wp-block-column is-layout-flow wp-block-column-is-layout-flow\">\n<figure class=\"wp-block-image size-full\"><a href=\"https:\/\/www.travelgeekery.com\/wp-content\/uploads\/2021\/10\/Luenersee-grey-peaks.jpg\"><noscript><img loading=\"lazy\" decoding=\"async\" width=\"750\" height=\"1000\" src=\"https:\/\/www.travelgeekery.com\/wp-content\/uploads\/2021\/10\/Luenersee-grey-peaks.jpg\" alt=\"A hiking path in the Alps\" class=\"wp-image-12687\" srcset=\"https:\/\/www.travelgeekery.com\/wp-content\/uploads\/2021\/10\/Luenersee-grey-peaks.jpg 750w, https:\/\/www.travelgeekery.com\/wp-content\/uploads\/2021\/10\/Luenersee-grey-peaks-225x300.jpg 225w, https:\/\/www.travelgeekery.com\/wp-content\/uploads\/2021\/10\/Luenersee-grey-peaks-540x720.jpg 540w, https:\/\/www.travelgeekery.com\/wp-content\/uploads\/2021\/10\/Luenersee-grey-peaks-360x480.jpg 360w, https:\/\/www.travelgeekery.com\/wp-content\/uploads\/2021\/10\/Luenersee-grey-peaks-240x320.jpg 240w, https:\/\/www.travelgeekery.com\/wp-content\/uploads\/2021\/10\/Luenersee-grey-peaks-735x980.jpg 735w, https:\/\/www.travelgeekery.com\/wp-content\/uploads\/2021\/10\/Luenersee-grey-peaks-251x335.jpg 251w, https:\/\/www.travelgeekery.com\/wp-content\/uploads\/2021\/10\/Luenersee-grey-peaks-260x347.jpg 260w, https:\/\/www.travelgeekery.com\/wp-content\/uploads\/2021\/10\/Luenersee-grey-peaks-390x520.jpg 390w, https:\/\/www.travelgeekery.com\/wp-content\/uploads\/2021\/10\/Luenersee-grey-peaks-480x640.jpg 480w, https:\/\/www.travelgeekery.com\/wp-content\/uploads\/2021\/10\/Luenersee-grey-peaks-576x768.jpg 576w, https:\/\/www.travelgeekery.com\/wp-content\/uploads\/2021\/10\/Luenersee-grey-peaks-720x960.jpg 720w, https:\/\/www.travelgeekery.com\/wp-content\/uploads\/2021\/10\/Luenersee-grey-peaks-640x853.jpg 640w, https:\/\/www.travelgeekery.com\/wp-content\/uploads\/2021\/10\/Luenersee-grey-peaks-150x200.jpg 150w\" sizes=\"auto, (max-width: 760px) calc(100vw - 40px), 720px\" data-pin-media=\"https:\/\/www.travelgeekery.com\/wp-content\/uploads\/2021\/10\/Luenersee-grey-peaks.jpg\"><\/noscript><img loading=\"lazy\" decoding=\"async\" width=\"750\" height=\"1000\" src=\"https:\/\/www.travelgeekery.com\/wp-content\/uploads\/2021\/10\/Luenersee-grey-peaks.jpg.webp\" alt=\"A hiking path in the Alps\" class=\"wp-image-12687 lazyload\" srcset=\"https:\/\/www.travelgeekery.com\/wp-content\/uploads\/2021\/10\/Luenersee-grey-peaks.jpg.webp 750w, https:\/\/www.travelgeekery.com\/wp-content\/uploads\/2021\/10\/Luenersee-grey-peaks-225x300.jpg.webp 225w, https:\/\/www.travelgeekery.com\/wp-content\/uploads\/2021\/10\/Luenersee-grey-peaks-540x720.jpg.webp 540w, https:\/\/www.travelgeekery.com\/wp-content\/uploads\/2021\/10\/Luenersee-grey-peaks-360x480.jpg.webp 360w, https:\/\/www.travelgeekery.com\/wp-content\/uploads\/2021\/10\/Luenersee-grey-peaks-240x320.jpg.webp 240w, https:\/\/www.travelgeekery.com\/wp-content\/uploads\/2021\/10\/Luenersee-grey-peaks-735x980.jpg.webp 735w, https:\/\/www.travelgeekery.com\/wp-content\/uploads\/2021\/10\/Luenersee-grey-peaks-251x335.jpg.webp 251w, https:\/\/www.travelgeekery.com\/wp-content\/uploads\/2021\/10\/Luenersee-grey-peaks-260x347.jpg.webp 260w, https:\/\/www.travelgeekery.com\/wp-content\/uploads\/2021\/10\/Luenersee-grey-peaks-390x520.jpg.webp 390w, https:\/\/www.travelgeekery.com\/wp-content\/uploads\/2021\/10\/Luenersee-grey-peaks-480x640.jpg.webp 480w, https:\/\/www.travelgeekery.com\/wp-content\/uploads\/2021\/10\/Luenersee-grey-peaks-576x768.jpg.webp 576w, https:\/\/www.travelgeekery.com\/wp-content\/uploads\/2021\/10\/Luenersee-grey-peaks-720x960.jpg.webp 720w, https:\/\/www.travelgeekery.com\/wp-content\/uploads\/2021\/10\/Luenersee-grey-peaks-640x853.jpg.webp 640w, https:\/\/www.travelgeekery.com\/wp-content\/uploads\/2021\/10\/Luenersee-grey-peaks-150x200.jpg.webp 150w\" sizes=\"auto, (max-width: 760px) calc(100vw - 40px), 720px\" data-pin-media=\"https:\/\/www.travelgeekery.com\/wp-content\/uploads\/2021\/10\/Luenersee-grey-peaks.jpg\" id=\"mv-trellis-img-4\" data-trellis-processed=\"1\"><\/a><figcaption class=\"wp-element-caption\">Ten nejvy&scaron;&scaron;&iacute; vrcholek je Schesaplana<\/figcaption><\/figure>\n<\/div>\n<\/div>\n\n\n\n<p>Nach&aacute;z&iacute; se tu n&#283;kolik zna&#269;en&yacute;ch stezek a na spoustu vrchol&#367; se tak&eacute; d&aacute; vyl&eacute;zt, v&#269;etn&#283; Schesaplany. Hezk&yacute; p&#345;ehled t&uacute;r z&nbsp;L&uuml;nersee v&#269;etn&#283; mapky najdete <a href=\"https:\/\/www.luenersee.at\/en\/active\/hiking\" target=\"_blank\" rel=\"noreferrer noopener\">zde<\/a>. Od &#345;&iacute;jna je t&#345;eba br&aacute;t v&nbsp;potaz sn&iacute;h &ndash; webkamera je <a href=\"https:\/\/www.luenersee.at\/en\/current-information\" target=\"_blank\" rel=\"noreferrer noopener\">zde<\/a>.<\/p>\n\n\n\n<p>Minim&aacute;ln&#283; byste se m&#283;li proj&iacute;t okolo jezera na okru&#382;n&iacute; stezce, kter&aacute; trv&aacute; cca hodinku a p&#367;l a zvl&aacute;dnou ji v&scaron;ichni &#269;lenov&eacute; rodiny. Pokud ji tedy zrovna nezdob&iacute; sn&#283;hov&aacute; pokr&yacute;vka. V&nbsp;tom p&#345;&iacute;pad&#283; je vhodn&aacute; jen pro zku&scaron;en&eacute;.<\/p>\n\n\n\n<p>J&aacute; jsem se pro&scaron;la pr&aacute;v&#283; jen po cesti&#269;ce kolem L&uuml;nersee, ale m&aacute;lem mi vypadly o&#269;i z&nbsp;d&#367;lk&#367;, jak&aacute; to byla n&aacute;dhera.<\/p>\n\n\n\n<p>Alespo&#328; polovinu &#269;asu jsem str&aacute;vila se zaklon&#283;nou hlavou. Nedalo se jinak. Hol&eacute; &scaron;ediv&eacute; vrcholy se tu ty&#269;&iacute; z&nbsp;p&#345;&aacute;tel&scaron;t&#283;j&scaron;&iacute;ch, tr&aacute;vou porostl&yacute;ch kopc&#367;, jako kdyby se chystaly za&uacute;to&#269;it. P&#345;esto&#382;e ve slune&#269;n&iacute;m svitu vypadaj&iacute; pom&#283;rn&#283; ne&scaron;kodn&#283;, jejich ostr&eacute; hrany tvo&#345;&iacute; zlov&#283;stn&eacute; st&iacute;ny na hladin&#283; jezera. Kameny a balvany odlomen&eacute; ze skal zdob&iacute; okraje stezek jako p&#345;ipom&iacute;nka toho, jak drsn&aacute; a z&aacute;rove&#328; k&#345;ehk&aacute; p&#345;&iacute;roda je.<\/p>\n\n\n\n<div class=\"wp-block-columns is-layout-flex wp-container-core-columns-is-layout-9d6595d7 wp-block-columns-is-layout-flex\">\n<div class=\"wp-block-column is-layout-flow wp-block-column-is-layout-flow\">\n<figure class=\"wp-block-image size-full\"><a href=\"https:\/\/www.travelgeekery.com\/wp-content\/uploads\/2021\/10\/Luenersee-peaks.jpg\"><noscript><img loading=\"lazy\" decoding=\"async\" width=\"750\" height=\"1000\" src=\"https:\/\/www.travelgeekery.com\/wp-content\/uploads\/2021\/10\/Luenersee-peaks.jpg\" alt=\"Dramatic mountain peaks lining lake L&uuml;nersee\" class=\"wp-image-12689\" srcset=\"https:\/\/www.travelgeekery.com\/wp-content\/uploads\/2021\/10\/Luenersee-peaks.jpg 750w, https:\/\/www.travelgeekery.com\/wp-content\/uploads\/2021\/10\/Luenersee-peaks-225x300.jpg 225w, https:\/\/www.travelgeekery.com\/wp-content\/uploads\/2021\/10\/Luenersee-peaks-540x720.jpg 540w, https:\/\/www.travelgeekery.com\/wp-content\/uploads\/2021\/10\/Luenersee-peaks-360x480.jpg 360w, https:\/\/www.travelgeekery.com\/wp-content\/uploads\/2021\/10\/Luenersee-peaks-240x320.jpg 240w, https:\/\/www.travelgeekery.com\/wp-content\/uploads\/2021\/10\/Luenersee-peaks-735x980.jpg 735w, https:\/\/www.travelgeekery.com\/wp-content\/uploads\/2021\/10\/Luenersee-peaks-251x335.jpg 251w, https:\/\/www.travelgeekery.com\/wp-content\/uploads\/2021\/10\/Luenersee-peaks-260x347.jpg 260w, https:\/\/www.travelgeekery.com\/wp-content\/uploads\/2021\/10\/Luenersee-peaks-390x520.jpg 390w, https:\/\/www.travelgeekery.com\/wp-content\/uploads\/2021\/10\/Luenersee-peaks-480x640.jpg 480w, https:\/\/www.travelgeekery.com\/wp-content\/uploads\/2021\/10\/Luenersee-peaks-576x768.jpg 576w, https:\/\/www.travelgeekery.com\/wp-content\/uploads\/2021\/10\/Luenersee-peaks-720x960.jpg 720w, https:\/\/www.travelgeekery.com\/wp-content\/uploads\/2021\/10\/Luenersee-peaks-640x853.jpg 640w, https:\/\/www.travelgeekery.com\/wp-content\/uploads\/2021\/10\/Luenersee-peaks-150x200.jpg 150w\" sizes=\"auto, (max-width: 760px) calc(100vw - 40px), 720px\" data-pin-media=\"https:\/\/www.travelgeekery.com\/wp-content\/uploads\/2021\/10\/Luenersee-peaks.jpg\"><\/noscript><img loading=\"lazy\" decoding=\"async\" width=\"750\" height=\"1000\" src=\"https:\/\/www.travelgeekery.com\/wp-content\/uploads\/2021\/10\/Luenersee-peaks.jpg.webp\" alt=\"Dramatic mountain peaks lining lake L&uuml;nersee\" class=\"wp-image-12689 lazyload\" srcset=\"https:\/\/www.travelgeekery.com\/wp-content\/uploads\/2021\/10\/Luenersee-peaks.jpg.webp 750w, https:\/\/www.travelgeekery.com\/wp-content\/uploads\/2021\/10\/Luenersee-peaks-225x300.jpg.webp 225w, https:\/\/www.travelgeekery.com\/wp-content\/uploads\/2021\/10\/Luenersee-peaks-540x720.jpg.webp 540w, https:\/\/www.travelgeekery.com\/wp-content\/uploads\/2021\/10\/Luenersee-peaks-360x480.jpg.webp 360w, https:\/\/www.travelgeekery.com\/wp-content\/uploads\/2021\/10\/Luenersee-peaks-240x320.jpg.webp 240w, https:\/\/www.travelgeekery.com\/wp-content\/uploads\/2021\/10\/Luenersee-peaks-735x980.jpg.webp 735w, https:\/\/www.travelgeekery.com\/wp-content\/uploads\/2021\/10\/Luenersee-peaks-251x335.jpg.webp 251w, https:\/\/www.travelgeekery.com\/wp-content\/uploads\/2021\/10\/Luenersee-peaks-260x347.jpg.webp 260w, https:\/\/www.travelgeekery.com\/wp-content\/uploads\/2021\/10\/Luenersee-peaks-390x520.jpg.webp 390w, https:\/\/www.travelgeekery.com\/wp-content\/uploads\/2021\/10\/Luenersee-peaks-480x640.jpg.webp 480w, https:\/\/www.travelgeekery.com\/wp-content\/uploads\/2021\/10\/Luenersee-peaks-576x768.jpg.webp 576w, https:\/\/www.travelgeekery.com\/wp-content\/uploads\/2021\/10\/Luenersee-peaks-720x960.jpg.webp 720w, https:\/\/www.travelgeekery.com\/wp-content\/uploads\/2021\/10\/Luenersee-peaks-640x853.jpg.webp 640w, https:\/\/www.travelgeekery.com\/wp-content\/uploads\/2021\/10\/Luenersee-peaks-150x200.jpg.webp 150w\" sizes=\"auto, (max-width: 760px) calc(100vw - 40px), 720px\" data-pin-media=\"https:\/\/www.travelgeekery.com\/wp-content\/uploads\/2021\/10\/Luenersee-peaks.jpg\" id=\"mv-trellis-img-5\" data-trellis-processed=\"1\"><\/a><figcaption class=\"wp-element-caption\">Zdaj&iacute; se v&aacute;m ty vrcholy taky tak dramatick&eacute;?<\/figcaption><\/figure>\n<\/div>\n\n\n\n<div class=\"wp-block-column is-layout-flow wp-block-column-is-layout-flow\">\n<figure class=\"wp-block-image size-full\"><a href=\"https:\/\/www.travelgeekery.com\/wp-content\/uploads\/2021\/10\/Luenersee-boulders.jpg\"><noscript><img loading=\"lazy\" decoding=\"async\" width=\"750\" height=\"1000\" src=\"https:\/\/www.travelgeekery.com\/wp-content\/uploads\/2021\/10\/Luenersee-boulders.jpg\" alt=\"Landscapes around L&uuml;nersee Vorarlberg Austria\" class=\"wp-image-12685\" srcset=\"https:\/\/www.travelgeekery.com\/wp-content\/uploads\/2021\/10\/Luenersee-boulders.jpg 750w, https:\/\/www.travelgeekery.com\/wp-content\/uploads\/2021\/10\/Luenersee-boulders-225x300.jpg 225w, https:\/\/www.travelgeekery.com\/wp-content\/uploads\/2021\/10\/Luenersee-boulders-540x720.jpg 540w, https:\/\/www.travelgeekery.com\/wp-content\/uploads\/2021\/10\/Luenersee-boulders-360x480.jpg 360w, https:\/\/www.travelgeekery.com\/wp-content\/uploads\/2021\/10\/Luenersee-boulders-240x320.jpg 240w, https:\/\/www.travelgeekery.com\/wp-content\/uploads\/2021\/10\/Luenersee-boulders-735x980.jpg 735w, https:\/\/www.travelgeekery.com\/wp-content\/uploads\/2021\/10\/Luenersee-boulders-251x335.jpg 251w, https:\/\/www.travelgeekery.com\/wp-content\/uploads\/2021\/10\/Luenersee-boulders-260x347.jpg 260w, https:\/\/www.travelgeekery.com\/wp-content\/uploads\/2021\/10\/Luenersee-boulders-390x520.jpg 390w, https:\/\/www.travelgeekery.com\/wp-content\/uploads\/2021\/10\/Luenersee-boulders-480x640.jpg 480w, https:\/\/www.travelgeekery.com\/wp-content\/uploads\/2021\/10\/Luenersee-boulders-576x768.jpg 576w, https:\/\/www.travelgeekery.com\/wp-content\/uploads\/2021\/10\/Luenersee-boulders-720x960.jpg 720w, https:\/\/www.travelgeekery.com\/wp-content\/uploads\/2021\/10\/Luenersee-boulders-640x853.jpg 640w, https:\/\/www.travelgeekery.com\/wp-content\/uploads\/2021\/10\/Luenersee-boulders-150x200.jpg 150w\" sizes=\"auto, (max-width: 760px) calc(100vw - 40px), 720px\" data-pin-media=\"https:\/\/www.travelgeekery.com\/wp-content\/uploads\/2021\/10\/Luenersee-boulders.jpg\"><\/noscript><img loading=\"lazy\" decoding=\"async\" width=\"750\" height=\"1000\" src=\"https:\/\/www.travelgeekery.com\/wp-content\/uploads\/2021\/10\/Luenersee-boulders.jpg.webp\" alt=\"Landscapes around L&uuml;nersee Vorarlberg Austria\" class=\"wp-image-12685 lazyload\" srcset=\"https:\/\/www.travelgeekery.com\/wp-content\/uploads\/2021\/10\/Luenersee-boulders.jpg.webp 750w, https:\/\/www.travelgeekery.com\/wp-content\/uploads\/2021\/10\/Luenersee-boulders-225x300.jpg.webp 225w, https:\/\/www.travelgeekery.com\/wp-content\/uploads\/2021\/10\/Luenersee-boulders-540x720.jpg.webp 540w, https:\/\/www.travelgeekery.com\/wp-content\/uploads\/2021\/10\/Luenersee-boulders-360x480.jpg.webp 360w, https:\/\/www.travelgeekery.com\/wp-content\/uploads\/2021\/10\/Luenersee-boulders-240x320.jpg.webp 240w, https:\/\/www.travelgeekery.com\/wp-content\/uploads\/2021\/10\/Luenersee-boulders-735x980.jpg.webp 735w, https:\/\/www.travelgeekery.com\/wp-content\/uploads\/2021\/10\/Luenersee-boulders-251x335.jpg.webp 251w, https:\/\/www.travelgeekery.com\/wp-content\/uploads\/2021\/10\/Luenersee-boulders-260x347.jpg.webp 260w, https:\/\/www.travelgeekery.com\/wp-content\/uploads\/2021\/10\/Luenersee-boulders-390x520.jpg.webp 390w, https:\/\/www.travelgeekery.com\/wp-content\/uploads\/2021\/10\/Luenersee-boulders-480x640.jpg.webp 480w, https:\/\/www.travelgeekery.com\/wp-content\/uploads\/2021\/10\/Luenersee-boulders-576x768.jpg.webp 576w, https:\/\/www.travelgeekery.com\/wp-content\/uploads\/2021\/10\/Luenersee-boulders-720x960.jpg.webp 720w, https:\/\/www.travelgeekery.com\/wp-content\/uploads\/2021\/10\/Luenersee-boulders-640x853.jpg.webp 640w, https:\/\/www.travelgeekery.com\/wp-content\/uploads\/2021\/10\/Luenersee-boulders-150x200.jpg.webp 150w\" sizes=\"auto, (max-width: 760px) calc(100vw - 40px), 720px\" data-pin-media=\"https:\/\/www.travelgeekery.com\/wp-content\/uploads\/2021\/10\/Luenersee-boulders.jpg\" id=\"mv-trellis-img-6\" data-trellis-processed=\"1\"><\/a><figcaption class=\"wp-element-caption\">Velkou &#269;&aacute;st stezek okolo L&uuml;nersee lemuj&iacute; odlomen&eacute; kameny.<\/figcaption><\/figure>\n<\/div>\n<\/div>\n\n\n\n<p>A pak jsou tu nezbytn&eacute; pohledy m&iacute;&#345;en&eacute; k&nbsp;jezeru. Slune&#269;n&iacute; paprsky a &uacute;hel pohledu m&#283;n&iacute; jeho barvu. Ob&#269;as je hladina smrteln&#283; klidn&aacute;, jako by byla vyroben&aacute; ze skla, jindy ji roz&#269;e&#345;&iacute; jemn&eacute; vlnky a prou&#382;ky b&iacute;l&eacute; z&#269;e&#345;en&eacute; vody ji p&#345;ivedou k&nbsp;&#382;ivotu stejn&#283; jako pstruh, kter&yacute; zrovna ploutv&iacute; roz&#269;&iacute;sl hladinu.<\/p>\n\n\n\n<p>I b&#345;eh jezera stoj&iacute; za pozornost &ndash; kv&#367;li &#269;asto se m&#283;n&iacute;c&iacute; v&yacute;&scaron;ce vody je po cel&eacute; d&eacute;lce zvr&aacute;sn&#283;n&yacute; a sv&yacute;m vzhledem p&#345;ipom&iacute;n&aacute; usazeniny soli na b&#345;ehu <a href=\"https:\/\/www.travelgeekery.com\/cs\/masada-mrtve-more-izrael\/\">Mrtv&eacute;ho mo&#345;e<\/a>.<\/p>\n\n\n\n<p>Cesti&#269;ka vede nad jezerem a z&nbsp;jej&iacute; &uacute;rovn&#283; jsou to n&#283;kdy k&nbsp;jezeru docela sr&aacute;zy. P&#345;esn&#283; v&nbsp;polovin&#283; se ale nach&aacute;z&iacute; pl&aacute;cek hojn&#283; vyu&#382;&iacute;van&yacute; ryb&aacute;&#345;i, kde m&#367;&#382;ete pohodln&#283; sej&iacute;t a zbl&iacute;zka se pod&iacute;vat, jak n&aacute;dhern&#283; &#269;ist&aacute; a pr&#367;hledn&aacute; je tu voda. Koup&aacute;n&iacute; je zak&aacute;z&aacute;no.<\/p>\n\n\n\n<p>Oblast kolem jezera je bohat&aacute; na alpsk&eacute; druhy rostlin jako v&#345;es, horsk&eacute; borovice v&#269;etn&#283; lok&aacute;ln&iacute;ho endemitu zvan&eacute;ho Spirke (<em>Pinus uncinata<\/em>), kle&#269;e, ke&#345;e a vysokohorsk&eacute; kv&iacute;t&iacute;.<\/p>\n\n\n\n<div class=\"wp-block-columns is-layout-flex wp-container-core-columns-is-layout-9d6595d7 wp-block-columns-is-layout-flex\">\n<div class=\"wp-block-column is-layout-flow wp-block-column-is-layout-flow\">\n<figure class=\"wp-block-image size-full\"><a href=\"https:\/\/www.travelgeekery.com\/wp-content\/uploads\/2021\/10\/Luenersee-and-Veronika.jpg\"><noscript><img loading=\"lazy\" decoding=\"async\" width=\"750\" height=\"1000\" src=\"https:\/\/www.travelgeekery.com\/wp-content\/uploads\/2021\/10\/Luenersee-and-Veronika.jpg\" alt=\"Veronika from TravelGeekery watching the turquoise lake L&uuml;nersee\" class=\"wp-image-12683\" srcset=\"https:\/\/www.travelgeekery.com\/wp-content\/uploads\/2021\/10\/Luenersee-and-Veronika.jpg 750w, https:\/\/www.travelgeekery.com\/wp-content\/uploads\/2021\/10\/Luenersee-and-Veronika-225x300.jpg 225w, https:\/\/www.travelgeekery.com\/wp-content\/uploads\/2021\/10\/Luenersee-and-Veronika-540x720.jpg 540w, https:\/\/www.travelgeekery.com\/wp-content\/uploads\/2021\/10\/Luenersee-and-Veronika-360x480.jpg 360w, https:\/\/www.travelgeekery.com\/wp-content\/uploads\/2021\/10\/Luenersee-and-Veronika-240x320.jpg 240w, https:\/\/www.travelgeekery.com\/wp-content\/uploads\/2021\/10\/Luenersee-and-Veronika-735x980.jpg 735w, https:\/\/www.travelgeekery.com\/wp-content\/uploads\/2021\/10\/Luenersee-and-Veronika-251x335.jpg 251w, https:\/\/www.travelgeekery.com\/wp-content\/uploads\/2021\/10\/Luenersee-and-Veronika-260x347.jpg 260w, https:\/\/www.travelgeekery.com\/wp-content\/uploads\/2021\/10\/Luenersee-and-Veronika-390x520.jpg 390w, https:\/\/www.travelgeekery.com\/wp-content\/uploads\/2021\/10\/Luenersee-and-Veronika-480x640.jpg 480w, https:\/\/www.travelgeekery.com\/wp-content\/uploads\/2021\/10\/Luenersee-and-Veronika-576x768.jpg 576w, https:\/\/www.travelgeekery.com\/wp-content\/uploads\/2021\/10\/Luenersee-and-Veronika-720x960.jpg 720w, https:\/\/www.travelgeekery.com\/wp-content\/uploads\/2021\/10\/Luenersee-and-Veronika-640x853.jpg 640w, https:\/\/www.travelgeekery.com\/wp-content\/uploads\/2021\/10\/Luenersee-and-Veronika-150x200.jpg 150w\" sizes=\"auto, (max-width: 760px) calc(100vw - 40px), 720px\" data-pin-media=\"https:\/\/www.travelgeekery.com\/wp-content\/uploads\/2021\/10\/Luenersee-and-Veronika.jpg\"><\/noscript><img loading=\"lazy\" decoding=\"async\" width=\"750\" height=\"1000\" src=\"https:\/\/www.travelgeekery.com\/wp-content\/uploads\/2021\/10\/Luenersee-and-Veronika.jpg.webp\" alt=\"Veronika from TravelGeekery watching the turquoise lake L&uuml;nersee\" class=\"wp-image-12683 lazyload\" srcset=\"https:\/\/www.travelgeekery.com\/wp-content\/uploads\/2021\/10\/Luenersee-and-Veronika.jpg.webp 750w, https:\/\/www.travelgeekery.com\/wp-content\/uploads\/2021\/10\/Luenersee-and-Veronika-225x300.jpg.webp 225w, https:\/\/www.travelgeekery.com\/wp-content\/uploads\/2021\/10\/Luenersee-and-Veronika-540x720.jpg.webp 540w, https:\/\/www.travelgeekery.com\/wp-content\/uploads\/2021\/10\/Luenersee-and-Veronika-360x480.jpg.webp 360w, https:\/\/www.travelgeekery.com\/wp-content\/uploads\/2021\/10\/Luenersee-and-Veronika-240x320.jpg.webp 240w, https:\/\/www.travelgeekery.com\/wp-content\/uploads\/2021\/10\/Luenersee-and-Veronika-735x980.jpg.webp 735w, https:\/\/www.travelgeekery.com\/wp-content\/uploads\/2021\/10\/Luenersee-and-Veronika-251x335.jpg.webp 251w, https:\/\/www.travelgeekery.com\/wp-content\/uploads\/2021\/10\/Luenersee-and-Veronika-260x347.jpg.webp 260w, https:\/\/www.travelgeekery.com\/wp-content\/uploads\/2021\/10\/Luenersee-and-Veronika-390x520.jpg.webp 390w, https:\/\/www.travelgeekery.com\/wp-content\/uploads\/2021\/10\/Luenersee-and-Veronika-480x640.jpg.webp 480w, https:\/\/www.travelgeekery.com\/wp-content\/uploads\/2021\/10\/Luenersee-and-Veronika-576x768.jpg.webp 576w, https:\/\/www.travelgeekery.com\/wp-content\/uploads\/2021\/10\/Luenersee-and-Veronika-720x960.jpg.webp 720w, https:\/\/www.travelgeekery.com\/wp-content\/uploads\/2021\/10\/Luenersee-and-Veronika-640x853.jpg.webp 640w, https:\/\/www.travelgeekery.com\/wp-content\/uploads\/2021\/10\/Luenersee-and-Veronika-150x200.jpg.webp 150w\" sizes=\"auto, (max-width: 760px) calc(100vw - 40px), 720px\" data-pin-media=\"https:\/\/www.travelgeekery.com\/wp-content\/uploads\/2021\/10\/Luenersee-and-Veronika.jpg\" id=\"mv-trellis-img-7\" data-trellis-processed=\"1\"><\/a><figcaption class=\"wp-element-caption\">Z&iacute;r&aacute;n&iacute; povoleno!<\/figcaption><\/figure>\n<\/div>\n\n\n\n<div class=\"wp-block-column is-layout-flow wp-block-column-is-layout-flow\">\n<figure class=\"wp-block-image size-full\"><a href=\"https:\/\/www.travelgeekery.com\/wp-content\/uploads\/2021\/10\/Luenersee-plants.jpg\"><noscript><img loading=\"lazy\" decoding=\"async\" width=\"750\" height=\"1000\" src=\"https:\/\/www.travelgeekery.com\/wp-content\/uploads\/2021\/10\/Luenersee-plants.jpg\" alt=\"Plants growing around an Alpine lake\" class=\"wp-image-12691\" srcset=\"https:\/\/www.travelgeekery.com\/wp-content\/uploads\/2021\/10\/Luenersee-plants.jpg 750w, https:\/\/www.travelgeekery.com\/wp-content\/uploads\/2021\/10\/Luenersee-plants-225x300.jpg 225w, https:\/\/www.travelgeekery.com\/wp-content\/uploads\/2021\/10\/Luenersee-plants-540x720.jpg 540w, https:\/\/www.travelgeekery.com\/wp-content\/uploads\/2021\/10\/Luenersee-plants-360x480.jpg 360w, https:\/\/www.travelgeekery.com\/wp-content\/uploads\/2021\/10\/Luenersee-plants-240x320.jpg 240w, https:\/\/www.travelgeekery.com\/wp-content\/uploads\/2021\/10\/Luenersee-plants-735x980.jpg 735w, https:\/\/www.travelgeekery.com\/wp-content\/uploads\/2021\/10\/Luenersee-plants-251x335.jpg 251w, https:\/\/www.travelgeekery.com\/wp-content\/uploads\/2021\/10\/Luenersee-plants-260x347.jpg 260w, https:\/\/www.travelgeekery.com\/wp-content\/uploads\/2021\/10\/Luenersee-plants-390x520.jpg 390w, https:\/\/www.travelgeekery.com\/wp-content\/uploads\/2021\/10\/Luenersee-plants-480x640.jpg 480w, https:\/\/www.travelgeekery.com\/wp-content\/uploads\/2021\/10\/Luenersee-plants-576x768.jpg 576w, https:\/\/www.travelgeekery.com\/wp-content\/uploads\/2021\/10\/Luenersee-plants-720x960.jpg 720w, https:\/\/www.travelgeekery.com\/wp-content\/uploads\/2021\/10\/Luenersee-plants-640x853.jpg 640w, https:\/\/www.travelgeekery.com\/wp-content\/uploads\/2021\/10\/Luenersee-plants-150x200.jpg 150w\" sizes=\"auto, (max-width: 760px) calc(100vw - 40px), 720px\" data-pin-media=\"https:\/\/www.travelgeekery.com\/wp-content\/uploads\/2021\/10\/Luenersee-plants.jpg\"><\/noscript><img loading=\"lazy\" decoding=\"async\" width=\"750\" height=\"1000\" src=\"https:\/\/www.travelgeekery.com\/wp-content\/uploads\/2021\/10\/Luenersee-plants.jpg.webp\" alt=\"Plants growing around an Alpine lake\" class=\"wp-image-12691 lazyload\" srcset=\"https:\/\/www.travelgeekery.com\/wp-content\/uploads\/2021\/10\/Luenersee-plants.jpg.webp 750w, https:\/\/www.travelgeekery.com\/wp-content\/uploads\/2021\/10\/Luenersee-plants-225x300.jpg.webp 225w, https:\/\/www.travelgeekery.com\/wp-content\/uploads\/2021\/10\/Luenersee-plants-540x720.jpg.webp 540w, https:\/\/www.travelgeekery.com\/wp-content\/uploads\/2021\/10\/Luenersee-plants-360x480.jpg.webp 360w, https:\/\/www.travelgeekery.com\/wp-content\/uploads\/2021\/10\/Luenersee-plants-240x320.jpg.webp 240w, https:\/\/www.travelgeekery.com\/wp-content\/uploads\/2021\/10\/Luenersee-plants-735x980.jpg.webp 735w, https:\/\/www.travelgeekery.com\/wp-content\/uploads\/2021\/10\/Luenersee-plants-251x335.jpg.webp 251w, https:\/\/www.travelgeekery.com\/wp-content\/uploads\/2021\/10\/Luenersee-plants-260x347.jpg.webp 260w, https:\/\/www.travelgeekery.com\/wp-content\/uploads\/2021\/10\/Luenersee-plants-390x520.jpg.webp 390w, https:\/\/www.travelgeekery.com\/wp-content\/uploads\/2021\/10\/Luenersee-plants-480x640.jpg.webp 480w, https:\/\/www.travelgeekery.com\/wp-content\/uploads\/2021\/10\/Luenersee-plants-576x768.jpg.webp 576w, https:\/\/www.travelgeekery.com\/wp-content\/uploads\/2021\/10\/Luenersee-plants-720x960.jpg.webp 720w, https:\/\/www.travelgeekery.com\/wp-content\/uploads\/2021\/10\/Luenersee-plants-640x853.jpg.webp 640w, https:\/\/www.travelgeekery.com\/wp-content\/uploads\/2021\/10\/Luenersee-plants-150x200.jpg.webp 150w\" sizes=\"auto, (max-width: 760px) calc(100vw - 40px), 720px\" data-pin-media=\"https:\/\/www.travelgeekery.com\/wp-content\/uploads\/2021\/10\/Luenersee-plants.jpg\" id=\"mv-trellis-img-8\" data-trellis-processed=\"1\"><\/a><figcaption class=\"wp-element-caption\">Sv&#283;&#382;&iacute; L&uuml;nersee, neust&aacute;le m&#283;n&iacute;c&iacute; barvu.<\/figcaption><\/figure>\n\n\n\n<p><\/p>\n<\/div>\n\n\n\n<div class=\"wp-block-column is-layout-flow wp-block-column-is-layout-flow\">\n<figure class=\"wp-block-image size-full\"><a href=\"https:\/\/www.travelgeekery.com\/wp-content\/uploads\/2021\/10\/Luenersee-Shoreline.jpg\"><noscript><img loading=\"lazy\" decoding=\"async\" width=\"750\" height=\"1000\" src=\"https:\/\/www.travelgeekery.com\/wp-content\/uploads\/2021\/10\/Luenersee-Shoreline.jpg\" alt=\"Wrinkled shoreline of an alpine lake\" class=\"wp-image-12692\" srcset=\"https:\/\/www.travelgeekery.com\/wp-content\/uploads\/2021\/10\/Luenersee-Shoreline.jpg 750w, https:\/\/www.travelgeekery.com\/wp-content\/uploads\/2021\/10\/Luenersee-Shoreline-225x300.jpg 225w, https:\/\/www.travelgeekery.com\/wp-content\/uploads\/2021\/10\/Luenersee-Shoreline-540x720.jpg 540w, https:\/\/www.travelgeekery.com\/wp-content\/uploads\/2021\/10\/Luenersee-Shoreline-360x480.jpg 360w, https:\/\/www.travelgeekery.com\/wp-content\/uploads\/2021\/10\/Luenersee-Shoreline-240x320.jpg 240w, https:\/\/www.travelgeekery.com\/wp-content\/uploads\/2021\/10\/Luenersee-Shoreline-735x980.jpg 735w, https:\/\/www.travelgeekery.com\/wp-content\/uploads\/2021\/10\/Luenersee-Shoreline-251x335.jpg 251w, https:\/\/www.travelgeekery.com\/wp-content\/uploads\/2021\/10\/Luenersee-Shoreline-260x347.jpg 260w, https:\/\/www.travelgeekery.com\/wp-content\/uploads\/2021\/10\/Luenersee-Shoreline-390x520.jpg 390w, https:\/\/www.travelgeekery.com\/wp-content\/uploads\/2021\/10\/Luenersee-Shoreline-480x640.jpg 480w, https:\/\/www.travelgeekery.com\/wp-content\/uploads\/2021\/10\/Luenersee-Shoreline-576x768.jpg 576w, https:\/\/www.travelgeekery.com\/wp-content\/uploads\/2021\/10\/Luenersee-Shoreline-720x960.jpg 720w, https:\/\/www.travelgeekery.com\/wp-content\/uploads\/2021\/10\/Luenersee-Shoreline-640x853.jpg 640w, https:\/\/www.travelgeekery.com\/wp-content\/uploads\/2021\/10\/Luenersee-Shoreline-150x200.jpg 150w\" sizes=\"auto, (max-width: 760px) calc(100vw - 40px), 720px\" data-pin-media=\"https:\/\/www.travelgeekery.com\/wp-content\/uploads\/2021\/10\/Luenersee-Shoreline.jpg\"><\/noscript><img loading=\"lazy\" decoding=\"async\" width=\"750\" height=\"1000\" src=\"https:\/\/www.travelgeekery.com\/wp-content\/uploads\/2021\/10\/Luenersee-Shoreline.jpg.webp\" alt=\"Wrinkled shoreline of an alpine lake\" class=\"wp-image-12692 lazyload\" srcset=\"https:\/\/www.travelgeekery.com\/wp-content\/uploads\/2021\/10\/Luenersee-Shoreline.jpg.webp 750w, https:\/\/www.travelgeekery.com\/wp-content\/uploads\/2021\/10\/Luenersee-Shoreline-225x300.jpg.webp 225w, https:\/\/www.travelgeekery.com\/wp-content\/uploads\/2021\/10\/Luenersee-Shoreline-540x720.jpg.webp 540w, https:\/\/www.travelgeekery.com\/wp-content\/uploads\/2021\/10\/Luenersee-Shoreline-360x480.jpg.webp 360w, https:\/\/www.travelgeekery.com\/wp-content\/uploads\/2021\/10\/Luenersee-Shoreline-240x320.jpg.webp 240w, https:\/\/www.travelgeekery.com\/wp-content\/uploads\/2021\/10\/Luenersee-Shoreline-735x980.jpg.webp 735w, https:\/\/www.travelgeekery.com\/wp-content\/uploads\/2021\/10\/Luenersee-Shoreline-251x335.jpg.webp 251w, https:\/\/www.travelgeekery.com\/wp-content\/uploads\/2021\/10\/Luenersee-Shoreline-260x347.jpg.webp 260w, https:\/\/www.travelgeekery.com\/wp-content\/uploads\/2021\/10\/Luenersee-Shoreline-390x520.jpg.webp 390w, https:\/\/www.travelgeekery.com\/wp-content\/uploads\/2021\/10\/Luenersee-Shoreline-480x640.jpg.webp 480w, https:\/\/www.travelgeekery.com\/wp-content\/uploads\/2021\/10\/Luenersee-Shoreline-576x768.jpg.webp 576w, https:\/\/www.travelgeekery.com\/wp-content\/uploads\/2021\/10\/Luenersee-Shoreline-720x960.jpg.webp 720w, https:\/\/www.travelgeekery.com\/wp-content\/uploads\/2021\/10\/Luenersee-Shoreline-640x853.jpg.webp 640w, https:\/\/www.travelgeekery.com\/wp-content\/uploads\/2021\/10\/Luenersee-Shoreline-150x200.jpg.webp 150w\" sizes=\"auto, (max-width: 760px) calc(100vw - 40px), 720px\" data-pin-media=\"https:\/\/www.travelgeekery.com\/wp-content\/uploads\/2021\/10\/Luenersee-Shoreline.jpg\" id=\"mv-trellis-img-9\" data-trellis-processed=\"1\"><\/a><figcaption class=\"wp-element-caption\">Zvr&aacute;sn&#283;n&yacute; b&#345;eh jezera L&uuml;nersee.<\/figcaption><\/figure>\n<\/div>\n<\/div>\n\n\n\n<p>P&#345;esto&#382;e enormn&iacute; vrcholy vypadaj&iacute;, jako by v&aacute;s ochr&aacute;nily p&#345;ed lec&#269;&iacute;m, ve v&#283;trn&eacute; dny se to tu slu&scaron;n&#283; op&iacute;r&aacute;. Od &#345;&iacute;jna je &#269;ast&eacute; sn&#283;&#382;en&iacute;.<\/p>\n\n\n\n<p>Chata na b&#345;ehu jezera byla postavena v&nbsp;roce 1871. Podle jej&iacute;ho stavitele se j&iacute; &#345;&iacute;k&aacute; Douglash&uuml;tte. M&#367;&#382;ete tu dokonce i p&#345;espat, kapacita sah&aacute; k&nbsp;150 host&#367;m.<\/p>\n\n\n\n<p>Ale nen&iacute; to nutn&eacute;, zejm&eacute;na nepl&aacute;nujete-li del&scaron;&iacute; a n&aacute;ro&#269;n&#283;j&scaron;&iacute; t&uacute;ry v&nbsp;okol&iacute;. Pro v&scaron;echny v&yacute;letn&iacute;ky Douglash&uuml;tte slou&#382;&iacute; jako skv&#283;l&eacute; m&iacute;sto k&nbsp;zastaven&iacute; na dobr&eacute; j&iacute;dlo a pit&iacute;. Na j&iacute;deln&iacute;&#269;ku maj&iacute; i filety ze pstruha chycen&eacute;ho v&nbsp;L&uuml;nersee.<\/p>\n\n\n\n<p>Chata je otev&#345;en&aacute; od kv&#283;tna do &#345;&iacute;jna. <\/p>\n\n\n\n<p>Lanovka k&nbsp;L&uuml;nersee &ndash; L&uuml;nerseebahn &ndash; je v&nbsp;provozu tak&eacute; od kv&#283;tna do &#345;&iacute;jna. &nbsp;<a href=\"https:\/\/www.luenersee.at\/en\/service-prices\/opening-times\" target=\"_blank\" rel=\"noreferrer noopener\">Tady<\/a> najdete aktu&aacute;ln&iacute; provozn&iacute; dobu.<\/p>\n\n\n\n<p>L&uuml;nerseebahn se spol&eacute;h&aacute; na modern&iacute; &scaron;pi&#269;kov&eacute; stroj&iacute;renstv&iacute;. Aktu&aacute;ln&iacute; verze lanovky b&#283;&#382;&iacute; od roku 2020. Star&scaron;&iacute; lanovka tu p&#345;edt&iacute;m jezdila u&#382; od 50. let, kdy byla vybudov&aacute;na tak&eacute; elektr&aacute;rna.<\/p>\n\n\n\n<p>Panoramatick&eacute; v&yacute;hledy a strm&yacute; v&yacute;stup a sestup se postaraj&iacute; o adrenalinov&yacute; z&aacute;&#382;itek, zejm&eacute;na po cest&#283; zp&#283;t dol&#367;.<\/p>\n\n\n\n<div class=\"wp-block-columns is-layout-flex wp-container-core-columns-is-layout-9d6595d7 wp-block-columns-is-layout-flex\">\n<div class=\"wp-block-column is-layout-flow wp-block-column-is-layout-flow\">\n<figure class=\"wp-block-image size-full\"><a href=\"https:\/\/www.travelgeekery.com\/wp-content\/uploads\/2021\/10\/Douglashuette-Luenersee-Brandnertal.jpg\"><noscript><img loading=\"lazy\" decoding=\"async\" width=\"750\" height=\"1000\" src=\"https:\/\/www.travelgeekery.com\/wp-content\/uploads\/2021\/10\/Douglashuette-Luenersee-Brandnertal.jpg\" alt=\"An alpine hut on a lake shore with a mountain behind\" class=\"wp-image-12669\" srcset=\"https:\/\/www.travelgeekery.com\/wp-content\/uploads\/2021\/10\/Douglashuette-Luenersee-Brandnertal.jpg 750w, https:\/\/www.travelgeekery.com\/wp-content\/uploads\/2021\/10\/Douglashuette-Luenersee-Brandnertal-225x300.jpg 225w, https:\/\/www.travelgeekery.com\/wp-content\/uploads\/2021\/10\/Douglashuette-Luenersee-Brandnertal-540x720.jpg 540w, https:\/\/www.travelgeekery.com\/wp-content\/uploads\/2021\/10\/Douglashuette-Luenersee-Brandnertal-360x480.jpg 360w, https:\/\/www.travelgeekery.com\/wp-content\/uploads\/2021\/10\/Douglashuette-Luenersee-Brandnertal-240x320.jpg 240w, https:\/\/www.travelgeekery.com\/wp-content\/uploads\/2021\/10\/Douglashuette-Luenersee-Brandnertal-735x980.jpg 735w, https:\/\/www.travelgeekery.com\/wp-content\/uploads\/2021\/10\/Douglashuette-Luenersee-Brandnertal-251x335.jpg 251w, https:\/\/www.travelgeekery.com\/wp-content\/uploads\/2021\/10\/Douglashuette-Luenersee-Brandnertal-260x347.jpg 260w, https:\/\/www.travelgeekery.com\/wp-content\/uploads\/2021\/10\/Douglashuette-Luenersee-Brandnertal-390x520.jpg 390w, https:\/\/www.travelgeekery.com\/wp-content\/uploads\/2021\/10\/Douglashuette-Luenersee-Brandnertal-480x640.jpg 480w, https:\/\/www.travelgeekery.com\/wp-content\/uploads\/2021\/10\/Douglashuette-Luenersee-Brandnertal-576x768.jpg 576w, https:\/\/www.travelgeekery.com\/wp-content\/uploads\/2021\/10\/Douglashuette-Luenersee-Brandnertal-720x960.jpg 720w, https:\/\/www.travelgeekery.com\/wp-content\/uploads\/2021\/10\/Douglashuette-Luenersee-Brandnertal-640x853.jpg 640w, https:\/\/www.travelgeekery.com\/wp-content\/uploads\/2021\/10\/Douglashuette-Luenersee-Brandnertal-150x200.jpg 150w\" sizes=\"auto, (max-width: 760px) calc(100vw - 40px), 720px\" data-pin-media=\"https:\/\/www.travelgeekery.com\/wp-content\/uploads\/2021\/10\/Douglashuette-Luenersee-Brandnertal.jpg\"><\/noscript><img loading=\"lazy\" decoding=\"async\" width=\"750\" height=\"1000\" src=\"https:\/\/www.travelgeekery.com\/wp-content\/uploads\/2021\/10\/Douglashuette-Luenersee-Brandnertal.jpg.webp\" alt=\"An alpine hut on a lake shore with a mountain behind\" class=\"wp-image-12669 lazyload\" srcset=\"https:\/\/www.travelgeekery.com\/wp-content\/uploads\/2021\/10\/Douglashuette-Luenersee-Brandnertal.jpg.webp 750w, https:\/\/www.travelgeekery.com\/wp-content\/uploads\/2021\/10\/Douglashuette-Luenersee-Brandnertal-225x300.jpg.webp 225w, https:\/\/www.travelgeekery.com\/wp-content\/uploads\/2021\/10\/Douglashuette-Luenersee-Brandnertal-540x720.jpg.webp 540w, https:\/\/www.travelgeekery.com\/wp-content\/uploads\/2021\/10\/Douglashuette-Luenersee-Brandnertal-360x480.jpg.webp 360w, https:\/\/www.travelgeekery.com\/wp-content\/uploads\/2021\/10\/Douglashuette-Luenersee-Brandnertal-240x320.jpg.webp 240w, https:\/\/www.travelgeekery.com\/wp-content\/uploads\/2021\/10\/Douglashuette-Luenersee-Brandnertal-735x980.jpg.webp 735w, https:\/\/www.travelgeekery.com\/wp-content\/uploads\/2021\/10\/Douglashuette-Luenersee-Brandnertal-251x335.jpg.webp 251w, https:\/\/www.travelgeekery.com\/wp-content\/uploads\/2021\/10\/Douglashuette-Luenersee-Brandnertal-260x347.jpg.webp 260w, https:\/\/www.travelgeekery.com\/wp-content\/uploads\/2021\/10\/Douglashuette-Luenersee-Brandnertal-390x520.jpg.webp 390w, https:\/\/www.travelgeekery.com\/wp-content\/uploads\/2021\/10\/Douglashuette-Luenersee-Brandnertal-480x640.jpg.webp 480w, https:\/\/www.travelgeekery.com\/wp-content\/uploads\/2021\/10\/Douglashuette-Luenersee-Brandnertal-576x768.jpg.webp 576w, https:\/\/www.travelgeekery.com\/wp-content\/uploads\/2021\/10\/Douglashuette-Luenersee-Brandnertal-720x960.jpg.webp 720w, https:\/\/www.travelgeekery.com\/wp-content\/uploads\/2021\/10\/Douglashuette-Luenersee-Brandnertal-640x853.jpg.webp 640w, https:\/\/www.travelgeekery.com\/wp-content\/uploads\/2021\/10\/Douglashuette-Luenersee-Brandnertal-150x200.jpg.webp 150w\" sizes=\"auto, (max-width: 760px) calc(100vw - 40px), 720px\" data-pin-media=\"https:\/\/www.travelgeekery.com\/wp-content\/uploads\/2021\/10\/Douglashuette-Luenersee-Brandnertal.jpg\" id=\"mv-trellis-img-10\" data-trellis-processed=\"1\"><\/a><figcaption class=\"wp-element-caption\">Vid&iacute;te ten dome&#269;ek uprost&#345;ed? To je Douglash&uuml;tte.<\/figcaption><\/figure>\n<\/div>\n\n\n\n<div class=\"wp-block-column is-layout-flow wp-block-column-is-layout-flow\">\n<figure class=\"wp-block-image size-full\"><a href=\"https:\/\/www.travelgeekery.com\/wp-content\/uploads\/2021\/10\/Luenerseebahn.jpg\"><noscript><img loading=\"lazy\" decoding=\"async\" width=\"750\" height=\"1000\" src=\"https:\/\/www.travelgeekery.com\/wp-content\/uploads\/2021\/10\/Luenerseebahn.jpg\" alt=\"steep ride down on a cable car in Austria\" class=\"wp-image-12645\" srcset=\"https:\/\/www.travelgeekery.com\/wp-content\/uploads\/2021\/10\/Luenerseebahn.jpg 750w, https:\/\/www.travelgeekery.com\/wp-content\/uploads\/2021\/10\/Luenerseebahn-225x300.jpg 225w, https:\/\/www.travelgeekery.com\/wp-content\/uploads\/2021\/10\/Luenerseebahn-540x720.jpg 540w, https:\/\/www.travelgeekery.com\/wp-content\/uploads\/2021\/10\/Luenerseebahn-360x480.jpg 360w, https:\/\/www.travelgeekery.com\/wp-content\/uploads\/2021\/10\/Luenerseebahn-240x320.jpg 240w, https:\/\/www.travelgeekery.com\/wp-content\/uploads\/2021\/10\/Luenerseebahn-735x980.jpg 735w, https:\/\/www.travelgeekery.com\/wp-content\/uploads\/2021\/10\/Luenerseebahn-251x335.jpg 251w, https:\/\/www.travelgeekery.com\/wp-content\/uploads\/2021\/10\/Luenerseebahn-260x347.jpg 260w, https:\/\/www.travelgeekery.com\/wp-content\/uploads\/2021\/10\/Luenerseebahn-390x520.jpg 390w, https:\/\/www.travelgeekery.com\/wp-content\/uploads\/2021\/10\/Luenerseebahn-480x640.jpg 480w, https:\/\/www.travelgeekery.com\/wp-content\/uploads\/2021\/10\/Luenerseebahn-576x768.jpg 576w, https:\/\/www.travelgeekery.com\/wp-content\/uploads\/2021\/10\/Luenerseebahn-720x960.jpg 720w, https:\/\/www.travelgeekery.com\/wp-content\/uploads\/2021\/10\/Luenerseebahn-640x853.jpg 640w, https:\/\/www.travelgeekery.com\/wp-content\/uploads\/2021\/10\/Luenerseebahn-150x200.jpg 150w\" sizes=\"auto, (max-width: 760px) calc(100vw - 40px), 720px\" data-pin-media=\"https:\/\/www.travelgeekery.com\/wp-content\/uploads\/2021\/10\/Luenerseebahn.jpg\"><\/noscript><img loading=\"lazy\" decoding=\"async\" width=\"750\" height=\"1000\" src=\"https:\/\/www.travelgeekery.com\/wp-content\/uploads\/2021\/10\/Luenerseebahn.jpg.webp\" alt=\"steep ride down on a cable car in Austria\" class=\"wp-image-12645 lazyload\" srcset=\"https:\/\/www.travelgeekery.com\/wp-content\/uploads\/2021\/10\/Luenerseebahn.jpg.webp 750w, https:\/\/www.travelgeekery.com\/wp-content\/uploads\/2021\/10\/Luenerseebahn-225x300.jpg.webp 225w, https:\/\/www.travelgeekery.com\/wp-content\/uploads\/2021\/10\/Luenerseebahn-540x720.jpg.webp 540w, https:\/\/www.travelgeekery.com\/wp-content\/uploads\/2021\/10\/Luenerseebahn-360x480.jpg.webp 360w, https:\/\/www.travelgeekery.com\/wp-content\/uploads\/2021\/10\/Luenerseebahn-240x320.jpg.webp 240w, https:\/\/www.travelgeekery.com\/wp-content\/uploads\/2021\/10\/Luenerseebahn-735x980.jpg.webp 735w, https:\/\/www.travelgeekery.com\/wp-content\/uploads\/2021\/10\/Luenerseebahn-251x335.jpg.webp 251w, https:\/\/www.travelgeekery.com\/wp-content\/uploads\/2021\/10\/Luenerseebahn-260x347.jpg.webp 260w, https:\/\/www.travelgeekery.com\/wp-content\/uploads\/2021\/10\/Luenerseebahn-390x520.jpg.webp 390w, https:\/\/www.travelgeekery.com\/wp-content\/uploads\/2021\/10\/Luenerseebahn-480x640.jpg.webp 480w, https:\/\/www.travelgeekery.com\/wp-content\/uploads\/2021\/10\/Luenerseebahn-576x768.jpg.webp 576w, https:\/\/www.travelgeekery.com\/wp-content\/uploads\/2021\/10\/Luenerseebahn-720x960.jpg.webp 720w, https:\/\/www.travelgeekery.com\/wp-content\/uploads\/2021\/10\/Luenerseebahn-640x853.jpg.webp 640w, https:\/\/www.travelgeekery.com\/wp-content\/uploads\/2021\/10\/Luenerseebahn-150x200.jpg.webp 150w\" sizes=\"auto, (max-width: 760px) calc(100vw - 40px), 720px\" data-pin-media=\"https:\/\/www.travelgeekery.com\/wp-content\/uploads\/2021\/10\/Luenerseebahn.jpg\" id=\"mv-trellis-img-11\" data-trellis-processed=\"1\"><\/a><figcaption class=\"wp-element-caption\">J&iacute;zda dol&#367; je adrenalinov&yacute; z&aacute;&#382;itek!<\/figcaption><\/figure>\n<\/div>\n<\/div>\n\n\n\n<h2 class=\"wp-block-heading\"><span class=\"ez-toc-section\" id=\"Svezte_se_panoramatickou_lanovkou\"><\/span>Svezte se panoramatickou lanovkou<span class=\"ez-toc-section-end\"><\/span><\/h2>\n\n\n\n<p>M&aacute;te-li r&aacute;di kr&aacute;sn&eacute; v&yacute;hledy (a kdo ne?!), mus&iacute;te se sv&eacute;zt panoramatickou lanovkou.<\/p>\n\n\n\n<p>Neza&#269;&iacute;n&aacute; p&#345;&iacute;mo v&nbsp;Brandu, tak&#382;e v&aacute;s k&nbsp;n&iacute; mus&iacute; dov&eacute;zt je&scaron;t&#283; jin&aacute; lanovka. Nasko&#269;te na Dorfbahn ze st&#345;edu Brandu, bl&iacute;zko Gemeindezentrum a hotelu Sarotla. Kr&aacute;tk&aacute; j&iacute;zda v&aacute;s doprav&iacute; p&#345;&iacute;mo na za&#269;&aacute;tek panoramatick&eacute; lanovky.<\/p>\n\n\n\n<p>Ale u&#382; i Dorfbahn poskytuje v&yacute;stavn&iacute; v&yacute;hledy. Povezete se kousek nad zem&iacute;, z&aacute;rove&#328; u&#382; nad stromy, a budete opisovat sklon neuv&#283;&#345;iteln&#283; strm&yacute;ch zelen&yacute;ch kopc&#367;, na kter&yacute;ch se vesele pasou kr&aacute;vy a n&#283;jak&yacute;m z&aacute;zrakem se nekut&aacute;lej&iacute; ve velk&eacute;m zp&#283;t do &uacute;dol&iacute;.<\/p>\n\n\n\n<p>Kdy&#382; se projdete kolem horn&iacute; stanice Dorfbahnu, uvid&iacute;te nejen kravi&#269;ky, ale taky obna&#382;en&eacute; sk&aacute;ly mezi hust&yacute;mi porosty strom&#367;, kde se sesula p&#367;da.<\/p>\n\n\n\n<div class=\"wp-block-columns is-layout-flex wp-container-core-columns-is-layout-9d6595d7 wp-block-columns-is-layout-flex\">\n<div class=\"wp-block-column is-layout-flow wp-block-column-is-layout-flow\">\n<figure class=\"wp-block-image size-full\"><a href=\"https:\/\/www.travelgeekery.com\/wp-content\/uploads\/2021\/10\/Dorfbahn-views-1.jpg\"><noscript><img loading=\"lazy\" decoding=\"async\" width=\"750\" height=\"1000\" src=\"https:\/\/www.travelgeekery.com\/wp-content\/uploads\/2021\/10\/Dorfbahn-views-1.jpg\" alt=\"View of an alpine valley from a cable car\" class=\"wp-image-12665\" srcset=\"https:\/\/www.travelgeekery.com\/wp-content\/uploads\/2021\/10\/Dorfbahn-views-1.jpg 750w, https:\/\/www.travelgeekery.com\/wp-content\/uploads\/2021\/10\/Dorfbahn-views-1-225x300.jpg 225w, https:\/\/www.travelgeekery.com\/wp-content\/uploads\/2021\/10\/Dorfbahn-views-1-540x720.jpg 540w, https:\/\/www.travelgeekery.com\/wp-content\/uploads\/2021\/10\/Dorfbahn-views-1-360x480.jpg 360w, https:\/\/www.travelgeekery.com\/wp-content\/uploads\/2021\/10\/Dorfbahn-views-1-240x320.jpg 240w, https:\/\/www.travelgeekery.com\/wp-content\/uploads\/2021\/10\/Dorfbahn-views-1-735x980.jpg 735w, https:\/\/www.travelgeekery.com\/wp-content\/uploads\/2021\/10\/Dorfbahn-views-1-251x335.jpg 251w, https:\/\/www.travelgeekery.com\/wp-content\/uploads\/2021\/10\/Dorfbahn-views-1-260x347.jpg 260w, https:\/\/www.travelgeekery.com\/wp-content\/uploads\/2021\/10\/Dorfbahn-views-1-390x520.jpg 390w, https:\/\/www.travelgeekery.com\/wp-content\/uploads\/2021\/10\/Dorfbahn-views-1-480x640.jpg 480w, https:\/\/www.travelgeekery.com\/wp-content\/uploads\/2021\/10\/Dorfbahn-views-1-576x768.jpg 576w, https:\/\/www.travelgeekery.com\/wp-content\/uploads\/2021\/10\/Dorfbahn-views-1-720x960.jpg 720w, https:\/\/www.travelgeekery.com\/wp-content\/uploads\/2021\/10\/Dorfbahn-views-1-640x853.jpg 640w, https:\/\/www.travelgeekery.com\/wp-content\/uploads\/2021\/10\/Dorfbahn-views-1-150x200.jpg 150w\" sizes=\"auto, (max-width: 760px) calc(100vw - 40px), 720px\" data-pin-media=\"https:\/\/www.travelgeekery.com\/wp-content\/uploads\/2021\/10\/Dorfbahn-views-1.jpg\"><\/noscript><img loading=\"lazy\" decoding=\"async\" width=\"750\" height=\"1000\" src=\"https:\/\/www.travelgeekery.com\/wp-content\/uploads\/2021\/10\/Dorfbahn-views-1.jpg.webp\" alt=\"View of an alpine valley from a cable car\" class=\"wp-image-12665 lazyload\" srcset=\"https:\/\/www.travelgeekery.com\/wp-content\/uploads\/2021\/10\/Dorfbahn-views-1.jpg.webp 750w, https:\/\/www.travelgeekery.com\/wp-content\/uploads\/2021\/10\/Dorfbahn-views-1-225x300.jpg.webp 225w, https:\/\/www.travelgeekery.com\/wp-content\/uploads\/2021\/10\/Dorfbahn-views-1-540x720.jpg.webp 540w, https:\/\/www.travelgeekery.com\/wp-content\/uploads\/2021\/10\/Dorfbahn-views-1-360x480.jpg.webp 360w, https:\/\/www.travelgeekery.com\/wp-content\/uploads\/2021\/10\/Dorfbahn-views-1-240x320.jpg.webp 240w, https:\/\/www.travelgeekery.com\/wp-content\/uploads\/2021\/10\/Dorfbahn-views-1-735x980.jpg.webp 735w, https:\/\/www.travelgeekery.com\/wp-content\/uploads\/2021\/10\/Dorfbahn-views-1-251x335.jpg.webp 251w, https:\/\/www.travelgeekery.com\/wp-content\/uploads\/2021\/10\/Dorfbahn-views-1-260x347.jpg.webp 260w, https:\/\/www.travelgeekery.com\/wp-content\/uploads\/2021\/10\/Dorfbahn-views-1-390x520.jpg.webp 390w, https:\/\/www.travelgeekery.com\/wp-content\/uploads\/2021\/10\/Dorfbahn-views-1-480x640.jpg.webp 480w, https:\/\/www.travelgeekery.com\/wp-content\/uploads\/2021\/10\/Dorfbahn-views-1-576x768.jpg.webp 576w, https:\/\/www.travelgeekery.com\/wp-content\/uploads\/2021\/10\/Dorfbahn-views-1-720x960.jpg.webp 720w, https:\/\/www.travelgeekery.com\/wp-content\/uploads\/2021\/10\/Dorfbahn-views-1-640x853.jpg.webp 640w, https:\/\/www.travelgeekery.com\/wp-content\/uploads\/2021\/10\/Dorfbahn-views-1-150x200.jpg.webp 150w\" sizes=\"auto, (max-width: 760px) calc(100vw - 40px), 720px\" data-pin-media=\"https:\/\/www.travelgeekery.com\/wp-content\/uploads\/2021\/10\/Dorfbahn-views-1.jpg\" id=\"mv-trellis-img-12\" data-trellis-processed=\"1\"><\/a><figcaption class=\"wp-element-caption\">V&yacute;hledy z lanovky Dorfbahn &ndash; hory, str&aacute;n&#283; a kr&aacute;vy<\/figcaption><\/figure>\n<\/div>\n\n\n\n<div class=\"wp-block-column is-layout-flow wp-block-column-is-layout-flow\">\n<figure class=\"wp-block-image size-full\"><a href=\"https:\/\/www.travelgeekery.com\/wp-content\/uploads\/2021\/10\/Dorfbahn-views-2.jpg\"><noscript><img loading=\"lazy\" decoding=\"async\" width=\"750\" height=\"1000\" src=\"https:\/\/www.travelgeekery.com\/wp-content\/uploads\/2021\/10\/Dorfbahn-views-2.jpg\" alt=\"Shadow of a cable car rising to the mountains\" class=\"wp-image-12667\" srcset=\"https:\/\/www.travelgeekery.com\/wp-content\/uploads\/2021\/10\/Dorfbahn-views-2.jpg 750w, https:\/\/www.travelgeekery.com\/wp-content\/uploads\/2021\/10\/Dorfbahn-views-2-225x300.jpg 225w, https:\/\/www.travelgeekery.com\/wp-content\/uploads\/2021\/10\/Dorfbahn-views-2-540x720.jpg 540w, https:\/\/www.travelgeekery.com\/wp-content\/uploads\/2021\/10\/Dorfbahn-views-2-360x480.jpg 360w, https:\/\/www.travelgeekery.com\/wp-content\/uploads\/2021\/10\/Dorfbahn-views-2-240x320.jpg 240w, https:\/\/www.travelgeekery.com\/wp-content\/uploads\/2021\/10\/Dorfbahn-views-2-735x980.jpg 735w, https:\/\/www.travelgeekery.com\/wp-content\/uploads\/2021\/10\/Dorfbahn-views-2-251x335.jpg 251w, https:\/\/www.travelgeekery.com\/wp-content\/uploads\/2021\/10\/Dorfbahn-views-2-260x347.jpg 260w, https:\/\/www.travelgeekery.com\/wp-content\/uploads\/2021\/10\/Dorfbahn-views-2-390x520.jpg 390w, https:\/\/www.travelgeekery.com\/wp-content\/uploads\/2021\/10\/Dorfbahn-views-2-480x640.jpg 480w, https:\/\/www.travelgeekery.com\/wp-content\/uploads\/2021\/10\/Dorfbahn-views-2-576x768.jpg 576w, https:\/\/www.travelgeekery.com\/wp-content\/uploads\/2021\/10\/Dorfbahn-views-2-720x960.jpg 720w, https:\/\/www.travelgeekery.com\/wp-content\/uploads\/2021\/10\/Dorfbahn-views-2-640x853.jpg 640w, https:\/\/www.travelgeekery.com\/wp-content\/uploads\/2021\/10\/Dorfbahn-views-2-150x200.jpg 150w\" sizes=\"auto, (max-width: 760px) calc(100vw - 40px), 720px\" data-pin-media=\"https:\/\/www.travelgeekery.com\/wp-content\/uploads\/2021\/10\/Dorfbahn-views-2.jpg\"><\/noscript><img loading=\"lazy\" decoding=\"async\" width=\"750\" height=\"1000\" src=\"https:\/\/www.travelgeekery.com\/wp-content\/uploads\/2021\/10\/Dorfbahn-views-2.jpg.webp\" alt=\"Shadow of a cable car rising to the mountains\" class=\"wp-image-12667 lazyload\" srcset=\"https:\/\/www.travelgeekery.com\/wp-content\/uploads\/2021\/10\/Dorfbahn-views-2.jpg.webp 750w, https:\/\/www.travelgeekery.com\/wp-content\/uploads\/2021\/10\/Dorfbahn-views-2-225x300.jpg.webp 225w, https:\/\/www.travelgeekery.com\/wp-content\/uploads\/2021\/10\/Dorfbahn-views-2-540x720.jpg.webp 540w, https:\/\/www.travelgeekery.com\/wp-content\/uploads\/2021\/10\/Dorfbahn-views-2-360x480.jpg.webp 360w, https:\/\/www.travelgeekery.com\/wp-content\/uploads\/2021\/10\/Dorfbahn-views-2-240x320.jpg.webp 240w, https:\/\/www.travelgeekery.com\/wp-content\/uploads\/2021\/10\/Dorfbahn-views-2-735x980.jpg.webp 735w, https:\/\/www.travelgeekery.com\/wp-content\/uploads\/2021\/10\/Dorfbahn-views-2-251x335.jpg.webp 251w, https:\/\/www.travelgeekery.com\/wp-content\/uploads\/2021\/10\/Dorfbahn-views-2-260x347.jpg.webp 260w, https:\/\/www.travelgeekery.com\/wp-content\/uploads\/2021\/10\/Dorfbahn-views-2-390x520.jpg.webp 390w, https:\/\/www.travelgeekery.com\/wp-content\/uploads\/2021\/10\/Dorfbahn-views-2-480x640.jpg.webp 480w, https:\/\/www.travelgeekery.com\/wp-content\/uploads\/2021\/10\/Dorfbahn-views-2-576x768.jpg.webp 576w, https:\/\/www.travelgeekery.com\/wp-content\/uploads\/2021\/10\/Dorfbahn-views-2-720x960.jpg.webp 720w, https:\/\/www.travelgeekery.com\/wp-content\/uploads\/2021\/10\/Dorfbahn-views-2-640x853.jpg.webp 640w, https:\/\/www.travelgeekery.com\/wp-content\/uploads\/2021\/10\/Dorfbahn-views-2-150x200.jpg.webp 150w\" sizes=\"auto, (max-width: 760px) calc(100vw - 40px), 720px\" data-pin-media=\"https:\/\/www.travelgeekery.com\/wp-content\/uploads\/2021\/10\/Dorfbahn-views-2.jpg\" id=\"mv-trellis-img-13\" data-trellis-processed=\"1\"><\/a><figcaption class=\"wp-element-caption\">A st&iacute;n na&scaron;&iacute; lanovky <\/figcaption><\/figure>\n<\/div>\n<\/div>\n\n\n\n<p>Panorama lanovka je opravdovou t&#345;e&scaron;ni&#269;kou na dortu. P&#345;i nastupov&aacute;n&iacute; se honem nahr&#328;te ke sklu, jinak to nebude ono. J&iacute;zda je kr&aacute;sn&#283; vyhl&iacute;dkov&aacute; a budete z&nbsp;n&iacute; m&iacute;t cel&eacute; &uacute;dol&iacute; Brandnertal jako na dlani.<\/p>\n\n\n\n<p>A&#382; budete na konci, na vrcholku zvan&eacute;m Burtscha, ne&#269;ekejte b&#367;hv&iacute;jak&eacute; dal&scaron;&iacute; kr&aacute;sn&eacute; v&yacute;hledy. Nic moc odsud nen&iacute; vid&#283;t, museli byste si p&aacute;r set metr&#367; popoj&iacute;t.<\/p>\n\n\n\n<p>Na ho&#345;e Burtscha za&#269;&iacute;n&aacute; celkem dost turistick&yacute;ch stezek, tak&#382;e pokud m&aacute;te &#269;as, p&#345;&iacute;jemn&yacute;m t&uacute;r&aacute;m nestoj&iacute; nic v&nbsp;cest&#283;. Jeden jednoduch&yacute; v&yacute;&scaron;lap vede odsud a&#382; k&nbsp;horn&iacute; stanice lanovky Pal&uuml;dbahn, kter&aacute; v&aacute;s pak sveze dol&#367; na okraj Brandu. Tato cesta je 5,6 km dlouh&aacute; a zabere n&#283;jak&eacute; dv&#283; hodinky.<\/p>\n\n\n\n<div class=\"wp-block-columns is-layout-flex wp-container-core-columns-is-layout-9d6595d7 wp-block-columns-is-layout-flex\">\n<div class=\"wp-block-column is-layout-flow wp-block-column-is-layout-flow\">\n<figure class=\"wp-block-image size-full\"><a href=\"https:\/\/www.travelgeekery.com\/wp-content\/uploads\/2021\/10\/Panoramabahn-Brandnertal-1.jpg\"><noscript><img loading=\"lazy\" decoding=\"async\" width=\"750\" height=\"1000\" src=\"https:\/\/www.travelgeekery.com\/wp-content\/uploads\/2021\/10\/Panoramabahn-Brandnertal-1.jpg\" alt=\"Panoramic cable car in Brandnertal Austria\" class=\"wp-image-12699\" srcset=\"https:\/\/www.travelgeekery.com\/wp-content\/uploads\/2021\/10\/Panoramabahn-Brandnertal-1.jpg 750w, https:\/\/www.travelgeekery.com\/wp-content\/uploads\/2021\/10\/Panoramabahn-Brandnertal-1-225x300.jpg 225w, https:\/\/www.travelgeekery.com\/wp-content\/uploads\/2021\/10\/Panoramabahn-Brandnertal-1-540x720.jpg 540w, https:\/\/www.travelgeekery.com\/wp-content\/uploads\/2021\/10\/Panoramabahn-Brandnertal-1-360x480.jpg 360w, https:\/\/www.travelgeekery.com\/wp-content\/uploads\/2021\/10\/Panoramabahn-Brandnertal-1-240x320.jpg 240w, https:\/\/www.travelgeekery.com\/wp-content\/uploads\/2021\/10\/Panoramabahn-Brandnertal-1-735x980.jpg 735w, https:\/\/www.travelgeekery.com\/wp-content\/uploads\/2021\/10\/Panoramabahn-Brandnertal-1-251x335.jpg 251w, https:\/\/www.travelgeekery.com\/wp-content\/uploads\/2021\/10\/Panoramabahn-Brandnertal-1-260x347.jpg 260w, https:\/\/www.travelgeekery.com\/wp-content\/uploads\/2021\/10\/Panoramabahn-Brandnertal-1-390x520.jpg 390w, https:\/\/www.travelgeekery.com\/wp-content\/uploads\/2021\/10\/Panoramabahn-Brandnertal-1-480x640.jpg 480w, https:\/\/www.travelgeekery.com\/wp-content\/uploads\/2021\/10\/Panoramabahn-Brandnertal-1-576x768.jpg 576w, https:\/\/www.travelgeekery.com\/wp-content\/uploads\/2021\/10\/Panoramabahn-Brandnertal-1-720x960.jpg 720w, https:\/\/www.travelgeekery.com\/wp-content\/uploads\/2021\/10\/Panoramabahn-Brandnertal-1-640x853.jpg 640w, https:\/\/www.travelgeekery.com\/wp-content\/uploads\/2021\/10\/Panoramabahn-Brandnertal-1-150x200.jpg 150w\" sizes=\"auto, (max-width: 760px) calc(100vw - 40px), 720px\" data-pin-media=\"https:\/\/www.travelgeekery.com\/wp-content\/uploads\/2021\/10\/Panoramabahn-Brandnertal-1.jpg\"><\/noscript><img loading=\"lazy\" decoding=\"async\" width=\"750\" height=\"1000\" src=\"https:\/\/www.travelgeekery.com\/wp-content\/uploads\/2021\/10\/Panoramabahn-Brandnertal-1.jpg.webp\" alt=\"Panoramic cable car in Brandnertal Austria\" class=\"wp-image-12699 lazyload\" srcset=\"https:\/\/www.travelgeekery.com\/wp-content\/uploads\/2021\/10\/Panoramabahn-Brandnertal-1.jpg.webp 750w, https:\/\/www.travelgeekery.com\/wp-content\/uploads\/2021\/10\/Panoramabahn-Brandnertal-1-225x300.jpg.webp 225w, https:\/\/www.travelgeekery.com\/wp-content\/uploads\/2021\/10\/Panoramabahn-Brandnertal-1-540x720.jpg.webp 540w, https:\/\/www.travelgeekery.com\/wp-content\/uploads\/2021\/10\/Panoramabahn-Brandnertal-1-360x480.jpg.webp 360w, https:\/\/www.travelgeekery.com\/wp-content\/uploads\/2021\/10\/Panoramabahn-Brandnertal-1-240x320.jpg.webp 240w, https:\/\/www.travelgeekery.com\/wp-content\/uploads\/2021\/10\/Panoramabahn-Brandnertal-1-735x980.jpg.webp 735w, https:\/\/www.travelgeekery.com\/wp-content\/uploads\/2021\/10\/Panoramabahn-Brandnertal-1-251x335.jpg.webp 251w, https:\/\/www.travelgeekery.com\/wp-content\/uploads\/2021\/10\/Panoramabahn-Brandnertal-1-260x347.jpg.webp 260w, https:\/\/www.travelgeekery.com\/wp-content\/uploads\/2021\/10\/Panoramabahn-Brandnertal-1-390x520.jpg.webp 390w, https:\/\/www.travelgeekery.com\/wp-content\/uploads\/2021\/10\/Panoramabahn-Brandnertal-1-480x640.jpg.webp 480w, https:\/\/www.travelgeekery.com\/wp-content\/uploads\/2021\/10\/Panoramabahn-Brandnertal-1-576x768.jpg.webp 576w, https:\/\/www.travelgeekery.com\/wp-content\/uploads\/2021\/10\/Panoramabahn-Brandnertal-1-720x960.jpg.webp 720w, https:\/\/www.travelgeekery.com\/wp-content\/uploads\/2021\/10\/Panoramabahn-Brandnertal-1-640x853.jpg.webp 640w, https:\/\/www.travelgeekery.com\/wp-content\/uploads\/2021\/10\/Panoramabahn-Brandnertal-1-150x200.jpg.webp 150w\" sizes=\"auto, (max-width: 760px) calc(100vw - 40px), 720px\" data-pin-media=\"https:\/\/www.travelgeekery.com\/wp-content\/uploads\/2021\/10\/Panoramabahn-Brandnertal-1.jpg\" id=\"mv-trellis-img-14\" data-trellis-processed=\"1\"><\/a><figcaption class=\"wp-element-caption\">Panoramabahn! Nejkr&aacute;sn&#283;j&scaron;&iacute; v&yacute;hledy perfektn&#283; naserv&iacute;rovan&eacute; skrz velk&aacute; sklen&#283;n&aacute; okna.<\/figcaption><\/figure>\n<\/div>\n\n\n\n<div class=\"wp-block-column is-layout-flow wp-block-column-is-layout-flow\">\n<figure class=\"wp-block-image size-full\"><a href=\"https:\/\/www.travelgeekery.com\/wp-content\/uploads\/2021\/10\/Panoramabahn-Brandnertal-2.jpg\"><noscript><img loading=\"lazy\" decoding=\"async\" width=\"750\" height=\"1000\" src=\"https:\/\/www.travelgeekery.com\/wp-content\/uploads\/2021\/10\/Panoramabahn-Brandnertal-2.jpg\" alt=\"Riding a cable car\" class=\"wp-image-12701\" srcset=\"https:\/\/www.travelgeekery.com\/wp-content\/uploads\/2021\/10\/Panoramabahn-Brandnertal-2.jpg 750w, https:\/\/www.travelgeekery.com\/wp-content\/uploads\/2021\/10\/Panoramabahn-Brandnertal-2-225x300.jpg 225w, https:\/\/www.travelgeekery.com\/wp-content\/uploads\/2021\/10\/Panoramabahn-Brandnertal-2-540x720.jpg 540w, https:\/\/www.travelgeekery.com\/wp-content\/uploads\/2021\/10\/Panoramabahn-Brandnertal-2-360x480.jpg 360w, https:\/\/www.travelgeekery.com\/wp-content\/uploads\/2021\/10\/Panoramabahn-Brandnertal-2-240x320.jpg 240w, https:\/\/www.travelgeekery.com\/wp-content\/uploads\/2021\/10\/Panoramabahn-Brandnertal-2-735x980.jpg 735w, https:\/\/www.travelgeekery.com\/wp-content\/uploads\/2021\/10\/Panoramabahn-Brandnertal-2-251x335.jpg 251w, https:\/\/www.travelgeekery.com\/wp-content\/uploads\/2021\/10\/Panoramabahn-Brandnertal-2-260x347.jpg 260w, https:\/\/www.travelgeekery.com\/wp-content\/uploads\/2021\/10\/Panoramabahn-Brandnertal-2-390x520.jpg 390w, https:\/\/www.travelgeekery.com\/wp-content\/uploads\/2021\/10\/Panoramabahn-Brandnertal-2-480x640.jpg 480w, https:\/\/www.travelgeekery.com\/wp-content\/uploads\/2021\/10\/Panoramabahn-Brandnertal-2-576x768.jpg 576w, https:\/\/www.travelgeekery.com\/wp-content\/uploads\/2021\/10\/Panoramabahn-Brandnertal-2-720x960.jpg 720w, https:\/\/www.travelgeekery.com\/wp-content\/uploads\/2021\/10\/Panoramabahn-Brandnertal-2-640x853.jpg 640w, https:\/\/www.travelgeekery.com\/wp-content\/uploads\/2021\/10\/Panoramabahn-Brandnertal-2-150x200.jpg 150w\" sizes=\"auto, (max-width: 760px) calc(100vw - 40px), 720px\" data-pin-media=\"https:\/\/www.travelgeekery.com\/wp-content\/uploads\/2021\/10\/Panoramabahn-Brandnertal-2.jpg\"><\/noscript><img loading=\"lazy\" decoding=\"async\" width=\"750\" height=\"1000\" src=\"https:\/\/www.travelgeekery.com\/wp-content\/uploads\/2021\/10\/Panoramabahn-Brandnertal-2.jpg.webp\" alt=\"Riding a cable car\" class=\"wp-image-12701 lazyload\" srcset=\"https:\/\/www.travelgeekery.com\/wp-content\/uploads\/2021\/10\/Panoramabahn-Brandnertal-2.jpg.webp 750w, https:\/\/www.travelgeekery.com\/wp-content\/uploads\/2021\/10\/Panoramabahn-Brandnertal-2-225x300.jpg.webp 225w, https:\/\/www.travelgeekery.com\/wp-content\/uploads\/2021\/10\/Panoramabahn-Brandnertal-2-540x720.jpg.webp 540w, https:\/\/www.travelgeekery.com\/wp-content\/uploads\/2021\/10\/Panoramabahn-Brandnertal-2-360x480.jpg.webp 360w, https:\/\/www.travelgeekery.com\/wp-content\/uploads\/2021\/10\/Panoramabahn-Brandnertal-2-240x320.jpg.webp 240w, https:\/\/www.travelgeekery.com\/wp-content\/uploads\/2021\/10\/Panoramabahn-Brandnertal-2-735x980.jpg.webp 735w, https:\/\/www.travelgeekery.com\/wp-content\/uploads\/2021\/10\/Panoramabahn-Brandnertal-2-251x335.jpg.webp 251w, https:\/\/www.travelgeekery.com\/wp-content\/uploads\/2021\/10\/Panoramabahn-Brandnertal-2-260x347.jpg.webp 260w, https:\/\/www.travelgeekery.com\/wp-content\/uploads\/2021\/10\/Panoramabahn-Brandnertal-2-390x520.jpg.webp 390w, https:\/\/www.travelgeekery.com\/wp-content\/uploads\/2021\/10\/Panoramabahn-Brandnertal-2-480x640.jpg.webp 480w, https:\/\/www.travelgeekery.com\/wp-content\/uploads\/2021\/10\/Panoramabahn-Brandnertal-2-576x768.jpg.webp 576w, https:\/\/www.travelgeekery.com\/wp-content\/uploads\/2021\/10\/Panoramabahn-Brandnertal-2-720x960.jpg.webp 720w, https:\/\/www.travelgeekery.com\/wp-content\/uploads\/2021\/10\/Panoramabahn-Brandnertal-2-640x853.jpg.webp 640w, https:\/\/www.travelgeekery.com\/wp-content\/uploads\/2021\/10\/Panoramabahn-Brandnertal-2-150x200.jpg.webp 150w\" sizes=\"auto, (max-width: 760px) calc(100vw - 40px), 720px\" data-pin-media=\"https:\/\/www.travelgeekery.com\/wp-content\/uploads\/2021\/10\/Panoramabahn-Brandnertal-2.jpg\" id=\"mv-trellis-img-15\" data-trellis-processed=\"1\"><\/a><figcaption class=\"wp-element-caption\">Panoramabahn n&aacute;s nese na vrchol Burtscha<\/figcaption><\/figure>\n<\/div>\n<\/div>\n\n\n\n<p>Stejn&#283; jako L&uuml;nerseebahn, i lanovky Dorfbahn, Panoramabahn a Pal&uuml;dbahn z&#367;st&aacute;vaj&iacute; v&nbsp;provozu od kv&#283;tna do &#345;&iacute;jna (a pak na zimn&iacute; sez&oacute;nu). Aktualizovan&eacute; informace najdete <a href=\"https:\/\/www.vorarlberg-alpenregion.at\/en\/brandnertal\/cable-car-operating-hours.html\">zde<\/a>.<\/p>\n\n\n\n<p>Na podzim lanovky jezd&iacute; do 16:00. P&#345;esn&#283; v&nbsp;tu dobu slun&iacute;&#269;ko z&aacute;&#345;&iacute; p&#345;&iacute;jemnou zlatavou barvou, kr&aacute;vy po celodenn&iacute;m p&#345;e&#382;vykov&aacute;n&iacute; odpo&#269;&iacute;vaj&iacute; a v&scaron;ude v&nbsp;Brandnertalu vl&aacute;dne klid a m&iacute;r.<\/p>\n\n\n\n<h2 class=\"wp-block-heading\"><span class=\"ez-toc-section\" id=\"Doplnte_adrenalin_v_adventure_parku\"><\/span>Dopl&#328;te adrenalin v&nbsp;adventure parku<span class=\"ez-toc-section-end\"><\/span><\/h2>\n\n\n\n<p>Pro extra d&aacute;vku adrenalinu se vydejte do lezeck&eacute;ho parku Kletterpark Brandnertal.<\/p>\n\n\n\n<p>Vybav&iacute; v&aacute;s bezpe&#269;nostn&iacute;m postrojem (celot&#283;lov&yacute; &uacute;vazek jako na ferraty) a helmou, uk&aacute;&#382;ou p&aacute;r instrukc&iacute; a pak je na v&aacute;s proj&iacute;t si v&scaron;echny 4 okruhy li&scaron;&iacute;c&iacute; se n&aacute;ro&#269;nost&iacute; a v&yacute;&scaron;kou.<\/p>\n\n\n\n<p>Za&#269;n&#283;te nejleh&#269;&iacute;m okruhem a postupn&#283; zvy&scaron;ujte obt&iacute;&#382;nost, a&#382; v&scaron;e zakon&#269;&iacute;te nejt&#283;&#382;&scaron;&iacute; &uacute;rovn&iacute;. Ka&#382;d&yacute; okruh je zakon&#269;en ziplinou a je to sranda.<\/p>\n\n\n\n<div class=\"wp-block-columns is-layout-flex wp-container-core-columns-is-layout-9d6595d7 wp-block-columns-is-layout-flex\">\n<div class=\"wp-block-column is-layout-flow wp-block-column-is-layout-flow\">\n<figure class=\"wp-block-image size-full\"><a href=\"https:\/\/www.travelgeekery.com\/wp-content\/uploads\/2021\/10\/Mathilde-at-the-Kletterpark-Brand.jpg\"><noscript><img loading=\"lazy\" decoding=\"async\" width=\"750\" height=\"1000\" src=\"https:\/\/www.travelgeekery.com\/wp-content\/uploads\/2021\/10\/Mathilde-at-the-Kletterpark-Brand.jpg\" alt=\"On a climbing course at an adventure park in a forest\" class=\"wp-image-12697\" srcset=\"https:\/\/www.travelgeekery.com\/wp-content\/uploads\/2021\/10\/Mathilde-at-the-Kletterpark-Brand.jpg 750w, https:\/\/www.travelgeekery.com\/wp-content\/uploads\/2021\/10\/Mathilde-at-the-Kletterpark-Brand-225x300.jpg 225w, https:\/\/www.travelgeekery.com\/wp-content\/uploads\/2021\/10\/Mathilde-at-the-Kletterpark-Brand-540x720.jpg 540w, https:\/\/www.travelgeekery.com\/wp-content\/uploads\/2021\/10\/Mathilde-at-the-Kletterpark-Brand-360x480.jpg 360w, https:\/\/www.travelgeekery.com\/wp-content\/uploads\/2021\/10\/Mathilde-at-the-Kletterpark-Brand-240x320.jpg 240w, https:\/\/www.travelgeekery.com\/wp-content\/uploads\/2021\/10\/Mathilde-at-the-Kletterpark-Brand-735x980.jpg 735w, https:\/\/www.travelgeekery.com\/wp-content\/uploads\/2021\/10\/Mathilde-at-the-Kletterpark-Brand-251x335.jpg 251w, https:\/\/www.travelgeekery.com\/wp-content\/uploads\/2021\/10\/Mathilde-at-the-Kletterpark-Brand-260x347.jpg 260w, https:\/\/www.travelgeekery.com\/wp-content\/uploads\/2021\/10\/Mathilde-at-the-Kletterpark-Brand-390x520.jpg 390w, https:\/\/www.travelgeekery.com\/wp-content\/uploads\/2021\/10\/Mathilde-at-the-Kletterpark-Brand-480x640.jpg 480w, https:\/\/www.travelgeekery.com\/wp-content\/uploads\/2021\/10\/Mathilde-at-the-Kletterpark-Brand-576x768.jpg 576w, https:\/\/www.travelgeekery.com\/wp-content\/uploads\/2021\/10\/Mathilde-at-the-Kletterpark-Brand-720x960.jpg 720w, https:\/\/www.travelgeekery.com\/wp-content\/uploads\/2021\/10\/Mathilde-at-the-Kletterpark-Brand-640x853.jpg 640w, https:\/\/www.travelgeekery.com\/wp-content\/uploads\/2021\/10\/Mathilde-at-the-Kletterpark-Brand-150x200.jpg 150w\" sizes=\"auto, (max-width: 760px) calc(100vw - 40px), 720px\" data-pin-media=\"https:\/\/www.travelgeekery.com\/wp-content\/uploads\/2021\/10\/Mathilde-at-the-Kletterpark-Brand.jpg\"><\/noscript><img loading=\"lazy\" decoding=\"async\" width=\"750\" height=\"1000\" src=\"https:\/\/www.travelgeekery.com\/wp-content\/uploads\/2021\/10\/Mathilde-at-the-Kletterpark-Brand.jpg.webp\" alt=\"On a climbing course at an adventure park in a forest\" class=\"wp-image-12697 lazyload\" srcset=\"https:\/\/www.travelgeekery.com\/wp-content\/uploads\/2021\/10\/Mathilde-at-the-Kletterpark-Brand.jpg.webp 750w, https:\/\/www.travelgeekery.com\/wp-content\/uploads\/2021\/10\/Mathilde-at-the-Kletterpark-Brand-225x300.jpg.webp 225w, https:\/\/www.travelgeekery.com\/wp-content\/uploads\/2021\/10\/Mathilde-at-the-Kletterpark-Brand-540x720.jpg.webp 540w, https:\/\/www.travelgeekery.com\/wp-content\/uploads\/2021\/10\/Mathilde-at-the-Kletterpark-Brand-360x480.jpg.webp 360w, https:\/\/www.travelgeekery.com\/wp-content\/uploads\/2021\/10\/Mathilde-at-the-Kletterpark-Brand-240x320.jpg.webp 240w, https:\/\/www.travelgeekery.com\/wp-content\/uploads\/2021\/10\/Mathilde-at-the-Kletterpark-Brand-735x980.jpg.webp 735w, https:\/\/www.travelgeekery.com\/wp-content\/uploads\/2021\/10\/Mathilde-at-the-Kletterpark-Brand-251x335.jpg.webp 251w, https:\/\/www.travelgeekery.com\/wp-content\/uploads\/2021\/10\/Mathilde-at-the-Kletterpark-Brand-260x347.jpg.webp 260w, https:\/\/www.travelgeekery.com\/wp-content\/uploads\/2021\/10\/Mathilde-at-the-Kletterpark-Brand-390x520.jpg.webp 390w, https:\/\/www.travelgeekery.com\/wp-content\/uploads\/2021\/10\/Mathilde-at-the-Kletterpark-Brand-480x640.jpg.webp 480w, https:\/\/www.travelgeekery.com\/wp-content\/uploads\/2021\/10\/Mathilde-at-the-Kletterpark-Brand-576x768.jpg.webp 576w, https:\/\/www.travelgeekery.com\/wp-content\/uploads\/2021\/10\/Mathilde-at-the-Kletterpark-Brand-720x960.jpg.webp 720w, https:\/\/www.travelgeekery.com\/wp-content\/uploads\/2021\/10\/Mathilde-at-the-Kletterpark-Brand-640x853.jpg.webp 640w, https:\/\/www.travelgeekery.com\/wp-content\/uploads\/2021\/10\/Mathilde-at-the-Kletterpark-Brand-150x200.jpg.webp 150w\" sizes=\"auto, (max-width: 760px) calc(100vw - 40px), 720px\" data-pin-media=\"https:\/\/www.travelgeekery.com\/wp-content\/uploads\/2021\/10\/Mathilde-at-the-Kletterpark-Brand.jpg\" id=\"mv-trellis-img-16\" data-trellis-processed=\"1\"><\/a><figcaption class=\"wp-element-caption\">Kamar&aacute;dka Mathilde se v&#367;bec neb&aacute;la <\/figcaption><\/figure>\n<\/div>\n\n\n\n<div class=\"wp-block-column is-layout-flow wp-block-column-is-layout-flow\">\n<figure class=\"wp-block-image size-full\"><a href=\"https:\/\/www.travelgeekery.com\/wp-content\/uploads\/2021\/10\/Veronika-in-adventure-park-Brand_photo-by-Mathilde.jpg\"><noscript><img loading=\"lazy\" decoding=\"async\" width=\"665\" height=\"886\" src=\"https:\/\/www.travelgeekery.com\/wp-content\/uploads\/2021\/10\/Veronika-in-adventure-park-Brand_photo-by-Mathilde-edited.jpg\" alt=\"Adventure park in Brand Austria\" class=\"wp-image-12728\" srcset=\"https:\/\/www.travelgeekery.com\/wp-content\/uploads\/2021\/10\/Veronika-in-adventure-park-Brand_photo-by-Mathilde-edited.jpg 665w, https:\/\/www.travelgeekery.com\/wp-content\/uploads\/2021\/10\/Veronika-in-adventure-park-Brand_photo-by-Mathilde-edited-225x300.jpg 225w, https:\/\/www.travelgeekery.com\/wp-content\/uploads\/2021\/10\/Veronika-in-adventure-park-Brand_photo-by-Mathilde-edited-540x720.jpg 540w, https:\/\/www.travelgeekery.com\/wp-content\/uploads\/2021\/10\/Veronika-in-adventure-park-Brand_photo-by-Mathilde-edited-360x480.jpg 360w, https:\/\/www.travelgeekery.com\/wp-content\/uploads\/2021\/10\/Veronika-in-adventure-park-Brand_photo-by-Mathilde-edited-240x320.jpg 240w, https:\/\/www.travelgeekery.com\/wp-content\/uploads\/2021\/10\/Veronika-in-adventure-park-Brand_photo-by-Mathilde-edited-251x335.jpg 251w, https:\/\/www.travelgeekery.com\/wp-content\/uploads\/2021\/10\/Veronika-in-adventure-park-Brand_photo-by-Mathilde-edited-260x347.jpg 260w, https:\/\/www.travelgeekery.com\/wp-content\/uploads\/2021\/10\/Veronika-in-adventure-park-Brand_photo-by-Mathilde-edited-390x520.jpg 390w, https:\/\/www.travelgeekery.com\/wp-content\/uploads\/2021\/10\/Veronika-in-adventure-park-Brand_photo-by-Mathilde-edited-480x640.jpg 480w, https:\/\/www.travelgeekery.com\/wp-content\/uploads\/2021\/10\/Veronika-in-adventure-park-Brand_photo-by-Mathilde-edited-576x768.jpg 576w, https:\/\/www.travelgeekery.com\/wp-content\/uploads\/2021\/10\/Veronika-in-adventure-park-Brand_photo-by-Mathilde-edited-640x853.jpg 640w, https:\/\/www.travelgeekery.com\/wp-content\/uploads\/2021\/10\/Veronika-in-adventure-park-Brand_photo-by-Mathilde-edited-150x200.jpg 150w\" sizes=\"auto, (max-width: 665px) 100vw, 665px\" data-pin-media=\"https:\/\/www.travelgeekery.com\/wp-content\/uploads\/2021\/10\/Veronika-in-adventure-park-Brand_photo-by-Mathilde-edited.jpg\"><\/noscript><img loading=\"lazy\" decoding=\"async\" width=\"665\" height=\"886\" src=\"https:\/\/www.travelgeekery.com\/wp-content\/uploads\/2021\/10\/Veronika-in-adventure-park-Brand_photo-by-Mathilde-edited.jpg.webp\" alt=\"Adventure park in Brand Austria\" class=\"wp-image-12728 lazyload\" srcset=\"https:\/\/www.travelgeekery.com\/wp-content\/uploads\/2021\/10\/Veronika-in-adventure-park-Brand_photo-by-Mathilde-edited.jpg.webp 665w, https:\/\/www.travelgeekery.com\/wp-content\/uploads\/2021\/10\/Veronika-in-adventure-park-Brand_photo-by-Mathilde-edited-225x300.jpg.webp 225w, https:\/\/www.travelgeekery.com\/wp-content\/uploads\/2021\/10\/Veronika-in-adventure-park-Brand_photo-by-Mathilde-edited-540x720.jpg.webp 540w, https:\/\/www.travelgeekery.com\/wp-content\/uploads\/2021\/10\/Veronika-in-adventure-park-Brand_photo-by-Mathilde-edited-360x480.jpg.webp 360w, https:\/\/www.travelgeekery.com\/wp-content\/uploads\/2021\/10\/Veronika-in-adventure-park-Brand_photo-by-Mathilde-edited-240x320.jpg.webp 240w, https:\/\/www.travelgeekery.com\/wp-content\/uploads\/2021\/10\/Veronika-in-adventure-park-Brand_photo-by-Mathilde-edited-251x335.jpg.webp 251w, https:\/\/www.travelgeekery.com\/wp-content\/uploads\/2021\/10\/Veronika-in-adventure-park-Brand_photo-by-Mathilde-edited-260x347.jpg.webp 260w, https:\/\/www.travelgeekery.com\/wp-content\/uploads\/2021\/10\/Veronika-in-adventure-park-Brand_photo-by-Mathilde-edited-390x520.jpg.webp 390w, https:\/\/www.travelgeekery.com\/wp-content\/uploads\/2021\/10\/Veronika-in-adventure-park-Brand_photo-by-Mathilde-edited-480x640.jpg.webp 480w, https:\/\/www.travelgeekery.com\/wp-content\/uploads\/2021\/10\/Veronika-in-adventure-park-Brand_photo-by-Mathilde-edited-576x768.jpg.webp 576w, https:\/\/www.travelgeekery.com\/wp-content\/uploads\/2021\/10\/Veronika-in-adventure-park-Brand_photo-by-Mathilde-edited-640x853.jpg.webp 640w, https:\/\/www.travelgeekery.com\/wp-content\/uploads\/2021\/10\/Veronika-in-adventure-park-Brand_photo-by-Mathilde-edited-150x200.jpg.webp 150w\" sizes=\"auto, (max-width: 665px) 100vw, 665px\" data-pin-media=\"https:\/\/www.travelgeekery.com\/wp-content\/uploads\/2021\/10\/Veronika-in-adventure-park-Brand_photo-by-Mathilde-edited.jpg\" id=\"mv-trellis-img-17\" data-trellis-processed=\"1\"><\/a><figcaption class=\"wp-element-caption\">J&aacute; jsem m&#283;la trochu nahn&aacute;no, ale v&scaron;e je stoprocentn&#283; bezpe&#269;n&eacute;. (vyfoceno Mathilde z blogu <a href=\"https:\/\/voyagerenphotos.com\/\" target=\"_blank\" rel=\"noreferrer noopener\">Voyager en photos<\/a>)<\/figcaption><\/figure>\n<\/div>\n<\/div>\n\n\n\n<p>M&#283;la jsem velk&aacute; ramena a cht&#283;la &uacute;pln&#283; p&#345;esko&#269;it nejleh&#269;&iacute; okruh, ale uk&aacute;zalo se, &#382;e mnohem lep&scaron;&iacute; n&aacute;pad je j&iacute;t postupn&#283;. Samoz&#345;ejm&#283; podle va&scaron;&iacute; adrenalinov&eacute; tolerance, moje je sp&iacute;&scaron;e p&#345;i zemi. <\/p>\n\n\n\n<p>Vyhra&#271;te si na lezeck&yacute; park 2 &ndash; 3 hodiny, jinak nebudete st&iacute;hat, a to by byla &scaron;koda.<\/p>\n\n\n\n<p>V&nbsp;parku je i speci&aacute;ln&iacute; sekce pro mal&eacute; d&#283;ti od 4 let.<\/p>\n\n\n\n<p>Ne&#382; vyraz&iacute;te, <a href=\"https:\/\/www.vorarlberg-alpenregion.at\/en\/brandnertal\/climbing-park-brandnertal.html\">mrkn&#283;te na aktu&aacute;ln&iacute; provozn&iacute; dobu a cen&iacute;k<\/a>. V&nbsp;dob&#283; na&scaron;&iacute; n&aacute;v&scaron;t&#283;vy na konci z&aacute;&#345;&iacute; jsme park m&#283;li cel&yacute; pro sebe. Podzim je na vyhnut&iacute; se dav&#367;m ide&aacute;ln&iacute;.<\/p>\n\n\n\n<h2 class=\"wp-block-heading\"><span class=\"ez-toc-section\" id=\"Protahnete_kosti_na_turach\"><\/span>Prot&aacute;hn&#283;te kosti na t&uacute;r&aacute;ch<span class=\"ez-toc-section-end\"><\/span><\/h2>\n\n\n\n<p>Hezky si vy&scaron;l&aacute;pnout pod&eacute;l sv&#283;&#382;&iacute;ch alpsk&yacute;ch pastvin, obdivovat pohledy na vrcholky v&scaron;ude kolem a hlubok&eacute; &uacute;dol&iacute; pod v&aacute;mi.. Brandnertal je prost&#283; skv&#283;lou destinac&iacute; pro p&#283;&scaron;&iacute; turistiku.<\/p>\n\n\n\n<p>Pr&yacute; je v&nbsp;oblasti kolem 400 km zna&#269;en&yacute;ch turistick&yacute;ch stezek. &#268;ty&#345;i stovky!<\/p>\n\n\n\n<p>Spousta z&nbsp;nich za&#269;&iacute;n&aacute; u horn&iacute; stanice lanovky. Je to jedin&#283; dob&#345;e, proto&#382;e si nechcete vypl&yacute;tvat energii vyl&eacute;z&aacute;n&iacute;m po extr&eacute;mn&#283; strm&yacute;ch svaz&iacute;ch.<\/p>\n\n\n\n<p>Taky pom&aacute;h&aacute; m&iacute;t jasno ve zna&#269;en&iacute; turistick&yacute;ch tras, proto&#382;e Vorarlbersko pou&#382;&iacute;v&aacute; jin&eacute; ne&#382; zbytek Rakouska:<\/p>\n\n\n\n<ul class=\"wp-block-list\">\n<li>&#382;lut&aacute; zna&#269;ka (b&iacute;l&aacute;-&#382;lut&aacute;-b&iacute;l&aacute;) zna&#269;&iacute; oby&#269;ejnou trasu, &nbsp;jedn&aacute; se o tu nejjednodu&scaron;&scaron;&iacute; &uacute;rove&#328; (nap&#345;. proch&aacute;zka okolo L&uuml;nersee).<\/li>\n\n\n\n<li>&#269;erven&aacute; zna&#269;ka (b&iacute;l&aacute;-&#269;erven&aacute;-b&iacute;l&aacute;) ozna&#269;uje horskou turistickou stezku a je nutn&eacute; m&iacute;t pevnou obuv s&nbsp;vhodnou podr&aacute;&#382;kou.<\/li>\n\n\n\n<li>modr&aacute; zna&#269;ka (b&iacute;l&aacute;-modr&aacute;-b&iacute;l&aacute;) zna&#269;&iacute; strmou vysokohorskou stezku. Doporu&#269;uje se pouze pro zku&scaron;en&eacute; a bez strachu z&nbsp;v&yacute;&scaron;ek.<\/li>\n<\/ul>\n\n\n\n<div class=\"wp-block-columns is-layout-flex wp-container-core-columns-is-layout-9d6595d7 wp-block-columns-is-layout-flex\">\n<div class=\"wp-block-column is-layout-flow wp-block-column-is-layout-flow\">\n<figure class=\"wp-block-image size-full\"><a href=\"https:\/\/www.travelgeekery.com\/wp-content\/uploads\/2021\/10\/Hiking-trail-marks-Brandnertal-1.jpg\"><noscript><img loading=\"lazy\" decoding=\"async\" width=\"750\" height=\"1000\" src=\"https:\/\/www.travelgeekery.com\/wp-content\/uploads\/2021\/10\/Hiking-trail-marks-Brandnertal-1.jpg\" alt=\"A trail marks post in Vorarlberg Austria\" class=\"wp-image-12675\" srcset=\"https:\/\/www.travelgeekery.com\/wp-content\/uploads\/2021\/10\/Hiking-trail-marks-Brandnertal-1.jpg 750w, https:\/\/www.travelgeekery.com\/wp-content\/uploads\/2021\/10\/Hiking-trail-marks-Brandnertal-1-225x300.jpg 225w, https:\/\/www.travelgeekery.com\/wp-content\/uploads\/2021\/10\/Hiking-trail-marks-Brandnertal-1-540x720.jpg 540w, https:\/\/www.travelgeekery.com\/wp-content\/uploads\/2021\/10\/Hiking-trail-marks-Brandnertal-1-360x480.jpg 360w, https:\/\/www.travelgeekery.com\/wp-content\/uploads\/2021\/10\/Hiking-trail-marks-Brandnertal-1-240x320.jpg 240w, https:\/\/www.travelgeekery.com\/wp-content\/uploads\/2021\/10\/Hiking-trail-marks-Brandnertal-1-735x980.jpg 735w, https:\/\/www.travelgeekery.com\/wp-content\/uploads\/2021\/10\/Hiking-trail-marks-Brandnertal-1-251x335.jpg 251w, https:\/\/www.travelgeekery.com\/wp-content\/uploads\/2021\/10\/Hiking-trail-marks-Brandnertal-1-260x347.jpg 260w, https:\/\/www.travelgeekery.com\/wp-content\/uploads\/2021\/10\/Hiking-trail-marks-Brandnertal-1-390x520.jpg 390w, https:\/\/www.travelgeekery.com\/wp-content\/uploads\/2021\/10\/Hiking-trail-marks-Brandnertal-1-480x640.jpg 480w, https:\/\/www.travelgeekery.com\/wp-content\/uploads\/2021\/10\/Hiking-trail-marks-Brandnertal-1-576x768.jpg 576w, https:\/\/www.travelgeekery.com\/wp-content\/uploads\/2021\/10\/Hiking-trail-marks-Brandnertal-1-720x960.jpg 720w, https:\/\/www.travelgeekery.com\/wp-content\/uploads\/2021\/10\/Hiking-trail-marks-Brandnertal-1-640x853.jpg 640w, https:\/\/www.travelgeekery.com\/wp-content\/uploads\/2021\/10\/Hiking-trail-marks-Brandnertal-1-150x200.jpg 150w\" sizes=\"auto, (max-width: 760px) calc(100vw - 40px), 720px\" data-pin-media=\"https:\/\/www.travelgeekery.com\/wp-content\/uploads\/2021\/10\/Hiking-trail-marks-Brandnertal-1.jpg\"><\/noscript><img loading=\"lazy\" decoding=\"async\" width=\"750\" height=\"1000\" src=\"https:\/\/www.travelgeekery.com\/wp-content\/uploads\/2021\/10\/Hiking-trail-marks-Brandnertal-1.jpg.webp\" alt=\"A trail marks post in Vorarlberg Austria\" class=\"wp-image-12675 lazyload\" srcset=\"https:\/\/www.travelgeekery.com\/wp-content\/uploads\/2021\/10\/Hiking-trail-marks-Brandnertal-1.jpg.webp 750w, https:\/\/www.travelgeekery.com\/wp-content\/uploads\/2021\/10\/Hiking-trail-marks-Brandnertal-1-225x300.jpg.webp 225w, https:\/\/www.travelgeekery.com\/wp-content\/uploads\/2021\/10\/Hiking-trail-marks-Brandnertal-1-540x720.jpg.webp 540w, https:\/\/www.travelgeekery.com\/wp-content\/uploads\/2021\/10\/Hiking-trail-marks-Brandnertal-1-360x480.jpg.webp 360w, https:\/\/www.travelgeekery.com\/wp-content\/uploads\/2021\/10\/Hiking-trail-marks-Brandnertal-1-240x320.jpg.webp 240w, https:\/\/www.travelgeekery.com\/wp-content\/uploads\/2021\/10\/Hiking-trail-marks-Brandnertal-1-735x980.jpg.webp 735w, https:\/\/www.travelgeekery.com\/wp-content\/uploads\/2021\/10\/Hiking-trail-marks-Brandnertal-1-251x335.jpg.webp 251w, https:\/\/www.travelgeekery.com\/wp-content\/uploads\/2021\/10\/Hiking-trail-marks-Brandnertal-1-260x347.jpg.webp 260w, https:\/\/www.travelgeekery.com\/wp-content\/uploads\/2021\/10\/Hiking-trail-marks-Brandnertal-1-390x520.jpg.webp 390w, https:\/\/www.travelgeekery.com\/wp-content\/uploads\/2021\/10\/Hiking-trail-marks-Brandnertal-1-480x640.jpg.webp 480w, https:\/\/www.travelgeekery.com\/wp-content\/uploads\/2021\/10\/Hiking-trail-marks-Brandnertal-1-576x768.jpg.webp 576w, https:\/\/www.travelgeekery.com\/wp-content\/uploads\/2021\/10\/Hiking-trail-marks-Brandnertal-1-720x960.jpg.webp 720w, https:\/\/www.travelgeekery.com\/wp-content\/uploads\/2021\/10\/Hiking-trail-marks-Brandnertal-1-640x853.jpg.webp 640w, https:\/\/www.travelgeekery.com\/wp-content\/uploads\/2021\/10\/Hiking-trail-marks-Brandnertal-1-150x200.jpg.webp 150w\" sizes=\"auto, (max-width: 760px) calc(100vw - 40px), 720px\" data-pin-media=\"https:\/\/www.travelgeekery.com\/wp-content\/uploads\/2021\/10\/Hiking-trail-marks-Brandnertal-1.jpg\" id=\"mv-trellis-img-18\" data-trellis-processed=\"1\"><\/a><figcaption class=\"wp-element-caption\">Takhle vypad&aacute; turistick&eacute; zna&#269;en&iacute; ve Vorarlbersku<\/figcaption><\/figure>\n<\/div>\n\n\n\n<div class=\"wp-block-column is-layout-flow wp-block-column-is-layout-flow\">\n<figure class=\"wp-block-image size-full\"><a href=\"https:\/\/www.travelgeekery.com\/wp-content\/uploads\/2021\/10\/Hiking-trail-marks-Brandnertal-2.jpg\"><noscript><img loading=\"lazy\" decoding=\"async\" width=\"750\" height=\"1000\" src=\"https:\/\/www.travelgeekery.com\/wp-content\/uploads\/2021\/10\/Hiking-trail-marks-Brandnertal-2.jpg\" alt=\"A signpost with hiking trail marks in Vorarlberg Austria\" class=\"wp-image-12677\" srcset=\"https:\/\/www.travelgeekery.com\/wp-content\/uploads\/2021\/10\/Hiking-trail-marks-Brandnertal-2.jpg 750w, https:\/\/www.travelgeekery.com\/wp-content\/uploads\/2021\/10\/Hiking-trail-marks-Brandnertal-2-225x300.jpg 225w, https:\/\/www.travelgeekery.com\/wp-content\/uploads\/2021\/10\/Hiking-trail-marks-Brandnertal-2-540x720.jpg 540w, https:\/\/www.travelgeekery.com\/wp-content\/uploads\/2021\/10\/Hiking-trail-marks-Brandnertal-2-360x480.jpg 360w, https:\/\/www.travelgeekery.com\/wp-content\/uploads\/2021\/10\/Hiking-trail-marks-Brandnertal-2-240x320.jpg 240w, https:\/\/www.travelgeekery.com\/wp-content\/uploads\/2021\/10\/Hiking-trail-marks-Brandnertal-2-735x980.jpg 735w, https:\/\/www.travelgeekery.com\/wp-content\/uploads\/2021\/10\/Hiking-trail-marks-Brandnertal-2-251x335.jpg 251w, https:\/\/www.travelgeekery.com\/wp-content\/uploads\/2021\/10\/Hiking-trail-marks-Brandnertal-2-260x347.jpg 260w, https:\/\/www.travelgeekery.com\/wp-content\/uploads\/2021\/10\/Hiking-trail-marks-Brandnertal-2-390x520.jpg 390w, https:\/\/www.travelgeekery.com\/wp-content\/uploads\/2021\/10\/Hiking-trail-marks-Brandnertal-2-480x640.jpg 480w, https:\/\/www.travelgeekery.com\/wp-content\/uploads\/2021\/10\/Hiking-trail-marks-Brandnertal-2-576x768.jpg 576w, https:\/\/www.travelgeekery.com\/wp-content\/uploads\/2021\/10\/Hiking-trail-marks-Brandnertal-2-720x960.jpg 720w, https:\/\/www.travelgeekery.com\/wp-content\/uploads\/2021\/10\/Hiking-trail-marks-Brandnertal-2-640x853.jpg 640w, https:\/\/www.travelgeekery.com\/wp-content\/uploads\/2021\/10\/Hiking-trail-marks-Brandnertal-2-150x200.jpg 150w\" sizes=\"auto, (max-width: 760px) calc(100vw - 40px), 720px\" data-pin-media=\"https:\/\/www.travelgeekery.com\/wp-content\/uploads\/2021\/10\/Hiking-trail-marks-Brandnertal-2.jpg\"><\/noscript><img loading=\"lazy\" decoding=\"async\" width=\"750\" height=\"1000\" src=\"https:\/\/www.travelgeekery.com\/wp-content\/uploads\/2021\/10\/Hiking-trail-marks-Brandnertal-2.jpg.webp\" alt=\"A signpost with hiking trail marks in Vorarlberg Austria\" class=\"wp-image-12677 lazyload\" srcset=\"https:\/\/www.travelgeekery.com\/wp-content\/uploads\/2021\/10\/Hiking-trail-marks-Brandnertal-2.jpg.webp 750w, https:\/\/www.travelgeekery.com\/wp-content\/uploads\/2021\/10\/Hiking-trail-marks-Brandnertal-2-225x300.jpg.webp 225w, https:\/\/www.travelgeekery.com\/wp-content\/uploads\/2021\/10\/Hiking-trail-marks-Brandnertal-2-540x720.jpg.webp 540w, https:\/\/www.travelgeekery.com\/wp-content\/uploads\/2021\/10\/Hiking-trail-marks-Brandnertal-2-360x480.jpg.webp 360w, https:\/\/www.travelgeekery.com\/wp-content\/uploads\/2021\/10\/Hiking-trail-marks-Brandnertal-2-240x320.jpg.webp 240w, https:\/\/www.travelgeekery.com\/wp-content\/uploads\/2021\/10\/Hiking-trail-marks-Brandnertal-2-735x980.jpg.webp 735w, https:\/\/www.travelgeekery.com\/wp-content\/uploads\/2021\/10\/Hiking-trail-marks-Brandnertal-2-251x335.jpg.webp 251w, https:\/\/www.travelgeekery.com\/wp-content\/uploads\/2021\/10\/Hiking-trail-marks-Brandnertal-2-260x347.jpg.webp 260w, https:\/\/www.travelgeekery.com\/wp-content\/uploads\/2021\/10\/Hiking-trail-marks-Brandnertal-2-390x520.jpg.webp 390w, https:\/\/www.travelgeekery.com\/wp-content\/uploads\/2021\/10\/Hiking-trail-marks-Brandnertal-2-480x640.jpg.webp 480w, https:\/\/www.travelgeekery.com\/wp-content\/uploads\/2021\/10\/Hiking-trail-marks-Brandnertal-2-576x768.jpg.webp 576w, https:\/\/www.travelgeekery.com\/wp-content\/uploads\/2021\/10\/Hiking-trail-marks-Brandnertal-2-720x960.jpg.webp 720w, https:\/\/www.travelgeekery.com\/wp-content\/uploads\/2021\/10\/Hiking-trail-marks-Brandnertal-2-640x853.jpg.webp 640w, https:\/\/www.travelgeekery.com\/wp-content\/uploads\/2021\/10\/Hiking-trail-marks-Brandnertal-2-150x200.jpg.webp 150w\" sizes=\"auto, (max-width: 760px) calc(100vw - 40px), 720px\" data-pin-media=\"https:\/\/www.travelgeekery.com\/wp-content\/uploads\/2021\/10\/Hiking-trail-marks-Brandnertal-2.jpg\" id=\"mv-trellis-img-19\" data-trellis-processed=\"1\"><\/a><figcaption class=\"wp-element-caption\">U L&uuml;nersee naraz&iacute;te na trasy v&scaron;ech obt&iacute;&#382;nost&iacute;<\/figcaption><\/figure>\n<\/div>\n<\/div>\n\n\n\n<p>Cel&yacute; Brandnertal je hust&#283; pokryt turistick&yacute;mi stezkami r&#367;zn&yacute;ch &uacute;rovn&iacute;. M&#283; docela zaujaly tyto t&#345;i vyv&#283;&scaron;en&eacute; na n&aacute;st&#283;nce hotelu Sarotla, kter&eacute; jsem pak vydolovala na str&aacute;nk&aacute;ch Vorarlberska:<\/p>\n\n\n\n<div class=\"wp-block-columns is-layout-flex wp-container-core-columns-is-layout-9d6595d7 wp-block-columns-is-layout-flex\">\n<div class=\"wp-block-column is-layout-flow wp-block-column-is-layout-flow\">\n<p class=\"has-text-align-center\"><strong><em><em><a href=\"https:\/\/www.vorarlberg-alpenregion.at\/en\/tours\/to-the-sarotla-hut-brand.html\" target=\"_blank\" rel=\"noreferrer noopener\">Chata Sarotla<\/a><\/em><\/em><\/strong><\/p>\n\n\n\n<p class=\"has-text-align-center\"><em>11km, st&#345;edn&iacute; obt&iacute;&#382;nost, 4 hodiny<\/em><\/p>\n<\/div>\n\n\n\n<div class=\"wp-block-column is-layout-flow wp-block-column-is-layout-flow\">\n<p class=\"has-text-align-center\"><strong><em><a href=\"https:\/\/www.vorarlberg-alpenregion.at\/en\/tours\/to-the-kesselfall-brand.html\" target=\"_blank\" rel=\"noreferrer noopener\">Vodop&aacute;d Kesselfall<\/a><\/em><\/strong><\/p>\n\n\n\n<p class=\"has-text-align-center\"><em>2,6km, jednoduch&aacute;, 1,5 hodiny<\/em><\/p>\n<\/div>\n\n\n\n<div class=\"wp-block-column is-layout-flow wp-block-column-is-layout-flow\">\n<p class=\"has-text-align-center\"><strong><em><a href=\"https:\/\/www.vorarlberg-alpenregion.at\/en\/tours\/to-the-untere-brueggele-alpe-brand.html\" target=\"_blank\" rel=\"noreferrer noopener\">Untere Br&uuml;ggele Alpe<\/a><\/em><\/strong><\/p>\n\n\n\n<p class=\"has-text-align-center\"><em>6,9km, jednoduch&aacute;, 2,5 hodiny<\/em><\/p>\n<\/div>\n<\/div>\n\n\n\n<div class=\"wp-block-columns is-layout-flex wp-container-core-columns-is-layout-9d6595d7 wp-block-columns-is-layout-flex\">\n<div class=\"wp-block-column is-layout-flow wp-block-column-is-layout-flow\"><\/div>\n<\/div>\n\n\n\n<h2 class=\"wp-block-heading\"><span class=\"ez-toc-section\" id=\"Nechte_se_rozmazlovat\"><\/span>Nechte se rozmazlovat<span class=\"ez-toc-section-end\"><\/span><\/h2>\n\n\n\n<p>Pokud se tak&eacute; ubytujete v <a href=\"https:\/\/www.sarotla.at\" target=\"_blank\" rel=\"noreferrer noopener\">hotelu Sarotla<\/a>, budete se m&iacute;t p&#345;&iacute;mo kr&aacute;lovsky. Modern&iacute; hotel vlastn&iacute; m&iacute;stn&iacute; rodinka a z&aacute;le&#382;&iacute; jim na tom, abyste se tu c&iacute;tili v&iacute;tan&iacute; a ope&#269;ov&aacute;van&iacute;.<\/p>\n\n\n\n<p>Pokoje jsou kr&aacute;sn&eacute; a pohodln&eacute;, ale v&nbsp;Sarotle je to hlavn&#283; o mil&eacute;m person&aacute;lu, kter&yacute; v&aacute;m spln&iacute; (skoro) ka&#382;d&eacute; p&#345;&aacute;n&iacute;.<\/p>\n\n\n\n<p>J&iacute;dlo v&nbsp;hotelu Sarotla je vynikaj&iacute;c&iacute;. Na sn&iacute;dani se m&#367;&#382;ete t&#283;&scaron;it i na vaj&iacute;&#269;kov&yacute; pult&iacute;k, kde v&aacute;m vejce p&#345;iprav&iacute; p&#345;esn&#283; tak, jak je m&aacute;te r&aacute;di. Na ve&#269;e&#345;i je v&#382;dy na v&yacute;b&#283;r ze t&#345;&iacute; hlavn&iacute;ch chod&#367; (v&#269;etn&#283; jedn&eacute; vegetari&aacute;nsk&eacute; mo&#382;nosti) a k&nbsp;tomu jsou doporu&#269;en&aacute; neoby&#269;ejn&aacute; v&iacute;na.<\/p>\n\n\n\n<div class=\"wp-block-columns is-layout-flex wp-container-core-columns-is-layout-9d6595d7 wp-block-columns-is-layout-flex\">\n<div class=\"wp-block-column is-layout-flow wp-block-column-is-layout-flow\">\n<figure class=\"wp-block-image size-full\"><a href=\"https:\/\/www.travelgeekery.com\/wp-content\/uploads\/2021\/10\/Hotel-Sarotla-Brand-1.jpg\"><noscript><img loading=\"lazy\" decoding=\"async\" width=\"1000\" height=\"750\" src=\"https:\/\/www.travelgeekery.com\/wp-content\/uploads\/2021\/10\/Hotel-Sarotla-Brand-1.jpg\" alt=\"Hotel Sarotla in Brandnertal, Austria\" class=\"wp-image-12679\" srcset=\"https:\/\/www.travelgeekery.com\/wp-content\/uploads\/2021\/10\/Hotel-Sarotla-Brand-1.jpg 1000w, https:\/\/www.travelgeekery.com\/wp-content\/uploads\/2021\/10\/Hotel-Sarotla-Brand-1-300x225.jpg 300w, https:\/\/www.travelgeekery.com\/wp-content\/uploads\/2021\/10\/Hotel-Sarotla-Brand-1-768x576.jpg 768w, https:\/\/www.travelgeekery.com\/wp-content\/uploads\/2021\/10\/Hotel-Sarotla-Brand-1-720x540.jpg 720w, https:\/\/www.travelgeekery.com\/wp-content\/uploads\/2021\/10\/Hotel-Sarotla-Brand-1-480x360.jpg 480w, https:\/\/www.travelgeekery.com\/wp-content\/uploads\/2021\/10\/Hotel-Sarotla-Brand-1-320x240.jpg 320w, https:\/\/www.travelgeekery.com\/wp-content\/uploads\/2021\/10\/Hotel-Sarotla-Brand-1-735x551.jpg 735w, https:\/\/www.travelgeekery.com\/wp-content\/uploads\/2021\/10\/Hotel-Sarotla-Brand-1-335x251.jpg 335w, https:\/\/www.travelgeekery.com\/wp-content\/uploads\/2021\/10\/Hotel-Sarotla-Brand-1-347x260.jpg 347w, https:\/\/www.travelgeekery.com\/wp-content\/uploads\/2021\/10\/Hotel-Sarotla-Brand-1-520x390.jpg 520w, https:\/\/www.travelgeekery.com\/wp-content\/uploads\/2021\/10\/Hotel-Sarotla-Brand-1-640x480.jpg 640w, https:\/\/www.travelgeekery.com\/wp-content\/uploads\/2021\/10\/Hotel-Sarotla-Brand-1-960x720.jpg 960w, https:\/\/www.travelgeekery.com\/wp-content\/uploads\/2021\/10\/Hotel-Sarotla-Brand-1-150x113.jpg 150w\" sizes=\"auto, (max-width: 760px) calc(100vw - 40px), 720px\" data-pin-media=\"https:\/\/www.travelgeekery.com\/wp-content\/uploads\/2021\/10\/Hotel-Sarotla-Brand-1.jpg\"><\/noscript><img loading=\"lazy\" decoding=\"async\" width=\"1000\" height=\"750\" src=\"https:\/\/www.travelgeekery.com\/wp-content\/uploads\/2021\/10\/Hotel-Sarotla-Brand-1.jpg.webp\" alt=\"Hotel Sarotla in Brandnertal, Austria\" class=\"wp-image-12679 lazyload\" srcset=\"https:\/\/www.travelgeekery.com\/wp-content\/uploads\/2021\/10\/Hotel-Sarotla-Brand-1.jpg.webp 1000w, https:\/\/www.travelgeekery.com\/wp-content\/uploads\/2021\/10\/Hotel-Sarotla-Brand-1-300x225.jpg.webp 300w, https:\/\/www.travelgeekery.com\/wp-content\/uploads\/2021\/10\/Hotel-Sarotla-Brand-1-768x576.jpg.webp 768w, https:\/\/www.travelgeekery.com\/wp-content\/uploads\/2021\/10\/Hotel-Sarotla-Brand-1-720x540.jpg.webp 720w, https:\/\/www.travelgeekery.com\/wp-content\/uploads\/2021\/10\/Hotel-Sarotla-Brand-1-480x360.jpg.webp 480w, https:\/\/www.travelgeekery.com\/wp-content\/uploads\/2021\/10\/Hotel-Sarotla-Brand-1-320x240.jpg.webp 320w, https:\/\/www.travelgeekery.com\/wp-content\/uploads\/2021\/10\/Hotel-Sarotla-Brand-1-735x551.jpg.webp 735w, https:\/\/www.travelgeekery.com\/wp-content\/uploads\/2021\/10\/Hotel-Sarotla-Brand-1-335x251.jpg.webp 335w, https:\/\/www.travelgeekery.com\/wp-content\/uploads\/2021\/10\/Hotel-Sarotla-Brand-1-347x260.jpg.webp 347w, https:\/\/www.travelgeekery.com\/wp-content\/uploads\/2021\/10\/Hotel-Sarotla-Brand-1-520x390.jpg.webp 520w, https:\/\/www.travelgeekery.com\/wp-content\/uploads\/2021\/10\/Hotel-Sarotla-Brand-1-640x480.jpg.webp 640w, https:\/\/www.travelgeekery.com\/wp-content\/uploads\/2021\/10\/Hotel-Sarotla-Brand-1-960x720.jpg.webp 960w, https:\/\/www.travelgeekery.com\/wp-content\/uploads\/2021\/10\/Hotel-Sarotla-Brand-1-150x113.jpg.webp 150w\" sizes=\"auto, (max-width: 760px) calc(100vw - 40px), 720px\" data-pin-media=\"https:\/\/www.travelgeekery.com\/wp-content\/uploads\/2021\/10\/Hotel-Sarotla-Brand-1.jpg\" id=\"mv-trellis-img-20\" data-trellis-processed=\"1\"><\/a><figcaption class=\"wp-element-caption\">Jedna ze dvou propojen&yacute;ch budov hotelu Sarotla<\/figcaption><\/figure>\n<\/div>\n\n\n\n<div class=\"wp-block-column is-layout-flow wp-block-column-is-layout-flow\">\n<figure class=\"wp-block-image size-full\"><a href=\"https:\/\/www.travelgeekery.com\/wp-content\/uploads\/2021\/10\/Hotel-Sarotla-Brand-2.jpg\"><noscript><img loading=\"lazy\" decoding=\"async\" width=\"1000\" height=\"750\" src=\"https:\/\/www.travelgeekery.com\/wp-content\/uploads\/2021\/10\/Hotel-Sarotla-Brand-2.jpg\" alt=\"View from a hotel room in the Alps\" class=\"wp-image-12681\" srcset=\"https:\/\/www.travelgeekery.com\/wp-content\/uploads\/2021\/10\/Hotel-Sarotla-Brand-2.jpg 1000w, https:\/\/www.travelgeekery.com\/wp-content\/uploads\/2021\/10\/Hotel-Sarotla-Brand-2-300x225.jpg 300w, https:\/\/www.travelgeekery.com\/wp-content\/uploads\/2021\/10\/Hotel-Sarotla-Brand-2-768x576.jpg 768w, https:\/\/www.travelgeekery.com\/wp-content\/uploads\/2021\/10\/Hotel-Sarotla-Brand-2-720x540.jpg 720w, https:\/\/www.travelgeekery.com\/wp-content\/uploads\/2021\/10\/Hotel-Sarotla-Brand-2-480x360.jpg 480w, https:\/\/www.travelgeekery.com\/wp-content\/uploads\/2021\/10\/Hotel-Sarotla-Brand-2-320x240.jpg 320w, https:\/\/www.travelgeekery.com\/wp-content\/uploads\/2021\/10\/Hotel-Sarotla-Brand-2-735x551.jpg 735w, https:\/\/www.travelgeekery.com\/wp-content\/uploads\/2021\/10\/Hotel-Sarotla-Brand-2-335x251.jpg 335w, https:\/\/www.travelgeekery.com\/wp-content\/uploads\/2021\/10\/Hotel-Sarotla-Brand-2-347x260.jpg 347w, https:\/\/www.travelgeekery.com\/wp-content\/uploads\/2021\/10\/Hotel-Sarotla-Brand-2-520x390.jpg 520w, https:\/\/www.travelgeekery.com\/wp-content\/uploads\/2021\/10\/Hotel-Sarotla-Brand-2-640x480.jpg 640w, https:\/\/www.travelgeekery.com\/wp-content\/uploads\/2021\/10\/Hotel-Sarotla-Brand-2-960x720.jpg 960w, https:\/\/www.travelgeekery.com\/wp-content\/uploads\/2021\/10\/Hotel-Sarotla-Brand-2-150x113.jpg 150w\" sizes=\"auto, (max-width: 760px) calc(100vw - 40px), 720px\" data-pin-media=\"https:\/\/www.travelgeekery.com\/wp-content\/uploads\/2021\/10\/Hotel-Sarotla-Brand-2.jpg\"><\/noscript><img loading=\"lazy\" decoding=\"async\" width=\"1000\" height=\"750\" src=\"https:\/\/www.travelgeekery.com\/wp-content\/uploads\/2021\/10\/Hotel-Sarotla-Brand-2.jpg.webp\" alt=\"View from a hotel room in the Alps\" class=\"wp-image-12681 lazyload\" srcset=\"https:\/\/www.travelgeekery.com\/wp-content\/uploads\/2021\/10\/Hotel-Sarotla-Brand-2.jpg.webp 1000w, https:\/\/www.travelgeekery.com\/wp-content\/uploads\/2021\/10\/Hotel-Sarotla-Brand-2-300x225.jpg.webp 300w, https:\/\/www.travelgeekery.com\/wp-content\/uploads\/2021\/10\/Hotel-Sarotla-Brand-2-768x576.jpg.webp 768w, https:\/\/www.travelgeekery.com\/wp-content\/uploads\/2021\/10\/Hotel-Sarotla-Brand-2-720x540.jpg.webp 720w, https:\/\/www.travelgeekery.com\/wp-content\/uploads\/2021\/10\/Hotel-Sarotla-Brand-2-480x360.jpg.webp 480w, https:\/\/www.travelgeekery.com\/wp-content\/uploads\/2021\/10\/Hotel-Sarotla-Brand-2-320x240.jpg.webp 320w, https:\/\/www.travelgeekery.com\/wp-content\/uploads\/2021\/10\/Hotel-Sarotla-Brand-2-735x551.jpg.webp 735w, https:\/\/www.travelgeekery.com\/wp-content\/uploads\/2021\/10\/Hotel-Sarotla-Brand-2-335x251.jpg.webp 335w, https:\/\/www.travelgeekery.com\/wp-content\/uploads\/2021\/10\/Hotel-Sarotla-Brand-2-347x260.jpg.webp 347w, https:\/\/www.travelgeekery.com\/wp-content\/uploads\/2021\/10\/Hotel-Sarotla-Brand-2-520x390.jpg.webp 520w, https:\/\/www.travelgeekery.com\/wp-content\/uploads\/2021\/10\/Hotel-Sarotla-Brand-2-640x480.jpg.webp 640w, https:\/\/www.travelgeekery.com\/wp-content\/uploads\/2021\/10\/Hotel-Sarotla-Brand-2-960x720.jpg.webp 960w, https:\/\/www.travelgeekery.com\/wp-content\/uploads\/2021\/10\/Hotel-Sarotla-Brand-2-150x113.jpg.webp 150w\" sizes=\"auto, (max-width: 760px) calc(100vw - 40px), 720px\" data-pin-media=\"https:\/\/www.travelgeekery.com\/wp-content\/uploads\/2021\/10\/Hotel-Sarotla-Brand-2.jpg\" id=\"mv-trellis-img-21\" data-trellis-processed=\"1\"><\/a><figcaption class=\"wp-element-caption\">V&yacute;hled z m&eacute;ho pokoje &ndash; Dorfbahn a dal&scaron;&iacute; hotel <\/figcaption><\/figure>\n<\/div>\n<\/div>\n\n\n\n<p>Pro vrcholn&yacute; relax a h&yacute;&#269;k&aacute;n&iacute; nav&scaron;tivte wellness z&oacute;nu. Wellness pro dosp&#283;l&eacute; disponuje n&#283;kolika saunami a m&iacute;stnost&iacute; s&nbsp;p&aacute;rou. B&#283;hem na&scaron;eho pobytu byly pro hosty nachyst&aacute;ny tak&eacute; mal&eacute; misti&#269;ky s&nbsp;medov&yacute;m peelingem pro ty, kdo tou&#382;ili po extra jemn&eacute; poko&#382;ce. Taky si tu m&#367;&#382;ete objednat r&#367;zn&eacute; mas&aacute;&#382;e a kosmetiku.<\/p>\n\n\n\n<p>Rodinn&yacute; wellness pak sk&yacute;t&aacute; tak&eacute; n&#283;kolik saun v&#269;etn&#283; jemn&eacute; infrared sauny a taky plaveck&yacute; baz&eacute;n. V&scaron;e je tu p&#345;izp&#367;sobeno d&#283;tem, tak&#382;e se nemus&iacute;te ob&aacute;vat vz&iacute;t je s&nbsp;sebou i do sauny &ndash; jsou nastaveny na ni&#382;&scaron;&iacute; teplotu.<\/p>\n\n\n\n<h2 class=\"wp-block-heading\"><span class=\"ez-toc-section\" id=\"Vesnice_Brand\"><\/span>Vesnice Brand<span class=\"ez-toc-section-end\"><\/span><\/h2>\n\n\n\n<p>Proto&#382;e budete m&iacute;t z&aacute;kladnu v&nbsp;Brandu, horsk&eacute; vesni&#269;ce v&nbsp;srdci &uacute;dol&iacute; Brandnertal, hod&iacute; se o n&iacute; tak&eacute; n&#283;co v&#283;d&#283;t a minim&aacute;ln&#283; si ji proj&iacute;t. Tak&eacute; je tu n&#283;kolik zaj&iacute;mav&yacute;ch v&#283;c&iacute; k&nbsp;vid&#283;n&iacute;.<\/p>\n\n\n\n<p>Brand m&aacute; pouh&yacute;ch 747 obyvatel, tohle &#269;&iacute;slo ale d&iacute;ky turist&#367;m v&nbsp;nevyt&iacute;&#382;en&#283;j&scaron;&iacute;ch m&#283;s&iacute;c&iacute;ch vyroste o n&#283;jak&eacute; dva tis&iacute;ce.<\/p>\n\n\n\n<p>Vesnice se rozprost&iacute;r&aacute; v&nbsp;d&eacute;lce t&#345;&iacute; kilometr&#367; a lemuje hlavn&iacute; silnici. Jak to tak b&yacute;v&aacute;, v&nbsp;sam&eacute;m centru se nach&aacute;z&iacute; kostel, tak&eacute; museum a komunitn&iacute; centrum. Pobl&iacute;&#382; m&#367;&#382;ete vid&#283;t nejstar&scaron;&iacute; domy vesnice, ve kter&yacute;ch bydleli str&aacute;&#382;ci hranic &ndash; v&scaron;echny maj&iacute; zelen&eacute; okenice, tak&#382;e se rozhl&eacute;dn&#283;te a najd&#283;te alespo&#328; t&#345;i.<\/p>\n\n\n\n<div class=\"wp-block-columns is-layout-flex wp-container-core-columns-is-layout-9d6595d7 wp-block-columns-is-layout-flex\">\n<div class=\"wp-block-column is-layout-flow wp-block-column-is-layout-flow\" style=\"flex-basis:33.33%\">\n<figure class=\"wp-block-image size-full\"><a href=\"https:\/\/www.travelgeekery.com\/wp-content\/uploads\/2021\/10\/Church-Brand-Vorarlberg.jpg\"><noscript><img loading=\"lazy\" decoding=\"async\" width=\"750\" height=\"1000\" src=\"https:\/\/www.travelgeekery.com\/wp-content\/uploads\/2021\/10\/Church-Brand-Vorarlberg.jpg\" alt=\"Modern church in Brand, an alpine village in Austria\" class=\"wp-image-12663\" srcset=\"https:\/\/www.travelgeekery.com\/wp-content\/uploads\/2021\/10\/Church-Brand-Vorarlberg.jpg 750w, https:\/\/www.travelgeekery.com\/wp-content\/uploads\/2021\/10\/Church-Brand-Vorarlberg-225x300.jpg 225w, https:\/\/www.travelgeekery.com\/wp-content\/uploads\/2021\/10\/Church-Brand-Vorarlberg-540x720.jpg 540w, https:\/\/www.travelgeekery.com\/wp-content\/uploads\/2021\/10\/Church-Brand-Vorarlberg-360x480.jpg 360w, https:\/\/www.travelgeekery.com\/wp-content\/uploads\/2021\/10\/Church-Brand-Vorarlberg-240x320.jpg 240w, https:\/\/www.travelgeekery.com\/wp-content\/uploads\/2021\/10\/Church-Brand-Vorarlberg-735x980.jpg 735w, https:\/\/www.travelgeekery.com\/wp-content\/uploads\/2021\/10\/Church-Brand-Vorarlberg-251x335.jpg 251w, https:\/\/www.travelgeekery.com\/wp-content\/uploads\/2021\/10\/Church-Brand-Vorarlberg-260x347.jpg 260w, https:\/\/www.travelgeekery.com\/wp-content\/uploads\/2021\/10\/Church-Brand-Vorarlberg-390x520.jpg 390w, https:\/\/www.travelgeekery.com\/wp-content\/uploads\/2021\/10\/Church-Brand-Vorarlberg-480x640.jpg 480w, https:\/\/www.travelgeekery.com\/wp-content\/uploads\/2021\/10\/Church-Brand-Vorarlberg-576x768.jpg 576w, https:\/\/www.travelgeekery.com\/wp-content\/uploads\/2021\/10\/Church-Brand-Vorarlberg-720x960.jpg 720w, https:\/\/www.travelgeekery.com\/wp-content\/uploads\/2021\/10\/Church-Brand-Vorarlberg-640x853.jpg 640w, https:\/\/www.travelgeekery.com\/wp-content\/uploads\/2021\/10\/Church-Brand-Vorarlberg-150x200.jpg 150w\" sizes=\"auto, (max-width: 760px) calc(100vw - 40px), 720px\" data-pin-media=\"https:\/\/www.travelgeekery.com\/wp-content\/uploads\/2021\/10\/Church-Brand-Vorarlberg.jpg\"><\/noscript><img loading=\"lazy\" decoding=\"async\" width=\"750\" height=\"1000\" src=\"https:\/\/www.travelgeekery.com\/wp-content\/uploads\/2021\/10\/Church-Brand-Vorarlberg.jpg.webp\" alt=\"Modern church in Brand, an alpine village in Austria\" class=\"wp-image-12663 lazyload\" srcset=\"https:\/\/www.travelgeekery.com\/wp-content\/uploads\/2021\/10\/Church-Brand-Vorarlberg.jpg.webp 750w, https:\/\/www.travelgeekery.com\/wp-content\/uploads\/2021\/10\/Church-Brand-Vorarlberg-225x300.jpg.webp 225w, https:\/\/www.travelgeekery.com\/wp-content\/uploads\/2021\/10\/Church-Brand-Vorarlberg-540x720.jpg.webp 540w, https:\/\/www.travelgeekery.com\/wp-content\/uploads\/2021\/10\/Church-Brand-Vorarlberg-360x480.jpg.webp 360w, https:\/\/www.travelgeekery.com\/wp-content\/uploads\/2021\/10\/Church-Brand-Vorarlberg-240x320.jpg.webp 240w, https:\/\/www.travelgeekery.com\/wp-content\/uploads\/2021\/10\/Church-Brand-Vorarlberg-735x980.jpg.webp 735w, https:\/\/www.travelgeekery.com\/wp-content\/uploads\/2021\/10\/Church-Brand-Vorarlberg-251x335.jpg.webp 251w, https:\/\/www.travelgeekery.com\/wp-content\/uploads\/2021\/10\/Church-Brand-Vorarlberg-260x347.jpg.webp 260w, https:\/\/www.travelgeekery.com\/wp-content\/uploads\/2021\/10\/Church-Brand-Vorarlberg-390x520.jpg.webp 390w, https:\/\/www.travelgeekery.com\/wp-content\/uploads\/2021\/10\/Church-Brand-Vorarlberg-480x640.jpg.webp 480w, https:\/\/www.travelgeekery.com\/wp-content\/uploads\/2021\/10\/Church-Brand-Vorarlberg-576x768.jpg.webp 576w, https:\/\/www.travelgeekery.com\/wp-content\/uploads\/2021\/10\/Church-Brand-Vorarlberg-720x960.jpg.webp 720w, https:\/\/www.travelgeekery.com\/wp-content\/uploads\/2021\/10\/Church-Brand-Vorarlberg-640x853.jpg.webp 640w, https:\/\/www.travelgeekery.com\/wp-content\/uploads\/2021\/10\/Church-Brand-Vorarlberg-150x200.jpg.webp 150w\" sizes=\"auto, (max-width: 760px) calc(100vw - 40px), 720px\" data-pin-media=\"https:\/\/www.travelgeekery.com\/wp-content\/uploads\/2021\/10\/Church-Brand-Vorarlberg.jpg\" id=\"mv-trellis-img-22\" data-trellis-processed=\"1\"><\/a><figcaption class=\"wp-element-caption\">Kostel v Brandu vypad&aacute; docela modern&#283;<\/figcaption><\/figure>\n<\/div>\n\n\n\n<div class=\"wp-block-column is-layout-flow wp-block-column-is-layout-flow\" style=\"flex-basis:66.66%\">\n<figure class=\"wp-block-image size-full\"><a href=\"https:\/\/www.travelgeekery.com\/wp-content\/uploads\/2021\/10\/Green-Shutters-House-Brand.jpg\"><noscript><img loading=\"lazy\" decoding=\"async\" width=\"999\" height=\"667\" src=\"https:\/\/www.travelgeekery.com\/wp-content\/uploads\/2021\/10\/Green-Shutters-House-Brand-edited-1.jpg\" alt=\"An old house with green shutters in Brand, Austria\" class=\"wp-image-12746\" srcset=\"https:\/\/www.travelgeekery.com\/wp-content\/uploads\/2021\/10\/Green-Shutters-House-Brand-edited-1.jpg 999w, https:\/\/www.travelgeekery.com\/wp-content\/uploads\/2021\/10\/Green-Shutters-House-Brand-edited-1-300x200.jpg 300w, https:\/\/www.travelgeekery.com\/wp-content\/uploads\/2021\/10\/Green-Shutters-House-Brand-edited-1-768x513.jpg 768w, https:\/\/www.travelgeekery.com\/wp-content\/uploads\/2021\/10\/Green-Shutters-House-Brand-edited-1-735x491.jpg 735w, https:\/\/www.travelgeekery.com\/wp-content\/uploads\/2021\/10\/Green-Shutters-House-Brand-edited-1-335x224.jpg 335w, https:\/\/www.travelgeekery.com\/wp-content\/uploads\/2021\/10\/Green-Shutters-House-Brand-edited-1-347x232.jpg 347w, https:\/\/www.travelgeekery.com\/wp-content\/uploads\/2021\/10\/Green-Shutters-House-Brand-edited-1-520x347.jpg 520w, https:\/\/www.travelgeekery.com\/wp-content\/uploads\/2021\/10\/Green-Shutters-House-Brand-edited-1-640x427.jpg 640w, https:\/\/www.travelgeekery.com\/wp-content\/uploads\/2021\/10\/Green-Shutters-House-Brand-edited-1-960x641.jpg 960w, https:\/\/www.travelgeekery.com\/wp-content\/uploads\/2021\/10\/Green-Shutters-House-Brand-edited-1-150x100.jpg 150w\" sizes=\"auto, (max-width: 760px) calc(100vw - 40px), 720px\" data-pin-media=\"https:\/\/www.travelgeekery.com\/wp-content\/uploads\/2021\/10\/Green-Shutters-House-Brand-edited-1.jpg\"><\/noscript><img loading=\"lazy\" decoding=\"async\" width=\"999\" height=\"667\" src=\"https:\/\/www.travelgeekery.com\/wp-content\/uploads\/2021\/10\/Green-Shutters-House-Brand-edited-1.jpg.webp\" alt=\"An old house with green shutters in Brand, Austria\" class=\"wp-image-12746 lazyload\" srcset=\"https:\/\/www.travelgeekery.com\/wp-content\/uploads\/2021\/10\/Green-Shutters-House-Brand-edited-1.jpg.webp 999w, https:\/\/www.travelgeekery.com\/wp-content\/uploads\/2021\/10\/Green-Shutters-House-Brand-edited-1-300x200.jpg.webp 300w, https:\/\/www.travelgeekery.com\/wp-content\/uploads\/2021\/10\/Green-Shutters-House-Brand-edited-1-768x513.jpg.webp 768w, https:\/\/www.travelgeekery.com\/wp-content\/uploads\/2021\/10\/Green-Shutters-House-Brand-edited-1-735x491.jpg.webp 735w, https:\/\/www.travelgeekery.com\/wp-content\/uploads\/2021\/10\/Green-Shutters-House-Brand-edited-1-335x224.jpg.webp 335w, https:\/\/www.travelgeekery.com\/wp-content\/uploads\/2021\/10\/Green-Shutters-House-Brand-edited-1-347x232.jpg.webp 347w, https:\/\/www.travelgeekery.com\/wp-content\/uploads\/2021\/10\/Green-Shutters-House-Brand-edited-1-520x347.jpg.webp 520w, https:\/\/www.travelgeekery.com\/wp-content\/uploads\/2021\/10\/Green-Shutters-House-Brand-edited-1-640x427.jpg.webp 640w, https:\/\/www.travelgeekery.com\/wp-content\/uploads\/2021\/10\/Green-Shutters-House-Brand-edited-1-960x641.jpg.webp 960w, https:\/\/www.travelgeekery.com\/wp-content\/uploads\/2021\/10\/Green-Shutters-House-Brand-edited-1-150x100.jpg.webp 150w\" sizes=\"auto, (max-width: 760px) calc(100vw - 40px), 720px\" data-pin-media=\"https:\/\/www.travelgeekery.com\/wp-content\/uploads\/2021\/10\/Green-Shutters-House-Brand-edited-1.jpg\" id=\"mv-trellis-img-23\" data-trellis-processed=\"1\"><\/a><figcaption class=\"wp-element-caption\">Jeden z nejstar&scaron;&iacute;ch dom&#367; v Brandu<\/figcaption><\/figure>\n<\/div>\n<\/div>\n\n\n\n<p>Vesnici ve 14. stolet&iacute; zalo&#382;ilo dvan&aacute;ct &scaron;v&yacute;carsk&yacute;ch rodin , kter&yacute;m se povedlo p&#345;ekro&#269;it mocn&eacute; poho&#345;&iacute; R&auml;tikon. &#344;&iacute;kali si Walserov&eacute; podle jm&eacute;na &scaron;v&yacute;carsk&eacute;ho kantonu, ze kter&eacute;ho p&#345;i&scaron;li &ndash; Valais.<\/p>\n\n\n\n<p>P&#345;esto&#382;e nejd&#345;&iacute;ve bydleli v&nbsp;hor&aacute;ch, pozd&#283;ji sestoupili do &uacute;dol&iacute;. Walserov&eacute; os&iacute;dlili n&#283;kolik vesnic nejen v&nbsp;Rakousku, ale i v&nbsp;Lichten&scaron;tejnsku a severn&iacute; It&aacute;lii. Zdej&scaron;&iacute; dne&scaron;n&iacute; unik&aacute;tn&iacute; dialekt vd&#283;&#269;&iacute; za sv&#367;j p&#367;vod pr&aacute;v&#283; Walser&#367;m.<\/p>\n\n\n\n<p>U hlavn&iacute; cesty, hned naproti p&#367;vabn&eacute; budov&#283; Romantik Hus, naraz&iacute;te na Alte S&auml;ge, starou pilu. Historick&eacute; z&aacute;znamy dokazuj&iacute;, &#382;e byla ve vesnici vodou poh&aacute;n&#283;n&aacute; pila u&#382; v&nbsp;17. stolet&iacute;. Voda byla tehdy hlavn&iacute;m zdrojem energie.<\/p>\n\n\n\n<p>P&#367;vod t&eacute;to pily, kterou pozn&aacute;te podle ml&yacute;nsk&eacute;ho kola venku, je v&scaron;ak v&nbsp;po&#269;&aacute;tku 20. stolet&iacute;. Dnes se uvnit&#345; nach&aacute;z&iacute; mal&yacute; designersk&yacute; obch&#367;dek prod&aacute;vaj&iacute;c&iacute; rukod&#283;ln&eacute; v&yacute;robky a dekoraci.<\/p>\n\n\n\n<div class=\"wp-block-columns is-layout-flex wp-container-core-columns-is-layout-9d6595d7 wp-block-columns-is-layout-flex\">\n<div class=\"wp-block-column is-layout-flow wp-block-column-is-layout-flow\">\n<figure class=\"wp-block-image size-full\"><a href=\"https:\/\/www.travelgeekery.com\/wp-content\/uploads\/2021\/10\/Romantik-Hus-Brand-2.jpg\"><noscript><img loading=\"lazy\" decoding=\"async\" width=\"750\" height=\"1000\" src=\"https:\/\/www.travelgeekery.com\/wp-content\/uploads\/2021\/10\/Romantik-Hus-Brand-2.jpg\" alt=\"A picturesque house in Brand Austria\" class=\"wp-image-12703\" srcset=\"https:\/\/www.travelgeekery.com\/wp-content\/uploads\/2021\/10\/Romantik-Hus-Brand-2.jpg 750w, https:\/\/www.travelgeekery.com\/wp-content\/uploads\/2021\/10\/Romantik-Hus-Brand-2-225x300.jpg 225w, https:\/\/www.travelgeekery.com\/wp-content\/uploads\/2021\/10\/Romantik-Hus-Brand-2-540x720.jpg 540w, https:\/\/www.travelgeekery.com\/wp-content\/uploads\/2021\/10\/Romantik-Hus-Brand-2-360x480.jpg 360w, https:\/\/www.travelgeekery.com\/wp-content\/uploads\/2021\/10\/Romantik-Hus-Brand-2-240x320.jpg 240w, https:\/\/www.travelgeekery.com\/wp-content\/uploads\/2021\/10\/Romantik-Hus-Brand-2-735x980.jpg 735w, https:\/\/www.travelgeekery.com\/wp-content\/uploads\/2021\/10\/Romantik-Hus-Brand-2-251x335.jpg 251w, https:\/\/www.travelgeekery.com\/wp-content\/uploads\/2021\/10\/Romantik-Hus-Brand-2-260x347.jpg 260w, https:\/\/www.travelgeekery.com\/wp-content\/uploads\/2021\/10\/Romantik-Hus-Brand-2-390x520.jpg 390w, https:\/\/www.travelgeekery.com\/wp-content\/uploads\/2021\/10\/Romantik-Hus-Brand-2-480x640.jpg 480w, https:\/\/www.travelgeekery.com\/wp-content\/uploads\/2021\/10\/Romantik-Hus-Brand-2-576x768.jpg 576w, https:\/\/www.travelgeekery.com\/wp-content\/uploads\/2021\/10\/Romantik-Hus-Brand-2-720x960.jpg 720w, https:\/\/www.travelgeekery.com\/wp-content\/uploads\/2021\/10\/Romantik-Hus-Brand-2-640x853.jpg 640w, https:\/\/www.travelgeekery.com\/wp-content\/uploads\/2021\/10\/Romantik-Hus-Brand-2-150x200.jpg 150w\" sizes=\"auto, (max-width: 760px) calc(100vw - 40px), 720px\" data-pin-media=\"https:\/\/www.travelgeekery.com\/wp-content\/uploads\/2021\/10\/Romantik-Hus-Brand-2.jpg\"><\/noscript><img loading=\"lazy\" decoding=\"async\" width=\"750\" height=\"1000\" src=\"https:\/\/www.travelgeekery.com\/wp-content\/uploads\/2021\/10\/Romantik-Hus-Brand-2.jpg.webp\" alt=\"A picturesque house in Brand Austria\" class=\"wp-image-12703 lazyload\" srcset=\"https:\/\/www.travelgeekery.com\/wp-content\/uploads\/2021\/10\/Romantik-Hus-Brand-2.jpg.webp 750w, https:\/\/www.travelgeekery.com\/wp-content\/uploads\/2021\/10\/Romantik-Hus-Brand-2-225x300.jpg.webp 225w, https:\/\/www.travelgeekery.com\/wp-content\/uploads\/2021\/10\/Romantik-Hus-Brand-2-540x720.jpg.webp 540w, https:\/\/www.travelgeekery.com\/wp-content\/uploads\/2021\/10\/Romantik-Hus-Brand-2-360x480.jpg.webp 360w, https:\/\/www.travelgeekery.com\/wp-content\/uploads\/2021\/10\/Romantik-Hus-Brand-2-240x320.jpg.webp 240w, https:\/\/www.travelgeekery.com\/wp-content\/uploads\/2021\/10\/Romantik-Hus-Brand-2-735x980.jpg.webp 735w, https:\/\/www.travelgeekery.com\/wp-content\/uploads\/2021\/10\/Romantik-Hus-Brand-2-251x335.jpg.webp 251w, https:\/\/www.travelgeekery.com\/wp-content\/uploads\/2021\/10\/Romantik-Hus-Brand-2-260x347.jpg.webp 260w, https:\/\/www.travelgeekery.com\/wp-content\/uploads\/2021\/10\/Romantik-Hus-Brand-2-390x520.jpg.webp 390w, https:\/\/www.travelgeekery.com\/wp-content\/uploads\/2021\/10\/Romantik-Hus-Brand-2-480x640.jpg.webp 480w, https:\/\/www.travelgeekery.com\/wp-content\/uploads\/2021\/10\/Romantik-Hus-Brand-2-576x768.jpg.webp 576w, https:\/\/www.travelgeekery.com\/wp-content\/uploads\/2021\/10\/Romantik-Hus-Brand-2-720x960.jpg.webp 720w, https:\/\/www.travelgeekery.com\/wp-content\/uploads\/2021\/10\/Romantik-Hus-Brand-2-640x853.jpg.webp 640w, https:\/\/www.travelgeekery.com\/wp-content\/uploads\/2021\/10\/Romantik-Hus-Brand-2-150x200.jpg.webp 150w\" sizes=\"auto, (max-width: 760px) calc(100vw - 40px), 720px\" data-pin-media=\"https:\/\/www.travelgeekery.com\/wp-content\/uploads\/2021\/10\/Romantik-Hus-Brand-2.jpg\" id=\"mv-trellis-img-24\" data-trellis-processed=\"1\"><\/a><figcaption class=\"wp-element-caption\">Romantik Hus, malebn&aacute; budova v Brandu.<\/figcaption><\/figure>\n<\/div>\n\n\n\n<div class=\"wp-block-column is-layout-flow wp-block-column-is-layout-flow\">\n<figure class=\"wp-block-image size-full\"><a href=\"https:\/\/www.travelgeekery.com\/wp-content\/uploads\/2021\/10\/Alte-Saege-Brand.jpg\"><noscript><img loading=\"lazy\" decoding=\"async\" width=\"750\" height=\"1000\" src=\"https:\/\/www.travelgeekery.com\/wp-content\/uploads\/2021\/10\/Alte-Saege-Brand.jpg\" alt=\"old mill covered in moss\" class=\"wp-image-12647\" srcset=\"https:\/\/www.travelgeekery.com\/wp-content\/uploads\/2021\/10\/Alte-Saege-Brand.jpg 750w, https:\/\/www.travelgeekery.com\/wp-content\/uploads\/2021\/10\/Alte-Saege-Brand-225x300.jpg 225w, https:\/\/www.travelgeekery.com\/wp-content\/uploads\/2021\/10\/Alte-Saege-Brand-540x720.jpg 540w, https:\/\/www.travelgeekery.com\/wp-content\/uploads\/2021\/10\/Alte-Saege-Brand-360x480.jpg 360w, https:\/\/www.travelgeekery.com\/wp-content\/uploads\/2021\/10\/Alte-Saege-Brand-240x320.jpg 240w, https:\/\/www.travelgeekery.com\/wp-content\/uploads\/2021\/10\/Alte-Saege-Brand-735x980.jpg 735w, https:\/\/www.travelgeekery.com\/wp-content\/uploads\/2021\/10\/Alte-Saege-Brand-251x335.jpg 251w, https:\/\/www.travelgeekery.com\/wp-content\/uploads\/2021\/10\/Alte-Saege-Brand-260x347.jpg 260w, https:\/\/www.travelgeekery.com\/wp-content\/uploads\/2021\/10\/Alte-Saege-Brand-390x520.jpg 390w, https:\/\/www.travelgeekery.com\/wp-content\/uploads\/2021\/10\/Alte-Saege-Brand-480x640.jpg 480w, https:\/\/www.travelgeekery.com\/wp-content\/uploads\/2021\/10\/Alte-Saege-Brand-576x768.jpg 576w, https:\/\/www.travelgeekery.com\/wp-content\/uploads\/2021\/10\/Alte-Saege-Brand-720x960.jpg 720w, https:\/\/www.travelgeekery.com\/wp-content\/uploads\/2021\/10\/Alte-Saege-Brand-640x853.jpg 640w, https:\/\/www.travelgeekery.com\/wp-content\/uploads\/2021\/10\/Alte-Saege-Brand-150x200.jpg 150w\" sizes=\"auto, (max-width: 760px) calc(100vw - 40px), 720px\" data-pin-media=\"https:\/\/www.travelgeekery.com\/wp-content\/uploads\/2021\/10\/Alte-Saege-Brand.jpg\"><\/noscript><img loading=\"lazy\" decoding=\"async\" width=\"750\" height=\"1000\" src=\"https:\/\/www.travelgeekery.com\/wp-content\/uploads\/2021\/10\/Alte-Saege-Brand.jpg.webp\" alt=\"old mill covered in moss\" class=\"wp-image-12647 lazyload\" srcset=\"https:\/\/www.travelgeekery.com\/wp-content\/uploads\/2021\/10\/Alte-Saege-Brand.jpg.webp 750w, https:\/\/www.travelgeekery.com\/wp-content\/uploads\/2021\/10\/Alte-Saege-Brand-225x300.jpg.webp 225w, https:\/\/www.travelgeekery.com\/wp-content\/uploads\/2021\/10\/Alte-Saege-Brand-540x720.jpg.webp 540w, https:\/\/www.travelgeekery.com\/wp-content\/uploads\/2021\/10\/Alte-Saege-Brand-360x480.jpg.webp 360w, https:\/\/www.travelgeekery.com\/wp-content\/uploads\/2021\/10\/Alte-Saege-Brand-240x320.jpg.webp 240w, https:\/\/www.travelgeekery.com\/wp-content\/uploads\/2021\/10\/Alte-Saege-Brand-735x980.jpg.webp 735w, https:\/\/www.travelgeekery.com\/wp-content\/uploads\/2021\/10\/Alte-Saege-Brand-251x335.jpg.webp 251w, https:\/\/www.travelgeekery.com\/wp-content\/uploads\/2021\/10\/Alte-Saege-Brand-260x347.jpg.webp 260w, https:\/\/www.travelgeekery.com\/wp-content\/uploads\/2021\/10\/Alte-Saege-Brand-390x520.jpg.webp 390w, https:\/\/www.travelgeekery.com\/wp-content\/uploads\/2021\/10\/Alte-Saege-Brand-480x640.jpg.webp 480w, https:\/\/www.travelgeekery.com\/wp-content\/uploads\/2021\/10\/Alte-Saege-Brand-576x768.jpg.webp 576w, https:\/\/www.travelgeekery.com\/wp-content\/uploads\/2021\/10\/Alte-Saege-Brand-720x960.jpg.webp 720w, https:\/\/www.travelgeekery.com\/wp-content\/uploads\/2021\/10\/Alte-Saege-Brand-640x853.jpg.webp 640w, https:\/\/www.travelgeekery.com\/wp-content\/uploads\/2021\/10\/Alte-Saege-Brand-150x200.jpg.webp 150w\" sizes=\"auto, (max-width: 760px) calc(100vw - 40px), 720px\" data-pin-media=\"https:\/\/www.travelgeekery.com\/wp-content\/uploads\/2021\/10\/Alte-Saege-Brand.jpg\" id=\"mv-trellis-img-25\" data-trellis-processed=\"1\"><\/a><figcaption class=\"wp-element-caption\">Star&eacute; ml&yacute;nsk&eacute; kolo, kter&eacute; poh&aacute;n&#283;lo pilu.<\/figcaption><\/figure>\n<\/div>\n\n\n\n<div class=\"wp-block-column is-layout-flow wp-block-column-is-layout-flow\">\n<figure class=\"wp-block-image size-full\"><a href=\"https:\/\/www.travelgeekery.com\/wp-content\/uploads\/2021\/10\/Alte-Saege-Store-Brand.jpg\"><noscript><img loading=\"lazy\" decoding=\"async\" width=\"750\" height=\"1000\" src=\"https:\/\/www.travelgeekery.com\/wp-content\/uploads\/2021\/10\/Alte-Saege-Store-Brand.jpg\" alt=\"a small store in the Alps\" class=\"wp-image-12649\" srcset=\"https:\/\/www.travelgeekery.com\/wp-content\/uploads\/2021\/10\/Alte-Saege-Store-Brand.jpg 750w, https:\/\/www.travelgeekery.com\/wp-content\/uploads\/2021\/10\/Alte-Saege-Store-Brand-225x300.jpg 225w, https:\/\/www.travelgeekery.com\/wp-content\/uploads\/2021\/10\/Alte-Saege-Store-Brand-540x720.jpg 540w, https:\/\/www.travelgeekery.com\/wp-content\/uploads\/2021\/10\/Alte-Saege-Store-Brand-360x480.jpg 360w, https:\/\/www.travelgeekery.com\/wp-content\/uploads\/2021\/10\/Alte-Saege-Store-Brand-240x320.jpg 240w, https:\/\/www.travelgeekery.com\/wp-content\/uploads\/2021\/10\/Alte-Saege-Store-Brand-735x980.jpg 735w, https:\/\/www.travelgeekery.com\/wp-content\/uploads\/2021\/10\/Alte-Saege-Store-Brand-251x335.jpg 251w, https:\/\/www.travelgeekery.com\/wp-content\/uploads\/2021\/10\/Alte-Saege-Store-Brand-260x347.jpg 260w, https:\/\/www.travelgeekery.com\/wp-content\/uploads\/2021\/10\/Alte-Saege-Store-Brand-390x520.jpg 390w, https:\/\/www.travelgeekery.com\/wp-content\/uploads\/2021\/10\/Alte-Saege-Store-Brand-480x640.jpg 480w, https:\/\/www.travelgeekery.com\/wp-content\/uploads\/2021\/10\/Alte-Saege-Store-Brand-576x768.jpg 576w, https:\/\/www.travelgeekery.com\/wp-content\/uploads\/2021\/10\/Alte-Saege-Store-Brand-720x960.jpg 720w, https:\/\/www.travelgeekery.com\/wp-content\/uploads\/2021\/10\/Alte-Saege-Store-Brand-640x853.jpg 640w, https:\/\/www.travelgeekery.com\/wp-content\/uploads\/2021\/10\/Alte-Saege-Store-Brand-150x200.jpg 150w\" sizes=\"auto, (max-width: 760px) calc(100vw - 40px), 720px\" data-pin-media=\"https:\/\/www.travelgeekery.com\/wp-content\/uploads\/2021\/10\/Alte-Saege-Store-Brand.jpg\"><\/noscript><img loading=\"lazy\" decoding=\"async\" width=\"750\" height=\"1000\" src=\"https:\/\/www.travelgeekery.com\/wp-content\/uploads\/2021\/10\/Alte-Saege-Store-Brand.jpg.webp\" alt=\"a small store in the Alps\" class=\"wp-image-12649 lazyload\" srcset=\"https:\/\/www.travelgeekery.com\/wp-content\/uploads\/2021\/10\/Alte-Saege-Store-Brand.jpg.webp 750w, https:\/\/www.travelgeekery.com\/wp-content\/uploads\/2021\/10\/Alte-Saege-Store-Brand-225x300.jpg.webp 225w, https:\/\/www.travelgeekery.com\/wp-content\/uploads\/2021\/10\/Alte-Saege-Store-Brand-540x720.jpg.webp 540w, https:\/\/www.travelgeekery.com\/wp-content\/uploads\/2021\/10\/Alte-Saege-Store-Brand-360x480.jpg.webp 360w, https:\/\/www.travelgeekery.com\/wp-content\/uploads\/2021\/10\/Alte-Saege-Store-Brand-240x320.jpg.webp 240w, https:\/\/www.travelgeekery.com\/wp-content\/uploads\/2021\/10\/Alte-Saege-Store-Brand-735x980.jpg.webp 735w, https:\/\/www.travelgeekery.com\/wp-content\/uploads\/2021\/10\/Alte-Saege-Store-Brand-251x335.jpg.webp 251w, https:\/\/www.travelgeekery.com\/wp-content\/uploads\/2021\/10\/Alte-Saege-Store-Brand-260x347.jpg.webp 260w, https:\/\/www.travelgeekery.com\/wp-content\/uploads\/2021\/10\/Alte-Saege-Store-Brand-390x520.jpg.webp 390w, https:\/\/www.travelgeekery.com\/wp-content\/uploads\/2021\/10\/Alte-Saege-Store-Brand-480x640.jpg.webp 480w, https:\/\/www.travelgeekery.com\/wp-content\/uploads\/2021\/10\/Alte-Saege-Store-Brand-576x768.jpg.webp 576w, https:\/\/www.travelgeekery.com\/wp-content\/uploads\/2021\/10\/Alte-Saege-Store-Brand-720x960.jpg.webp 720w, https:\/\/www.travelgeekery.com\/wp-content\/uploads\/2021\/10\/Alte-Saege-Store-Brand-640x853.jpg.webp 640w, https:\/\/www.travelgeekery.com\/wp-content\/uploads\/2021\/10\/Alte-Saege-Store-Brand-150x200.jpg.webp 150w\" sizes=\"auto, (max-width: 760px) calc(100vw - 40px), 720px\" data-pin-media=\"https:\/\/www.travelgeekery.com\/wp-content\/uploads\/2021\/10\/Alte-Saege-Store-Brand.jpg\" id=\"mv-trellis-img-26\" data-trellis-processed=\"1\"><\/a><figcaption class=\"wp-element-caption\">Dnes je v b&yacute;val&eacute; pile obch&#367;dek.<\/figcaption><\/figure>\n<\/div>\n<\/div>\n\n\n\n<p>Vodn&iacute; ml&yacute;ny pro mlet&iacute; mouky byly tehdy tak&eacute; norm&aacute;ln&iacute;. A&#382; do konce 19. stolet&iacute; se v&nbsp;Brandu p&#283;stovaly r&#367;zn&eacute; obilniny a dal&scaron;&iacute; plodiny &ndash; je&#269;men, &#382;ito, oves, len, konop&iacute; a brambory. Sklizn&#283; v&scaron;ak byly sp&iacute;&scaron;e podpr&#367;m&#283;rn&eacute; a tak farma&#345;en&iacute; postupn&#283; upadalo. Z&nbsp;p&#367;vodn&iacute;ch 60 farm&aacute;&#345;&#367; jich dnes z&#367;stalo jen 15 a &#382;&aacute;dn&yacute; z&nbsp;nich se farma&#345;en&iacute; nev&#283;nuje na pln&yacute; &uacute;vazek.&nbsp;<\/p>\n\n\n\n<p>D&#283;jiny Brandu obsahuj&iacute; i pikantn&#283;j&scaron;&iacute; historky. Ve dvac&aacute;t&yacute;ch letech se na m&iacute;st&#283; dne&scaron;n&iacute;ho p&#345;&iacute;rodn&iacute;ho koupali&scaron;t&#283; nach&aacute;zela velk&aacute; plov&aacute;rna. Jej&iacute; popularita sahala a&#382; do N&#283;mecka. &bdquo;Skand&aacute;ln&iacute;&ldquo; &#382;eny z&nbsp;Berl&iacute;na sem s&nbsp;oblibou jezdily a vystavovaly na odiv sv&aacute; t&#283;la v&nbsp;bikin&aacute;ch. Pro m&iacute;stn&iacute; nevinn&eacute; hochy velk&aacute; hrozba. Mohly je toti&#382; zkazit. Proto se m&iacute;stn&iacute; autority rozhodly kolem plov&aacute;rny postavit plot jako prevenci.<\/p>\n\n\n\n<h2 class=\"wp-block-heading\"><span class=\"ez-toc-section\" id=\"Dalsi_aktivity_v_Brandu_a_Brandnertalu\"><\/span>Dal&scaron;&iacute; aktivity v&nbsp;Brandu a Brandnertalu<span class=\"ez-toc-section-end\"><\/span><\/h2>\n\n\n\n<p>To ale ani zdaleka nen&iacute; v&scaron;e, co se d&aacute; v&nbsp;Brandnertalu podniknout. N&iacute;&#382;e je&scaron;t&#283; p&aacute;r n&aacute;pad&#367;, kter&eacute; jsem bohu&#382;el nestihla vyzkou&scaron;et na vlastn&iacute; k&#367;&#382;i:<\/p>\n\n\n\n<h3 class=\"wp-block-heading\"><span class=\"ez-toc-section\" id=\"Projedte_se_na_koni\"><\/span>Proje&#271;te se na koni<span class=\"ez-toc-section-end\"><\/span><\/h3>\n\n\n\n<p>V&nbsp;Brandu se m&#367;&#382;ete sv&eacute;zt i na ko&#328;sk&eacute;m h&#345;betu. Sporthotel Beck se star&aacute; o n&#283;kolik kon&iacute; a nab&iacute;z&iacute; r&#367;zn&eacute; typy proj&iacute;&#382;d&#283;k.<\/p>\n\n\n\n<p>Kamar&aacute;dka ze &Scaron;v&eacute;dska si za kon&iacute;ky vyrazila a byla nad&scaron;en&aacute;. Chovaj&iacute; tu speci&aacute;ln&iacute; odr&#367;du kon&iacute; s&nbsp;blon&#271;atou h&#345;&iacute;vou.<\/p>\n\n\n\n<p>Aktualizace: v r. 2025 u&#382; nevid&iacute;m mo&#382;nost rezervace j&iacute;zdy na koni na <a href=\"https:\/\/www.sporthotel-beck.at\" target=\"_blank\" rel=\"noreferrer noopener\">str&aacute;nk&aacute;ch Sporthotelu Beck<\/a>. M&#367;&#382;ete je v&scaron;ak zkontaktovat nap&#345;&iacute;mo a poptat se.<\/p>\n\n\n\n<h3 class=\"wp-block-heading\"><span class=\"ez-toc-section\" id=\"Bavi_vas_golf\"><\/span>Bav&iacute; v&aacute;s golf?<span class=\"ez-toc-section-end\"><\/span><\/h3>\n\n\n\n<div class=\"wp-block-columns is-layout-flex wp-container-core-columns-is-layout-9d6595d7 wp-block-columns-is-layout-flex\">\n<div class=\"wp-block-column is-layout-flow wp-block-column-is-layout-flow\" style=\"flex-basis:33.33%\">\n<p>Jestli&#382;e v&aacute;m vysokohorsk&yacute; golf p&#345;ijde jako dobr&yacute; n&aacute;pad, m&aacute;te kliku. P&#345;&iacute;mo v&nbsp;centru Brandu, jen kousek od hlavn&iacute; silnice, se nach&aacute;z&iacute; kr&aacute;sn&eacute; 18-jamkov&eacute; h&#345;i&scaron;t&#283; se spoustou p&#345;&iacute;rodn&iacute;ch p&#345;ek&aacute;&#382;ek.<\/p>\n\n\n\n<p>Golfov&iacute; nad&scaron;enci, hlaste se <a href=\"https:\/\/www.gcbrand.at\/\" target=\"_blank\" rel=\"noreferrer noopener\">zde<\/a> (pouze v&nbsp;n&#283;m&#269;in&#283;).<\/p>\n<\/div>\n\n\n\n<div class=\"wp-block-column is-layout-flow wp-block-column-is-layout-flow\" style=\"flex-basis:30%\">\n<figure class=\"wp-block-image size-full\"><a href=\"https:\/\/www.travelgeekery.com\/wp-content\/uploads\/2021\/10\/Golfing-Brand.jpg\"><noscript><img loading=\"lazy\" decoding=\"async\" width=\"750\" height=\"1000\" src=\"https:\/\/www.travelgeekery.com\/wp-content\/uploads\/2021\/10\/Golfing-Brand.jpg\" alt=\"A golf course in Brandnertal Austria\" class=\"wp-image-12671\" srcset=\"https:\/\/www.travelgeekery.com\/wp-content\/uploads\/2021\/10\/Golfing-Brand.jpg 750w, https:\/\/www.travelgeekery.com\/wp-content\/uploads\/2021\/10\/Golfing-Brand-225x300.jpg 225w, https:\/\/www.travelgeekery.com\/wp-content\/uploads\/2021\/10\/Golfing-Brand-540x720.jpg 540w, https:\/\/www.travelgeekery.com\/wp-content\/uploads\/2021\/10\/Golfing-Brand-360x480.jpg 360w, https:\/\/www.travelgeekery.com\/wp-content\/uploads\/2021\/10\/Golfing-Brand-240x320.jpg 240w, https:\/\/www.travelgeekery.com\/wp-content\/uploads\/2021\/10\/Golfing-Brand-735x980.jpg 735w, https:\/\/www.travelgeekery.com\/wp-content\/uploads\/2021\/10\/Golfing-Brand-251x335.jpg 251w, https:\/\/www.travelgeekery.com\/wp-content\/uploads\/2021\/10\/Golfing-Brand-260x347.jpg 260w, https:\/\/www.travelgeekery.com\/wp-content\/uploads\/2021\/10\/Golfing-Brand-390x520.jpg 390w, https:\/\/www.travelgeekery.com\/wp-content\/uploads\/2021\/10\/Golfing-Brand-480x640.jpg 480w, https:\/\/www.travelgeekery.com\/wp-content\/uploads\/2021\/10\/Golfing-Brand-576x768.jpg 576w, https:\/\/www.travelgeekery.com\/wp-content\/uploads\/2021\/10\/Golfing-Brand-720x960.jpg 720w, https:\/\/www.travelgeekery.com\/wp-content\/uploads\/2021\/10\/Golfing-Brand-640x853.jpg 640w, https:\/\/www.travelgeekery.com\/wp-content\/uploads\/2021\/10\/Golfing-Brand-150x200.jpg 150w\" sizes=\"auto, (max-width: 760px) calc(100vw - 40px), 720px\" data-pin-media=\"https:\/\/www.travelgeekery.com\/wp-content\/uploads\/2021\/10\/Golfing-Brand.jpg\"><\/noscript><img loading=\"lazy\" decoding=\"async\" width=\"750\" height=\"1000\" src=\"https:\/\/www.travelgeekery.com\/wp-content\/uploads\/2021\/10\/Golfing-Brand.jpg.webp\" alt=\"A golf course in Brandnertal Austria\" class=\"wp-image-12671 lazyload\" srcset=\"https:\/\/www.travelgeekery.com\/wp-content\/uploads\/2021\/10\/Golfing-Brand.jpg.webp 750w, https:\/\/www.travelgeekery.com\/wp-content\/uploads\/2021\/10\/Golfing-Brand-225x300.jpg.webp 225w, https:\/\/www.travelgeekery.com\/wp-content\/uploads\/2021\/10\/Golfing-Brand-540x720.jpg.webp 540w, https:\/\/www.travelgeekery.com\/wp-content\/uploads\/2021\/10\/Golfing-Brand-360x480.jpg.webp 360w, https:\/\/www.travelgeekery.com\/wp-content\/uploads\/2021\/10\/Golfing-Brand-240x320.jpg.webp 240w, https:\/\/www.travelgeekery.com\/wp-content\/uploads\/2021\/10\/Golfing-Brand-735x980.jpg.webp 735w, https:\/\/www.travelgeekery.com\/wp-content\/uploads\/2021\/10\/Golfing-Brand-251x335.jpg.webp 251w, https:\/\/www.travelgeekery.com\/wp-content\/uploads\/2021\/10\/Golfing-Brand-260x347.jpg.webp 260w, https:\/\/www.travelgeekery.com\/wp-content\/uploads\/2021\/10\/Golfing-Brand-390x520.jpg.webp 390w, https:\/\/www.travelgeekery.com\/wp-content\/uploads\/2021\/10\/Golfing-Brand-480x640.jpg.webp 480w, https:\/\/www.travelgeekery.com\/wp-content\/uploads\/2021\/10\/Golfing-Brand-576x768.jpg.webp 576w, https:\/\/www.travelgeekery.com\/wp-content\/uploads\/2021\/10\/Golfing-Brand-720x960.jpg.webp 720w, https:\/\/www.travelgeekery.com\/wp-content\/uploads\/2021\/10\/Golfing-Brand-640x853.jpg.webp 640w, https:\/\/www.travelgeekery.com\/wp-content\/uploads\/2021\/10\/Golfing-Brand-150x200.jpg.webp 150w\" sizes=\"auto, (max-width: 760px) calc(100vw - 40px), 720px\" data-pin-media=\"https:\/\/www.travelgeekery.com\/wp-content\/uploads\/2021\/10\/Golfing-Brand.jpg\" id=\"mv-trellis-img-27\" data-trellis-processed=\"1\"><\/a><figcaption class=\"wp-element-caption\">Golfov&eacute; h&#345;i&scaron;t&#283; v Brandnertalu<\/figcaption><\/figure>\n<\/div>\n<\/div>\n\n\n\n<h3 class=\"wp-block-heading\"><span class=\"ez-toc-section\" id=\"Zaplavte_si_v_biotopu\"><\/span>Zaplavte si v&nbsp;biotopu<span class=\"ez-toc-section-end\"><\/span><\/h3>\n\n\n\n<p>B&#283;hem m&eacute; n&aacute;v&scaron;t&#283;vy bylo p&#345;&iacute;rodn&iacute; koupali&scaron;t&#283; Alvierbad u&#382; zav&#345;en&eacute;, i kdy&#382; se sez&oacute;na ukon&#269;uje a&#382; na konci z&aacute;&#345;&iacute;.<\/p>\n\n\n\n<p>Pokud jej zachyt&iacute;te otev&#345;en&eacute;, a po&#269;as&iacute; v&aacute;m bude vyhovovat, je koup&aacute;n&iacute; jedna z&nbsp;dal&scaron;&iacute;ch p&#345;&iacute;jemn&yacute;ch aktivit, kter&eacute; se ve vesnici daj&iacute; provozovat.<\/p>\n\n\n\n<figure class=\"wp-block-image size-full\"><a href=\"https:\/\/www.travelgeekery.com\/wp-content\/uploads\/2021\/10\/Alvierbad-Brand.jpg\"><noscript><img loading=\"lazy\" decoding=\"async\" width=\"1000\" height=\"750\" src=\"https:\/\/www.travelgeekery.com\/wp-content\/uploads\/2021\/10\/Alvierbad-Brand.jpg\" alt=\"Strolling through the alpine village of Brand in Austria\" class=\"wp-image-12651\" srcset=\"https:\/\/www.travelgeekery.com\/wp-content\/uploads\/2021\/10\/Alvierbad-Brand.jpg 1000w, https:\/\/www.travelgeekery.com\/wp-content\/uploads\/2021\/10\/Alvierbad-Brand-300x225.jpg 300w, https:\/\/www.travelgeekery.com\/wp-content\/uploads\/2021\/10\/Alvierbad-Brand-768x576.jpg 768w, https:\/\/www.travelgeekery.com\/wp-content\/uploads\/2021\/10\/Alvierbad-Brand-720x540.jpg 720w, https:\/\/www.travelgeekery.com\/wp-content\/uploads\/2021\/10\/Alvierbad-Brand-480x360.jpg 480w, https:\/\/www.travelgeekery.com\/wp-content\/uploads\/2021\/10\/Alvierbad-Brand-320x240.jpg 320w, https:\/\/www.travelgeekery.com\/wp-content\/uploads\/2021\/10\/Alvierbad-Brand-735x551.jpg 735w, https:\/\/www.travelgeekery.com\/wp-content\/uploads\/2021\/10\/Alvierbad-Brand-335x251.jpg 335w, https:\/\/www.travelgeekery.com\/wp-content\/uploads\/2021\/10\/Alvierbad-Brand-347x260.jpg 347w, https:\/\/www.travelgeekery.com\/wp-content\/uploads\/2021\/10\/Alvierbad-Brand-520x390.jpg 520w, https:\/\/www.travelgeekery.com\/wp-content\/uploads\/2021\/10\/Alvierbad-Brand-640x480.jpg 640w, https:\/\/www.travelgeekery.com\/wp-content\/uploads\/2021\/10\/Alvierbad-Brand-960x720.jpg 960w, https:\/\/www.travelgeekery.com\/wp-content\/uploads\/2021\/10\/Alvierbad-Brand-150x113.jpg 150w\" sizes=\"auto, (max-width: 760px) calc(100vw - 40px), 720px\" data-pin-media=\"https:\/\/www.travelgeekery.com\/wp-content\/uploads\/2021\/10\/Alvierbad-Brand.jpg\"><\/noscript><img loading=\"lazy\" decoding=\"async\" width=\"1000\" height=\"750\" src=\"https:\/\/www.travelgeekery.com\/wp-content\/uploads\/2021\/10\/Alvierbad-Brand.jpg.webp\" alt=\"Strolling through the alpine village of Brand in Austria\" class=\"wp-image-12651 lazyload\" srcset=\"https:\/\/www.travelgeekery.com\/wp-content\/uploads\/2021\/10\/Alvierbad-Brand.jpg.webp 1000w, https:\/\/www.travelgeekery.com\/wp-content\/uploads\/2021\/10\/Alvierbad-Brand-300x225.jpg.webp 300w, https:\/\/www.travelgeekery.com\/wp-content\/uploads\/2021\/10\/Alvierbad-Brand-768x576.jpg.webp 768w, https:\/\/www.travelgeekery.com\/wp-content\/uploads\/2021\/10\/Alvierbad-Brand-720x540.jpg.webp 720w, https:\/\/www.travelgeekery.com\/wp-content\/uploads\/2021\/10\/Alvierbad-Brand-480x360.jpg.webp 480w, https:\/\/www.travelgeekery.com\/wp-content\/uploads\/2021\/10\/Alvierbad-Brand-320x240.jpg.webp 320w, https:\/\/www.travelgeekery.com\/wp-content\/uploads\/2021\/10\/Alvierbad-Brand-735x551.jpg.webp 735w, https:\/\/www.travelgeekery.com\/wp-content\/uploads\/2021\/10\/Alvierbad-Brand-335x251.jpg.webp 335w, https:\/\/www.travelgeekery.com\/wp-content\/uploads\/2021\/10\/Alvierbad-Brand-347x260.jpg.webp 347w, https:\/\/www.travelgeekery.com\/wp-content\/uploads\/2021\/10\/Alvierbad-Brand-520x390.jpg.webp 520w, https:\/\/www.travelgeekery.com\/wp-content\/uploads\/2021\/10\/Alvierbad-Brand-640x480.jpg.webp 640w, https:\/\/www.travelgeekery.com\/wp-content\/uploads\/2021\/10\/Alvierbad-Brand-960x720.jpg.webp 960w, https:\/\/www.travelgeekery.com\/wp-content\/uploads\/2021\/10\/Alvierbad-Brand-150x113.jpg.webp 150w\" sizes=\"auto, (max-width: 760px) calc(100vw - 40px), 720px\" data-pin-media=\"https:\/\/www.travelgeekery.com\/wp-content\/uploads\/2021\/10\/Alvierbad-Brand.jpg\" id=\"mv-trellis-img-28\" data-trellis-processed=\"1\"><\/a><figcaption class=\"wp-element-caption\">Vlevo b&yacute;v&aacute; v sez&oacute;n&#283; otev&#345;en&eacute; p&#345;&iacute;rodn&iacute; koupali&scaron;t&#283; Alvierbad.<\/figcaption><\/figure>\n\n\n\n<p>Pokud m&aacute;te Brandnertalskou kartu hosta (v&iacute;ce o n&iacute; n&iacute;&#382;e), vstup je pro v&aacute;s zdarma. V&iacute;ce informac&iacute; o koupali&scaron;ti <a href=\"https:\/\/www.vorarlberg-alpenregion.at\/en\/brandnertal\/natural-bathing-pool-alvierbad.html\" target=\"_blank\" rel=\"noreferrer noopener\">zde<\/a>.<\/p>\n\n\n\n<h3 class=\"wp-block-heading\"><span class=\"ez-toc-section\" id=\"Uzijte_si_poradnou_jizdu_na_horskem_kole\"><\/span>U&#382;ijte si po&#345;&aacute;dnou j&iacute;zdu na horsk&eacute;m kole<span class=\"ez-toc-section-end\"><\/span><\/h3>\n\n\n\n<p>M&aacute;te-li horsk&eacute; kolo, nezapome&#328;te si ho vz&iacute;t s&nbsp;sebou do Brandnertalu. V&#283;t&scaron;ina lanovek v&nbsp;oblasti je ur&#269;en&aacute; i pro p&#345;epravu kol, tak&#382;e v&aacute;m nic nebr&aacute;n&iacute; nechat si vyv&eacute;zt sebe i kolo nahoru do hor a u&#382;&iacute;t si bu&#271; divokou j&iacute;zdu p&#345;&iacute;mo dol&#367; nebo si nechat adrenalin pumpovat do &#382;il na jednom z&nbsp;okruh&#367;.<\/p>\n\n\n\n<div class=\"wp-block-columns is-layout-flex wp-container-core-columns-is-layout-9d6595d7 wp-block-columns-is-layout-flex\">\n<div class=\"wp-block-column is-layout-flow wp-block-column-is-layout-flow\">\n<figure class=\"wp-block-image size-full\"><a href=\"https:\/\/www.travelgeekery.com\/wp-content\/uploads\/2021\/10\/Burtscha-Mountain-Biker.jpg\"><noscript><img loading=\"lazy\" decoding=\"async\" width=\"750\" height=\"1000\" src=\"https:\/\/www.travelgeekery.com\/wp-content\/uploads\/2021\/10\/Burtscha-Mountain-Biker.jpg\" alt=\"A mountain biker riding in the Alps\" class=\"wp-image-12659\" srcset=\"https:\/\/www.travelgeekery.com\/wp-content\/uploads\/2021\/10\/Burtscha-Mountain-Biker.jpg 750w, https:\/\/www.travelgeekery.com\/wp-content\/uploads\/2021\/10\/Burtscha-Mountain-Biker-225x300.jpg 225w, https:\/\/www.travelgeekery.com\/wp-content\/uploads\/2021\/10\/Burtscha-Mountain-Biker-540x720.jpg 540w, https:\/\/www.travelgeekery.com\/wp-content\/uploads\/2021\/10\/Burtscha-Mountain-Biker-360x480.jpg 360w, https:\/\/www.travelgeekery.com\/wp-content\/uploads\/2021\/10\/Burtscha-Mountain-Biker-240x320.jpg 240w, https:\/\/www.travelgeekery.com\/wp-content\/uploads\/2021\/10\/Burtscha-Mountain-Biker-735x980.jpg 735w, https:\/\/www.travelgeekery.com\/wp-content\/uploads\/2021\/10\/Burtscha-Mountain-Biker-251x335.jpg 251w, https:\/\/www.travelgeekery.com\/wp-content\/uploads\/2021\/10\/Burtscha-Mountain-Biker-260x347.jpg 260w, https:\/\/www.travelgeekery.com\/wp-content\/uploads\/2021\/10\/Burtscha-Mountain-Biker-390x520.jpg 390w, https:\/\/www.travelgeekery.com\/wp-content\/uploads\/2021\/10\/Burtscha-Mountain-Biker-480x640.jpg 480w, https:\/\/www.travelgeekery.com\/wp-content\/uploads\/2021\/10\/Burtscha-Mountain-Biker-576x768.jpg 576w, https:\/\/www.travelgeekery.com\/wp-content\/uploads\/2021\/10\/Burtscha-Mountain-Biker-720x960.jpg 720w, https:\/\/www.travelgeekery.com\/wp-content\/uploads\/2021\/10\/Burtscha-Mountain-Biker-640x853.jpg 640w, https:\/\/www.travelgeekery.com\/wp-content\/uploads\/2021\/10\/Burtscha-Mountain-Biker-150x200.jpg 150w\" sizes=\"auto, (max-width: 760px) calc(100vw - 40px), 720px\" data-pin-media=\"https:\/\/www.travelgeekery.com\/wp-content\/uploads\/2021\/10\/Burtscha-Mountain-Biker.jpg\"><\/noscript><img loading=\"lazy\" decoding=\"async\" width=\"750\" height=\"1000\" src=\"https:\/\/www.travelgeekery.com\/wp-content\/uploads\/2021\/10\/Burtscha-Mountain-Biker.jpg.webp\" alt=\"A mountain biker riding in the Alps\" class=\"wp-image-12659 lazyload\" srcset=\"https:\/\/www.travelgeekery.com\/wp-content\/uploads\/2021\/10\/Burtscha-Mountain-Biker.jpg.webp 750w, https:\/\/www.travelgeekery.com\/wp-content\/uploads\/2021\/10\/Burtscha-Mountain-Biker-225x300.jpg.webp 225w, https:\/\/www.travelgeekery.com\/wp-content\/uploads\/2021\/10\/Burtscha-Mountain-Biker-540x720.jpg.webp 540w, https:\/\/www.travelgeekery.com\/wp-content\/uploads\/2021\/10\/Burtscha-Mountain-Biker-360x480.jpg.webp 360w, https:\/\/www.travelgeekery.com\/wp-content\/uploads\/2021\/10\/Burtscha-Mountain-Biker-240x320.jpg.webp 240w, https:\/\/www.travelgeekery.com\/wp-content\/uploads\/2021\/10\/Burtscha-Mountain-Biker-735x980.jpg.webp 735w, https:\/\/www.travelgeekery.com\/wp-content\/uploads\/2021\/10\/Burtscha-Mountain-Biker-251x335.jpg.webp 251w, https:\/\/www.travelgeekery.com\/wp-content\/uploads\/2021\/10\/Burtscha-Mountain-Biker-260x347.jpg.webp 260w, https:\/\/www.travelgeekery.com\/wp-content\/uploads\/2021\/10\/Burtscha-Mountain-Biker-390x520.jpg.webp 390w, https:\/\/www.travelgeekery.com\/wp-content\/uploads\/2021\/10\/Burtscha-Mountain-Biker-480x640.jpg.webp 480w, https:\/\/www.travelgeekery.com\/wp-content\/uploads\/2021\/10\/Burtscha-Mountain-Biker-576x768.jpg.webp 576w, https:\/\/www.travelgeekery.com\/wp-content\/uploads\/2021\/10\/Burtscha-Mountain-Biker-720x960.jpg.webp 720w, https:\/\/www.travelgeekery.com\/wp-content\/uploads\/2021\/10\/Burtscha-Mountain-Biker-640x853.jpg.webp 640w, https:\/\/www.travelgeekery.com\/wp-content\/uploads\/2021\/10\/Burtscha-Mountain-Biker-150x200.jpg.webp 150w\" sizes=\"auto, (max-width: 760px) calc(100vw - 40px), 720px\" data-pin-media=\"https:\/\/www.travelgeekery.com\/wp-content\/uploads\/2021\/10\/Burtscha-Mountain-Biker.jpg\" id=\"mv-trellis-img-29\" data-trellis-processed=\"1\"><\/a><figcaption class=\"wp-element-caption\">Horsk&yacute; cyklista na vrcholku Burtscha<\/figcaption><\/figure>\n<\/div>\n\n\n\n<div class=\"wp-block-column is-layout-flow wp-block-column-is-layout-flow\">\n<figure class=\"wp-block-image size-full\"><a href=\"https:\/\/www.travelgeekery.com\/wp-content\/uploads\/2021\/10\/Bike-Trail-Dorfbahn-Brand.jpg\"><noscript><img loading=\"lazy\" decoding=\"async\" width=\"750\" height=\"1000\" src=\"https:\/\/www.travelgeekery.com\/wp-content\/uploads\/2021\/10\/Bike-Trail-Dorfbahn-Brand.jpg\" alt=\"A bike trail in the Alps in Austria\" class=\"wp-image-12653\" srcset=\"https:\/\/www.travelgeekery.com\/wp-content\/uploads\/2021\/10\/Bike-Trail-Dorfbahn-Brand.jpg 750w, https:\/\/www.travelgeekery.com\/wp-content\/uploads\/2021\/10\/Bike-Trail-Dorfbahn-Brand-225x300.jpg 225w, https:\/\/www.travelgeekery.com\/wp-content\/uploads\/2021\/10\/Bike-Trail-Dorfbahn-Brand-540x720.jpg 540w, https:\/\/www.travelgeekery.com\/wp-content\/uploads\/2021\/10\/Bike-Trail-Dorfbahn-Brand-360x480.jpg 360w, https:\/\/www.travelgeekery.com\/wp-content\/uploads\/2021\/10\/Bike-Trail-Dorfbahn-Brand-240x320.jpg 240w, https:\/\/www.travelgeekery.com\/wp-content\/uploads\/2021\/10\/Bike-Trail-Dorfbahn-Brand-735x980.jpg 735w, https:\/\/www.travelgeekery.com\/wp-content\/uploads\/2021\/10\/Bike-Trail-Dorfbahn-Brand-251x335.jpg 251w, https:\/\/www.travelgeekery.com\/wp-content\/uploads\/2021\/10\/Bike-Trail-Dorfbahn-Brand-260x347.jpg 260w, https:\/\/www.travelgeekery.com\/wp-content\/uploads\/2021\/10\/Bike-Trail-Dorfbahn-Brand-390x520.jpg 390w, https:\/\/www.travelgeekery.com\/wp-content\/uploads\/2021\/10\/Bike-Trail-Dorfbahn-Brand-480x640.jpg 480w, https:\/\/www.travelgeekery.com\/wp-content\/uploads\/2021\/10\/Bike-Trail-Dorfbahn-Brand-576x768.jpg 576w, https:\/\/www.travelgeekery.com\/wp-content\/uploads\/2021\/10\/Bike-Trail-Dorfbahn-Brand-720x960.jpg 720w, https:\/\/www.travelgeekery.com\/wp-content\/uploads\/2021\/10\/Bike-Trail-Dorfbahn-Brand-640x853.jpg 640w, https:\/\/www.travelgeekery.com\/wp-content\/uploads\/2021\/10\/Bike-Trail-Dorfbahn-Brand-150x200.jpg 150w\" sizes=\"auto, (max-width: 760px) calc(100vw - 40px), 720px\" data-pin-media=\"https:\/\/www.travelgeekery.com\/wp-content\/uploads\/2021\/10\/Bike-Trail-Dorfbahn-Brand.jpg\"><\/noscript><img loading=\"lazy\" decoding=\"async\" width=\"750\" height=\"1000\" src=\"https:\/\/www.travelgeekery.com\/wp-content\/uploads\/2021\/10\/Bike-Trail-Dorfbahn-Brand.jpg.webp\" alt=\"A bike trail in the Alps in Austria\" class=\"wp-image-12653 lazyload\" srcset=\"https:\/\/www.travelgeekery.com\/wp-content\/uploads\/2021\/10\/Bike-Trail-Dorfbahn-Brand.jpg.webp 750w, https:\/\/www.travelgeekery.com\/wp-content\/uploads\/2021\/10\/Bike-Trail-Dorfbahn-Brand-225x300.jpg.webp 225w, https:\/\/www.travelgeekery.com\/wp-content\/uploads\/2021\/10\/Bike-Trail-Dorfbahn-Brand-540x720.jpg.webp 540w, https:\/\/www.travelgeekery.com\/wp-content\/uploads\/2021\/10\/Bike-Trail-Dorfbahn-Brand-360x480.jpg.webp 360w, https:\/\/www.travelgeekery.com\/wp-content\/uploads\/2021\/10\/Bike-Trail-Dorfbahn-Brand-240x320.jpg.webp 240w, https:\/\/www.travelgeekery.com\/wp-content\/uploads\/2021\/10\/Bike-Trail-Dorfbahn-Brand-735x980.jpg.webp 735w, https:\/\/www.travelgeekery.com\/wp-content\/uploads\/2021\/10\/Bike-Trail-Dorfbahn-Brand-251x335.jpg.webp 251w, https:\/\/www.travelgeekery.com\/wp-content\/uploads\/2021\/10\/Bike-Trail-Dorfbahn-Brand-260x347.jpg.webp 260w, https:\/\/www.travelgeekery.com\/wp-content\/uploads\/2021\/10\/Bike-Trail-Dorfbahn-Brand-390x520.jpg.webp 390w, https:\/\/www.travelgeekery.com\/wp-content\/uploads\/2021\/10\/Bike-Trail-Dorfbahn-Brand-480x640.jpg.webp 480w, https:\/\/www.travelgeekery.com\/wp-content\/uploads\/2021\/10\/Bike-Trail-Dorfbahn-Brand-576x768.jpg.webp 576w, https:\/\/www.travelgeekery.com\/wp-content\/uploads\/2021\/10\/Bike-Trail-Dorfbahn-Brand-720x960.jpg.webp 720w, https:\/\/www.travelgeekery.com\/wp-content\/uploads\/2021\/10\/Bike-Trail-Dorfbahn-Brand-640x853.jpg.webp 640w, https:\/\/www.travelgeekery.com\/wp-content\/uploads\/2021\/10\/Bike-Trail-Dorfbahn-Brand-150x200.jpg.webp 150w\" sizes=\"auto, (max-width: 760px) calc(100vw - 40px), 720px\" data-pin-media=\"https:\/\/www.travelgeekery.com\/wp-content\/uploads\/2021\/10\/Bike-Trail-Dorfbahn-Brand.jpg\" id=\"mv-trellis-img-30\" data-trellis-processed=\"1\"><\/a><figcaption class=\"wp-element-caption\">Cyklistick&aacute; stezka pobl&iacute;&#382; horn&iacute; zast&aacute;vky lanovky Dorfbahn a doln&iacute; zast&aacute;vky Panoramabahn<\/figcaption><\/figure>\n<\/div>\n<\/div>\n\n\n\n<p>V&iacute;ce o horsk&yacute;ch cyklostezk&aacute;ch <a href=\"https:\/\/www.vorarlberg-alpenregion.at\/en\/brandnertal\/bikepark-brandnertal.html\" target=\"_blank\" rel=\"noreferrer noopener\">zde<\/a>.<\/p>\n\n\n\n<h3 class=\"wp-block-heading\"><span class=\"ez-toc-section\" id=\"Vylezte_na_skalu\"><\/span>Vylezte na sk&aacute;lu<span class=\"ez-toc-section-end\"><\/span><\/h3>\n\n\n\n<p>V&nbsp;okol&iacute; se nach&aacute;z&iacute; spousta lezeck&yacute;ch m&iacute;st pro v&scaron;echny &uacute;rovn&#283;. Dokonce i L&uuml;nersee m&aacute; p&aacute;r lezeck&yacute;ch cest a taky n&#283;jak&eacute; ferraty (a&#382; do stupn&#283; obt&iacute;&#382;nosti &bdquo;D&ldquo;). V&iacute;ce informac&iacute; najdete <a href=\"https:\/\/www.luenersee.at\/de\/Aktiv\/Klettern\" target=\"_blank\" rel=\"noreferrer noopener\">zde<\/a>.<\/p>\n\n\n\n<h2 class=\"wp-block-heading\"><span class=\"ez-toc-section\" id=\"Brandnertal_Rakousko_prakticke_informace\"><\/span>Brandnertal, Rakousko: praktick&eacute; informace<span class=\"ez-toc-section-end\"><\/span><\/h2>\n\n\n\n<p>Inspirov&aacute;ni u&#382; tedy jste a nem&#367;&#382;ete se do&#269;kat, a&#382; Brandnertal nav&scaron;t&iacute;v&iacute;te. A te&#271; jak na to:<\/p>\n\n\n\n<h3 class=\"wp-block-heading\"><span class=\"ez-toc-section\" id=\"Doprava_v_ramci_Brandnertalu\"><\/span>Doprava v&nbsp;r&aacute;mci Brandnertalu<span class=\"ez-toc-section-end\"><\/span><\/h3>\n\n\n\n<p>Brand a jeho okol&iacute; jsou dob&#345;e pokryty v&scaron;emi mo&#382;n&yacute;mi zp&#367;soby p&#345;epravy. Pokud si nechcete br&aacute;t &#269;i p&#367;j&#269;ovat auto, nemus&iacute;te. V&scaron;e se d&aacute; zvl&aacute;dnout i s&nbsp;pomoc&iacute; ve&#345;ejn&eacute; dopravy.<\/p>\n\n\n\n<p>Bus &#269;. 81 proj&iacute;&#382;d&iacute; Brandem n&#283;kolikr&aacute;t denn&#283; a spojuje v&scaron;echna d&#367;le&#382;it&aacute; m&iacute;sta Brandu. Lanovky v&aacute;s pak vyvezou nahoru do hor.<\/p>\n\n\n\n<p>K&nbsp;pl&aacute;nov&aacute;n&iacute; spoj&#367; ve&#345;ejn&eacute; dopravy si st&aacute;hn&#283;te aplikaci &ldquo;cleVVVer mobil&rdquo;, kter&aacute; je dostupn&aacute; i v&nbsp;angli&#269;tin&#283;.<\/p>\n\n\n\n<figure class=\"wp-block-image size-full\"><a href=\"https:\/\/www.travelgeekery.com\/wp-content\/uploads\/2021\/10\/Bus-81-to-Luenersee-Brandnertal.jpg\"><noscript><img loading=\"lazy\" decoding=\"async\" width=\"1000\" height=\"750\" src=\"https:\/\/www.travelgeekery.com\/wp-content\/uploads\/2021\/10\/Bus-81-to-Luenersee-Brandnertal.jpg\" alt=\"View of an alpine landscape from a bus\" class=\"wp-image-12661\" srcset=\"https:\/\/www.travelgeekery.com\/wp-content\/uploads\/2021\/10\/Bus-81-to-Luenersee-Brandnertal.jpg 1000w, https:\/\/www.travelgeekery.com\/wp-content\/uploads\/2021\/10\/Bus-81-to-Luenersee-Brandnertal-300x225.jpg 300w, https:\/\/www.travelgeekery.com\/wp-content\/uploads\/2021\/10\/Bus-81-to-Luenersee-Brandnertal-768x576.jpg 768w, https:\/\/www.travelgeekery.com\/wp-content\/uploads\/2021\/10\/Bus-81-to-Luenersee-Brandnertal-720x540.jpg 720w, https:\/\/www.travelgeekery.com\/wp-content\/uploads\/2021\/10\/Bus-81-to-Luenersee-Brandnertal-480x360.jpg 480w, https:\/\/www.travelgeekery.com\/wp-content\/uploads\/2021\/10\/Bus-81-to-Luenersee-Brandnertal-320x240.jpg 320w, https:\/\/www.travelgeekery.com\/wp-content\/uploads\/2021\/10\/Bus-81-to-Luenersee-Brandnertal-735x551.jpg 735w, https:\/\/www.travelgeekery.com\/wp-content\/uploads\/2021\/10\/Bus-81-to-Luenersee-Brandnertal-335x251.jpg 335w, https:\/\/www.travelgeekery.com\/wp-content\/uploads\/2021\/10\/Bus-81-to-Luenersee-Brandnertal-347x260.jpg 347w, https:\/\/www.travelgeekery.com\/wp-content\/uploads\/2021\/10\/Bus-81-to-Luenersee-Brandnertal-520x390.jpg 520w, https:\/\/www.travelgeekery.com\/wp-content\/uploads\/2021\/10\/Bus-81-to-Luenersee-Brandnertal-640x480.jpg 640w, https:\/\/www.travelgeekery.com\/wp-content\/uploads\/2021\/10\/Bus-81-to-Luenersee-Brandnertal-960x720.jpg 960w, https:\/\/www.travelgeekery.com\/wp-content\/uploads\/2021\/10\/Bus-81-to-Luenersee-Brandnertal-150x113.jpg 150w\" sizes=\"auto, (max-width: 760px) calc(100vw - 40px), 720px\" data-pin-media=\"https:\/\/www.travelgeekery.com\/wp-content\/uploads\/2021\/10\/Bus-81-to-Luenersee-Brandnertal.jpg\"><\/noscript><img loading=\"lazy\" decoding=\"async\" width=\"1000\" height=\"750\" src=\"https:\/\/www.travelgeekery.com\/wp-content\/uploads\/2021\/10\/Bus-81-to-Luenersee-Brandnertal.jpg.webp\" alt=\"View of an alpine landscape from a bus\" class=\"wp-image-12661 lazyload\" srcset=\"https:\/\/www.travelgeekery.com\/wp-content\/uploads\/2021\/10\/Bus-81-to-Luenersee-Brandnertal.jpg.webp 1000w, https:\/\/www.travelgeekery.com\/wp-content\/uploads\/2021\/10\/Bus-81-to-Luenersee-Brandnertal-300x225.jpg.webp 300w, https:\/\/www.travelgeekery.com\/wp-content\/uploads\/2021\/10\/Bus-81-to-Luenersee-Brandnertal-768x576.jpg.webp 768w, https:\/\/www.travelgeekery.com\/wp-content\/uploads\/2021\/10\/Bus-81-to-Luenersee-Brandnertal-720x540.jpg.webp 720w, https:\/\/www.travelgeekery.com\/wp-content\/uploads\/2021\/10\/Bus-81-to-Luenersee-Brandnertal-480x360.jpg.webp 480w, https:\/\/www.travelgeekery.com\/wp-content\/uploads\/2021\/10\/Bus-81-to-Luenersee-Brandnertal-320x240.jpg.webp 320w, https:\/\/www.travelgeekery.com\/wp-content\/uploads\/2021\/10\/Bus-81-to-Luenersee-Brandnertal-735x551.jpg.webp 735w, https:\/\/www.travelgeekery.com\/wp-content\/uploads\/2021\/10\/Bus-81-to-Luenersee-Brandnertal-335x251.jpg.webp 335w, https:\/\/www.travelgeekery.com\/wp-content\/uploads\/2021\/10\/Bus-81-to-Luenersee-Brandnertal-347x260.jpg.webp 347w, https:\/\/www.travelgeekery.com\/wp-content\/uploads\/2021\/10\/Bus-81-to-Luenersee-Brandnertal-520x390.jpg.webp 520w, https:\/\/www.travelgeekery.com\/wp-content\/uploads\/2021\/10\/Bus-81-to-Luenersee-Brandnertal-640x480.jpg.webp 640w, https:\/\/www.travelgeekery.com\/wp-content\/uploads\/2021\/10\/Bus-81-to-Luenersee-Brandnertal-960x720.jpg.webp 960w, https:\/\/www.travelgeekery.com\/wp-content\/uploads\/2021\/10\/Bus-81-to-Luenersee-Brandnertal-150x113.jpg.webp 150w\" sizes=\"auto, (max-width: 760px) calc(100vw - 40px), 720px\" data-pin-media=\"https:\/\/www.travelgeekery.com\/wp-content\/uploads\/2021\/10\/Bus-81-to-Luenersee-Brandnertal.jpg\" id=\"mv-trellis-img-31\" data-trellis-processed=\"1\"><\/a><figcaption class=\"wp-element-caption\">Bus &#269;. 81 &ndash; a jedeme k L&uuml;nersee! (tam je kone&#269;n&aacute;)<\/figcaption><\/figure>\n\n\n\n<p>Pokud se ubytujete v m&iacute;stn&iacute;m hotelu, m&aacute;te n&aacute;rok na kartu hosta G&auml;stekarte, d&iacute;ky kter&eacute; budete m&iacute;t ve&#345;ejnou dopravu zdarma. Nov&yacute; pilotn&iacute; program G&auml;stekarte Premium pokr&yacute;v&aacute; dokonce i lanovky a t&yacute;k&aacute; se pobytu <a href=\"http:\/\/www.gaestekarte.at\/premium\" target=\"_blank\" rel=\"noreferrer noopener\">v hotelech zapojen&yacute;ch do programu<\/a>.<\/p>\n\n\n\n<p>Svou kartu hosta si m&#367;&#382;ete za&#345;&iacute;dit i v&nbsp;p&#345;edstihu a p&#345;ijet tak od hranic rovnou zadarmo. Sta&#269;&iacute; vyplnit formul&aacute;&#345; online a uv&eacute;st jm&eacute;no hotelu, kter&yacute; jste si rezervovali (formul&aacute;&#345; najdete <a href=\"https:\/\/www.vorarlberg-alpenregion.at\/en\/clara-online-holiday-companion.html\" target=\"_blank\" rel=\"noreferrer noopener\">zde<\/a>). Zbytkem v&aacute;s doprovod&iacute; aplikace Clara.<\/p>\n\n\n\n<h3 class=\"wp-block-heading\"><span class=\"ez-toc-section\" id=\"Jak_se_dostat_do_Brandnertalu\"><\/span>Jak se dostat do Brandnertalu<span class=\"ez-toc-section-end\"><\/span><\/h3>\n\n\n\n<p>A&#357; u&#382; je v&aacute;m milej&scaron;&iacute; l&eacute;t&aacute;n&iacute; nebo jste dostate&#269;n&#283; bl&iacute;zko na to, abyste p&#345;ijeli vlakem, budete se nejd&#345;&iacute;ve muset dostat do Curychu ve &Scaron;v&yacute;carsku. Curych je hlavn&iacute;m dopravn&iacute;m uzlem v&nbsp;oblasti. Innsbruck v&nbsp;Rakousku je dal&scaron;&iacute; mo&#382;nou alternativou, i kdy&#382; je o n&#283;co vzd&aacute;len&#283;j&scaron;&iacute;.<\/p>\n\n\n\n<p>Pot&eacute; se svezete vlakem p&#345;es Feldkirch do m&#283;sta Bludenz. Odsud je to pouh&yacute;ch 30 minut autobusem do samotn&eacute;ho Brandu.<\/p>\n\n\n\n<p>Samoz&#345;ejm&#283;, j&iacute;zda autem je tak&eacute; pohodln&aacute;. Jen m&#283;jte na pam&#283;ti, &#382;e n&#283;kter&eacute; silnice jsou hodn&#283; &uacute;zk&eacute; a pln&eacute; serpentin.<\/p>\n\n\n\n<h3 class=\"wp-block-heading\"><span class=\"ez-toc-section\" id=\"Kde_se_ubytovat_v_Brandnertalu\"><\/span>Kde se ubytovat v Brandnertalu<span class=\"ez-toc-section-end\"><\/span><\/h3>\n\n\n\n<p>Za sebe m&#367;&#382;u jen doporu&#269;it Hotel Sarotla. &#268;ty&#345;hv&#283;zdi&#269;kov&yacute; hotel boduje ve v&scaron;ech sm&#283;rech &ndash; lokace je skv&#283;l&aacute;, pohodl&iacute; nebety&#269;n&eacute;, j&iacute;dlo vynikaj&iacute;c&iacute; a pohostinnost mimo&#345;&aacute;dn&aacute;.<\/p>\n\n\n\n<p>Pod&iacute;vejte se na webov&eacute; str&aacute;nky <a href=\"https:\/\/www.sarotla.at\" target=\"_blank\" rel=\"noreferrer noopener\">hotelu Sarotla<\/a>, a p&#345;e&#269;t&#283;te si recenze na <a href=\"https:\/\/tripadvisor.tp.st\/sdVB8zrA\" target=\"_blank\" rel=\"noreferrer noopener sponsored nofollow\">TripAdvisoru<\/a>.<\/p>\n\n\n\n<p>Douf&aacute;m, &#382;e jste si &#269;l&aacute;nek u&#382;ili minim&aacute;ln&#283; tak, jak jsem si u&#382;ila j&aacute; jeho psan&iacute;. :) Psala jsem ho nejen pro v&aacute;s, ale tak&eacute; pro svou osobn&iacute; pot&#345;ebu, proto&#382;e se rozhodn&#283; chci do Brandnertalu vr&aacute;tit a str&aacute;vit v&nbsp;n&#283;m v&iacute;ce &#269;asu. Cel&eacute; &uacute;dol&iacute; i hory jsem si zamilovala a u&#382; se nem&#367;&#382;u do&#269;kat, a&#382; se tam vr&aacute;t&iacute;m a vy&scaron;l&aacute;pnu na n&#283;jak&eacute; po&#345;&aacute;dn&eacute; t&uacute;ry.<\/p>\n\n\n\n<p>Dejte mi v&#283;d&#283;t, co si mysl&iacute;te o Brandnertalu, zda jste jej nav&scaron;t&iacute;vili nebo jestli v&aacute;m p&#345;ipom&iacute;n&aacute; jin&eacute; m&iacute;sto v&nbsp;Rakousku, kter&eacute; je podobn&#283; n&aacute;dhern&eacute;.<\/p>\n\n\n\n<figure class=\"wp-block-image size-full\"><a href=\"https:\/\/www.travelgeekery.com\/wp-content\/uploads\/2021\/10\/Brand-Vorarlberg.jpg\"><noscript><img loading=\"lazy\" decoding=\"async\" width=\"1000\" height=\"750\" src=\"https:\/\/www.travelgeekery.com\/wp-content\/uploads\/2021\/10\/Brand-Vorarlberg.jpg\" alt=\"Mountain backdrop of Brand village in Austria\" class=\"wp-image-12655\" srcset=\"https:\/\/www.travelgeekery.com\/wp-content\/uploads\/2021\/10\/Brand-Vorarlberg.jpg 1000w, https:\/\/www.travelgeekery.com\/wp-content\/uploads\/2021\/10\/Brand-Vorarlberg-300x225.jpg 300w, https:\/\/www.travelgeekery.com\/wp-content\/uploads\/2021\/10\/Brand-Vorarlberg-768x576.jpg 768w, https:\/\/www.travelgeekery.com\/wp-content\/uploads\/2021\/10\/Brand-Vorarlberg-720x540.jpg 720w, https:\/\/www.travelgeekery.com\/wp-content\/uploads\/2021\/10\/Brand-Vorarlberg-480x360.jpg 480w, https:\/\/www.travelgeekery.com\/wp-content\/uploads\/2021\/10\/Brand-Vorarlberg-320x240.jpg 320w, https:\/\/www.travelgeekery.com\/wp-content\/uploads\/2021\/10\/Brand-Vorarlberg-735x551.jpg 735w, https:\/\/www.travelgeekery.com\/wp-content\/uploads\/2021\/10\/Brand-Vorarlberg-335x251.jpg 335w, https:\/\/www.travelgeekery.com\/wp-content\/uploads\/2021\/10\/Brand-Vorarlberg-347x260.jpg 347w, https:\/\/www.travelgeekery.com\/wp-content\/uploads\/2021\/10\/Brand-Vorarlberg-520x390.jpg 520w, https:\/\/www.travelgeekery.com\/wp-content\/uploads\/2021\/10\/Brand-Vorarlberg-640x480.jpg 640w, https:\/\/www.travelgeekery.com\/wp-content\/uploads\/2021\/10\/Brand-Vorarlberg-960x720.jpg 960w, https:\/\/www.travelgeekery.com\/wp-content\/uploads\/2021\/10\/Brand-Vorarlberg-150x113.jpg 150w\" sizes=\"auto, (max-width: 760px) calc(100vw - 40px), 720px\" data-pin-media=\"https:\/\/www.travelgeekery.com\/wp-content\/uploads\/2021\/10\/Brand-Vorarlberg.jpg\"><\/noscript><img loading=\"lazy\" decoding=\"async\" width=\"1000\" height=\"750\" src=\"https:\/\/www.travelgeekery.com\/wp-content\/uploads\/2021\/10\/Brand-Vorarlberg.jpg.webp\" alt=\"Mountain backdrop of Brand village in Austria\" class=\"wp-image-12655 lazyload\" srcset=\"https:\/\/www.travelgeekery.com\/wp-content\/uploads\/2021\/10\/Brand-Vorarlberg.jpg.webp 1000w, https:\/\/www.travelgeekery.com\/wp-content\/uploads\/2021\/10\/Brand-Vorarlberg-300x225.jpg.webp 300w, https:\/\/www.travelgeekery.com\/wp-content\/uploads\/2021\/10\/Brand-Vorarlberg-768x576.jpg.webp 768w, https:\/\/www.travelgeekery.com\/wp-content\/uploads\/2021\/10\/Brand-Vorarlberg-720x540.jpg.webp 720w, https:\/\/www.travelgeekery.com\/wp-content\/uploads\/2021\/10\/Brand-Vorarlberg-480x360.jpg.webp 480w, https:\/\/www.travelgeekery.com\/wp-content\/uploads\/2021\/10\/Brand-Vorarlberg-320x240.jpg.webp 320w, https:\/\/www.travelgeekery.com\/wp-content\/uploads\/2021\/10\/Brand-Vorarlberg-735x551.jpg.webp 735w, https:\/\/www.travelgeekery.com\/wp-content\/uploads\/2021\/10\/Brand-Vorarlberg-335x251.jpg.webp 335w, https:\/\/www.travelgeekery.com\/wp-content\/uploads\/2021\/10\/Brand-Vorarlberg-347x260.jpg.webp 347w, https:\/\/www.travelgeekery.com\/wp-content\/uploads\/2021\/10\/Brand-Vorarlberg-520x390.jpg.webp 520w, https:\/\/www.travelgeekery.com\/wp-content\/uploads\/2021\/10\/Brand-Vorarlberg-640x480.jpg.webp 640w, https:\/\/www.travelgeekery.com\/wp-content\/uploads\/2021\/10\/Brand-Vorarlberg-960x720.jpg.webp 960w, https:\/\/www.travelgeekery.com\/wp-content\/uploads\/2021\/10\/Brand-Vorarlberg-150x113.jpg.webp 150w\" sizes=\"auto, (max-width: 760px) calc(100vw - 40px), 720px\" data-pin-media=\"https:\/\/www.travelgeekery.com\/wp-content\/uploads\/2021\/10\/Brand-Vorarlberg.jpg\" id=\"mv-trellis-img-32\" data-trellis-processed=\"1\"><\/a><figcaption class=\"wp-element-caption\">Nejhez&#269;&iacute; pohledy na pozad&iacute; Brandu<\/figcaption><\/figure>\n\n\n\n<p><em><em>Veronika z TravelGeekery m&#283;la mo&#382;nost cestovat v&nbsp;Brandnertalu na sponzorovan&eacute;m tripu s Brandnertal Tourism Board a <a href=\"https:\/\/www.vorarlberg.travel\/en\/\" target=\"_blank\" rel=\"noreferrer noopener\">Vorarlberg Tourism Board<\/a> jako sou&#269;&aacute;st <a href=\"https:\/\/www.captivatedigitalmedia.com\/propel-conference\/\" target=\"_blank\" rel=\"noreferrer noopener\">konference Propel<\/a> ve Vorarlbersku. V&scaron;echny n&aacute;zory jsou jej&iacute; vlastn&iacute; a nezaujat&eacute;.<\/em><\/em><\/p>\n\n\n\n<div id=\"mediavine-settings\" data-blocklist-sidebar-atf=\"1\" data-blocklist-sidebar-btf=\"1\" data-blocklist-adhesion-mobile=\"1\" data-blocklist-adhesion-tablet=\"1\" data-blocklist-adhesion-desktop=\"1\" data-blocklist-interstitial-mobile=\"1\" data-expires-at=\"2021-11-30\"><\/div>\n","protected":false},"excerpt":{"rendered":"<p>Rakousk&yacute; Brandnertal je mo&#382;n&aacute; zahrani&#269;n&iacute;m cestovatel&#367;m pon&#283;kud nezn&aacute;m&yacute;, ale m&iacute;stn&iacute; dobrodruhov&eacute; o kr&aacute;se regionu v&#283;d&iacute; u&#382; d&aacute;vno. D&iacute;ky vysokohorsk&eacute;mu charakteru si Brandnertal dr&#382;&iacute; p&aacute;r es v&nbsp;ruk&aacute;vu a zaru&#269;en&#283; v&aacute;s ohrom&iacute;. V&yacute;hledy &ndash; jak z&nbsp;&uacute;dol&iacute; nahoru k&nbsp;vrchol&#367;m, tak z&nbsp;hor dol&#367; do &uacute;dol&iacute; &ndash; jsou naprosto skvostn&eacute;. Budete to&#269;it hlavou dokola jako sova, a stejn&#283; nebude mo&#382;n&eacute; &hellip;<\/p>\n","protected":false},"author":1,"featured_media":12806,"comment_status":"open","ping_status":"closed","sticky":false,"template":"","format":"standard","meta":{"disable-in-feed":false,"article-schema-type":"","disable-critical-css":false,"footnotes":""},"categories":[600],"tags":[],"class_list":["post-12761","post","type-post","status-publish","format-standard","has-post-thumbnail","hentry","category-rakousko"],"yoast_head":"<!-- This site is optimized with the Yoast SEO plugin v27.2 - https:\/\/yoast.com\/product\/yoast-seo-wordpress\/ -->\n<title>Brandnertal Rakousko: p\u0159\u00edjemn\u00fd \u00fanik do hor nejen na podzim<\/title>\n<meta name=\"description\" content=\"Nav\u0161tivte Brandnertal v Rakousku pro nejlep\u0161\u00ed z\u00e1\u017eitek z Alp. \u00dadol\u00ed vesnice Brand v\u00e1s ohrom\u00ed kr\u00e1sn\u00fdmi vrcholy a hlubok\u00fdmi ka\u0148ony. K tomu spousta aktivit na mal\u00e9 rozloze.\" \/>\n<meta name=\"robots\" content=\"index, follow, max-snippet:-1, max-image-preview:large, max-video-preview:-1\" \/>\n<link rel=\"canonical\" href=\"https:\/\/www.travelgeekery.com\/cs\/brandnertal-rakousko\/\" \/>\n<meta property=\"og:locale\" content=\"cs_CZ\" \/>\n<meta property=\"og:type\" content=\"article\" \/>\n<meta property=\"og:title\" content=\"Brandnertal Rakousko: p\u0159\u00edjemn\u00fd \u00fanik do hor nejen na podzim\" \/>\n<meta property=\"og:description\" content=\"Nav\u0161tivte Brandnertal v Rakousku pro nejlep\u0161\u00ed z\u00e1\u017eitek z Alp. \u00dadol\u00ed vesnice Brand v\u00e1s ohrom\u00ed kr\u00e1sn\u00fdmi vrcholy a hlubok\u00fdmi ka\u0148ony. K tomu spousta aktivit na mal\u00e9 rozloze.\" \/>\n<meta property=\"og:url\" content=\"https:\/\/www.travelgeekery.com\/cs\/brandnertal-rakousko\/\" \/>\n<meta property=\"og:site_name\" content=\"Travel Geekery\" \/>\n<meta property=\"article:publisher\" content=\"https:\/\/www.facebook.com\/travelgeekery\" \/>\n<meta property=\"article:published_time\" content=\"2021-10-26T10:04:58+00:00\" \/>\n<meta property=\"article:modified_time\" content=\"2025-01-12T09:51:06+00:00\" \/>\n<meta property=\"og:image\" content=\"https:\/\/www.travelgeekery.com\/wp-content\/uploads\/2021\/10\/Brandnertal-Rakousko-CZ_featured-1.jpg\" \/>\n\t<meta property=\"og:image:width\" content=\"1200\" \/>\n\t<meta property=\"og:image:height\" content=\"854\" \/>\n\t<meta property=\"og:image:type\" content=\"image\/jpeg\" \/>\n<meta name=\"author\" content=\"Veronika Primm\" \/>\n<meta name=\"twitter:card\" content=\"summary_large_image\" \/>\n<meta name=\"twitter:creator\" content=\"@TravelGeekery\" \/>\n<meta name=\"twitter:site\" content=\"@TravelGeekery\" \/>\n<meta name=\"twitter:label1\" content=\"Napsal(a)\" \/>\n\t<meta name=\"twitter:data1\" content=\"Veronika Primm\" \/>\n\t<meta name=\"twitter:label2\" content=\"Odhadovan\u00e1 doba \u010dten\u00ed\" \/>\n\t<meta name=\"twitter:data2\" content=\"19 minut\" \/>\n<script type=\"application\/ld+json\" class=\"yoast-schema-graph\">{\"@context\":\"https:\/\/schema.org\",\"@graph\":[{\"@type\":\"Article\",\"@id\":\"https:\/\/www.travelgeekery.com\/cs\/brandnertal-rakousko\/#article\",\"isPartOf\":{\"@id\":\"https:\/\/www.travelgeekery.com\/cs\/brandnertal-rakousko\/\"},\"author\":{\"name\":\"Veronika Primm\",\"@id\":\"https:\/\/www.travelgeekery.com\/#\/schema\/person\/113f38838c5190034635d98ff6e0ae3c\"},\"headline\":\"Brandnertal Rakousko: p\u0159\u00edjemn\u00fd \u00fanik do hor nejen na podzim\",\"datePublished\":\"2021-10-26T10:04:58+00:00\",\"dateModified\":\"2025-01-12T09:51:06+00:00\",\"mainEntityOfPage\":{\"@id\":\"https:\/\/www.travelgeekery.com\/cs\/brandnertal-rakousko\/\"},\"wordCount\":3757,\"commentCount\":0,\"publisher\":{\"@id\":\"https:\/\/www.travelgeekery.com\/#organization\"},\"image\":{\"@id\":\"https:\/\/www.travelgeekery.com\/cs\/brandnertal-rakousko\/#primaryimage\"},\"thumbnailUrl\":\"https:\/\/www.travelgeekery.com\/wp-content\/uploads\/2021\/10\/Brandnertal-Rakousko-CZ_featured-1.jpg\",\"articleSection\":[\"Rakousko\"],\"inLanguage\":\"cs\",\"potentialAction\":[{\"@type\":\"CommentAction\",\"name\":\"Comment\",\"target\":[\"https:\/\/www.travelgeekery.com\/cs\/brandnertal-rakousko\/#respond\"]}]},{\"@type\":\"WebPage\",\"@id\":\"https:\/\/www.travelgeekery.com\/cs\/brandnertal-rakousko\/\",\"url\":\"https:\/\/www.travelgeekery.com\/cs\/brandnertal-rakousko\/\",\"name\":\"Brandnertal Rakousko: p\u0159\u00edjemn\u00fd \u00fanik do hor nejen na podzim\",\"isPartOf\":{\"@id\":\"https:\/\/www.travelgeekery.com\/#website\"},\"primaryImageOfPage\":{\"@id\":\"https:\/\/www.travelgeekery.com\/cs\/brandnertal-rakousko\/#primaryimage\"},\"image\":{\"@id\":\"https:\/\/www.travelgeekery.com\/cs\/brandnertal-rakousko\/#primaryimage\"},\"thumbnailUrl\":\"https:\/\/www.travelgeekery.com\/wp-content\/uploads\/2021\/10\/Brandnertal-Rakousko-CZ_featured-1.jpg\",\"datePublished\":\"2021-10-26T10:04:58+00:00\",\"dateModified\":\"2025-01-12T09:51:06+00:00\",\"description\":\"Nav\u0161tivte Brandnertal v Rakousku pro nejlep\u0161\u00ed z\u00e1\u017eitek z Alp. \u00dadol\u00ed vesnice Brand v\u00e1s ohrom\u00ed kr\u00e1sn\u00fdmi vrcholy a hlubok\u00fdmi ka\u0148ony. K tomu spousta aktivit na mal\u00e9 rozloze.\",\"breadcrumb\":{\"@id\":\"https:\/\/www.travelgeekery.com\/cs\/brandnertal-rakousko\/#breadcrumb\"},\"inLanguage\":\"cs\",\"potentialAction\":[{\"@type\":\"ReadAction\",\"target\":[\"https:\/\/www.travelgeekery.com\/cs\/brandnertal-rakousko\/\"]}]},{\"@type\":\"ImageObject\",\"inLanguage\":\"cs\",\"@id\":\"https:\/\/www.travelgeekery.com\/cs\/brandnertal-rakousko\/#primaryimage\",\"url\":\"https:\/\/www.travelgeekery.com\/wp-content\/uploads\/2021\/10\/Brandnertal-Rakousko-CZ_featured-1.jpg\",\"contentUrl\":\"https:\/\/www.travelgeekery.com\/wp-content\/uploads\/2021\/10\/Brandnertal-Rakousko-CZ_featured-1.jpg\",\"width\":1200,\"height\":854,\"caption\":\"Pohled na alpsk\u00e9 \u00fadol\u00ed s textem: Rakousko, Brandnertal\"},{\"@type\":\"BreadcrumbList\",\"@id\":\"https:\/\/www.travelgeekery.com\/cs\/brandnertal-rakousko\/#breadcrumb\",\"itemListElement\":[{\"@type\":\"ListItem\",\"position\":1,\"name\":\"Destinations\",\"item\":\"https:\/\/www.travelgeekery.com\/category\/destinations\/\"},{\"@type\":\"ListItem\",\"position\":2,\"name\":\"Europe\",\"item\":\"https:\/\/www.travelgeekery.com\/category\/destinations\/europe\/\"},{\"@type\":\"ListItem\",\"position\":3,\"name\":\"Austria\",\"item\":\"https:\/\/www.travelgeekery.com\/category\/destinations\/europe\/austria\/\"},{\"@type\":\"ListItem\",\"position\":4,\"name\":\"Brandnertal Rakousko: p\u0159\u00edjemn\u00fd \u00fanik do hor nejen na podzim\"}]},{\"@type\":\"WebSite\",\"@id\":\"https:\/\/www.travelgeekery.com\/#website\",\"url\":\"https:\/\/www.travelgeekery.com\/\",\"name\":\"Travel Geekery\",\"description\":\"Know Before You Go\",\"publisher\":{\"@id\":\"https:\/\/www.travelgeekery.com\/#organization\"},\"potentialAction\":[{\"@type\":\"SearchAction\",\"target\":{\"@type\":\"EntryPoint\",\"urlTemplate\":\"https:\/\/www.travelgeekery.com\/?s={search_term_string}\"},\"query-input\":{\"@type\":\"PropertyValueSpecification\",\"valueRequired\":true,\"valueName\":\"search_term_string\"}}],\"inLanguage\":\"cs\"},{\"@type\":\"Organization\",\"@id\":\"https:\/\/www.travelgeekery.com\/#organization\",\"name\":\"TravelGeekery\",\"url\":\"https:\/\/www.travelgeekery.com\/\",\"logo\":{\"@type\":\"ImageObject\",\"inLanguage\":\"cs\",\"@id\":\"https:\/\/www.travelgeekery.com\/#\/schema\/logo\/image\/\",\"url\":\"https:\/\/www.travelgeekery.com\/wp-content\/uploads\/2021\/12\/TravelGeekery-Logo_267x75.png\",\"contentUrl\":\"https:\/\/www.travelgeekery.com\/wp-content\/uploads\/2021\/12\/TravelGeekery-Logo_267x75.png\",\"width\":267,\"height\":75,\"caption\":\"TravelGeekery\"},\"image\":{\"@id\":\"https:\/\/www.travelgeekery.com\/#\/schema\/logo\/image\/\"},\"sameAs\":[\"https:\/\/www.facebook.com\/travelgeekery\",\"https:\/\/x.com\/TravelGeekery\",\"https:\/\/instagram.com\/travelgeekery\/\",\"https:\/\/www.pinterest.com\/travelgeekery\/\"]},{\"@type\":\"Person\",\"@id\":\"https:\/\/www.travelgeekery.com\/#\/schema\/person\/113f38838c5190034635d98ff6e0ae3c\",\"name\":\"Veronika Primm\",\"description\":\"Chief Travel Geek\"}]}<\/script>\n<!-- \/ Yoast SEO plugin. -->","yoast_head_json":{"title":"Brandnertal Rakousko: p\u0159\u00edjemn\u00fd \u00fanik do hor nejen na podzim","description":"Nav\u0161tivte Brandnertal v Rakousku pro nejlep\u0161\u00ed z\u00e1\u017eitek z Alp. \u00dadol\u00ed vesnice Brand v\u00e1s ohrom\u00ed kr\u00e1sn\u00fdmi vrcholy a hlubok\u00fdmi ka\u0148ony. K tomu spousta aktivit na mal\u00e9 rozloze.","robots":{"index":"index","follow":"follow","max-snippet":"max-snippet:-1","max-image-preview":"max-image-preview:large","max-video-preview":"max-video-preview:-1"},"canonical":"https:\/\/www.travelgeekery.com\/cs\/brandnertal-rakousko\/","og_locale":"cs_CZ","og_type":"article","og_title":"Brandnertal Rakousko: p\u0159\u00edjemn\u00fd \u00fanik do hor nejen na podzim","og_description":"Nav\u0161tivte Brandnertal v Rakousku pro nejlep\u0161\u00ed z\u00e1\u017eitek z Alp. \u00dadol\u00ed vesnice Brand v\u00e1s ohrom\u00ed kr\u00e1sn\u00fdmi vrcholy a hlubok\u00fdmi ka\u0148ony. K tomu spousta aktivit na mal\u00e9 rozloze.","og_url":"https:\/\/www.travelgeekery.com\/cs\/brandnertal-rakousko\/","og_site_name":"Travel Geekery","article_publisher":"https:\/\/www.facebook.com\/travelgeekery","article_published_time":"2021-10-26T10:04:58+00:00","article_modified_time":"2025-01-12T09:51:06+00:00","og_image":[{"width":1200,"height":854,"url":"https:\/\/www.travelgeekery.com\/wp-content\/uploads\/2021\/10\/Brandnertal-Rakousko-CZ_featured-1.jpg","type":"image\/jpeg"}],"author":"Veronika Primm","twitter_card":"summary_large_image","twitter_creator":"@TravelGeekery","twitter_site":"@TravelGeekery","twitter_misc":{"Napsal(a)":"Veronika Primm","Odhadovan\u00e1 doba \u010dten\u00ed":"19 minut"},"schema":{"@context":"https:\/\/schema.org","@graph":[{"@type":"Article","@id":"https:\/\/www.travelgeekery.com\/cs\/brandnertal-rakousko\/#article","isPartOf":{"@id":"https:\/\/www.travelgeekery.com\/cs\/brandnertal-rakousko\/"},"author":{"name":"Veronika Primm","@id":"https:\/\/www.travelgeekery.com\/#\/schema\/person\/113f38838c5190034635d98ff6e0ae3c"},"headline":"Brandnertal Rakousko: p\u0159\u00edjemn\u00fd \u00fanik do hor nejen na podzim","datePublished":"2021-10-26T10:04:58+00:00","dateModified":"2025-01-12T09:51:06+00:00","mainEntityOfPage":{"@id":"https:\/\/www.travelgeekery.com\/cs\/brandnertal-rakousko\/"},"wordCount":3757,"commentCount":0,"publisher":{"@id":"https:\/\/www.travelgeekery.com\/#organization"},"image":{"@id":"https:\/\/www.travelgeekery.com\/cs\/brandnertal-rakousko\/#primaryimage"},"thumbnailUrl":"https:\/\/www.travelgeekery.com\/wp-content\/uploads\/2021\/10\/Brandnertal-Rakousko-CZ_featured-1.jpg","articleSection":["Rakousko"],"inLanguage":"cs","potentialAction":[{"@type":"CommentAction","name":"Comment","target":["https:\/\/www.travelgeekery.com\/cs\/brandnertal-rakousko\/#respond"]}]},{"@type":"WebPage","@id":"https:\/\/www.travelgeekery.com\/cs\/brandnertal-rakousko\/","url":"https:\/\/www.travelgeekery.com\/cs\/brandnertal-rakousko\/","name":"Brandnertal Rakousko: p\u0159\u00edjemn\u00fd \u00fanik do hor nejen na podzim","isPartOf":{"@id":"https:\/\/www.travelgeekery.com\/#website"},"primaryImageOfPage":{"@id":"https:\/\/www.travelgeekery.com\/cs\/brandnertal-rakousko\/#primaryimage"},"image":{"@id":"https:\/\/www.travelgeekery.com\/cs\/brandnertal-rakousko\/#primaryimage"},"thumbnailUrl":"https:\/\/www.travelgeekery.com\/wp-content\/uploads\/2021\/10\/Brandnertal-Rakousko-CZ_featured-1.jpg","datePublished":"2021-10-26T10:04:58+00:00","dateModified":"2025-01-12T09:51:06+00:00","description":"Nav\u0161tivte Brandnertal v Rakousku pro nejlep\u0161\u00ed z\u00e1\u017eitek z Alp. \u00dadol\u00ed vesnice Brand v\u00e1s ohrom\u00ed kr\u00e1sn\u00fdmi vrcholy a hlubok\u00fdmi ka\u0148ony. K tomu spousta aktivit na mal\u00e9 rozloze.","breadcrumb":{"@id":"https:\/\/www.travelgeekery.com\/cs\/brandnertal-rakousko\/#breadcrumb"},"inLanguage":"cs","potentialAction":[{"@type":"ReadAction","target":["https:\/\/www.travelgeekery.com\/cs\/brandnertal-rakousko\/"]}]},{"@type":"ImageObject","inLanguage":"cs","@id":"https:\/\/www.travelgeekery.com\/cs\/brandnertal-rakousko\/#primaryimage","url":"https:\/\/www.travelgeekery.com\/wp-content\/uploads\/2021\/10\/Brandnertal-Rakousko-CZ_featured-1.jpg","contentUrl":"https:\/\/www.travelgeekery.com\/wp-content\/uploads\/2021\/10\/Brandnertal-Rakousko-CZ_featured-1.jpg","width":1200,"height":854,"caption":"Pohled na alpsk\u00e9 \u00fadol\u00ed s textem: Rakousko, Brandnertal"},{"@type":"BreadcrumbList","@id":"https:\/\/www.travelgeekery.com\/cs\/brandnertal-rakousko\/#breadcrumb","itemListElement":[{"@type":"ListItem","position":1,"name":"Destinations","item":"https:\/\/www.travelgeekery.com\/category\/destinations\/"},{"@type":"ListItem","position":2,"name":"Europe","item":"https:\/\/www.travelgeekery.com\/category\/destinations\/europe\/"},{"@type":"ListItem","position":3,"name":"Austria","item":"https:\/\/www.travelgeekery.com\/category\/destinations\/europe\/austria\/"},{"@type":"ListItem","position":4,"name":"Brandnertal Rakousko: p\u0159\u00edjemn\u00fd \u00fanik do hor nejen na podzim"}]},{"@type":"WebSite","@id":"https:\/\/www.travelgeekery.com\/#website","url":"https:\/\/www.travelgeekery.com\/","name":"Travel Geekery","description":"Know Before You Go","publisher":{"@id":"https:\/\/www.travelgeekery.com\/#organization"},"potentialAction":[{"@type":"SearchAction","target":{"@type":"EntryPoint","urlTemplate":"https:\/\/www.travelgeekery.com\/?s={search_term_string}"},"query-input":{"@type":"PropertyValueSpecification","valueRequired":true,"valueName":"search_term_string"}}],"inLanguage":"cs"},{"@type":"Organization","@id":"https:\/\/www.travelgeekery.com\/#organization","name":"TravelGeekery","url":"https:\/\/www.travelgeekery.com\/","logo":{"@type":"ImageObject","inLanguage":"cs","@id":"https:\/\/www.travelgeekery.com\/#\/schema\/logo\/image\/","url":"https:\/\/www.travelgeekery.com\/wp-content\/uploads\/2021\/12\/TravelGeekery-Logo_267x75.png","contentUrl":"https:\/\/www.travelgeekery.com\/wp-content\/uploads\/2021\/12\/TravelGeekery-Logo_267x75.png","width":267,"height":75,"caption":"TravelGeekery"},"image":{"@id":"https:\/\/www.travelgeekery.com\/#\/schema\/logo\/image\/"},"sameAs":["https:\/\/www.facebook.com\/travelgeekery","https:\/\/x.com\/TravelGeekery","https:\/\/instagram.com\/travelgeekery\/","https:\/\/www.pinterest.com\/travelgeekery\/"]},{"@type":"Person","@id":"https:\/\/www.travelgeekery.com\/#\/schema\/person\/113f38838c5190034635d98ff6e0ae3c","name":"Veronika Primm","description":"Chief Travel Geek"}]}},"_links":{"self":[{"href":"https:\/\/www.travelgeekery.com\/cs\/wp-json\/wp\/v2\/posts\/12761","targetHints":{"allow":["GET"]}}],"collection":[{"href":"https:\/\/www.travelgeekery.com\/cs\/wp-json\/wp\/v2\/posts"}],"about":[{"href":"https:\/\/www.travelgeekery.com\/cs\/wp-json\/wp\/v2\/types\/post"}],"author":[{"embeddable":true,"href":"https:\/\/www.travelgeekery.com\/cs\/wp-json\/wp\/v2\/users\/1"}],"replies":[{"embeddable":true,"href":"https:\/\/www.travelgeekery.com\/cs\/wp-json\/wp\/v2\/comments?post=12761"}],"version-history":[{"count":10,"href":"https:\/\/www.travelgeekery.com\/cs\/wp-json\/wp\/v2\/posts\/12761\/revisions"}],"predecessor-version":[{"id":16508,"href":"https:\/\/www.travelgeekery.com\/cs\/wp-json\/wp\/v2\/posts\/12761\/revisions\/16508"}],"wp:featuredmedia":[{"embeddable":true,"href":"https:\/\/www.travelgeekery.com\/cs\/wp-json\/wp\/v2\/media\/12806"}],"wp:attachment":[{"href":"https:\/\/www.travelgeekery.com\/cs\/wp-json\/wp\/v2\/media?parent=12761"}],"wp:term":[{"taxonomy":"category","embeddable":true,"href":"https:\/\/www.travelgeekery.com\/cs\/wp-json\/wp\/v2\/categories?post=12761"},{"taxonomy":"post_tag","embeddable":true,"href":"https:\/\/www.travelgeekery.com\/cs\/wp-json\/wp\/v2\/tags?post=12761"}],"curies":[{"name":"wp","href":"https:\/\/api.w.org\/{rel}","templated":true}]}}